{"id":26824,"date":"2024-05-01T08:00:45","date_gmt":"2024-05-01T13:00:45","guid":{"rendered":"https:\/\/ds-barranquilla.org\/?p=26824"},"modified":"2024-06-20T21:06:13","modified_gmt":"2024-06-21T02:06:13","slug":"encuentro-con-egresados-en-alemania","status":"publish","type":"post","link":"https:\/\/ds-barranquilla.org\/de\/encuentro-con-egresados-en-alemania\/","title":{"rendered":"Encuentro con egresados en Alemania"},"content":{"rendered":"<div data-elementor-type=\"wp-post\" data-elementor-id=\"26824\" class=\"elementor elementor-26824\">\n\t\t\t\t\t\t<section class=\"elementor-section elementor-top-section elementor-element elementor-element-f8a14ad elementor-section-boxed elementor-section-height-default elementor-section-height-default\" data-id=\"f8a14ad\" data-element_type=\"section\">\n\t\t\t\t\t\t<div class=\"elementor-container elementor-column-gap-default\">\n\t\t\t\t\t<div class=\"elementor-column elementor-col-100 elementor-top-column elementor-element elementor-element-16623dc\" data-id=\"16623dc\" data-element_type=\"column\">\n\t\t\t<div class=\"elementor-widget-wrap elementor-element-populated\">\n\t\t\t\t\t\t<div class=\"elementor-element elementor-element-de33b27 elementor-widget elementor-widget-heading\" data-id=\"de33b27\" data-element_type=\"widget\" data-widget_type=\"heading.default\">\n\t\t\t\t<div class=\"elementor-widget-container\">\n\t\t\t<style>\/*! elementor - v3.23.0 - 05-08-2024 *\/\n.elementor-heading-title{padding:0;margin:0;line-height:1}.elementor-widget-heading .elementor-heading-title[class*=elementor-size-]>a{color:inherit;font-size:inherit;line-height:inherit}.elementor-widget-heading .elementor-heading-title.elementor-size-small{font-size:15px}.elementor-widget-heading .elementor-heading-title.elementor-size-medium{font-size:19px}.elementor-widget-heading .elementor-heading-title.elementor-size-large{font-size:29px}.elementor-widget-heading .elementor-heading-title.elementor-size-xl{font-size:39px}.elementor-widget-heading .elementor-heading-title.elementor-size-xxl{font-size:59px}<\/style><h2 class=\"elementor-heading-title elementor-size-default\">Encuentro con egresados en Alemania<\/h2>\t\t<\/div>\n\t\t\t\t<\/div>\n\t\t\t\t\t<\/div>\n\t\t<\/div>\n\t\t\t\t\t<\/div>\n\t\t<\/section>\n\t\t\t\t<section class=\"elementor-section elementor-top-section elementor-element elementor-element-82f7da0 elementor-section-boxed elementor-section-height-default elementor-section-height-default\" data-id=\"82f7da0\" data-element_type=\"section\">\n\t\t\t\t\t\t<div class=\"elementor-container elementor-column-gap-default\">\n\t\t\t\t\t<div class=\"elementor-column elementor-col-100 elementor-top-column elementor-element elementor-element-c0a6b3b\" data-id=\"c0a6b3b\" data-element_type=\"column\">\n\t\t\t<div class=\"elementor-widget-wrap elementor-element-populated\">\n\t\t\t\t\t\t<div class=\"elementor-element elementor-element-1ae4f6d elementor-widget elementor-widget-image\" data-id=\"1ae4f6d\" data-element_type=\"widget\" data-widget_type=\"image.default\">\n\t\t\t\t<div class=\"elementor-widget-container\">\n\t\t\t<style>\/*! elementor - v3.23.0 - 05-08-2024 *\/\n.elementor-widget-image{text-align:center}.elementor-widget-image a{display:inline-block}.elementor-widget-image a img[src$=\".svg\"]{width:48px}.elementor-widget-image img{vertical-align:middle;display:inline-block}<\/style>\t\t\t\t\t\t\t\t\t\t<img fetchpriority=\"high\" decoding=\"async\" width=\"1024\" height=\"872\" src=\"https:\/\/ds-barranquilla.org\/wp-content\/uploads\/2024\/06\/egresados-mainz-1024x872.jpg\" class=\"attachment-large size-large wp-image-26827\" alt=\"\" srcset=\"https:\/\/ds-barranquilla.org\/wp-content\/uploads\/2024\/06\/egresados-mainz-1024x872.jpg 1024w, https:\/\/ds-barranquilla.org\/wp-content\/uploads\/2024\/06\/egresados-mainz-300x256.jpg 300w, https:\/\/ds-barranquilla.org\/wp-content\/uploads\/2024\/06\/egresados-mainz-768x654.jpg 768w, https:\/\/ds-barranquilla.org\/wp-content\/uploads\/2024\/06\/egresados-mainz-14x12.jpg 14w, https:\/\/ds-barranquilla.org\/wp-content\/uploads\/2024\/06\/egresados-mainz-88x75.jpg 88w, https:\/\/ds-barranquilla.org\/wp-content\/uploads\/2024\/06\/egresados-mainz-480x409.jpg 480w, https:\/\/ds-barranquilla.org\/wp-content\/uploads\/2024\/06\/egresados-mainz-800x681.jpg 800w, https:\/\/ds-barranquilla.org\/wp-content\/uploads\/2024\/06\/egresados-mainz.jpg 1080w\" sizes=\"(max-width:767px) 480px, (max-width:1024px) 100vw, 1024px\" \/>\t\t\t\t\t\t\t\t\t\t\t\t\t<\/div>\n\t\t\t\t<\/div>\n\t\t\t\t\t<\/div>\n\t\t<\/div>\n\t\t\t\t\t<\/div>\n\t\t<\/section>\n\t\t\t\t<section class=\"elementor-section elementor-top-section elementor-element elementor-element-3016f20 elementor-section-boxed elementor-section-height-default elementor-section-height-default\" data-id=\"3016f20\" data-element_type=\"section\">\n\t\t\t\t\t\t<div class=\"elementor-container elementor-column-gap-default\">\n\t\t\t\t\t<div class=\"elementor-column elementor-col-100 elementor-top-column elementor-element elementor-element-8a7b749\" data-id=\"8a7b749\" data-element_type=\"column\">\n\t\t\t<div class=\"elementor-widget-wrap elementor-element-populated\">\n\t\t\t\t\t\t<div class=\"elementor-element elementor-element-4fc2f28 elementor-widget elementor-widget-text-editor\" data-id=\"4fc2f28\" data-element_type=\"widget\" data-widget_type=\"text-editor.default\">\n\t\t\t\t<div class=\"elementor-widget-container\">\n\t\t\t<style>\/*! elementor - v3.23.0 - 05-08-2024 *\/\n.elementor-widget-text-editor.elementor-drop-cap-view-stacked .elementor-drop-cap{background-color:#69727d;color:#fff}.elementor-widget-text-editor.elementor-drop-cap-view-framed .elementor-drop-cap{color:#69727d;border:3px solid;background-color:transparent}.elementor-widget-text-editor:not(.elementor-drop-cap-view-default) .elementor-drop-cap{margin-top:8px}.elementor-widget-text-editor:not(.elementor-drop-cap-view-default) .elementor-drop-cap-letter{width:1em;height:1em}.elementor-widget-text-editor .elementor-drop-cap{float:left;text-align:center;line-height:1;font-size:50px}.elementor-widget-text-editor .elementor-drop-cap-letter{display:inline-block}<\/style>\t\t\t\t<p><span class=\"OYPEnA text-decoration-none text-strikethrough-none\">Durante su gira por Alemania, la Oficina de Relaciones Internacionales se reuni\u00f3 con un grupo destacado de egresados de la promoci\u00f3n 2023. Actualmente, estos<\/span> <span class=\"OYPEnA text-decoration-none text-strikethrough-none\">estudiantes est\u00e1n inmersos en sus estudios universitarios en el pa\u00eds europeo. El encuentro, llevado a cabo en el Studienkolleg de la Universidad de Mainz, es parte de una serie de actividades anuales planificadas por la ORI para fomentar la movilidad internacional de nuestros alumnos. Resalta el compromiso de nuestra instituci\u00f3n al proporcionar orientaci\u00f3n y apoyo integral tanto en el proceso de solicitud como despu\u00e9s de que los estudiantes comienzan su vida universitaria en Alemania. \u00a1Seguimos aplaudiendo cada logro de nuestros egresados mientras avanzan en su trayectoria acad\u00e9mica por el mundo!<\/span><\/p>\t\t\t\t\t\t<\/div>\n\t\t\t\t<\/div>\n\t\t\t\t\t<\/div>\n\t\t<\/div>\n\t\t\t\t\t<\/div>\n\t\t<\/section>\n\t\t\t\t<\/div>","protected":false},"excerpt":{"rendered":"<p>Encuentro con egresados en Alemania Durante su gira por Alemania, la Oficina de Relaciones Internacionales se reuni\u00f3 con un grupo destacado de egresados de la promoci\u00f3n<span class=\"excerpt-hellip\"> [\u2026]<\/span><\/p>","protected":false},"author":31,"featured_media":26827,"comment_status":"open","ping_status":"open","sticky":false,"template":"","format":"standard","meta":{"_exactmetrics_skip_tracking":false,"_exactmetrics_sitenote_active":false,"_exactmetrics_sitenote_note":"","_exactmetrics_sitenote_category":0,"_joinchat":[],"footnotes":""},"categories":[733,704],"tags":[],"class_list":["post-26824","post","type-post","status-publish","format-standard","has-post-thumbnail","hentry","category-733","category-oficina-de-relaciones-internacionales"],"yoast_head":"<!-- This site is optimized with the Yoast SEO plugin v23.3 - https:\/\/yoast.com\/wordpress\/plugins\/seo\/ -->\n<title>Encuentro con egresados en Alemania - 2026<\/title>\n<meta name=\"robots\" content=\"noindex, follow, max-snippet:-1, max-image-preview:large, max-video-preview:-1\" \/>\n<meta property=\"og:locale\" content=\"de_DE\" \/>\n<meta property=\"og:type\" content=\"article\" \/>\n<meta property=\"og:title\" content=\"Encuentro con egresados en Alemania - 2026\" \/>\n<meta property=\"og:description\" content=\"Encuentro con egresados en Alemania Durante su gira por Alemania, la Oficina de Relaciones Internacionales se reuni\u00f3 con un grupo destacado de egresados de la promoci\u00f3n [\u2026]\" \/>\n<meta property=\"og:url\" content=\"https:\/\/ds-barranquilla.org\/de\/encuentro-con-egresados-en-alemania\/\" \/>\n<meta property=\"og:site_name\" content=\"Colegio Alem\u00e1n - Los Mejores Colegios de Colombia - Colegio Triling\u00fce\" \/>\n<meta property=\"article:publisher\" content=\"https:\/\/www.facebook.com\/ColegioAlemanBaq\/\" \/>\n<meta property=\"article:published_time\" content=\"2024-05-01T13:00:45+00:00\" \/>\n<meta property=\"article:modified_time\" content=\"2024-06-21T02:06:13+00:00\" \/>\n<meta property=\"og:image\" content=\"https:\/\/ds-barranquilla.org\/wp-content\/uploads\/2024\/06\/egresados-mainz.jpg\" \/>\n\t<meta property=\"og:image:width\" content=\"1080\" \/>\n\t<meta property=\"og:image:height\" content=\"920\" \/>\n\t<meta property=\"og:image:type\" content=\"image\/jpeg\" \/>\n<meta name=\"author\" content=\"Maria Camila Medina\" \/>\n<meta name=\"twitter:card\" content=\"summary_large_image\" \/>\n<meta name=\"twitter:creator\" content=\"@ColegioAlemanBq\" \/>\n<meta name=\"twitter:site\" content=\"@ColegioAlemanBq\" \/>\n<meta name=\"twitter:label1\" content=\"Verfasst von\" \/>\n\t<meta name=\"twitter:data1\" content=\"Maria Camila Medina\" \/>\n\t<meta name=\"twitter:label2\" content=\"Gesch\u00e4tzte Lesezeit\" \/>\n\t<meta name=\"twitter:data2\" content=\"1\u00a0Minute\" \/>\n<script type=\"application\/ld+json\" class=\"yoast-schema-graph\">{\"@context\":\"https:\/\/schema.org\",\"@graph\":[{\"@type\":\"Article\",\"@id\":\"https:\/\/ds-barranquilla.org\/de\/encuentro-con-egresados-en-alemania\/#article\",\"isPartOf\":{\"@id\":\"https:\/\/ds-barranquilla.org\/de\/encuentro-con-egresados-en-alemania\/\"},\"author\":{\"name\":\"Maria Camila Medina\",\"@id\":\"https:\/\/ds-barranquilla.org\/#\/schema\/person\/a3111c59bc6ad33c5975c02a244ec0f9\"},\"headline\":\"Encuentro con egresados en Alemania\",\"datePublished\":\"2024-05-01T13:00:45+00:00\",\"dateModified\":\"2024-06-21T02:06:13+00:00\",\"mainEntityOfPage\":{\"@id\":\"https:\/\/ds-barranquilla.org\/de\/encuentro-con-egresados-en-alemania\/\"},\"wordCount\":130,\"commentCount\":0,\"publisher\":{\"@id\":\"https:\/\/ds-barranquilla.org\/#organization\"},\"image\":{\"@id\":\"https:\/\/ds-barranquilla.org\/de\/encuentro-con-egresados-en-alemania\/#primaryimage\"},\"thumbnailUrl\":\"https:\/\/ds-barranquilla.org\/wp-content\/uploads\/2024\/06\/egresados-mainz.jpg\",\"articleSection\":[\"2024\",\"Oficina de Relaciones Internacionales\"],\"inLanguage\":\"de\",\"potentialAction\":[{\"@type\":\"CommentAction\",\"name\":\"Comment\",\"target\":[\"https:\/\/ds-barranquilla.org\/de\/encuentro-con-egresados-en-alemania\/#respond\"]}]},{\"@type\":\"WebPage\",\"@id\":\"https:\/\/ds-barranquilla.org\/de\/encuentro-con-egresados-en-alemania\/\",\"url\":\"https:\/\/ds-barranquilla.org\/de\/encuentro-con-egresados-en-alemania\/\",\"name\":\"Encuentro con egresados en Alemania - 2026\",\"isPartOf\":{\"@id\":\"https:\/\/ds-barranquilla.org\/#website\"},\"primaryImageOfPage\":{\"@id\":\"https:\/\/ds-barranquilla.org\/de\/encuentro-con-egresados-en-alemania\/#primaryimage\"},\"image\":{\"@id\":\"https:\/\/ds-barranquilla.org\/de\/encuentro-con-egresados-en-alemania\/#primaryimage\"},\"thumbnailUrl\":\"https:\/\/ds-barranquilla.org\/wp-content\/uploads\/2024\/06\/egresados-mainz.jpg\",\"datePublished\":\"2024-05-01T13:00:45+00:00\",\"dateModified\":\"2024-06-21T02:06:13+00:00\",\"breadcrumb\":{\"@id\":\"https:\/\/ds-barranquilla.org\/de\/encuentro-con-egresados-en-alemania\/#breadcrumb\"},\"inLanguage\":\"de\",\"potentialAction\":[{\"@type\":\"ReadAction\",\"target\":[\"https:\/\/ds-barranquilla.org\/de\/encuentro-con-egresados-en-alemania\/\"]}]},{\"@type\":\"ImageObject\",\"inLanguage\":\"de\",\"@id\":\"https:\/\/ds-barranquilla.org\/de\/encuentro-con-egresados-en-alemania\/#primaryimage\",\"url\":\"https:\/\/ds-barranquilla.org\/wp-content\/uploads\/2024\/06\/egresados-mainz.jpg\",\"contentUrl\":\"https:\/\/ds-barranquilla.org\/wp-content\/uploads\/2024\/06\/egresados-mainz.jpg\",\"width\":1080,\"height\":920},{\"@type\":\"BreadcrumbList\",\"@id\":\"https:\/\/ds-barranquilla.org\/de\/encuentro-con-egresados-en-alemania\/#breadcrumb\",\"itemListElement\":[{\"@type\":\"ListItem\",\"position\":1,\"name\":\"Portada\",\"item\":\"https:\/\/ds-barranquilla.org\/\"},{\"@type\":\"ListItem\",\"position\":2,\"name\":\"Encuentro con egresados en Alemania\"}]},{\"@type\":\"WebSite\",\"@id\":\"https:\/\/ds-barranquilla.org\/#website\",\"url\":\"https:\/\/ds-barranquilla.org\/\",\"name\":\"Colegio Alem\u00e1n - Los Mejores Colegios de Colombia - Colegio Triling\u00fce\",\"description\":\"Colegio Alem\u00e1n  Barranquilla Colombia - Colegio Biling\u00fce - Triling\u00fce - El Mejor Colegio de Colombia\",\"publisher\":{\"@id\":\"https:\/\/ds-barranquilla.org\/#organization\"},\"potentialAction\":[{\"@type\":\"SearchAction\",\"target\":{\"@type\":\"EntryPoint\",\"urlTemplate\":\"https:\/\/ds-barranquilla.org\/?s={search_term_string}\"},\"query-input\":\"required name=search_term_string\"}],\"inLanguage\":\"de\"},{\"@type\":\"Organization\",\"@id\":\"https:\/\/ds-barranquilla.org\/#organization\",\"name\":\"Colegio Alem\u00e1n Barranquilla\",\"url\":\"https:\/\/ds-barranquilla.org\/\",\"logo\":{\"@type\":\"ImageObject\",\"inLanguage\":\"de\",\"@id\":\"https:\/\/ds-barranquilla.org\/#\/schema\/logo\/image\/\",\"url\":\"https:\/\/ds-barranquilla.org\/wp-content\/uploads\/2021\/05\/coleman_logo_2.png\",\"contentUrl\":\"https:\/\/ds-barranquilla.org\/wp-content\/uploads\/2021\/05\/coleman_logo_2.png\",\"width\":418,\"height\":307,\"caption\":\"Colegio Alem\u00e1n Barranquilla\"},\"image\":{\"@id\":\"https:\/\/ds-barranquilla.org\/#\/schema\/logo\/image\/\"},\"sameAs\":[\"https:\/\/www.facebook.com\/ColegioAlemanBaq\/\",\"https:\/\/x.com\/ColegioAlemanBq\",\"https:\/\/www.instagram.com\/colegioalemanbaq\/\",\"https:\/\/www.linkedin.com\/school\/deutsche-schule-barranquilla\/\",\"https:\/\/www.youtube.com\/channel\/UCOOGZQCVs6aYRqIWvSN5agQ\"]},{\"@type\":\"Person\",\"@id\":\"https:\/\/ds-barranquilla.org\/#\/schema\/person\/a3111c59bc6ad33c5975c02a244ec0f9\",\"name\":\"Maria Camila Medina\",\"image\":{\"@type\":\"ImageObject\",\"inLanguage\":\"de\",\"@id\":\"https:\/\/ds-barranquilla.org\/#\/schema\/person\/image\/\",\"url\":\"https:\/\/secure.gravatar.com\/avatar\/ec22389c1edd2f147582875dc845593e?s=96&d=mm&r=g\",\"contentUrl\":\"https:\/\/secure.gravatar.com\/avatar\/ec22389c1edd2f147582875dc845593e?s=96&d=mm&r=g\",\"caption\":\"Maria Camila Medina\"}}]}<\/script>\n<!-- \/ Yoast SEO plugin. -->","yoast_head_json":{"title":"Encuentro con egresados en Alemania - 2026","robots":{"index":"noindex","follow":"follow","max-snippet":"max-snippet:-1","max-image-preview":"max-image-preview:large","max-video-preview":"max-video-preview:-1"},"og_locale":"de_DE","og_type":"article","og_title":"Encuentro con egresados en Alemania - 2026","og_description":"Encuentro con egresados en Alemania Durante su gira por Alemania, la Oficina de Relaciones Internacionales se reuni\u00f3 con un grupo destacado de egresados de la promoci\u00f3n [\u2026]","og_url":"https:\/\/ds-barranquilla.org\/de\/encuentro-con-egresados-en-alemania\/","og_site_name":"Colegio Alem\u00e1n - Los Mejores Colegios de Colombia - Colegio Triling\u00fce","article_publisher":"https:\/\/www.facebook.com\/ColegioAlemanBaq\/","article_published_time":"2024-05-01T13:00:45+00:00","article_modified_time":"2024-06-21T02:06:13+00:00","og_image":[{"width":1080,"height":920,"url":"https:\/\/ds-barranquilla.org\/wp-content\/uploads\/2024\/06\/egresados-mainz.jpg","type":"image\/jpeg"}],"author":"Maria Camila Medina","twitter_card":"summary_large_image","twitter_creator":"@ColegioAlemanBq","twitter_site":"@ColegioAlemanBq","twitter_misc":{"Verfasst von":"Maria Camila Medina","Gesch\u00e4tzte Lesezeit":"1\u00a0Minute"},"schema":{"@context":"https:\/\/schema.org","@graph":[{"@type":"Article","@id":"https:\/\/ds-barranquilla.org\/de\/encuentro-con-egresados-en-alemania\/#article","isPartOf":{"@id":"https:\/\/ds-barranquilla.org\/de\/encuentro-con-egresados-en-alemania\/"},"author":{"name":"Maria Camila Medina","@id":"https:\/\/ds-barranquilla.org\/#\/schema\/person\/a3111c59bc6ad33c5975c02a244ec0f9"},"headline":"Encuentro con egresados en Alemania","datePublished":"2024-05-01T13:00:45+00:00","dateModified":"2024-06-21T02:06:13+00:00","mainEntityOfPage":{"@id":"https:\/\/ds-barranquilla.org\/de\/encuentro-con-egresados-en-alemania\/"},"wordCount":130,"commentCount":0,"publisher":{"@id":"https:\/\/ds-barranquilla.org\/#organization"},"image":{"@id":"https:\/\/ds-barranquilla.org\/de\/encuentro-con-egresados-en-alemania\/#primaryimage"},"thumbnailUrl":"https:\/\/ds-barranquilla.org\/wp-content\/uploads\/2024\/06\/egresados-mainz.jpg","articleSection":["2024","Oficina de Relaciones Internacionales"],"inLanguage":"de","potentialAction":[{"@type":"CommentAction","name":"Comment","target":["https:\/\/ds-barranquilla.org\/de\/encuentro-con-egresados-en-alemania\/#respond"]}]},{"@type":"WebPage","@id":"https:\/\/ds-barranquilla.org\/de\/encuentro-con-egresados-en-alemania\/","url":"https:\/\/ds-barranquilla.org\/de\/encuentro-con-egresados-en-alemania\/","name":"Encuentro con egresados en Alemania - 2026","isPartOf":{"@id":"https:\/\/ds-barranquilla.org\/#website"},"primaryImageOfPage":{"@id":"https:\/\/ds-barranquilla.org\/de\/encuentro-con-egresados-en-alemania\/#primaryimage"},"image":{"@id":"https:\/\/ds-barranquilla.org\/de\/encuentro-con-egresados-en-alemania\/#primaryimage"},"thumbnailUrl":"https:\/\/ds-barranquilla.org\/wp-content\/uploads\/2024\/06\/egresados-mainz.jpg","datePublished":"2024-05-01T13:00:45+00:00","dateModified":"2024-06-21T02:06:13+00:00","breadcrumb":{"@id":"https:\/\/ds-barranquilla.org\/de\/encuentro-con-egresados-en-alemania\/#breadcrumb"},"inLanguage":"de","potentialAction":[{"@type":"ReadAction","target":["https:\/\/ds-barranquilla.org\/de\/encuentro-con-egresados-en-alemania\/"]}]},{"@type":"ImageObject","inLanguage":"de","@id":"https:\/\/ds-barranquilla.org\/de\/encuentro-con-egresados-en-alemania\/#primaryimage","url":"https:\/\/ds-barranquilla.org\/wp-content\/uploads\/2024\/06\/egresados-mainz.jpg","contentUrl":"https:\/\/ds-barranquilla.org\/wp-content\/uploads\/2024\/06\/egresados-mainz.jpg","width":1080,"height":920},{"@type":"BreadcrumbList","@id":"https:\/\/ds-barranquilla.org\/de\/encuentro-con-egresados-en-alemania\/#breadcrumb","itemListElement":[{"@type":"ListItem","position":1,"name":"Portada","item":"https:\/\/ds-barranquilla.org\/"},{"@type":"ListItem","position":2,"name":"Encuentro con egresados en Alemania"}]},{"@type":"WebSite","@id":"https:\/\/ds-barranquilla.org\/#website","url":"https:\/\/ds-barranquilla.org\/","name":"Colegio Alem\u00e1n - Los Mejores Colegios de Colombia - Colegio Triling\u00fce","description":"Colegio Alem\u00e1n  Barranquilla Colombia - Colegio Biling\u00fce - Triling\u00fce - El Mejor Colegio de Colombia","publisher":{"@id":"https:\/\/ds-barranquilla.org\/#organization"},"potentialAction":[{"@type":"SearchAction","target":{"@type":"EntryPoint","urlTemplate":"https:\/\/ds-barranquilla.org\/?s={search_term_string}"},"query-input":"required name=search_term_string"}],"inLanguage":"de"},{"@type":"Organization","@id":"https:\/\/ds-barranquilla.org\/#organization","name":"Colegio Alem\u00e1n Barranquilla","url":"https:\/\/ds-barranquilla.org\/","logo":{"@type":"ImageObject","inLanguage":"de","@id":"https:\/\/ds-barranquilla.org\/#\/schema\/logo\/image\/","url":"https:\/\/ds-barranquilla.org\/wp-content\/uploads\/2021\/05\/coleman_logo_2.png","contentUrl":"https:\/\/ds-barranquilla.org\/wp-content\/uploads\/2021\/05\/coleman_logo_2.png","width":418,"height":307,"caption":"Colegio Alem\u00e1n Barranquilla"},"image":{"@id":"https:\/\/ds-barranquilla.org\/#\/schema\/logo\/image\/"},"sameAs":["https:\/\/www.facebook.com\/ColegioAlemanBaq\/","https:\/\/x.com\/ColegioAlemanBq","https:\/\/www.instagram.com\/colegioalemanbaq\/","https:\/\/www.linkedin.com\/school\/deutsche-schule-barranquilla\/","https:\/\/www.youtube.com\/channel\/UCOOGZQCVs6aYRqIWvSN5agQ"]},{"@type":"Person","@id":"https:\/\/ds-barranquilla.org\/#\/schema\/person\/a3111c59bc6ad33c5975c02a244ec0f9","name":"Maria Camila Medina","image":{"@type":"ImageObject","inLanguage":"de","@id":"https:\/\/ds-barranquilla.org\/#\/schema\/person\/image\/","url":"https:\/\/secure.gravatar.com\/avatar\/ec22389c1edd2f147582875dc845593e?s=96&d=mm&r=g","contentUrl":"https:\/\/secure.gravatar.com\/avatar\/ec22389c1edd2f147582875dc845593e?s=96&d=mm&r=g","caption":"Maria Camila Medina"}}]}},"_links":{"self":[{"href":"https:\/\/ds-barranquilla.org\/de\/wp-json\/wp\/v2\/posts\/26824"}],"collection":[{"href":"https:\/\/ds-barranquilla.org\/de\/wp-json\/wp\/v2\/posts"}],"about":[{"href":"https:\/\/ds-barranquilla.org\/de\/wp-json\/wp\/v2\/types\/post"}],"author":[{"embeddable":true,"href":"https:\/\/ds-barranquilla.org\/de\/wp-json\/wp\/v2\/users\/31"}],"replies":[{"embeddable":true,"href":"https:\/\/ds-barranquilla.org\/de\/wp-json\/wp\/v2\/comments?post=26824"}],"version-history":[{"count":7,"href":"https:\/\/ds-barranquilla.org\/de\/wp-json\/wp\/v2\/posts\/26824\/revisions"}],"predecessor-version":[{"id":26832,"href":"https:\/\/ds-barranquilla.org\/de\/wp-json\/wp\/v2\/posts\/26824\/revisions\/26832"}],"wp:featuredmedia":[{"embeddable":true,"href":"https:\/\/ds-barranquilla.org\/de\/wp-json\/wp\/v2\/media\/26827"}],"wp:attachment":[{"href":"https:\/\/ds-barranquilla.org\/de\/wp-json\/wp\/v2\/media?parent=26824"}],"wp:term":[{"taxonomy":"category","embeddable":true,"href":"https:\/\/ds-barranquilla.org\/de\/wp-json\/wp\/v2\/categories?post=26824"},{"taxonomy":"post_tag","embeddable":true,"href":"https:\/\/ds-barranquilla.org\/de\/wp-json\/wp\/v2\/tags?post=26824"}],"curies":[{"name":"wp","href":"https:\/\/api.w.org\/{rel}","templated":true}]}}