{"id":26908,"date":"2024-06-14T08:22:50","date_gmt":"2024-06-14T13:22:50","guid":{"rendered":"https:\/\/ds-barranquilla.org\/?p=26908"},"modified":"2024-06-26T08:27:34","modified_gmt":"2024-06-26T13:27:34","slug":"nuestros-estudiantes-realizaron-las-pruebas-a1-y-a2-de-aleman","status":"publish","type":"post","link":"https:\/\/ds-barranquilla.org\/de\/nuestros-estudiantes-realizaron-las-pruebas-a1-y-a2-de-aleman\/","title":{"rendered":"Nuestros estudiantes realizaron las pruebas A1 y A2 de alem\u00e1n"},"content":{"rendered":"<div data-elementor-type=\"wp-post\" data-elementor-id=\"26908\" class=\"elementor elementor-26908\">\n\t\t\t\t\t\t<section class=\"elementor-section elementor-top-section elementor-element elementor-element-76900ef elementor-section-boxed elementor-section-height-default elementor-section-height-default\" data-id=\"76900ef\" data-element_type=\"section\">\n\t\t\t\t\t\t<div class=\"elementor-container elementor-column-gap-default\">\n\t\t\t\t\t<div class=\"elementor-column elementor-col-100 elementor-top-column elementor-element elementor-element-02d032e\" data-id=\"02d032e\" data-element_type=\"column\">\n\t\t\t<div class=\"elementor-widget-wrap elementor-element-populated\">\n\t\t\t\t\t\t<div class=\"elementor-element elementor-element-4a22f78 elementor-widget elementor-widget-heading\" data-id=\"4a22f78\" data-element_type=\"widget\" data-widget_type=\"heading.default\">\n\t\t\t\t<div class=\"elementor-widget-container\">\n\t\t\t<style>\/*! elementor - v3.23.0 - 05-08-2024 *\/\n.elementor-heading-title{padding:0;margin:0;line-height:1}.elementor-widget-heading .elementor-heading-title[class*=elementor-size-]>a{color:inherit;font-size:inherit;line-height:inherit}.elementor-widget-heading .elementor-heading-title.elementor-size-small{font-size:15px}.elementor-widget-heading .elementor-heading-title.elementor-size-medium{font-size:19px}.elementor-widget-heading .elementor-heading-title.elementor-size-large{font-size:29px}.elementor-widget-heading .elementor-heading-title.elementor-size-xl{font-size:39px}.elementor-widget-heading .elementor-heading-title.elementor-size-xxl{font-size:59px}<\/style><h2 class=\"elementor-heading-title elementor-size-default\">Nuestros estudiantes realizaron las pruebas A1 y A2 de alem\u00e1n<\/h2>\t\t<\/div>\n\t\t\t\t<\/div>\n\t\t\t\t\t<\/div>\n\t\t<\/div>\n\t\t\t\t\t<\/div>\n\t\t<\/section>\n\t\t\t\t<section class=\"elementor-section elementor-top-section elementor-element elementor-element-dead1fc elementor-section-boxed elementor-section-height-default elementor-section-height-default\" data-id=\"dead1fc\" data-element_type=\"section\">\n\t\t\t\t\t\t<div class=\"elementor-container elementor-column-gap-default\">\n\t\t\t\t\t<div class=\"elementor-column elementor-col-100 elementor-top-column elementor-element elementor-element-11e86fc\" data-id=\"11e86fc\" data-element_type=\"column\">\n\t\t\t<div class=\"elementor-widget-wrap elementor-element-populated\">\n\t\t\t\t\t\t<div class=\"elementor-element elementor-element-eb11137 elementor-widget elementor-widget-text-editor\" data-id=\"eb11137\" data-element_type=\"widget\" data-widget_type=\"text-editor.default\">\n\t\t\t\t<div class=\"elementor-widget-container\">\n\t\t\t<style>\/*! elementor - v3.23.0 - 05-08-2024 *\/\n.elementor-widget-text-editor.elementor-drop-cap-view-stacked .elementor-drop-cap{background-color:#69727d;color:#fff}.elementor-widget-text-editor.elementor-drop-cap-view-framed .elementor-drop-cap{color:#69727d;border:3px solid;background-color:transparent}.elementor-widget-text-editor:not(.elementor-drop-cap-view-default) .elementor-drop-cap{margin-top:8px}.elementor-widget-text-editor:not(.elementor-drop-cap-view-default) .elementor-drop-cap-letter{width:1em;height:1em}.elementor-widget-text-editor .elementor-drop-cap{float:left;text-align:center;line-height:1;font-size:50px}.elementor-widget-text-editor .elementor-drop-cap-letter{display:inline-block}<\/style>\t\t\t\t<p>En una reciente evaluaci\u00f3n de las competencias de alem\u00e1n, los estudiantes de la Klasse 3 han recibido los resultados de su examen de alem\u00e1n A1. Este examen, enviado por la ZfA desde Alemania, evalu\u00f3 cuatro competencias esenciales: producci\u00f3n oral y escrita, comprensi\u00f3n de lectura y de escucha. Es la primera vez que estos ni\u00f1os se enfrentan a una prueba de este tipo tras completar el programa T\u00e1ndem, y los resultados reflejan un notable progreso en cada una de las \u00e1reas evaluadas.<\/p><p>Simult\u00e1neamente, los estudiantes de las Klassen 6 y 7 tambi\u00e9n recibieron los resultados de su examen de alem\u00e1n A2, igualmente proporcionado por la ZfA. Estos alumnos\u00a0 nos enorgullecen con los excelentes resultados obtenidos.<\/p><p>Estos logros no solo demuestran el esfuerzo y la dedicaci\u00f3n de nuestros estudiantes, sino tambi\u00e9n la calidad del programa educativo que hemos implementado. Felicitamos a todos por su arduo trabajo y esperamos seguir viendo su progreso en el futuro.<\/p>\t\t\t\t\t\t<\/div>\n\t\t\t\t<\/div>\n\t\t\t\t\t<\/div>\n\t\t<\/div>\n\t\t\t\t\t<\/div>\n\t\t<\/section>\n\t\t\t\t<section class=\"elementor-section elementor-top-section elementor-element elementor-element-766a0eb elementor-section-boxed elementor-section-height-default elementor-section-height-default\" data-id=\"766a0eb\" data-element_type=\"section\">\n\t\t\t\t\t\t<div class=\"elementor-container elementor-column-gap-default\">\n\t\t\t\t\t<div class=\"elementor-column elementor-col-50 elementor-top-column elementor-element elementor-element-85c4043\" data-id=\"85c4043\" data-element_type=\"column\">\n\t\t\t<div class=\"elementor-widget-wrap elementor-element-populated\">\n\t\t\t\t\t\t<div class=\"elementor-element elementor-element-322468f elementor-widget elementor-widget-image\" data-id=\"322468f\" data-element_type=\"widget\" data-widget_type=\"image.default\">\n\t\t\t\t<div class=\"elementor-widget-container\">\n\t\t\t<style>\/*! elementor - v3.23.0 - 05-08-2024 *\/\n.elementor-widget-image{text-align:center}.elementor-widget-image a{display:inline-block}.elementor-widget-image a img[src$=\".svg\"]{width:48px}.elementor-widget-image img{vertical-align:middle;display:inline-block}<\/style>\t\t\t\t\t\t\t\t\t\t<img fetchpriority=\"high\" decoding=\"async\" width=\"1024\" height=\"683\" src=\"https:\/\/ds-barranquilla.org\/wp-content\/uploads\/2024\/06\/DSC_9337-1024x683.jpg\" class=\"attachment-large size-large wp-image-26914\" alt=\"\" srcset=\"https:\/\/ds-barranquilla.org\/wp-content\/uploads\/2024\/06\/DSC_9337-1024x683.jpg 1024w, https:\/\/ds-barranquilla.org\/wp-content\/uploads\/2024\/06\/DSC_9337-300x200.jpg 300w, https:\/\/ds-barranquilla.org\/wp-content\/uploads\/2024\/06\/DSC_9337-768x512.jpg 768w, https:\/\/ds-barranquilla.org\/wp-content\/uploads\/2024\/06\/DSC_9337-391x260.jpg 391w, https:\/\/ds-barranquilla.org\/wp-content\/uploads\/2024\/06\/DSC_9337-1536x1024.jpg 1536w, https:\/\/ds-barranquilla.org\/wp-content\/uploads\/2024\/06\/DSC_9337-2048x1365.jpg 2048w, https:\/\/ds-barranquilla.org\/wp-content\/uploads\/2024\/06\/DSC_9337-18x12.jpg 18w, https:\/\/ds-barranquilla.org\/wp-content\/uploads\/2024\/06\/DSC_9337-113x75.jpg 113w, https:\/\/ds-barranquilla.org\/wp-content\/uploads\/2024\/06\/DSC_9337-480x320.jpg 480w, https:\/\/ds-barranquilla.org\/wp-content\/uploads\/2024\/06\/DSC_9337-800x533.jpg 800w\" sizes=\"(max-width:767px) 480px, (max-width:1024px) 100vw, 1024px\" \/>\t\t\t\t\t\t\t\t\t\t\t\t\t<\/div>\n\t\t\t\t<\/div>\n\t\t\t\t\t<\/div>\n\t\t<\/div>\n\t\t\t\t<div class=\"elementor-column elementor-col-50 elementor-top-column elementor-element elementor-element-7098492\" data-id=\"7098492\" data-element_type=\"column\">\n\t\t\t<div class=\"elementor-widget-wrap elementor-element-populated\">\n\t\t\t\t\t\t<div class=\"elementor-element elementor-element-e00fa92 elementor-widget elementor-widget-image\" data-id=\"e00fa92\" data-element_type=\"widget\" data-widget_type=\"image.default\">\n\t\t\t\t<div class=\"elementor-widget-container\">\n\t\t\t\t\t\t\t\t\t\t\t\t\t<img decoding=\"async\" width=\"1024\" height=\"683\" src=\"https:\/\/ds-barranquilla.org\/wp-content\/uploads\/2024\/06\/DSC_9333-1024x683.jpg\" class=\"attachment-large size-large wp-image-26913\" alt=\"\" srcset=\"https:\/\/ds-barranquilla.org\/wp-content\/uploads\/2024\/06\/DSC_9333-1024x683.jpg 1024w, https:\/\/ds-barranquilla.org\/wp-content\/uploads\/2024\/06\/DSC_9333-300x200.jpg 300w, https:\/\/ds-barranquilla.org\/wp-content\/uploads\/2024\/06\/DSC_9333-768x512.jpg 768w, https:\/\/ds-barranquilla.org\/wp-content\/uploads\/2024\/06\/DSC_9333-391x260.jpg 391w, https:\/\/ds-barranquilla.org\/wp-content\/uploads\/2024\/06\/DSC_9333-1536x1024.jpg 1536w, https:\/\/ds-barranquilla.org\/wp-content\/uploads\/2024\/06\/DSC_9333-2048x1365.jpg 2048w, https:\/\/ds-barranquilla.org\/wp-content\/uploads\/2024\/06\/DSC_9333-18x12.jpg 18w, https:\/\/ds-barranquilla.org\/wp-content\/uploads\/2024\/06\/DSC_9333-113x75.jpg 113w, https:\/\/ds-barranquilla.org\/wp-content\/uploads\/2024\/06\/DSC_9333-480x320.jpg 480w, https:\/\/ds-barranquilla.org\/wp-content\/uploads\/2024\/06\/DSC_9333-800x533.jpg 800w\" sizes=\"(max-width:767px) 480px, (max-width:1024px) 100vw, 1024px\" \/>\t\t\t\t\t\t\t\t\t\t\t\t\t<\/div>\n\t\t\t\t<\/div>\n\t\t\t\t\t<\/div>\n\t\t<\/div>\n\t\t\t\t\t<\/div>\n\t\t<\/section>\n\t\t\t\t<\/div>","protected":false},"excerpt":{"rendered":"<p>Nuestros estudiantes realizaron las pruebas A1 y A2 de alem\u00e1n En una reciente evaluaci\u00f3n de las competencias de alem\u00e1n, los estudiantes de la Klasse 3 han<span class=\"excerpt-hellip\"> [\u2026]<\/span><\/p>","protected":false},"author":31,"featured_media":26913,"comment_status":"open","ping_status":"open","sticky":false,"template":"","format":"standard","meta":{"_exactmetrics_skip_tracking":false,"_exactmetrics_sitenote_active":false,"_exactmetrics_sitenote_note":"","_exactmetrics_sitenote_category":0,"_joinchat":[],"footnotes":""},"categories":[733,673],"tags":[],"class_list":["post-26908","post","type-post","status-publish","format-standard","has-post-thumbnail","hentry","category-733","category-area-de-aleman"],"yoast_head":"<!-- This site is optimized with the Yoast SEO plugin v23.3 - https:\/\/yoast.com\/wordpress\/plugins\/seo\/ -->\n<title>Nuestros estudiantes realizaron las pruebas A1 y A2 de alem\u00e1n - 2026<\/title>\n<meta name=\"robots\" content=\"noindex, follow, max-snippet:-1, max-image-preview:large, max-video-preview:-1\" \/>\n<meta property=\"og:locale\" content=\"de_DE\" \/>\n<meta property=\"og:type\" content=\"article\" \/>\n<meta property=\"og:title\" content=\"Nuestros estudiantes realizaron las pruebas A1 y A2 de alem\u00e1n - 2026\" \/>\n<meta property=\"og:description\" content=\"Nuestros estudiantes realizaron las pruebas A1 y A2 de alem\u00e1n En una reciente evaluaci\u00f3n de las competencias de alem\u00e1n, los estudiantes de la Klasse 3 han [\u2026]\" \/>\n<meta property=\"og:url\" content=\"https:\/\/ds-barranquilla.org\/de\/nuestros-estudiantes-realizaron-las-pruebas-a1-y-a2-de-aleman\/\" \/>\n<meta property=\"og:site_name\" content=\"Colegio Alem\u00e1n - Los Mejores Colegios de Colombia - Colegio Triling\u00fce\" \/>\n<meta property=\"article:publisher\" content=\"https:\/\/www.facebook.com\/ColegioAlemanBaq\/\" \/>\n<meta property=\"article:published_time\" content=\"2024-06-14T13:22:50+00:00\" \/>\n<meta property=\"article:modified_time\" content=\"2024-06-26T13:27:34+00:00\" \/>\n<meta property=\"og:image\" content=\"https:\/\/ds-barranquilla.org\/wp-content\/uploads\/2024\/06\/DSC_9333-scaled.jpg\" \/>\n\t<meta property=\"og:image:width\" content=\"2560\" \/>\n\t<meta property=\"og:image:height\" content=\"1707\" \/>\n\t<meta property=\"og:image:type\" content=\"image\/jpeg\" \/>\n<meta name=\"author\" content=\"Maria Camila Medina\" \/>\n<meta name=\"twitter:card\" content=\"summary_large_image\" \/>\n<meta name=\"twitter:creator\" content=\"@ColegioAlemanBq\" \/>\n<meta name=\"twitter:site\" content=\"@ColegioAlemanBq\" \/>\n<meta name=\"twitter:label1\" content=\"Verfasst von\" \/>\n\t<meta name=\"twitter:data1\" content=\"Maria Camila Medina\" \/>\n\t<meta name=\"twitter:label2\" content=\"Gesch\u00e4tzte Lesezeit\" \/>\n\t<meta name=\"twitter:data2\" content=\"1\u00a0Minute\" \/>\n<script type=\"application\/ld+json\" class=\"yoast-schema-graph\">{\"@context\":\"https:\/\/schema.org\",\"@graph\":[{\"@type\":\"Article\",\"@id\":\"https:\/\/ds-barranquilla.org\/nuestros-estudiantes-realizaron-las-pruebas-a1-y-a2-de-aleman\/#article\",\"isPartOf\":{\"@id\":\"https:\/\/ds-barranquilla.org\/nuestros-estudiantes-realizaron-las-pruebas-a1-y-a2-de-aleman\/\"},\"author\":{\"name\":\"Maria Camila Medina\",\"@id\":\"https:\/\/ds-barranquilla.org\/#\/schema\/person\/a3111c59bc6ad33c5975c02a244ec0f9\"},\"headline\":\"Nuestros estudiantes realizaron las pruebas A1 y A2 de alem\u00e1n\",\"datePublished\":\"2024-06-14T13:22:50+00:00\",\"dateModified\":\"2024-06-26T13:27:34+00:00\",\"mainEntityOfPage\":{\"@id\":\"https:\/\/ds-barranquilla.org\/nuestros-estudiantes-realizaron-las-pruebas-a1-y-a2-de-aleman\/\"},\"wordCount\":184,\"commentCount\":0,\"publisher\":{\"@id\":\"https:\/\/ds-barranquilla.org\/#organization\"},\"image\":{\"@id\":\"https:\/\/ds-barranquilla.org\/nuestros-estudiantes-realizaron-las-pruebas-a1-y-a2-de-aleman\/#primaryimage\"},\"thumbnailUrl\":\"https:\/\/ds-barranquilla.org\/wp-content\/uploads\/2024\/06\/DSC_9333-scaled.jpg\",\"articleSection\":[\"2024\",\"\u00c1rea de Alem\u00e1n\"],\"inLanguage\":\"de\",\"potentialAction\":[{\"@type\":\"CommentAction\",\"name\":\"Comment\",\"target\":[\"https:\/\/ds-barranquilla.org\/nuestros-estudiantes-realizaron-las-pruebas-a1-y-a2-de-aleman\/#respond\"]}]},{\"@type\":\"WebPage\",\"@id\":\"https:\/\/ds-barranquilla.org\/nuestros-estudiantes-realizaron-las-pruebas-a1-y-a2-de-aleman\/\",\"url\":\"https:\/\/ds-barranquilla.org\/nuestros-estudiantes-realizaron-las-pruebas-a1-y-a2-de-aleman\/\",\"name\":\"Nuestros estudiantes realizaron las pruebas A1 y A2 de alem\u00e1n - 2026\",\"isPartOf\":{\"@id\":\"https:\/\/ds-barranquilla.org\/#website\"},\"primaryImageOfPage\":{\"@id\":\"https:\/\/ds-barranquilla.org\/nuestros-estudiantes-realizaron-las-pruebas-a1-y-a2-de-aleman\/#primaryimage\"},\"image\":{\"@id\":\"https:\/\/ds-barranquilla.org\/nuestros-estudiantes-realizaron-las-pruebas-a1-y-a2-de-aleman\/#primaryimage\"},\"thumbnailUrl\":\"https:\/\/ds-barranquilla.org\/wp-content\/uploads\/2024\/06\/DSC_9333-scaled.jpg\",\"datePublished\":\"2024-06-14T13:22:50+00:00\",\"dateModified\":\"2024-06-26T13:27:34+00:00\",\"breadcrumb\":{\"@id\":\"https:\/\/ds-barranquilla.org\/nuestros-estudiantes-realizaron-las-pruebas-a1-y-a2-de-aleman\/#breadcrumb\"},\"inLanguage\":\"de\",\"potentialAction\":[{\"@type\":\"ReadAction\",\"target\":[\"https:\/\/ds-barranquilla.org\/nuestros-estudiantes-realizaron-las-pruebas-a1-y-a2-de-aleman\/\"]}]},{\"@type\":\"ImageObject\",\"inLanguage\":\"de\",\"@id\":\"https:\/\/ds-barranquilla.org\/nuestros-estudiantes-realizaron-las-pruebas-a1-y-a2-de-aleman\/#primaryimage\",\"url\":\"https:\/\/ds-barranquilla.org\/wp-content\/uploads\/2024\/06\/DSC_9333-scaled.jpg\",\"contentUrl\":\"https:\/\/ds-barranquilla.org\/wp-content\/uploads\/2024\/06\/DSC_9333-scaled.jpg\",\"width\":2560,\"height\":1707},{\"@type\":\"BreadcrumbList\",\"@id\":\"https:\/\/ds-barranquilla.org\/nuestros-estudiantes-realizaron-las-pruebas-a1-y-a2-de-aleman\/#breadcrumb\",\"itemListElement\":[{\"@type\":\"ListItem\",\"position\":1,\"name\":\"Portada\",\"item\":\"https:\/\/ds-barranquilla.org\/\"},{\"@type\":\"ListItem\",\"position\":2,\"name\":\"Nuestros estudiantes realizaron las pruebas A1 y A2 de alem\u00e1n\"}]},{\"@type\":\"WebSite\",\"@id\":\"https:\/\/ds-barranquilla.org\/#website\",\"url\":\"https:\/\/ds-barranquilla.org\/\",\"name\":\"Colegio Alem\u00e1n - Los Mejores Colegios de Colombia - Colegio Triling\u00fce\",\"description\":\"Colegio Alem\u00e1n  Barranquilla Colombia - Colegio Biling\u00fce - Triling\u00fce - El Mejor Colegio de Colombia\",\"publisher\":{\"@id\":\"https:\/\/ds-barranquilla.org\/#organization\"},\"potentialAction\":[{\"@type\":\"SearchAction\",\"target\":{\"@type\":\"EntryPoint\",\"urlTemplate\":\"https:\/\/ds-barranquilla.org\/?s={search_term_string}\"},\"query-input\":\"required name=search_term_string\"}],\"inLanguage\":\"de\"},{\"@type\":\"Organization\",\"@id\":\"https:\/\/ds-barranquilla.org\/#organization\",\"name\":\"Colegio Alem\u00e1n Barranquilla\",\"url\":\"https:\/\/ds-barranquilla.org\/\",\"logo\":{\"@type\":\"ImageObject\",\"inLanguage\":\"de\",\"@id\":\"https:\/\/ds-barranquilla.org\/#\/schema\/logo\/image\/\",\"url\":\"https:\/\/ds-barranquilla.org\/wp-content\/uploads\/2021\/05\/coleman_logo_2.png\",\"contentUrl\":\"https:\/\/ds-barranquilla.org\/wp-content\/uploads\/2021\/05\/coleman_logo_2.png\",\"width\":418,\"height\":307,\"caption\":\"Colegio Alem\u00e1n Barranquilla\"},\"image\":{\"@id\":\"https:\/\/ds-barranquilla.org\/#\/schema\/logo\/image\/\"},\"sameAs\":[\"https:\/\/www.facebook.com\/ColegioAlemanBaq\/\",\"https:\/\/x.com\/ColegioAlemanBq\",\"https:\/\/www.instagram.com\/colegioalemanbaq\/\",\"https:\/\/www.linkedin.com\/school\/deutsche-schule-barranquilla\/\",\"https:\/\/www.youtube.com\/channel\/UCOOGZQCVs6aYRqIWvSN5agQ\"]},{\"@type\":\"Person\",\"@id\":\"https:\/\/ds-barranquilla.org\/#\/schema\/person\/a3111c59bc6ad33c5975c02a244ec0f9\",\"name\":\"Maria Camila Medina\",\"image\":{\"@type\":\"ImageObject\",\"inLanguage\":\"de\",\"@id\":\"https:\/\/ds-barranquilla.org\/#\/schema\/person\/image\/\",\"url\":\"https:\/\/secure.gravatar.com\/avatar\/ec22389c1edd2f147582875dc845593e?s=96&d=mm&r=g\",\"contentUrl\":\"https:\/\/secure.gravatar.com\/avatar\/ec22389c1edd2f147582875dc845593e?s=96&d=mm&r=g\",\"caption\":\"Maria Camila Medina\"}}]}<\/script>\n<!-- \/ Yoast SEO plugin. -->","yoast_head_json":{"title":"Nuestros estudiantes realizaron las pruebas A1 y A2 de alem\u00e1n - 2026","robots":{"index":"noindex","follow":"follow","max-snippet":"max-snippet:-1","max-image-preview":"max-image-preview:large","max-video-preview":"max-video-preview:-1"},"og_locale":"de_DE","og_type":"article","og_title":"Nuestros estudiantes realizaron las pruebas A1 y A2 de alem\u00e1n - 2026","og_description":"Nuestros estudiantes realizaron las pruebas A1 y A2 de alem\u00e1n En una reciente evaluaci\u00f3n de las competencias de alem\u00e1n, los estudiantes de la Klasse 3 han [\u2026]","og_url":"https:\/\/ds-barranquilla.org\/de\/nuestros-estudiantes-realizaron-las-pruebas-a1-y-a2-de-aleman\/","og_site_name":"Colegio Alem\u00e1n - Los Mejores Colegios de Colombia - Colegio Triling\u00fce","article_publisher":"https:\/\/www.facebook.com\/ColegioAlemanBaq\/","article_published_time":"2024-06-14T13:22:50+00:00","article_modified_time":"2024-06-26T13:27:34+00:00","og_image":[{"width":2560,"height":1707,"url":"https:\/\/ds-barranquilla.org\/wp-content\/uploads\/2024\/06\/DSC_9333-scaled.jpg","type":"image\/jpeg"}],"author":"Maria Camila Medina","twitter_card":"summary_large_image","twitter_creator":"@ColegioAlemanBq","twitter_site":"@ColegioAlemanBq","twitter_misc":{"Verfasst von":"Maria Camila Medina","Gesch\u00e4tzte Lesezeit":"1\u00a0Minute"},"schema":{"@context":"https:\/\/schema.org","@graph":[{"@type":"Article","@id":"https:\/\/ds-barranquilla.org\/nuestros-estudiantes-realizaron-las-pruebas-a1-y-a2-de-aleman\/#article","isPartOf":{"@id":"https:\/\/ds-barranquilla.org\/nuestros-estudiantes-realizaron-las-pruebas-a1-y-a2-de-aleman\/"},"author":{"name":"Maria Camila Medina","@id":"https:\/\/ds-barranquilla.org\/#\/schema\/person\/a3111c59bc6ad33c5975c02a244ec0f9"},"headline":"Nuestros estudiantes realizaron las pruebas A1 y A2 de alem\u00e1n","datePublished":"2024-06-14T13:22:50+00:00","dateModified":"2024-06-26T13:27:34+00:00","mainEntityOfPage":{"@id":"https:\/\/ds-barranquilla.org\/nuestros-estudiantes-realizaron-las-pruebas-a1-y-a2-de-aleman\/"},"wordCount":184,"commentCount":0,"publisher":{"@id":"https:\/\/ds-barranquilla.org\/#organization"},"image":{"@id":"https:\/\/ds-barranquilla.org\/nuestros-estudiantes-realizaron-las-pruebas-a1-y-a2-de-aleman\/#primaryimage"},"thumbnailUrl":"https:\/\/ds-barranquilla.org\/wp-content\/uploads\/2024\/06\/DSC_9333-scaled.jpg","articleSection":["2024","\u00c1rea de Alem\u00e1n"],"inLanguage":"de","potentialAction":[{"@type":"CommentAction","name":"Comment","target":["https:\/\/ds-barranquilla.org\/nuestros-estudiantes-realizaron-las-pruebas-a1-y-a2-de-aleman\/#respond"]}]},{"@type":"WebPage","@id":"https:\/\/ds-barranquilla.org\/nuestros-estudiantes-realizaron-las-pruebas-a1-y-a2-de-aleman\/","url":"https:\/\/ds-barranquilla.org\/nuestros-estudiantes-realizaron-las-pruebas-a1-y-a2-de-aleman\/","name":"Nuestros estudiantes realizaron las pruebas A1 y A2 de alem\u00e1n - 2026","isPartOf":{"@id":"https:\/\/ds-barranquilla.org\/#website"},"primaryImageOfPage":{"@id":"https:\/\/ds-barranquilla.org\/nuestros-estudiantes-realizaron-las-pruebas-a1-y-a2-de-aleman\/#primaryimage"},"image":{"@id":"https:\/\/ds-barranquilla.org\/nuestros-estudiantes-realizaron-las-pruebas-a1-y-a2-de-aleman\/#primaryimage"},"thumbnailUrl":"https:\/\/ds-barranquilla.org\/wp-content\/uploads\/2024\/06\/DSC_9333-scaled.jpg","datePublished":"2024-06-14T13:22:50+00:00","dateModified":"2024-06-26T13:27:34+00:00","breadcrumb":{"@id":"https:\/\/ds-barranquilla.org\/nuestros-estudiantes-realizaron-las-pruebas-a1-y-a2-de-aleman\/#breadcrumb"},"inLanguage":"de","potentialAction":[{"@type":"ReadAction","target":["https:\/\/ds-barranquilla.org\/nuestros-estudiantes-realizaron-las-pruebas-a1-y-a2-de-aleman\/"]}]},{"@type":"ImageObject","inLanguage":"de","@id":"https:\/\/ds-barranquilla.org\/nuestros-estudiantes-realizaron-las-pruebas-a1-y-a2-de-aleman\/#primaryimage","url":"https:\/\/ds-barranquilla.org\/wp-content\/uploads\/2024\/06\/DSC_9333-scaled.jpg","contentUrl":"https:\/\/ds-barranquilla.org\/wp-content\/uploads\/2024\/06\/DSC_9333-scaled.jpg","width":2560,"height":1707},{"@type":"BreadcrumbList","@id":"https:\/\/ds-barranquilla.org\/nuestros-estudiantes-realizaron-las-pruebas-a1-y-a2-de-aleman\/#breadcrumb","itemListElement":[{"@type":"ListItem","position":1,"name":"Portada","item":"https:\/\/ds-barranquilla.org\/"},{"@type":"ListItem","position":2,"name":"Nuestros estudiantes realizaron las pruebas A1 y A2 de alem\u00e1n"}]},{"@type":"WebSite","@id":"https:\/\/ds-barranquilla.org\/#website","url":"https:\/\/ds-barranquilla.org\/","name":"Colegio Alem\u00e1n - Los Mejores Colegios de Colombia - Colegio Triling\u00fce","description":"Colegio Alem\u00e1n  Barranquilla Colombia - Colegio Biling\u00fce - Triling\u00fce - El Mejor Colegio de Colombia","publisher":{"@id":"https:\/\/ds-barranquilla.org\/#organization"},"potentialAction":[{"@type":"SearchAction","target":{"@type":"EntryPoint","urlTemplate":"https:\/\/ds-barranquilla.org\/?s={search_term_string}"},"query-input":"required name=search_term_string"}],"inLanguage":"de"},{"@type":"Organization","@id":"https:\/\/ds-barranquilla.org\/#organization","name":"Colegio Alem\u00e1n Barranquilla","url":"https:\/\/ds-barranquilla.org\/","logo":{"@type":"ImageObject","inLanguage":"de","@id":"https:\/\/ds-barranquilla.org\/#\/schema\/logo\/image\/","url":"https:\/\/ds-barranquilla.org\/wp-content\/uploads\/2021\/05\/coleman_logo_2.png","contentUrl":"https:\/\/ds-barranquilla.org\/wp-content\/uploads\/2021\/05\/coleman_logo_2.png","width":418,"height":307,"caption":"Colegio Alem\u00e1n Barranquilla"},"image":{"@id":"https:\/\/ds-barranquilla.org\/#\/schema\/logo\/image\/"},"sameAs":["https:\/\/www.facebook.com\/ColegioAlemanBaq\/","https:\/\/x.com\/ColegioAlemanBq","https:\/\/www.instagram.com\/colegioalemanbaq\/","https:\/\/www.linkedin.com\/school\/deutsche-schule-barranquilla\/","https:\/\/www.youtube.com\/channel\/UCOOGZQCVs6aYRqIWvSN5agQ"]},{"@type":"Person","@id":"https:\/\/ds-barranquilla.org\/#\/schema\/person\/a3111c59bc6ad33c5975c02a244ec0f9","name":"Maria Camila Medina","image":{"@type":"ImageObject","inLanguage":"de","@id":"https:\/\/ds-barranquilla.org\/#\/schema\/person\/image\/","url":"https:\/\/secure.gravatar.com\/avatar\/ec22389c1edd2f147582875dc845593e?s=96&d=mm&r=g","contentUrl":"https:\/\/secure.gravatar.com\/avatar\/ec22389c1edd2f147582875dc845593e?s=96&d=mm&r=g","caption":"Maria Camila Medina"}}]}},"_links":{"self":[{"href":"https:\/\/ds-barranquilla.org\/de\/wp-json\/wp\/v2\/posts\/26908"}],"collection":[{"href":"https:\/\/ds-barranquilla.org\/de\/wp-json\/wp\/v2\/posts"}],"about":[{"href":"https:\/\/ds-barranquilla.org\/de\/wp-json\/wp\/v2\/types\/post"}],"author":[{"embeddable":true,"href":"https:\/\/ds-barranquilla.org\/de\/wp-json\/wp\/v2\/users\/31"}],"replies":[{"embeddable":true,"href":"https:\/\/ds-barranquilla.org\/de\/wp-json\/wp\/v2\/comments?post=26908"}],"version-history":[{"count":6,"href":"https:\/\/ds-barranquilla.org\/de\/wp-json\/wp\/v2\/posts\/26908\/revisions"}],"predecessor-version":[{"id":26918,"href":"https:\/\/ds-barranquilla.org\/de\/wp-json\/wp\/v2\/posts\/26908\/revisions\/26918"}],"wp:featuredmedia":[{"embeddable":true,"href":"https:\/\/ds-barranquilla.org\/de\/wp-json\/wp\/v2\/media\/26913"}],"wp:attachment":[{"href":"https:\/\/ds-barranquilla.org\/de\/wp-json\/wp\/v2\/media?parent=26908"}],"wp:term":[{"taxonomy":"category","embeddable":true,"href":"https:\/\/ds-barranquilla.org\/de\/wp-json\/wp\/v2\/categories?post=26908"},{"taxonomy":"post_tag","embeddable":true,"href":"https:\/\/ds-barranquilla.org\/de\/wp-json\/wp\/v2\/tags?post=26908"}],"curies":[{"name":"wp","href":"https:\/\/api.w.org\/{rel}","templated":true}]}}