{"id":27214,"date":"2024-04-05T15:32:29","date_gmt":"2024-04-05T20:32:29","guid":{"rendered":"https:\/\/ds-barranquilla.org\/?p=27214"},"modified":"2024-08-05T15:42:19","modified_gmt":"2024-08-05T20:42:19","slug":"explorando-la-diversidad-linguistica-en-el-colegio-aleman-de-barranquilla","status":"publish","type":"post","link":"https:\/\/ds-barranquilla.org\/de\/explorando-la-diversidad-linguistica-en-el-colegio-aleman-de-barranquilla\/","title":{"rendered":"Explorando la diversidad ling\u00fc\u00edstica en el Colegio Alem\u00e1n de Barranquilla"},"content":{"rendered":"<div data-elementor-type=\"wp-post\" data-elementor-id=\"27214\" class=\"elementor elementor-27214\">\n\t\t\t\t\t\t<section class=\"elementor-section elementor-top-section elementor-element elementor-element-5ac5c22 elementor-section-boxed elementor-section-height-default elementor-section-height-default\" data-id=\"5ac5c22\" data-element_type=\"section\">\n\t\t\t\t\t\t<div class=\"elementor-container elementor-column-gap-default\">\n\t\t\t\t\t<div class=\"elementor-column elementor-col-100 elementor-top-column elementor-element elementor-element-4666f93\" data-id=\"4666f93\" data-element_type=\"column\">\n\t\t\t<div class=\"elementor-widget-wrap elementor-element-populated\">\n\t\t\t\t\t\t<div class=\"elementor-element elementor-element-24fbb4e elementor-widget elementor-widget-heading\" data-id=\"24fbb4e\" data-element_type=\"widget\" data-widget_type=\"heading.default\">\n\t\t\t\t<div class=\"elementor-widget-container\">\n\t\t\t<style>\/*! elementor - v3.23.0 - 05-08-2024 *\/\n.elementor-heading-title{padding:0;margin:0;line-height:1}.elementor-widget-heading .elementor-heading-title[class*=elementor-size-]>a{color:inherit;font-size:inherit;line-height:inherit}.elementor-widget-heading .elementor-heading-title.elementor-size-small{font-size:15px}.elementor-widget-heading .elementor-heading-title.elementor-size-medium{font-size:19px}.elementor-widget-heading .elementor-heading-title.elementor-size-large{font-size:29px}.elementor-widget-heading .elementor-heading-title.elementor-size-xl{font-size:39px}.elementor-widget-heading .elementor-heading-title.elementor-size-xxl{font-size:59px}<\/style><h2 class=\"elementor-heading-title elementor-size-default\">Explorando la diversidad ling\u00fc\u00edstica en el Colegio Alem\u00e1n de Barranquilla <\/h2>\t\t<\/div>\n\t\t\t\t<\/div>\n\t\t\t\t\t<\/div>\n\t\t<\/div>\n\t\t\t\t\t<\/div>\n\t\t<\/section>\n\t\t\t\t<section class=\"elementor-section elementor-top-section elementor-element elementor-element-376038a elementor-section-boxed elementor-section-height-default elementor-section-height-default\" data-id=\"376038a\" data-element_type=\"section\">\n\t\t\t\t\t\t<div class=\"elementor-container elementor-column-gap-default\">\n\t\t\t\t\t<div class=\"elementor-column elementor-col-100 elementor-top-column elementor-element elementor-element-70bd0a9\" data-id=\"70bd0a9\" data-element_type=\"column\">\n\t\t\t<div class=\"elementor-widget-wrap elementor-element-populated\">\n\t\t\t\t\t\t<div class=\"elementor-element elementor-element-6abcdba elementor-widget elementor-widget-image\" data-id=\"6abcdba\" data-element_type=\"widget\" data-widget_type=\"image.default\">\n\t\t\t\t<div class=\"elementor-widget-container\">\n\t\t\t<style>\/*! elementor - v3.23.0 - 05-08-2024 *\/\n.elementor-widget-image{text-align:center}.elementor-widget-image a{display:inline-block}.elementor-widget-image a img[src$=\".svg\"]{width:48px}.elementor-widget-image img{vertical-align:middle;display:inline-block}<\/style>\t\t\t\t\t\t\t\t\t\t<img fetchpriority=\"high\" decoding=\"async\" width=\"1024\" height=\"683\" src=\"https:\/\/ds-barranquilla.org\/wp-content\/uploads\/2024\/08\/DSC_5862-1024x683.jpg\" class=\"attachment-large size-large wp-image-27217\" alt=\"\" srcset=\"https:\/\/ds-barranquilla.org\/wp-content\/uploads\/2024\/08\/DSC_5862-1024x683.jpg 1024w, https:\/\/ds-barranquilla.org\/wp-content\/uploads\/2024\/08\/DSC_5862-300x200.jpg 300w, https:\/\/ds-barranquilla.org\/wp-content\/uploads\/2024\/08\/DSC_5862-768x512.jpg 768w, https:\/\/ds-barranquilla.org\/wp-content\/uploads\/2024\/08\/DSC_5862-391x260.jpg 391w, https:\/\/ds-barranquilla.org\/wp-content\/uploads\/2024\/08\/DSC_5862-1536x1024.jpg 1536w, https:\/\/ds-barranquilla.org\/wp-content\/uploads\/2024\/08\/DSC_5862-2048x1365.jpg 2048w, https:\/\/ds-barranquilla.org\/wp-content\/uploads\/2024\/08\/DSC_5862-18x12.jpg 18w, https:\/\/ds-barranquilla.org\/wp-content\/uploads\/2024\/08\/DSC_5862-113x75.jpg 113w, https:\/\/ds-barranquilla.org\/wp-content\/uploads\/2024\/08\/DSC_5862-480x320.jpg 480w\" sizes=\"(max-width:767px) 480px, (max-width:1024px) 100vw, 1024px\" \/>\t\t\t\t\t\t\t\t\t\t\t\t\t<\/div>\n\t\t\t\t<\/div>\n\t\t\t\t\t<\/div>\n\t\t<\/div>\n\t\t\t\t\t<\/div>\n\t\t<\/section>\n\t\t\t\t<section class=\"elementor-section elementor-top-section elementor-element elementor-element-908ca11 elementor-section-boxed elementor-section-height-default elementor-section-height-default\" data-id=\"908ca11\" data-element_type=\"section\">\n\t\t\t\t\t\t<div class=\"elementor-container elementor-column-gap-default\">\n\t\t\t\t\t<div class=\"elementor-column elementor-col-100 elementor-top-column elementor-element elementor-element-97a5491\" data-id=\"97a5491\" data-element_type=\"column\">\n\t\t\t<div class=\"elementor-widget-wrap elementor-element-populated\">\n\t\t\t\t\t\t<div class=\"elementor-element elementor-element-40257ad elementor-widget elementor-widget-text-editor\" data-id=\"40257ad\" data-element_type=\"widget\" data-widget_type=\"text-editor.default\">\n\t\t\t\t<div class=\"elementor-widget-container\">\n\t\t\t<style>\/*! elementor - v3.23.0 - 05-08-2024 *\/\n.elementor-widget-text-editor.elementor-drop-cap-view-stacked .elementor-drop-cap{background-color:#69727d;color:#fff}.elementor-widget-text-editor.elementor-drop-cap-view-framed .elementor-drop-cap{color:#69727d;border:3px solid;background-color:transparent}.elementor-widget-text-editor:not(.elementor-drop-cap-view-default) .elementor-drop-cap{margin-top:8px}.elementor-widget-text-editor:not(.elementor-drop-cap-view-default) .elementor-drop-cap-letter{width:1em;height:1em}.elementor-widget-text-editor .elementor-drop-cap{float:left;text-align:center;line-height:1;font-size:50px}.elementor-widget-text-editor .elementor-drop-cap-letter{display:inline-block}<\/style>\t\t\t\t<p><i><span data-contrast=\"auto\">&#8220;Si hablas a alguien en una lengua que entiende, el mensaje le llegar\u00e1 a la cabeza. Si le hablas en su lengua, le llegar\u00e1 al coraz\u00f3n&#8221;. (<\/span><\/i><b><span data-contrast=\"auto\">Nelson Mandela)<\/span><\/b><span data-ccp-props=\"{&quot;201341983&quot;:0,&quot;335559739&quot;:160,&quot;335559740&quot;:259}\">\u00a0<\/span><\/p><p><span data-contrast=\"auto\">\u00a0<\/span><b><span data-contrast=\"auto\">Textos<\/span><\/b><span data-contrast=\"auto\">: profesor Edinson Ayala Mendoza \/ <\/span><b><span data-contrast=\"auto\">Clasificaci\u00f3n del Corpus:<\/span><\/b><span data-contrast=\"auto\"> practicante Chet Rinc\u00f3n Hern\u00e1ndez\u00a0<\/span><span data-ccp-props=\"{&quot;201341983&quot;:0,&quot;335551550&quot;:6,&quot;335551620&quot;:6,&quot;335559739&quot;:160,&quot;335559740&quot;:259}\">\u00a0<\/span><\/p><p><span data-contrast=\"auto\">Como es tradici\u00f3n, anualmente en el mes de abril, se lleva a cabo nuestra celebraci\u00f3n de la palabra, el lenguaje y las lenguas durante <\/span><i><span data-contrast=\"auto\">\u201cLa Semana de las Lenguas\u201d,<\/span><\/i><span data-contrast=\"auto\"> cada a\u00f1o tenemos una excusa perfecta para reflexionar sobre estos y otros fen\u00f3menos ling\u00fc\u00edsticos, son<\/span> <span data-contrast=\"auto\">varios los motivos para celebrar (conmemoraci\u00f3n de las lenguas, d\u00eda del libro, d\u00eda de la biblioteca y de la bibliotec\u00f3loga), todos ellos giran en torno al idioma espa\u00f1ol, adem\u00e1s,\u202f involucra a las otras dos lenguas de ense\u00f1anza de la Instituci\u00f3n: alem\u00e1n e ingl\u00e9s.<\/span> <span data-contrast=\"auto\">Por lo tanto, tenemos un proyecto netamente acad\u00e9mico que tiene como eje central a las lenguas, sin dejar de lado a la literatura.<\/span><span data-ccp-props=\"{&quot;134233117&quot;:true,&quot;134233118&quot;:true,&quot;201341983&quot;:0,&quot;335551550&quot;:6,&quot;335551620&quot;:6,&quot;335559739&quot;:0,&quot;335559740&quot;:240}\">\u00a0<\/span><\/p><p><span data-contrast=\"auto\">Para contextualizar y entender un poco la filosof\u00eda del proyecto desde hace 20 a\u00f1os en el colegio, cada a\u00f1o procuramos estar alineados con la propuesta de la UNESCO, adem\u00e1s, nuestro proyecto es casi paralelo o muy cercano en el tiempo a la celebraci\u00f3n del D\u00eda Nacional de las Lenguas Nativas y el D\u00eda Internacional de la lengua Materna.\u00a0\u00a0<\/span><span data-ccp-props=\"{&quot;134233117&quot;:true,&quot;134233118&quot;:true,&quot;201341983&quot;:0,&quot;335551550&quot;:6,&quot;335551620&quot;:6,&quot;335559739&quot;:0,&quot;335559740&quot;:240}\">\u00a0<\/span><\/p><p><span data-contrast=\"auto\">Desde el \u00e1rea de Lengua y Literatura, se desarrollaron diferentes talleres, conversatorios, entrevistas, presentaciones y actividades acad\u00e9micas durante las clases; a las que asistieron expertos e invitados, es una semana en la que reflexionamos sobre diferentes tem\u00e1ticas y contextos contempor\u00e1neos (local, regional, nacional y mundial).<\/span><span data-ccp-props=\"{&quot;134233117&quot;:false,&quot;134233118&quot;:false,&quot;201341983&quot;:0,&quot;335551550&quot;:6,&quot;335551620&quot;:6,&quot;335559738&quot;:0,&quot;335559739&quot;:0,&quot;335559740&quot;:240}\">\u00a0<\/span><\/p><p><span data-ccp-props=\"{&quot;134233117&quot;:false,&quot;134233118&quot;:false,&quot;201341983&quot;:0,&quot;335551550&quot;:6,&quot;335551620&quot;:6,&quot;335559738&quot;:0,&quot;335559739&quot;:0,&quot;335559740&quot;:240}\">\u00a0<\/span><\/p><p><span data-contrast=\"auto\">Los aspectos de an\u00e1lisis de las lenguas son tan solo una excusa para aprender de otra manera, pero tambi\u00e9n para leer, interpretar y construir nuestra propia opini\u00f3n al respecto, fundamentalmente a trav\u00e9s de las investigaciones que llevaron a cabo los estudiantes con el acompa\u00f1amiento cercano de los docentes de las \u00e1reas de idiomas.<\/span><span data-ccp-props=\"{&quot;134233117&quot;:false,&quot;134233118&quot;:false,&quot;201341983&quot;:0,&quot;335551550&quot;:6,&quot;335551620&quot;:6,&quot;335559738&quot;:0,&quot;335559739&quot;:0,&quot;335559740&quot;:240}\">\u00a0<\/span><\/p><p><span data-ccp-props=\"{&quot;134233117&quot;:false,&quot;134233118&quot;:false,&quot;201341983&quot;:0,&quot;335551550&quot;:6,&quot;335551620&quot;:6,&quot;335559738&quot;:0,&quot;335559739&quot;:0,&quot;335559740&quot;:240}\">\u00a0<\/span><\/p><p><span data-contrast=\"auto\">Todas estas actividades, estuvieron dirigidas a la comunidad\u202fescolar en general y tuvieron como objetivo principal que, nuestros estudiantes entiendan el valor y la importancia de las diferentes lenguas en el mundo. Como resultado de lo anteriormente dicho, compartimos con la toda la comunidad el resultado final de lo que se obtuvo en las diferentes carteleras que estuvieron ubicadas estrat\u00e9gicamente en diferentes lugares y espacios del colegio.\u00a0<\/span><span data-ccp-props=\"{&quot;134233117&quot;:false,&quot;134233118&quot;:false,&quot;201341983&quot;:0,&quot;335551550&quot;:6,&quot;335551620&quot;:6,&quot;335559738&quot;:0,&quot;335559739&quot;:0,&quot;335559740&quot;:240}\">\u00a0<\/span><\/p><p><span data-ccp-props=\"{&quot;134233117&quot;:false,&quot;134233118&quot;:false,&quot;201341983&quot;:0,&quot;335551550&quot;:6,&quot;335551620&quot;:6,&quot;335559738&quot;:0,&quot;335559739&quot;:0,&quot;335559740&quot;:240}\">\u00a0<\/span><\/p><p><span data-contrast=\"auto\">A continuaci\u00f3n, disfruten del corpus socioling\u00fc\u00edstico y literario que aportamos todos los que nos atrevimos a escribir y a compartir, el cual fue trascrito, organizado y clasificado por nuestra practicante en el departamento de Lengua y Literatura, estudiante de la Universidad del Atl\u00e1ntico, Chet Rinc\u00f3n. Las categor\u00edas son: nuestras palabras favoritas en las tres lenguas, las palabras que se consideran tienen un mayor grado de dificultad para pronunciar, t\u00e9rminos, palabras y expresiones usadas por los m\u00e1s j\u00f3venes en su cotidianidad y recomendaciones bibliogr\u00e1ficas: t\u00edtulos y autores que, nos compartieron los diferentes lectores que escribieron en una de las carteleras ubicadas en la entrada de la biblioteca.<\/span><span data-ccp-props=\"{&quot;134233117&quot;:false,&quot;134233118&quot;:false,&quot;201341983&quot;:0,&quot;335551550&quot;:6,&quot;335551620&quot;:6,&quot;335559738&quot;:0,&quot;335559739&quot;:0,&quot;335559740&quot;:240}\">\u00a0<\/span><\/p>\t\t\t\t\t\t<\/div>\n\t\t\t\t<\/div>\n\t\t\t\t\t<\/div>\n\t\t<\/div>\n\t\t\t\t\t<\/div>\n\t\t<\/section>\n\t\t\t\t<\/div>","protected":false},"excerpt":{"rendered":"<p>Explorando la diversidad ling\u00fc\u00edstica en el Colegio Alem\u00e1n de Barranquilla &#8220;Si hablas a alguien en una lengua que entiende, el mensaje le llegar\u00e1 a la cabeza.<span class=\"excerpt-hellip\"> [\u2026]<\/span><\/p>","protected":false},"author":31,"featured_media":27217,"comment_status":"open","ping_status":"open","sticky":false,"template":"","format":"standard","meta":{"_exactmetrics_skip_tracking":false,"_exactmetrics_sitenote_active":false,"_exactmetrics_sitenote_note":"","_exactmetrics_sitenote_category":0,"_joinchat":[],"footnotes":""},"categories":[733,690],"tags":[],"class_list":["post-27214","post","type-post","status-publish","format-standard","has-post-thumbnail","hentry","category-733","category-area-de-lengua-y-literatura"],"yoast_head":"<!-- This site is optimized with the Yoast SEO plugin v23.3 - https:\/\/yoast.com\/wordpress\/plugins\/seo\/ -->\n<title>Explorando la diversidad ling\u00fc\u00edstica en el Colegio Alem\u00e1n de Barranquilla - 2026<\/title>\n<meta name=\"robots\" content=\"noindex, follow, max-snippet:-1, max-image-preview:large, max-video-preview:-1\" \/>\n<meta property=\"og:locale\" content=\"de_DE\" \/>\n<meta property=\"og:type\" content=\"article\" \/>\n<meta property=\"og:title\" content=\"Explorando la diversidad ling\u00fc\u00edstica en el Colegio Alem\u00e1n de Barranquilla - 2026\" \/>\n<meta property=\"og:description\" content=\"Explorando la diversidad ling\u00fc\u00edstica en el Colegio Alem\u00e1n de Barranquilla &#8220;Si hablas a alguien en una lengua que entiende, el mensaje le llegar\u00e1 a la cabeza. [\u2026]\" \/>\n<meta property=\"og:url\" content=\"https:\/\/ds-barranquilla.org\/de\/explorando-la-diversidad-linguistica-en-el-colegio-aleman-de-barranquilla\/\" \/>\n<meta property=\"og:site_name\" content=\"Colegio Alem\u00e1n - Los Mejores Colegios de Colombia - Colegio Triling\u00fce\" \/>\n<meta property=\"article:publisher\" content=\"https:\/\/www.facebook.com\/ColegioAlemanBaq\/\" \/>\n<meta property=\"article:published_time\" content=\"2024-04-05T20:32:29+00:00\" \/>\n<meta property=\"article:modified_time\" content=\"2024-08-05T20:42:19+00:00\" \/>\n<meta property=\"og:image\" content=\"https:\/\/ds-barranquilla.org\/wp-content\/uploads\/2024\/08\/DSC_5862-scaled.jpg\" \/>\n\t<meta property=\"og:image:width\" content=\"2560\" \/>\n\t<meta property=\"og:image:height\" content=\"1707\" \/>\n\t<meta property=\"og:image:type\" content=\"image\/jpeg\" \/>\n<meta name=\"author\" content=\"Maria Camila Medina\" \/>\n<meta name=\"twitter:card\" content=\"summary_large_image\" \/>\n<meta name=\"twitter:creator\" content=\"@ColegioAlemanBq\" \/>\n<meta name=\"twitter:site\" content=\"@ColegioAlemanBq\" \/>\n<meta name=\"twitter:label1\" content=\"Verfasst von\" \/>\n\t<meta name=\"twitter:data1\" content=\"Maria Camila Medina\" \/>\n\t<meta name=\"twitter:label2\" content=\"Gesch\u00e4tzte Lesezeit\" \/>\n\t<meta name=\"twitter:data2\" content=\"3\u00a0Minuten\" \/>\n<script type=\"application\/ld+json\" class=\"yoast-schema-graph\">{\"@context\":\"https:\/\/schema.org\",\"@graph\":[{\"@type\":\"Article\",\"@id\":\"https:\/\/ds-barranquilla.org\/explorando-la-diversidad-linguistica-en-el-colegio-aleman-de-barranquilla\/#article\",\"isPartOf\":{\"@id\":\"https:\/\/ds-barranquilla.org\/explorando-la-diversidad-linguistica-en-el-colegio-aleman-de-barranquilla\/\"},\"author\":{\"name\":\"Maria Camila Medina\",\"@id\":\"https:\/\/ds-barranquilla.org\/#\/schema\/person\/a3111c59bc6ad33c5975c02a244ec0f9\"},\"headline\":\"Explorando la diversidad ling\u00fc\u00edstica en el Colegio Alem\u00e1n de Barranquilla\",\"datePublished\":\"2024-04-05T20:32:29+00:00\",\"dateModified\":\"2024-08-05T20:42:19+00:00\",\"mainEntityOfPage\":{\"@id\":\"https:\/\/ds-barranquilla.org\/explorando-la-diversidad-linguistica-en-el-colegio-aleman-de-barranquilla\/\"},\"wordCount\":548,\"commentCount\":0,\"publisher\":{\"@id\":\"https:\/\/ds-barranquilla.org\/#organization\"},\"image\":{\"@id\":\"https:\/\/ds-barranquilla.org\/explorando-la-diversidad-linguistica-en-el-colegio-aleman-de-barranquilla\/#primaryimage\"},\"thumbnailUrl\":\"https:\/\/ds-barranquilla.org\/wp-content\/uploads\/2024\/08\/DSC_5862-scaled.jpg\",\"articleSection\":[\"2024\",\"\u00c1rea de Lengua y Literatura\"],\"inLanguage\":\"de\",\"potentialAction\":[{\"@type\":\"CommentAction\",\"name\":\"Comment\",\"target\":[\"https:\/\/ds-barranquilla.org\/explorando-la-diversidad-linguistica-en-el-colegio-aleman-de-barranquilla\/#respond\"]}]},{\"@type\":\"WebPage\",\"@id\":\"https:\/\/ds-barranquilla.org\/explorando-la-diversidad-linguistica-en-el-colegio-aleman-de-barranquilla\/\",\"url\":\"https:\/\/ds-barranquilla.org\/explorando-la-diversidad-linguistica-en-el-colegio-aleman-de-barranquilla\/\",\"name\":\"Explorando la diversidad ling\u00fc\u00edstica en el Colegio Alem\u00e1n de Barranquilla - 2026\",\"isPartOf\":{\"@id\":\"https:\/\/ds-barranquilla.org\/#website\"},\"primaryImageOfPage\":{\"@id\":\"https:\/\/ds-barranquilla.org\/explorando-la-diversidad-linguistica-en-el-colegio-aleman-de-barranquilla\/#primaryimage\"},\"image\":{\"@id\":\"https:\/\/ds-barranquilla.org\/explorando-la-diversidad-linguistica-en-el-colegio-aleman-de-barranquilla\/#primaryimage\"},\"thumbnailUrl\":\"https:\/\/ds-barranquilla.org\/wp-content\/uploads\/2024\/08\/DSC_5862-scaled.jpg\",\"datePublished\":\"2024-04-05T20:32:29+00:00\",\"dateModified\":\"2024-08-05T20:42:19+00:00\",\"breadcrumb\":{\"@id\":\"https:\/\/ds-barranquilla.org\/explorando-la-diversidad-linguistica-en-el-colegio-aleman-de-barranquilla\/#breadcrumb\"},\"inLanguage\":\"de\",\"potentialAction\":[{\"@type\":\"ReadAction\",\"target\":[\"https:\/\/ds-barranquilla.org\/explorando-la-diversidad-linguistica-en-el-colegio-aleman-de-barranquilla\/\"]}]},{\"@type\":\"ImageObject\",\"inLanguage\":\"de\",\"@id\":\"https:\/\/ds-barranquilla.org\/explorando-la-diversidad-linguistica-en-el-colegio-aleman-de-barranquilla\/#primaryimage\",\"url\":\"https:\/\/ds-barranquilla.org\/wp-content\/uploads\/2024\/08\/DSC_5862-scaled.jpg\",\"contentUrl\":\"https:\/\/ds-barranquilla.org\/wp-content\/uploads\/2024\/08\/DSC_5862-scaled.jpg\",\"width\":2560,\"height\":1707},{\"@type\":\"BreadcrumbList\",\"@id\":\"https:\/\/ds-barranquilla.org\/explorando-la-diversidad-linguistica-en-el-colegio-aleman-de-barranquilla\/#breadcrumb\",\"itemListElement\":[{\"@type\":\"ListItem\",\"position\":1,\"name\":\"Portada\",\"item\":\"https:\/\/ds-barranquilla.org\/\"},{\"@type\":\"ListItem\",\"position\":2,\"name\":\"Explorando la diversidad ling\u00fc\u00edstica en el Colegio Alem\u00e1n de Barranquilla\"}]},{\"@type\":\"WebSite\",\"@id\":\"https:\/\/ds-barranquilla.org\/#website\",\"url\":\"https:\/\/ds-barranquilla.org\/\",\"name\":\"Colegio Alem\u00e1n - Los Mejores Colegios de Colombia - Colegio Triling\u00fce\",\"description\":\"Colegio Alem\u00e1n  Barranquilla Colombia - Colegio Biling\u00fce - Triling\u00fce - El Mejor Colegio de Colombia\",\"publisher\":{\"@id\":\"https:\/\/ds-barranquilla.org\/#organization\"},\"potentialAction\":[{\"@type\":\"SearchAction\",\"target\":{\"@type\":\"EntryPoint\",\"urlTemplate\":\"https:\/\/ds-barranquilla.org\/?s={search_term_string}\"},\"query-input\":\"required name=search_term_string\"}],\"inLanguage\":\"de\"},{\"@type\":\"Organization\",\"@id\":\"https:\/\/ds-barranquilla.org\/#organization\",\"name\":\"Colegio Alem\u00e1n Barranquilla\",\"url\":\"https:\/\/ds-barranquilla.org\/\",\"logo\":{\"@type\":\"ImageObject\",\"inLanguage\":\"de\",\"@id\":\"https:\/\/ds-barranquilla.org\/#\/schema\/logo\/image\/\",\"url\":\"https:\/\/ds-barranquilla.org\/wp-content\/uploads\/2021\/05\/coleman_logo_2.png\",\"contentUrl\":\"https:\/\/ds-barranquilla.org\/wp-content\/uploads\/2021\/05\/coleman_logo_2.png\",\"width\":418,\"height\":307,\"caption\":\"Colegio Alem\u00e1n Barranquilla\"},\"image\":{\"@id\":\"https:\/\/ds-barranquilla.org\/#\/schema\/logo\/image\/\"},\"sameAs\":[\"https:\/\/www.facebook.com\/ColegioAlemanBaq\/\",\"https:\/\/x.com\/ColegioAlemanBq\",\"https:\/\/www.instagram.com\/colegioalemanbaq\/\",\"https:\/\/www.linkedin.com\/school\/deutsche-schule-barranquilla\/\",\"https:\/\/www.youtube.com\/channel\/UCOOGZQCVs6aYRqIWvSN5agQ\"]},{\"@type\":\"Person\",\"@id\":\"https:\/\/ds-barranquilla.org\/#\/schema\/person\/a3111c59bc6ad33c5975c02a244ec0f9\",\"name\":\"Maria Camila Medina\",\"image\":{\"@type\":\"ImageObject\",\"inLanguage\":\"de\",\"@id\":\"https:\/\/ds-barranquilla.org\/#\/schema\/person\/image\/\",\"url\":\"https:\/\/secure.gravatar.com\/avatar\/ec22389c1edd2f147582875dc845593e?s=96&d=mm&r=g\",\"contentUrl\":\"https:\/\/secure.gravatar.com\/avatar\/ec22389c1edd2f147582875dc845593e?s=96&d=mm&r=g\",\"caption\":\"Maria Camila Medina\"}}]}<\/script>\n<!-- \/ Yoast SEO plugin. -->","yoast_head_json":{"title":"Explorando la diversidad ling\u00fc\u00edstica en el Colegio Alem\u00e1n de Barranquilla - 2026","robots":{"index":"noindex","follow":"follow","max-snippet":"max-snippet:-1","max-image-preview":"max-image-preview:large","max-video-preview":"max-video-preview:-1"},"og_locale":"de_DE","og_type":"article","og_title":"Explorando la diversidad ling\u00fc\u00edstica en el Colegio Alem\u00e1n de Barranquilla - 2026","og_description":"Explorando la diversidad ling\u00fc\u00edstica en el Colegio Alem\u00e1n de Barranquilla &#8220;Si hablas a alguien en una lengua que entiende, el mensaje le llegar\u00e1 a la cabeza. [\u2026]","og_url":"https:\/\/ds-barranquilla.org\/de\/explorando-la-diversidad-linguistica-en-el-colegio-aleman-de-barranquilla\/","og_site_name":"Colegio Alem\u00e1n - Los Mejores Colegios de Colombia - Colegio Triling\u00fce","article_publisher":"https:\/\/www.facebook.com\/ColegioAlemanBaq\/","article_published_time":"2024-04-05T20:32:29+00:00","article_modified_time":"2024-08-05T20:42:19+00:00","og_image":[{"width":2560,"height":1707,"url":"https:\/\/ds-barranquilla.org\/wp-content\/uploads\/2024\/08\/DSC_5862-scaled.jpg","type":"image\/jpeg"}],"author":"Maria Camila Medina","twitter_card":"summary_large_image","twitter_creator":"@ColegioAlemanBq","twitter_site":"@ColegioAlemanBq","twitter_misc":{"Verfasst von":"Maria Camila Medina","Gesch\u00e4tzte Lesezeit":"3\u00a0Minuten"},"schema":{"@context":"https:\/\/schema.org","@graph":[{"@type":"Article","@id":"https:\/\/ds-barranquilla.org\/explorando-la-diversidad-linguistica-en-el-colegio-aleman-de-barranquilla\/#article","isPartOf":{"@id":"https:\/\/ds-barranquilla.org\/explorando-la-diversidad-linguistica-en-el-colegio-aleman-de-barranquilla\/"},"author":{"name":"Maria Camila Medina","@id":"https:\/\/ds-barranquilla.org\/#\/schema\/person\/a3111c59bc6ad33c5975c02a244ec0f9"},"headline":"Explorando la diversidad ling\u00fc\u00edstica en el Colegio Alem\u00e1n de Barranquilla","datePublished":"2024-04-05T20:32:29+00:00","dateModified":"2024-08-05T20:42:19+00:00","mainEntityOfPage":{"@id":"https:\/\/ds-barranquilla.org\/explorando-la-diversidad-linguistica-en-el-colegio-aleman-de-barranquilla\/"},"wordCount":548,"commentCount":0,"publisher":{"@id":"https:\/\/ds-barranquilla.org\/#organization"},"image":{"@id":"https:\/\/ds-barranquilla.org\/explorando-la-diversidad-linguistica-en-el-colegio-aleman-de-barranquilla\/#primaryimage"},"thumbnailUrl":"https:\/\/ds-barranquilla.org\/wp-content\/uploads\/2024\/08\/DSC_5862-scaled.jpg","articleSection":["2024","\u00c1rea de Lengua y Literatura"],"inLanguage":"de","potentialAction":[{"@type":"CommentAction","name":"Comment","target":["https:\/\/ds-barranquilla.org\/explorando-la-diversidad-linguistica-en-el-colegio-aleman-de-barranquilla\/#respond"]}]},{"@type":"WebPage","@id":"https:\/\/ds-barranquilla.org\/explorando-la-diversidad-linguistica-en-el-colegio-aleman-de-barranquilla\/","url":"https:\/\/ds-barranquilla.org\/explorando-la-diversidad-linguistica-en-el-colegio-aleman-de-barranquilla\/","name":"Explorando la diversidad ling\u00fc\u00edstica en el Colegio Alem\u00e1n de Barranquilla - 2026","isPartOf":{"@id":"https:\/\/ds-barranquilla.org\/#website"},"primaryImageOfPage":{"@id":"https:\/\/ds-barranquilla.org\/explorando-la-diversidad-linguistica-en-el-colegio-aleman-de-barranquilla\/#primaryimage"},"image":{"@id":"https:\/\/ds-barranquilla.org\/explorando-la-diversidad-linguistica-en-el-colegio-aleman-de-barranquilla\/#primaryimage"},"thumbnailUrl":"https:\/\/ds-barranquilla.org\/wp-content\/uploads\/2024\/08\/DSC_5862-scaled.jpg","datePublished":"2024-04-05T20:32:29+00:00","dateModified":"2024-08-05T20:42:19+00:00","breadcrumb":{"@id":"https:\/\/ds-barranquilla.org\/explorando-la-diversidad-linguistica-en-el-colegio-aleman-de-barranquilla\/#breadcrumb"},"inLanguage":"de","potentialAction":[{"@type":"ReadAction","target":["https:\/\/ds-barranquilla.org\/explorando-la-diversidad-linguistica-en-el-colegio-aleman-de-barranquilla\/"]}]},{"@type":"ImageObject","inLanguage":"de","@id":"https:\/\/ds-barranquilla.org\/explorando-la-diversidad-linguistica-en-el-colegio-aleman-de-barranquilla\/#primaryimage","url":"https:\/\/ds-barranquilla.org\/wp-content\/uploads\/2024\/08\/DSC_5862-scaled.jpg","contentUrl":"https:\/\/ds-barranquilla.org\/wp-content\/uploads\/2024\/08\/DSC_5862-scaled.jpg","width":2560,"height":1707},{"@type":"BreadcrumbList","@id":"https:\/\/ds-barranquilla.org\/explorando-la-diversidad-linguistica-en-el-colegio-aleman-de-barranquilla\/#breadcrumb","itemListElement":[{"@type":"ListItem","position":1,"name":"Portada","item":"https:\/\/ds-barranquilla.org\/"},{"@type":"ListItem","position":2,"name":"Explorando la diversidad ling\u00fc\u00edstica en el Colegio Alem\u00e1n de Barranquilla"}]},{"@type":"WebSite","@id":"https:\/\/ds-barranquilla.org\/#website","url":"https:\/\/ds-barranquilla.org\/","name":"Colegio Alem\u00e1n - Los Mejores Colegios de Colombia - Colegio Triling\u00fce","description":"Colegio Alem\u00e1n  Barranquilla Colombia - Colegio Biling\u00fce - Triling\u00fce - El Mejor Colegio de Colombia","publisher":{"@id":"https:\/\/ds-barranquilla.org\/#organization"},"potentialAction":[{"@type":"SearchAction","target":{"@type":"EntryPoint","urlTemplate":"https:\/\/ds-barranquilla.org\/?s={search_term_string}"},"query-input":"required name=search_term_string"}],"inLanguage":"de"},{"@type":"Organization","@id":"https:\/\/ds-barranquilla.org\/#organization","name":"Colegio Alem\u00e1n Barranquilla","url":"https:\/\/ds-barranquilla.org\/","logo":{"@type":"ImageObject","inLanguage":"de","@id":"https:\/\/ds-barranquilla.org\/#\/schema\/logo\/image\/","url":"https:\/\/ds-barranquilla.org\/wp-content\/uploads\/2021\/05\/coleman_logo_2.png","contentUrl":"https:\/\/ds-barranquilla.org\/wp-content\/uploads\/2021\/05\/coleman_logo_2.png","width":418,"height":307,"caption":"Colegio Alem\u00e1n Barranquilla"},"image":{"@id":"https:\/\/ds-barranquilla.org\/#\/schema\/logo\/image\/"},"sameAs":["https:\/\/www.facebook.com\/ColegioAlemanBaq\/","https:\/\/x.com\/ColegioAlemanBq","https:\/\/www.instagram.com\/colegioalemanbaq\/","https:\/\/www.linkedin.com\/school\/deutsche-schule-barranquilla\/","https:\/\/www.youtube.com\/channel\/UCOOGZQCVs6aYRqIWvSN5agQ"]},{"@type":"Person","@id":"https:\/\/ds-barranquilla.org\/#\/schema\/person\/a3111c59bc6ad33c5975c02a244ec0f9","name":"Maria Camila Medina","image":{"@type":"ImageObject","inLanguage":"de","@id":"https:\/\/ds-barranquilla.org\/#\/schema\/person\/image\/","url":"https:\/\/secure.gravatar.com\/avatar\/ec22389c1edd2f147582875dc845593e?s=96&d=mm&r=g","contentUrl":"https:\/\/secure.gravatar.com\/avatar\/ec22389c1edd2f147582875dc845593e?s=96&d=mm&r=g","caption":"Maria Camila Medina"}}]}},"_links":{"self":[{"href":"https:\/\/ds-barranquilla.org\/de\/wp-json\/wp\/v2\/posts\/27214"}],"collection":[{"href":"https:\/\/ds-barranquilla.org\/de\/wp-json\/wp\/v2\/posts"}],"about":[{"href":"https:\/\/ds-barranquilla.org\/de\/wp-json\/wp\/v2\/types\/post"}],"author":[{"embeddable":true,"href":"https:\/\/ds-barranquilla.org\/de\/wp-json\/wp\/v2\/users\/31"}],"replies":[{"embeddable":true,"href":"https:\/\/ds-barranquilla.org\/de\/wp-json\/wp\/v2\/comments?post=27214"}],"version-history":[{"count":6,"href":"https:\/\/ds-barranquilla.org\/de\/wp-json\/wp\/v2\/posts\/27214\/revisions"}],"predecessor-version":[{"id":27221,"href":"https:\/\/ds-barranquilla.org\/de\/wp-json\/wp\/v2\/posts\/27214\/revisions\/27221"}],"wp:featuredmedia":[{"embeddable":true,"href":"https:\/\/ds-barranquilla.org\/de\/wp-json\/wp\/v2\/media\/27217"}],"wp:attachment":[{"href":"https:\/\/ds-barranquilla.org\/de\/wp-json\/wp\/v2\/media?parent=27214"}],"wp:term":[{"taxonomy":"category","embeddable":true,"href":"https:\/\/ds-barranquilla.org\/de\/wp-json\/wp\/v2\/categories?post=27214"},{"taxonomy":"post_tag","embeddable":true,"href":"https:\/\/ds-barranquilla.org\/de\/wp-json\/wp\/v2\/tags?post=27214"}],"curies":[{"name":"wp","href":"https:\/\/api.w.org\/{rel}","templated":true}]}}