{"id":27648,"date":"2024-09-16T15:29:35","date_gmt":"2024-09-16T20:29:35","guid":{"rendered":"https:\/\/ds-barranquilla.org\/?p=27648"},"modified":"2024-09-18T15:45:02","modified_gmt":"2024-09-18T20:45:02","slug":"proyecto-de-democracia-representantes-de-la-klasse-6","status":"publish","type":"post","link":"https:\/\/ds-barranquilla.org\/de\/proyecto-de-democracia-representantes-de-la-klasse-6\/","title":{"rendered":"Proyecto de Democracia &#8211; Representantes de la Klasse 6"},"content":{"rendered":"<div data-elementor-type=\"wp-post\" data-elementor-id=\"27648\" class=\"elementor elementor-27648\">\n\t\t\t\t\t\t<section class=\"elementor-section elementor-top-section elementor-element elementor-element-e6b099f elementor-section-boxed elementor-section-height-default elementor-section-height-default\" data-id=\"e6b099f\" data-element_type=\"section\">\n\t\t\t\t\t\t<div class=\"elementor-container elementor-column-gap-default\">\n\t\t\t\t\t<div class=\"elementor-column elementor-col-100 elementor-top-column elementor-element elementor-element-868cd84\" data-id=\"868cd84\" data-element_type=\"column\">\n\t\t\t<div class=\"elementor-widget-wrap elementor-element-populated\">\n\t\t\t\t\t\t<div class=\"elementor-element elementor-element-7d74218 elementor-widget elementor-widget-heading\" data-id=\"7d74218\" data-element_type=\"widget\" data-widget_type=\"heading.default\">\n\t\t\t\t<div class=\"elementor-widget-container\">\n\t\t\t<style>\/*! elementor - v3.23.0 - 05-08-2024 *\/\n.elementor-heading-title{padding:0;margin:0;line-height:1}.elementor-widget-heading .elementor-heading-title[class*=elementor-size-]>a{color:inherit;font-size:inherit;line-height:inherit}.elementor-widget-heading .elementor-heading-title.elementor-size-small{font-size:15px}.elementor-widget-heading .elementor-heading-title.elementor-size-medium{font-size:19px}.elementor-widget-heading .elementor-heading-title.elementor-size-large{font-size:29px}.elementor-widget-heading .elementor-heading-title.elementor-size-xl{font-size:39px}.elementor-widget-heading .elementor-heading-title.elementor-size-xxl{font-size:59px}<\/style><h2 class=\"elementor-heading-title elementor-size-default\">Proyecto de Democracia - Representantes de la Klasse 6<\/h2>\t\t<\/div>\n\t\t\t\t<\/div>\n\t\t\t\t\t<\/div>\n\t\t<\/div>\n\t\t\t\t\t<\/div>\n\t\t<\/section>\n\t\t\t\t<section class=\"elementor-section elementor-top-section elementor-element elementor-element-2731488 elementor-section-boxed elementor-section-height-default elementor-section-height-default\" data-id=\"2731488\" data-element_type=\"section\">\n\t\t\t\t\t\t<div class=\"elementor-container elementor-column-gap-default\">\n\t\t\t\t\t<div class=\"elementor-column elementor-col-100 elementor-top-column elementor-element elementor-element-10add02\" data-id=\"10add02\" data-element_type=\"column\">\n\t\t\t<div class=\"elementor-widget-wrap elementor-element-populated\">\n\t\t\t\t\t\t<div class=\"elementor-element elementor-element-a280d39 elementor-widget elementor-widget-text-editor\" data-id=\"a280d39\" data-element_type=\"widget\" data-widget_type=\"text-editor.default\">\n\t\t\t\t<div class=\"elementor-widget-container\">\n\t\t\t<style>\/*! elementor - v3.23.0 - 05-08-2024 *\/\n.elementor-widget-text-editor.elementor-drop-cap-view-stacked .elementor-drop-cap{background-color:#69727d;color:#fff}.elementor-widget-text-editor.elementor-drop-cap-view-framed .elementor-drop-cap{color:#69727d;border:3px solid;background-color:transparent}.elementor-widget-text-editor:not(.elementor-drop-cap-view-default) .elementor-drop-cap{margin-top:8px}.elementor-widget-text-editor:not(.elementor-drop-cap-view-default) .elementor-drop-cap-letter{width:1em;height:1em}.elementor-widget-text-editor .elementor-drop-cap{float:left;text-align:center;line-height:1;font-size:50px}.elementor-widget-text-editor .elementor-drop-cap-letter{display:inline-block}<\/style>\t\t\t\t<p>El ejercicio democr\u00e1tico en nuestras aulas comienza desde temprana edad, inculcando en los estudiantes la importancia de la participaci\u00f3n activa y la responsabilidad c\u00edvica. En esta ocasi\u00f3n, los alumnos de primaria han asumido el reto de postularse como candidatos a representantes de sus Klassen, demostrando su dedicaci\u00f3n a los valores democr\u00e1ticos que promovemos como instituci\u00f3n.<\/p><p>Cada uno de los candidatos ha desarrollado campa\u00f1as creativas, utilizando videos llenos de entusiasmo para compartir sus propuestas con sus compa\u00f1eros. En estos videos, los estudiantes destacaron valores fundamentales como el respeto, la responsabilidad, la honestidad y la solidaridad, pilares esenciales en su formaci\u00f3n personal y acad\u00e9mica. Estas campa\u00f1as no solo evidencian la capacidad de liderazgo de nuestros estudiantes, sino tambi\u00e9n su compromiso con la construcci\u00f3n de una comunidad escolar m\u00e1s unida y equitativa.<\/p><p>Siguiendo el ejemplo de la Klasse 6, que ya est\u00e1 inmersa en el proceso electoral, el resto de las Klassen se prepara para las elecciones de representantes y del personero, programadas para el pr\u00f3ximo viernes 20 de septiembre. Este evento marca un momento clave en la vida escolar, fomentando el sentido de pertenencia y participaci\u00f3n entre nuestros estudiantes.<\/p><p><strong>Conoce las propuestas de los candidatos:<\/strong><\/p>\t\t\t\t\t\t<\/div>\n\t\t\t\t<\/div>\n\t\t\t\t\t<\/div>\n\t\t<\/div>\n\t\t\t\t\t<\/div>\n\t\t<\/section>\n\t\t\t\t<section class=\"elementor-section elementor-top-section elementor-element elementor-element-e879fcd elementor-section-boxed elementor-section-height-default elementor-section-height-default\" data-id=\"e879fcd\" data-element_type=\"section\">\n\t\t\t\t\t\t<div class=\"elementor-container elementor-column-gap-default\">\n\t\t\t\t\t<div class=\"elementor-column elementor-col-50 elementor-top-column elementor-element elementor-element-776138e\" data-id=\"776138e\" data-element_type=\"column\">\n\t\t\t<div class=\"elementor-widget-wrap elementor-element-populated\">\n\t\t\t\t\t\t<div class=\"elementor-element elementor-element-dd48103 elementor-widget elementor-widget-video\" data-id=\"dd48103\" data-element_type=\"widget\" data-settings=\"{&quot;youtube_url&quot;:&quot;https:\\\/\\\/youtu.be\\\/afZJYbG9YCE&quot;,&quot;video_type&quot;:&quot;youtube&quot;,&quot;controls&quot;:&quot;yes&quot;}\" data-widget_type=\"video.default\">\n\t\t\t\t<div class=\"elementor-widget-container\">\n\t\t\t<style>\/*! elementor - v3.23.0 - 05-08-2024 *\/\n.elementor-widget-video .elementor-widget-container{overflow:hidden;transform:translateZ(0)}.elementor-widget-video .elementor-wrapper{aspect-ratio:var(--video-aspect-ratio)}.elementor-widget-video .elementor-wrapper iframe,.elementor-widget-video .elementor-wrapper video{height:100%;width:100%;display:flex;border:none;background-color:#000}@supports not (aspect-ratio:1\/1){.elementor-widget-video .elementor-wrapper{position:relative;overflow:hidden;height:0;padding-bottom:calc(100% \/ var(--video-aspect-ratio))}.elementor-widget-video .elementor-wrapper iframe,.elementor-widget-video .elementor-wrapper video{position:absolute;top:0;right:0;bottom:0;left:0}}.elementor-widget-video .elementor-open-inline .elementor-custom-embed-image-overlay{position:absolute;top:0;right:0;bottom:0;left:0;background-size:cover;background-position:50%}.elementor-widget-video .elementor-custom-embed-image-overlay{cursor:pointer;text-align:center}.elementor-widget-video .elementor-custom-embed-image-overlay:hover .elementor-custom-embed-play i{opacity:1}.elementor-widget-video .elementor-custom-embed-image-overlay img{display:block;width:100%;aspect-ratio:var(--video-aspect-ratio);-o-object-fit:cover;object-fit:cover;-o-object-position:center center;object-position:center center}@supports not (aspect-ratio:1\/1){.elementor-widget-video .elementor-custom-embed-image-overlay{position:relative;overflow:hidden;height:0;padding-bottom:calc(100% \/ var(--video-aspect-ratio))}.elementor-widget-video .elementor-custom-embed-image-overlay img{position:absolute;top:0;right:0;bottom:0;left:0}}.elementor-widget-video .e-hosted-video .elementor-video{-o-object-fit:cover;object-fit:cover}.e-con-inner>.elementor-widget-video,.e-con>.elementor-widget-video{width:var(--container-widget-width);--flex-grow:var(--container-widget-flex-grow)}<\/style>\t\t<div class=\"elementor-wrapper elementor-open-inline\">\n\t\t\t<div class=\"elementor-video\"><\/div>\t\t<\/div>\n\t\t\t\t<\/div>\n\t\t\t\t<\/div>\n\t\t\t\t\t<\/div>\n\t\t<\/div>\n\t\t\t\t<div class=\"elementor-column elementor-col-50 elementor-top-column elementor-element elementor-element-adf3493\" data-id=\"adf3493\" data-element_type=\"column\">\n\t\t\t<div class=\"elementor-widget-wrap elementor-element-populated\">\n\t\t\t\t\t\t<div class=\"elementor-element elementor-element-c5ebb25 elementor-widget elementor-widget-video\" data-id=\"c5ebb25\" data-element_type=\"widget\" data-settings=\"{&quot;youtube_url&quot;:&quot;https:\\\/\\\/youtu.be\\\/_9s_a3T7Z_o&quot;,&quot;video_type&quot;:&quot;youtube&quot;,&quot;controls&quot;:&quot;yes&quot;}\" data-widget_type=\"video.default\">\n\t\t\t\t<div class=\"elementor-widget-container\">\n\t\t\t\t\t<div class=\"elementor-wrapper elementor-open-inline\">\n\t\t\t<div class=\"elementor-video\"><\/div>\t\t<\/div>\n\t\t\t\t<\/div>\n\t\t\t\t<\/div>\n\t\t\t\t\t<\/div>\n\t\t<\/div>\n\t\t\t\t\t<\/div>\n\t\t<\/section>\n\t\t\t\t<section class=\"elementor-section elementor-top-section elementor-element elementor-element-6e4a961 elementor-section-boxed elementor-section-height-default elementor-section-height-default\" data-id=\"6e4a961\" data-element_type=\"section\">\n\t\t\t\t\t\t<div class=\"elementor-container elementor-column-gap-default\">\n\t\t\t\t\t<div class=\"elementor-column elementor-col-50 elementor-top-column elementor-element elementor-element-9b58906\" data-id=\"9b58906\" data-element_type=\"column\">\n\t\t\t<div class=\"elementor-widget-wrap elementor-element-populated\">\n\t\t\t\t\t\t<div class=\"elementor-element elementor-element-f13c0ff elementor-widget elementor-widget-video\" data-id=\"f13c0ff\" data-element_type=\"widget\" data-settings=\"{&quot;youtube_url&quot;:&quot;https:\\\/\\\/youtu.be\\\/Cp9lE8JJiuI&quot;,&quot;video_type&quot;:&quot;youtube&quot;,&quot;controls&quot;:&quot;yes&quot;}\" data-widget_type=\"video.default\">\n\t\t\t\t<div class=\"elementor-widget-container\">\n\t\t\t\t\t<div class=\"elementor-wrapper elementor-open-inline\">\n\t\t\t<div class=\"elementor-video\"><\/div>\t\t<\/div>\n\t\t\t\t<\/div>\n\t\t\t\t<\/div>\n\t\t\t\t\t<\/div>\n\t\t<\/div>\n\t\t\t\t<div class=\"elementor-column elementor-col-50 elementor-top-column elementor-element elementor-element-f3735a2\" data-id=\"f3735a2\" data-element_type=\"column\">\n\t\t\t<div class=\"elementor-widget-wrap elementor-element-populated\">\n\t\t\t\t\t\t<div class=\"elementor-element elementor-element-900d819 elementor-widget elementor-widget-video\" data-id=\"900d819\" data-element_type=\"widget\" data-settings=\"{&quot;youtube_url&quot;:&quot;https:\\\/\\\/youtu.be\\\/kHnbQB8rSGE&quot;,&quot;video_type&quot;:&quot;youtube&quot;,&quot;controls&quot;:&quot;yes&quot;}\" data-widget_type=\"video.default\">\n\t\t\t\t<div class=\"elementor-widget-container\">\n\t\t\t\t\t<div class=\"elementor-wrapper elementor-open-inline\">\n\t\t\t<div class=\"elementor-video\"><\/div>\t\t<\/div>\n\t\t\t\t<\/div>\n\t\t\t\t<\/div>\n\t\t\t\t\t<\/div>\n\t\t<\/div>\n\t\t\t\t\t<\/div>\n\t\t<\/section>\n\t\t\t\t<\/div>","protected":false},"excerpt":{"rendered":"<p>Proyecto de Democracia &#8211; Representantes de la Klasse 6 El ejercicio democr\u00e1tico en nuestras aulas comienza desde temprana edad, inculcando en los estudiantes la importancia de<span class=\"excerpt-hellip\"> [\u2026]<\/span><\/p>","protected":false},"author":31,"featured_media":27656,"comment_status":"open","ping_status":"open","sticky":false,"template":"","format":"standard","meta":{"_exactmetrics_skip_tracking":false,"_exactmetrics_sitenote_active":false,"_exactmetrics_sitenote_note":"","_exactmetrics_sitenote_category":0,"_joinchat":[],"footnotes":""},"categories":[733,688],"tags":[],"class_list":["post-27648","post","type-post","status-publish","format-standard","has-post-thumbnail","hentry","category-733","category-area-de-individuos-y-sociedades"],"yoast_head":"<!-- This site is optimized with the Yoast SEO plugin v23.3 - https:\/\/yoast.com\/wordpress\/plugins\/seo\/ -->\n<title>Proyecto de Democracia - Representantes de la Klasse 6 - 2026<\/title>\n<meta name=\"robots\" content=\"noindex, follow, max-snippet:-1, max-image-preview:large, max-video-preview:-1\" \/>\n<meta property=\"og:locale\" content=\"de_DE\" \/>\n<meta property=\"og:type\" content=\"article\" \/>\n<meta property=\"og:title\" content=\"Proyecto de Democracia - Representantes de la Klasse 6 - 2026\" \/>\n<meta property=\"og:description\" content=\"Proyecto de Democracia &#8211; Representantes de la Klasse 6 El ejercicio democr\u00e1tico en nuestras aulas comienza desde temprana edad, inculcando en los estudiantes la importancia de [\u2026]\" \/>\n<meta property=\"og:url\" content=\"https:\/\/ds-barranquilla.org\/de\/proyecto-de-democracia-representantes-de-la-klasse-6\/\" \/>\n<meta property=\"og:site_name\" content=\"Colegio Alem\u00e1n - Los Mejores Colegios de Colombia - Colegio Triling\u00fce\" \/>\n<meta property=\"article:publisher\" content=\"https:\/\/www.facebook.com\/ColegioAlemanBaq\/\" \/>\n<meta property=\"article:published_time\" content=\"2024-09-16T20:29:35+00:00\" \/>\n<meta property=\"article:modified_time\" content=\"2024-09-18T20:45:02+00:00\" \/>\n<meta property=\"og:image\" content=\"https:\/\/ds-barranquilla.org\/wp-content\/uploads\/2024\/09\/Proyecto-de-Democracia-Representantes-de-la-Klasse-6.png\" \/>\n\t<meta property=\"og:image:width\" content=\"6000\" \/>\n\t<meta property=\"og:image:height\" content=\"4000\" \/>\n\t<meta property=\"og:image:type\" content=\"image\/png\" \/>\n<meta name=\"author\" content=\"Maria Camila Medina\" \/>\n<meta name=\"twitter:card\" content=\"summary_large_image\" \/>\n<meta name=\"twitter:creator\" content=\"@ColegioAlemanBq\" \/>\n<meta name=\"twitter:site\" content=\"@ColegioAlemanBq\" \/>\n<meta name=\"twitter:label1\" content=\"Verfasst von\" \/>\n\t<meta name=\"twitter:data1\" content=\"Maria Camila Medina\" \/>\n\t<meta name=\"twitter:label2\" content=\"Gesch\u00e4tzte Lesezeit\" \/>\n\t<meta name=\"twitter:data2\" content=\"1\u00a0Minute\" \/>\n<script type=\"application\/ld+json\" class=\"yoast-schema-graph\">{\"@context\":\"https:\/\/schema.org\",\"@graph\":[{\"@type\":\"Article\",\"@id\":\"https:\/\/ds-barranquilla.org\/proyecto-de-democracia-representantes-de-la-klasse-6\/#article\",\"isPartOf\":{\"@id\":\"https:\/\/ds-barranquilla.org\/proyecto-de-democracia-representantes-de-la-klasse-6\/\"},\"author\":{\"name\":\"Maria Camila Medina\",\"@id\":\"https:\/\/ds-barranquilla.org\/#\/schema\/person\/a3111c59bc6ad33c5975c02a244ec0f9\"},\"headline\":\"Proyecto de Democracia &#8211; Representantes de la Klasse 6\",\"datePublished\":\"2024-09-16T20:29:35+00:00\",\"dateModified\":\"2024-09-18T20:45:02+00:00\",\"mainEntityOfPage\":{\"@id\":\"https:\/\/ds-barranquilla.org\/proyecto-de-democracia-representantes-de-la-klasse-6\/\"},\"wordCount\":245,\"commentCount\":0,\"publisher\":{\"@id\":\"https:\/\/ds-barranquilla.org\/#organization\"},\"image\":{\"@id\":\"https:\/\/ds-barranquilla.org\/proyecto-de-democracia-representantes-de-la-klasse-6\/#primaryimage\"},\"thumbnailUrl\":\"https:\/\/ds-barranquilla.org\/wp-content\/uploads\/2024\/09\/Proyecto-de-Democracia-Representantes-de-la-Klasse-6.png\",\"articleSection\":[\"2024\",\"\u00c1rea de Individuos y Sociedades\"],\"inLanguage\":\"de\",\"potentialAction\":[{\"@type\":\"CommentAction\",\"name\":\"Comment\",\"target\":[\"https:\/\/ds-barranquilla.org\/proyecto-de-democracia-representantes-de-la-klasse-6\/#respond\"]}]},{\"@type\":\"WebPage\",\"@id\":\"https:\/\/ds-barranquilla.org\/proyecto-de-democracia-representantes-de-la-klasse-6\/\",\"url\":\"https:\/\/ds-barranquilla.org\/proyecto-de-democracia-representantes-de-la-klasse-6\/\",\"name\":\"Proyecto de Democracia - Representantes de la Klasse 6 - 2026\",\"isPartOf\":{\"@id\":\"https:\/\/ds-barranquilla.org\/#website\"},\"primaryImageOfPage\":{\"@id\":\"https:\/\/ds-barranquilla.org\/proyecto-de-democracia-representantes-de-la-klasse-6\/#primaryimage\"},\"image\":{\"@id\":\"https:\/\/ds-barranquilla.org\/proyecto-de-democracia-representantes-de-la-klasse-6\/#primaryimage\"},\"thumbnailUrl\":\"https:\/\/ds-barranquilla.org\/wp-content\/uploads\/2024\/09\/Proyecto-de-Democracia-Representantes-de-la-Klasse-6.png\",\"datePublished\":\"2024-09-16T20:29:35+00:00\",\"dateModified\":\"2024-09-18T20:45:02+00:00\",\"breadcrumb\":{\"@id\":\"https:\/\/ds-barranquilla.org\/proyecto-de-democracia-representantes-de-la-klasse-6\/#breadcrumb\"},\"inLanguage\":\"de\",\"potentialAction\":[{\"@type\":\"ReadAction\",\"target\":[\"https:\/\/ds-barranquilla.org\/proyecto-de-democracia-representantes-de-la-klasse-6\/\"]}]},{\"@type\":\"ImageObject\",\"inLanguage\":\"de\",\"@id\":\"https:\/\/ds-barranquilla.org\/proyecto-de-democracia-representantes-de-la-klasse-6\/#primaryimage\",\"url\":\"https:\/\/ds-barranquilla.org\/wp-content\/uploads\/2024\/09\/Proyecto-de-Democracia-Representantes-de-la-Klasse-6.png\",\"contentUrl\":\"https:\/\/ds-barranquilla.org\/wp-content\/uploads\/2024\/09\/Proyecto-de-Democracia-Representantes-de-la-Klasse-6.png\",\"width\":6000,\"height\":4000},{\"@type\":\"BreadcrumbList\",\"@id\":\"https:\/\/ds-barranquilla.org\/proyecto-de-democracia-representantes-de-la-klasse-6\/#breadcrumb\",\"itemListElement\":[{\"@type\":\"ListItem\",\"position\":1,\"name\":\"Portada\",\"item\":\"https:\/\/ds-barranquilla.org\/\"},{\"@type\":\"ListItem\",\"position\":2,\"name\":\"Proyecto de Democracia &#8211; Representantes de la Klasse 6\"}]},{\"@type\":\"WebSite\",\"@id\":\"https:\/\/ds-barranquilla.org\/#website\",\"url\":\"https:\/\/ds-barranquilla.org\/\",\"name\":\"Colegio Alem\u00e1n - Los Mejores Colegios de Colombia - Colegio Triling\u00fce\",\"description\":\"Colegio Alem\u00e1n  Barranquilla Colombia - Colegio Biling\u00fce - Triling\u00fce - El Mejor Colegio de Colombia\",\"publisher\":{\"@id\":\"https:\/\/ds-barranquilla.org\/#organization\"},\"potentialAction\":[{\"@type\":\"SearchAction\",\"target\":{\"@type\":\"EntryPoint\",\"urlTemplate\":\"https:\/\/ds-barranquilla.org\/?s={search_term_string}\"},\"query-input\":\"required name=search_term_string\"}],\"inLanguage\":\"de\"},{\"@type\":\"Organization\",\"@id\":\"https:\/\/ds-barranquilla.org\/#organization\",\"name\":\"Colegio Alem\u00e1n Barranquilla\",\"url\":\"https:\/\/ds-barranquilla.org\/\",\"logo\":{\"@type\":\"ImageObject\",\"inLanguage\":\"de\",\"@id\":\"https:\/\/ds-barranquilla.org\/#\/schema\/logo\/image\/\",\"url\":\"https:\/\/ds-barranquilla.org\/wp-content\/uploads\/2021\/05\/coleman_logo_2.png\",\"contentUrl\":\"https:\/\/ds-barranquilla.org\/wp-content\/uploads\/2021\/05\/coleman_logo_2.png\",\"width\":418,\"height\":307,\"caption\":\"Colegio Alem\u00e1n Barranquilla\"},\"image\":{\"@id\":\"https:\/\/ds-barranquilla.org\/#\/schema\/logo\/image\/\"},\"sameAs\":[\"https:\/\/www.facebook.com\/ColegioAlemanBaq\/\",\"https:\/\/x.com\/ColegioAlemanBq\",\"https:\/\/www.instagram.com\/colegioalemanbaq\/\",\"https:\/\/www.linkedin.com\/school\/deutsche-schule-barranquilla\/\",\"https:\/\/www.youtube.com\/channel\/UCOOGZQCVs6aYRqIWvSN5agQ\"]},{\"@type\":\"Person\",\"@id\":\"https:\/\/ds-barranquilla.org\/#\/schema\/person\/a3111c59bc6ad33c5975c02a244ec0f9\",\"name\":\"Maria Camila Medina\",\"image\":{\"@type\":\"ImageObject\",\"inLanguage\":\"de\",\"@id\":\"https:\/\/ds-barranquilla.org\/#\/schema\/person\/image\/\",\"url\":\"https:\/\/secure.gravatar.com\/avatar\/ec22389c1edd2f147582875dc845593e?s=96&d=mm&r=g\",\"contentUrl\":\"https:\/\/secure.gravatar.com\/avatar\/ec22389c1edd2f147582875dc845593e?s=96&d=mm&r=g\",\"caption\":\"Maria Camila Medina\"}}]}<\/script>\n<!-- \/ Yoast SEO plugin. -->","yoast_head_json":{"title":"Proyecto de Democracia - Representantes de la Klasse 6 - 2026","robots":{"index":"noindex","follow":"follow","max-snippet":"max-snippet:-1","max-image-preview":"max-image-preview:large","max-video-preview":"max-video-preview:-1"},"og_locale":"de_DE","og_type":"article","og_title":"Proyecto de Democracia - Representantes de la Klasse 6 - 2026","og_description":"Proyecto de Democracia &#8211; Representantes de la Klasse 6 El ejercicio democr\u00e1tico en nuestras aulas comienza desde temprana edad, inculcando en los estudiantes la importancia de [\u2026]","og_url":"https:\/\/ds-barranquilla.org\/de\/proyecto-de-democracia-representantes-de-la-klasse-6\/","og_site_name":"Colegio Alem\u00e1n - Los Mejores Colegios de Colombia - Colegio Triling\u00fce","article_publisher":"https:\/\/www.facebook.com\/ColegioAlemanBaq\/","article_published_time":"2024-09-16T20:29:35+00:00","article_modified_time":"2024-09-18T20:45:02+00:00","og_image":[{"width":6000,"height":4000,"url":"https:\/\/ds-barranquilla.org\/wp-content\/uploads\/2024\/09\/Proyecto-de-Democracia-Representantes-de-la-Klasse-6.png","type":"image\/png"}],"author":"Maria Camila Medina","twitter_card":"summary_large_image","twitter_creator":"@ColegioAlemanBq","twitter_site":"@ColegioAlemanBq","twitter_misc":{"Verfasst von":"Maria Camila Medina","Gesch\u00e4tzte Lesezeit":"1\u00a0Minute"},"schema":{"@context":"https:\/\/schema.org","@graph":[{"@type":"Article","@id":"https:\/\/ds-barranquilla.org\/proyecto-de-democracia-representantes-de-la-klasse-6\/#article","isPartOf":{"@id":"https:\/\/ds-barranquilla.org\/proyecto-de-democracia-representantes-de-la-klasse-6\/"},"author":{"name":"Maria Camila Medina","@id":"https:\/\/ds-barranquilla.org\/#\/schema\/person\/a3111c59bc6ad33c5975c02a244ec0f9"},"headline":"Proyecto de Democracia &#8211; Representantes de la Klasse 6","datePublished":"2024-09-16T20:29:35+00:00","dateModified":"2024-09-18T20:45:02+00:00","mainEntityOfPage":{"@id":"https:\/\/ds-barranquilla.org\/proyecto-de-democracia-representantes-de-la-klasse-6\/"},"wordCount":245,"commentCount":0,"publisher":{"@id":"https:\/\/ds-barranquilla.org\/#organization"},"image":{"@id":"https:\/\/ds-barranquilla.org\/proyecto-de-democracia-representantes-de-la-klasse-6\/#primaryimage"},"thumbnailUrl":"https:\/\/ds-barranquilla.org\/wp-content\/uploads\/2024\/09\/Proyecto-de-Democracia-Representantes-de-la-Klasse-6.png","articleSection":["2024","\u00c1rea de Individuos y Sociedades"],"inLanguage":"de","potentialAction":[{"@type":"CommentAction","name":"Comment","target":["https:\/\/ds-barranquilla.org\/proyecto-de-democracia-representantes-de-la-klasse-6\/#respond"]}]},{"@type":"WebPage","@id":"https:\/\/ds-barranquilla.org\/proyecto-de-democracia-representantes-de-la-klasse-6\/","url":"https:\/\/ds-barranquilla.org\/proyecto-de-democracia-representantes-de-la-klasse-6\/","name":"Proyecto de Democracia - Representantes de la Klasse 6 - 2026","isPartOf":{"@id":"https:\/\/ds-barranquilla.org\/#website"},"primaryImageOfPage":{"@id":"https:\/\/ds-barranquilla.org\/proyecto-de-democracia-representantes-de-la-klasse-6\/#primaryimage"},"image":{"@id":"https:\/\/ds-barranquilla.org\/proyecto-de-democracia-representantes-de-la-klasse-6\/#primaryimage"},"thumbnailUrl":"https:\/\/ds-barranquilla.org\/wp-content\/uploads\/2024\/09\/Proyecto-de-Democracia-Representantes-de-la-Klasse-6.png","datePublished":"2024-09-16T20:29:35+00:00","dateModified":"2024-09-18T20:45:02+00:00","breadcrumb":{"@id":"https:\/\/ds-barranquilla.org\/proyecto-de-democracia-representantes-de-la-klasse-6\/#breadcrumb"},"inLanguage":"de","potentialAction":[{"@type":"ReadAction","target":["https:\/\/ds-barranquilla.org\/proyecto-de-democracia-representantes-de-la-klasse-6\/"]}]},{"@type":"ImageObject","inLanguage":"de","@id":"https:\/\/ds-barranquilla.org\/proyecto-de-democracia-representantes-de-la-klasse-6\/#primaryimage","url":"https:\/\/ds-barranquilla.org\/wp-content\/uploads\/2024\/09\/Proyecto-de-Democracia-Representantes-de-la-Klasse-6.png","contentUrl":"https:\/\/ds-barranquilla.org\/wp-content\/uploads\/2024\/09\/Proyecto-de-Democracia-Representantes-de-la-Klasse-6.png","width":6000,"height":4000},{"@type":"BreadcrumbList","@id":"https:\/\/ds-barranquilla.org\/proyecto-de-democracia-representantes-de-la-klasse-6\/#breadcrumb","itemListElement":[{"@type":"ListItem","position":1,"name":"Portada","item":"https:\/\/ds-barranquilla.org\/"},{"@type":"ListItem","position":2,"name":"Proyecto de Democracia &#8211; Representantes de la Klasse 6"}]},{"@type":"WebSite","@id":"https:\/\/ds-barranquilla.org\/#website","url":"https:\/\/ds-barranquilla.org\/","name":"Colegio Alem\u00e1n - Los Mejores Colegios de Colombia - Colegio Triling\u00fce","description":"Colegio Alem\u00e1n  Barranquilla Colombia - Colegio Biling\u00fce - Triling\u00fce - El Mejor Colegio de Colombia","publisher":{"@id":"https:\/\/ds-barranquilla.org\/#organization"},"potentialAction":[{"@type":"SearchAction","target":{"@type":"EntryPoint","urlTemplate":"https:\/\/ds-barranquilla.org\/?s={search_term_string}"},"query-input":"required name=search_term_string"}],"inLanguage":"de"},{"@type":"Organization","@id":"https:\/\/ds-barranquilla.org\/#organization","name":"Colegio Alem\u00e1n Barranquilla","url":"https:\/\/ds-barranquilla.org\/","logo":{"@type":"ImageObject","inLanguage":"de","@id":"https:\/\/ds-barranquilla.org\/#\/schema\/logo\/image\/","url":"https:\/\/ds-barranquilla.org\/wp-content\/uploads\/2021\/05\/coleman_logo_2.png","contentUrl":"https:\/\/ds-barranquilla.org\/wp-content\/uploads\/2021\/05\/coleman_logo_2.png","width":418,"height":307,"caption":"Colegio Alem\u00e1n Barranquilla"},"image":{"@id":"https:\/\/ds-barranquilla.org\/#\/schema\/logo\/image\/"},"sameAs":["https:\/\/www.facebook.com\/ColegioAlemanBaq\/","https:\/\/x.com\/ColegioAlemanBq","https:\/\/www.instagram.com\/colegioalemanbaq\/","https:\/\/www.linkedin.com\/school\/deutsche-schule-barranquilla\/","https:\/\/www.youtube.com\/channel\/UCOOGZQCVs6aYRqIWvSN5agQ"]},{"@type":"Person","@id":"https:\/\/ds-barranquilla.org\/#\/schema\/person\/a3111c59bc6ad33c5975c02a244ec0f9","name":"Maria Camila Medina","image":{"@type":"ImageObject","inLanguage":"de","@id":"https:\/\/ds-barranquilla.org\/#\/schema\/person\/image\/","url":"https:\/\/secure.gravatar.com\/avatar\/ec22389c1edd2f147582875dc845593e?s=96&d=mm&r=g","contentUrl":"https:\/\/secure.gravatar.com\/avatar\/ec22389c1edd2f147582875dc845593e?s=96&d=mm&r=g","caption":"Maria Camila Medina"}}]}},"_links":{"self":[{"href":"https:\/\/ds-barranquilla.org\/de\/wp-json\/wp\/v2\/posts\/27648"}],"collection":[{"href":"https:\/\/ds-barranquilla.org\/de\/wp-json\/wp\/v2\/posts"}],"about":[{"href":"https:\/\/ds-barranquilla.org\/de\/wp-json\/wp\/v2\/types\/post"}],"author":[{"embeddable":true,"href":"https:\/\/ds-barranquilla.org\/de\/wp-json\/wp\/v2\/users\/31"}],"replies":[{"embeddable":true,"href":"https:\/\/ds-barranquilla.org\/de\/wp-json\/wp\/v2\/comments?post=27648"}],"version-history":[{"count":7,"href":"https:\/\/ds-barranquilla.org\/de\/wp-json\/wp\/v2\/posts\/27648\/revisions"}],"predecessor-version":[{"id":27657,"href":"https:\/\/ds-barranquilla.org\/de\/wp-json\/wp\/v2\/posts\/27648\/revisions\/27657"}],"wp:featuredmedia":[{"embeddable":true,"href":"https:\/\/ds-barranquilla.org\/de\/wp-json\/wp\/v2\/media\/27656"}],"wp:attachment":[{"href":"https:\/\/ds-barranquilla.org\/de\/wp-json\/wp\/v2\/media?parent=27648"}],"wp:term":[{"taxonomy":"category","embeddable":true,"href":"https:\/\/ds-barranquilla.org\/de\/wp-json\/wp\/v2\/categories?post=27648"},{"taxonomy":"post_tag","embeddable":true,"href":"https:\/\/ds-barranquilla.org\/de\/wp-json\/wp\/v2\/tags?post=27648"}],"curies":[{"name":"wp","href":"https:\/\/api.w.org\/{rel}","templated":true}]}}