{"id":27663,"date":"2024-09-27T08:59:17","date_gmt":"2024-09-27T13:59:17","guid":{"rendered":"https:\/\/ds-barranquilla.org\/?p=27663"},"modified":"2024-10-08T09:08:39","modified_gmt":"2024-10-08T14:08:39","slug":"alumni-la-familia-dsbaq-juntos-por-todo-el-mundo","status":"publish","type":"post","link":"https:\/\/ds-barranquilla.org\/de\/alumni-la-familia-dsbaq-juntos-por-todo-el-mundo\/","title":{"rendered":"Alumni, la familia DSBaq juntos por todo el mundo"},"content":{"rendered":"<div data-elementor-type=\"wp-post\" data-elementor-id=\"27663\" class=\"elementor elementor-27663\">\n\t\t\t\t\t\t<section class=\"elementor-section elementor-top-section elementor-element elementor-element-6594628 elementor-section-boxed elementor-section-height-default elementor-section-height-default\" data-id=\"6594628\" data-element_type=\"section\">\n\t\t\t\t\t\t<div class=\"elementor-container elementor-column-gap-default\">\n\t\t\t\t\t<div class=\"elementor-column elementor-col-100 elementor-top-column elementor-element elementor-element-24ca4f5\" data-id=\"24ca4f5\" data-element_type=\"column\">\n\t\t\t<div class=\"elementor-widget-wrap elementor-element-populated\">\n\t\t\t\t\t\t<div class=\"elementor-element elementor-element-6e6eade elementor-widget elementor-widget-heading\" data-id=\"6e6eade\" data-element_type=\"widget\" data-widget_type=\"heading.default\">\n\t\t\t\t<div class=\"elementor-widget-container\">\n\t\t\t<style>\/*! elementor - v3.23.0 - 05-08-2024 *\/\n.elementor-heading-title{padding:0;margin:0;line-height:1}.elementor-widget-heading .elementor-heading-title[class*=elementor-size-]>a{color:inherit;font-size:inherit;line-height:inherit}.elementor-widget-heading .elementor-heading-title.elementor-size-small{font-size:15px}.elementor-widget-heading .elementor-heading-title.elementor-size-medium{font-size:19px}.elementor-widget-heading .elementor-heading-title.elementor-size-large{font-size:29px}.elementor-widget-heading .elementor-heading-title.elementor-size-xl{font-size:39px}.elementor-widget-heading .elementor-heading-title.elementor-size-xxl{font-size:59px}<\/style><h2 class=\"elementor-heading-title elementor-size-default\">Alumni, la familia DSBaq juntos por todo el mundo<\/h2>\t\t<\/div>\n\t\t\t\t<\/div>\n\t\t\t\t\t<\/div>\n\t\t<\/div>\n\t\t\t\t\t<\/div>\n\t\t<\/section>\n\t\t\t\t<section class=\"elementor-section elementor-top-section elementor-element elementor-element-14f02db elementor-section-boxed elementor-section-height-default elementor-section-height-default\" data-id=\"14f02db\" data-element_type=\"section\">\n\t\t\t\t\t\t<div class=\"elementor-container elementor-column-gap-default\">\n\t\t\t\t\t<div class=\"elementor-column elementor-col-100 elementor-top-column elementor-element elementor-element-3284406\" data-id=\"3284406\" data-element_type=\"column\">\n\t\t\t<div class=\"elementor-widget-wrap elementor-element-populated\">\n\t\t\t\t\t\t<div class=\"elementor-element elementor-element-595d20e elementor-widget elementor-widget-image\" data-id=\"595d20e\" data-element_type=\"widget\" data-widget_type=\"image.default\">\n\t\t\t\t<div class=\"elementor-widget-container\">\n\t\t\t<style>\/*! elementor - v3.23.0 - 05-08-2024 *\/\n.elementor-widget-image{text-align:center}.elementor-widget-image a{display:inline-block}.elementor-widget-image a img[src$=\".svg\"]{width:48px}.elementor-widget-image img{vertical-align:middle;display:inline-block}<\/style>\t\t\t\t\t\t\t\t\t\t<img fetchpriority=\"high\" decoding=\"async\" width=\"1024\" height=\"768\" src=\"https:\/\/ds-barranquilla.org\/wp-content\/uploads\/2024\/10\/1000166037-1024x768.jpg\" class=\"attachment-large size-large wp-image-27665\" alt=\"\" srcset=\"https:\/\/ds-barranquilla.org\/wp-content\/uploads\/2024\/10\/1000166037-1024x768.jpg 1024w, https:\/\/ds-barranquilla.org\/wp-content\/uploads\/2024\/10\/1000166037-300x225.jpg 300w, https:\/\/ds-barranquilla.org\/wp-content\/uploads\/2024\/10\/1000166037-768x576.jpg 768w, https:\/\/ds-barranquilla.org\/wp-content\/uploads\/2024\/10\/1000166037-1536x1152.jpg 1536w, https:\/\/ds-barranquilla.org\/wp-content\/uploads\/2024\/10\/1000166037-16x12.jpg 16w, https:\/\/ds-barranquilla.org\/wp-content\/uploads\/2024\/10\/1000166037-100x75.jpg 100w, https:\/\/ds-barranquilla.org\/wp-content\/uploads\/2024\/10\/1000166037-480x360.jpg 480w, https:\/\/ds-barranquilla.org\/wp-content\/uploads\/2024\/10\/1000166037.jpg 2048w\" sizes=\"(max-width:767px) 480px, (max-width:1024px) 100vw, 1024px\" \/>\t\t\t\t\t\t\t\t\t\t\t\t\t<\/div>\n\t\t\t\t<\/div>\n\t\t\t\t\t<\/div>\n\t\t<\/div>\n\t\t\t\t\t<\/div>\n\t\t<\/section>\n\t\t\t\t<section class=\"elementor-section elementor-top-section elementor-element elementor-element-2717748 elementor-section-boxed elementor-section-height-default elementor-section-height-default\" data-id=\"2717748\" data-element_type=\"section\">\n\t\t\t\t\t\t<div class=\"elementor-container elementor-column-gap-default\">\n\t\t\t\t\t<div class=\"elementor-column elementor-col-100 elementor-top-column elementor-element elementor-element-94ccb74\" data-id=\"94ccb74\" data-element_type=\"column\">\n\t\t\t<div class=\"elementor-widget-wrap elementor-element-populated\">\n\t\t\t\t\t\t<div class=\"elementor-element elementor-element-c5f94a3 elementor-widget elementor-widget-text-editor\" data-id=\"c5f94a3\" data-element_type=\"widget\" data-widget_type=\"text-editor.default\">\n\t\t\t\t<div class=\"elementor-widget-container\">\n\t\t\t<style>\/*! elementor - v3.23.0 - 05-08-2024 *\/\n.elementor-widget-text-editor.elementor-drop-cap-view-stacked .elementor-drop-cap{background-color:#69727d;color:#fff}.elementor-widget-text-editor.elementor-drop-cap-view-framed .elementor-drop-cap{color:#69727d;border:3px solid;background-color:transparent}.elementor-widget-text-editor:not(.elementor-drop-cap-view-default) .elementor-drop-cap{margin-top:8px}.elementor-widget-text-editor:not(.elementor-drop-cap-view-default) .elementor-drop-cap-letter{width:1em;height:1em}.elementor-widget-text-editor .elementor-drop-cap{float:left;text-align:center;line-height:1;font-size:50px}.elementor-widget-text-editor .elementor-drop-cap-letter{display:inline-block}<\/style>\t\t\t\t<p class=\"cvGsUA direction-ltr align-justify para-style-body\"><span class=\"OYPEnA font-feature-liga-off font-feature-clig-off font-feature-calt-off text-decoration-none text-strikethrough-none\">Exalumnos del Colegio Alem\u00e1n de Barranquilla Fortalecen su Red de Contactos en Europa con encuentros anuales. Desde 2021, un grupo de exalumnos del Colegio Alem\u00e1n de Barranquilla ha consolidado una red de contactos en Europa mediante reuniones anuales que celebran su esp\u00edritu de compa\u00f1erismo y fortalecen sus lazos personales y profesionales. Esta iniciativa surgi\u00f3 a ra\u00edz del 10\u00ba aniversario de graduaci\u00f3n de la promoci\u00f3n ABI2011, y ha evolucionado hasta convertirse en un evento clave para antiguos estudiantes residentes en Europa.<\/span><\/p><p class=\"cvGsUA direction-ltr align-justify para-style-body\"><span class=\"OYPEnA font-feature-liga-off font-feature-clig-off font-feature-calt-off text-decoration-none text-strikethrough-none\">La primera reuni\u00f3n tuvo lugar en Frankfurt, donde exalumnos de diversas generaciones, como la promoci\u00f3n ABI2008, se unieron a la celebraci\u00f3n, lo que marc\u00f3 el inicio de una tradici\u00f3n que ha crecido con el paso de los a\u00f1os. En 2022, el encuentro se traslad\u00f3 a Berl\u00edn, convirti\u00e9ndose en la primera &#8220;Reuni\u00f3n CAB&#8221; abierta a promociones desde 2002 hasta 2020. Este evento, que cont\u00f3 con la participaci\u00f3n de egresados de diferentes edades, enriqueci\u00f3 el intercambio intergeneracional y consolid\u00f3 la diversidad de experiencias entre los asistentes.<\/span><\/p><p class=\"cvGsUA direction-ltr align-justify para-style-body\"><span class=\"OYPEnA font-feature-liga-off font-feature-clig-off font-feature-calt-off text-decoration-none text-strikethrough-none\">El \u00e9xito de los encuentros motiv\u00f3 que en 2023 la reuni\u00f3n se celebrara en K\u00f6ln, manteniendo el criterio de elegir ciudades con buena conectividad y atractivos tur\u00edsticos. En 2024, el evento regres\u00f3 a Berl\u00edn, donde del 16 al 18 de agosto, exalumnos disfrutaron de diferentes actividades, como un memorable paseo en &#8220;cervecleta&#8221; por los lugares m\u00e1s emblem\u00e1ticos de la ciudad, acompa\u00f1ados de m\u00fasica barranquillera, convirtiendo las calles de Berl\u00edn en un peque\u00f1o carnaval lleno de alegr\u00eda.<\/span><\/p><p class=\"cvGsUA direction-ltr align-justify para-style-body\"><span class=\"OYPEnA font-feature-liga-off font-feature-clig-off font-feature-calt-off text-decoration-none text-strikethrough-none\">El prop\u00f3sito principal de estos encuentros es fortalecer la red de contactos entre los exalumnos del Colegio Alem\u00e1n de Barranquilla en Europa, proporcionando un espacio de apoyo y asesor\u00eda mutua que facilita conexiones \u00fatiles para la vida profesional y personal de sus participantes. Adem\u00e1s de compartir experiencias colegiales, estos eventos buscan ser un punto de encuentro para exalumnos de todas las generaciones que residen en Europa.<\/span><\/p><p class=\"cvGsUA direction-ltr align-justify para-style-body\"><span class=\"OYPEnA font-feature-liga-off font-feature-clig-off font-feature-calt-off text-decoration-none text-strikethrough-none\">Los organizadores invitan a todos los exalumnos interesados a sumarse a esta iniciativa y contribuir a su crecimiento. Las sedes y fechas de los pr\u00f3ximos encuentros se deciden a inicios de cada a\u00f1o, planeando todos detalles log\u00edsticos, desde el hospedaje hasta las actividades recreativas, cuidadosamente coordinados para el reencuentro.\u00a0<br \/><br \/>Los egresados que deseen participar en estos espacios pueden unirse al grupo de Whatsapp haciendo<a href=\"https:\/\/chat.whatsapp.com\/FnMp6TwbK4F9veNKB9DXHU\"> hier klicken<\/a><\/span><\/p><p>\u00a1Somos la gran familia DSBaq alrededor del mundo!\u00a0<\/p>\t\t\t\t\t\t<\/div>\n\t\t\t\t<\/div>\n\t\t\t\t\t<\/div>\n\t\t<\/div>\n\t\t\t\t\t<\/div>\n\t\t<\/section>\n\t\t\t\t<section class=\"elementor-section elementor-top-section elementor-element elementor-element-82a914f elementor-section-boxed elementor-section-height-default elementor-section-height-default\" data-id=\"82a914f\" data-element_type=\"section\">\n\t\t\t\t\t\t<div class=\"elementor-container elementor-column-gap-default\">\n\t\t\t\t\t<div class=\"elementor-column elementor-col-50 elementor-top-column elementor-element elementor-element-6988dac\" data-id=\"6988dac\" data-element_type=\"column\">\n\t\t\t<div class=\"elementor-widget-wrap elementor-element-populated\">\n\t\t\t\t\t\t<div class=\"elementor-element elementor-element-3cb5877 elementor-widget elementor-widget-image\" data-id=\"3cb5877\" data-element_type=\"widget\" data-widget_type=\"image.default\">\n\t\t\t\t<div class=\"elementor-widget-container\">\n\t\t\t\t\t\t\t\t\t\t\t\t\t<img decoding=\"async\" width=\"768\" height=\"1024\" src=\"https:\/\/ds-barranquilla.org\/wp-content\/uploads\/2024\/10\/1000159390-768x1024.jpg\" class=\"attachment-large size-large wp-image-27667\" alt=\"\" srcset=\"https:\/\/ds-barranquilla.org\/wp-content\/uploads\/2024\/10\/1000159390-768x1024.jpg 768w, https:\/\/ds-barranquilla.org\/wp-content\/uploads\/2024\/10\/1000159390-225x300.jpg 225w, https:\/\/ds-barranquilla.org\/wp-content\/uploads\/2024\/10\/1000159390-300x400.jpg 300w, https:\/\/ds-barranquilla.org\/wp-content\/uploads\/2024\/10\/1000159390-1152x1536.jpg 1152w, https:\/\/ds-barranquilla.org\/wp-content\/uploads\/2024\/10\/1000159390-9x12.jpg 9w, https:\/\/ds-barranquilla.org\/wp-content\/uploads\/2024\/10\/1000159390-56x75.jpg 56w, https:\/\/ds-barranquilla.org\/wp-content\/uploads\/2024\/10\/1000159390-480x640.jpg 480w, https:\/\/ds-barranquilla.org\/wp-content\/uploads\/2024\/10\/1000159390.jpg 1536w\" sizes=\"(max-width:767px) 480px, (max-width:768px) 100vw, 768px\" \/>\t\t\t\t\t\t\t\t\t\t\t\t\t<\/div>\n\t\t\t\t<\/div>\n\t\t\t\t\t<\/div>\n\t\t<\/div>\n\t\t\t\t<div class=\"elementor-column elementor-col-50 elementor-top-column elementor-element elementor-element-beec7cf\" data-id=\"beec7cf\" data-element_type=\"column\">\n\t\t\t<div class=\"elementor-widget-wrap elementor-element-populated\">\n\t\t\t\t\t\t<div class=\"elementor-element elementor-element-32cfe03 elementor-widget elementor-widget-image\" data-id=\"32cfe03\" data-element_type=\"widget\" data-widget_type=\"image.default\">\n\t\t\t\t<div class=\"elementor-widget-container\">\n\t\t\t\t\t\t\t\t\t\t\t\t\t<img decoding=\"async\" width=\"768\" height=\"1024\" src=\"https:\/\/ds-barranquilla.org\/wp-content\/uploads\/2024\/10\/1000159430-768x1024.jpg\" class=\"attachment-large size-large wp-image-27666\" alt=\"\" srcset=\"https:\/\/ds-barranquilla.org\/wp-content\/uploads\/2024\/10\/1000159430-768x1024.jpg 768w, https:\/\/ds-barranquilla.org\/wp-content\/uploads\/2024\/10\/1000159430-225x300.jpg 225w, https:\/\/ds-barranquilla.org\/wp-content\/uploads\/2024\/10\/1000159430-300x400.jpg 300w, https:\/\/ds-barranquilla.org\/wp-content\/uploads\/2024\/10\/1000159430-1152x1536.jpg 1152w, https:\/\/ds-barranquilla.org\/wp-content\/uploads\/2024\/10\/1000159430-9x12.jpg 9w, https:\/\/ds-barranquilla.org\/wp-content\/uploads\/2024\/10\/1000159430-56x75.jpg 56w, https:\/\/ds-barranquilla.org\/wp-content\/uploads\/2024\/10\/1000159430-480x640.jpg 480w, https:\/\/ds-barranquilla.org\/wp-content\/uploads\/2024\/10\/1000159430.jpg 1536w\" sizes=\"(max-width:767px) 480px, (max-width:768px) 100vw, 768px\" \/>\t\t\t\t\t\t\t\t\t\t\t\t\t<\/div>\n\t\t\t\t<\/div>\n\t\t\t\t\t<\/div>\n\t\t<\/div>\n\t\t\t\t\t<\/div>\n\t\t<\/section>\n\t\t\t\t<\/div>","protected":false},"excerpt":{"rendered":"<p>Alumni, la familia DSBaq juntos por todo el mundo Exalumnos del Colegio Alem\u00e1n de Barranquilla Fortalecen su Red de Contactos en Europa con encuentros anuales. Desde<span class=\"excerpt-hellip\"> [\u2026]<\/span><\/p>","protected":false},"author":31,"featured_media":27666,"comment_status":"open","ping_status":"open","sticky":false,"template":"","format":"standard","meta":{"_exactmetrics_skip_tracking":false,"_exactmetrics_sitenote_active":false,"_exactmetrics_sitenote_note":"","_exactmetrics_sitenote_category":0,"_joinchat":[],"footnotes":""},"categories":[733,684],"tags":[],"class_list":["post-27663","post","type-post","status-publish","format-standard","has-post-thumbnail","hentry","category-733","category-alumni"],"yoast_head":"<!-- This site is optimized with the Yoast SEO plugin v23.3 - https:\/\/yoast.com\/wordpress\/plugins\/seo\/ -->\n<title>Alumni, la familia DSBaq juntos por todo el mundo - 2026<\/title>\n<meta name=\"robots\" content=\"noindex, follow, max-snippet:-1, max-image-preview:large, max-video-preview:-1\" \/>\n<meta property=\"og:locale\" content=\"de_DE\" \/>\n<meta property=\"og:type\" content=\"article\" \/>\n<meta property=\"og:title\" content=\"Alumni, la familia DSBaq juntos por todo el mundo - 2026\" \/>\n<meta property=\"og:description\" content=\"Alumni, la familia DSBaq juntos por todo el mundo Exalumnos del Colegio Alem\u00e1n de Barranquilla Fortalecen su Red de Contactos en Europa con encuentros anuales. Desde [\u2026]\" \/>\n<meta property=\"og:url\" content=\"https:\/\/ds-barranquilla.org\/de\/alumni-la-familia-dsbaq-juntos-por-todo-el-mundo\/\" \/>\n<meta property=\"og:site_name\" content=\"Colegio Alem\u00e1n - Los Mejores Colegios de Colombia - Colegio Triling\u00fce\" \/>\n<meta property=\"article:publisher\" content=\"https:\/\/www.facebook.com\/ColegioAlemanBaq\/\" \/>\n<meta property=\"article:published_time\" content=\"2024-09-27T13:59:17+00:00\" \/>\n<meta property=\"article:modified_time\" content=\"2024-10-08T14:08:39+00:00\" \/>\n<meta property=\"og:image\" content=\"https:\/\/ds-barranquilla.org\/wp-content\/uploads\/2024\/10\/1000159430.jpg\" \/>\n\t<meta property=\"og:image:width\" content=\"1536\" \/>\n\t<meta property=\"og:image:height\" content=\"2048\" \/>\n\t<meta property=\"og:image:type\" content=\"image\/jpeg\" \/>\n<meta name=\"author\" content=\"Maria Camila Medina\" \/>\n<meta name=\"twitter:card\" content=\"summary_large_image\" \/>\n<meta name=\"twitter:creator\" content=\"@ColegioAlemanBq\" \/>\n<meta name=\"twitter:site\" content=\"@ColegioAlemanBq\" \/>\n<meta name=\"twitter:label1\" content=\"Verfasst von\" \/>\n\t<meta name=\"twitter:data1\" content=\"Maria Camila Medina\" \/>\n\t<meta name=\"twitter:label2\" content=\"Gesch\u00e4tzte Lesezeit\" \/>\n\t<meta name=\"twitter:data2\" content=\"2\u00a0Minuten\" \/>\n<script type=\"application\/ld+json\" class=\"yoast-schema-graph\">{\"@context\":\"https:\/\/schema.org\",\"@graph\":[{\"@type\":\"Article\",\"@id\":\"https:\/\/ds-barranquilla.org\/alumni-la-familia-dsbaq-juntos-por-todo-el-mundo\/#article\",\"isPartOf\":{\"@id\":\"https:\/\/ds-barranquilla.org\/alumni-la-familia-dsbaq-juntos-por-todo-el-mundo\/\"},\"author\":{\"name\":\"Maria Camila Medina\",\"@id\":\"https:\/\/ds-barranquilla.org\/#\/schema\/person\/a3111c59bc6ad33c5975c02a244ec0f9\"},\"headline\":\"Alumni, la familia DSBaq juntos por todo el mundo\",\"datePublished\":\"2024-09-27T13:59:17+00:00\",\"dateModified\":\"2024-10-08T14:08:39+00:00\",\"mainEntityOfPage\":{\"@id\":\"https:\/\/ds-barranquilla.org\/alumni-la-familia-dsbaq-juntos-por-todo-el-mundo\/\"},\"wordCount\":423,\"commentCount\":0,\"publisher\":{\"@id\":\"https:\/\/ds-barranquilla.org\/#organization\"},\"image\":{\"@id\":\"https:\/\/ds-barranquilla.org\/alumni-la-familia-dsbaq-juntos-por-todo-el-mundo\/#primaryimage\"},\"thumbnailUrl\":\"https:\/\/ds-barranquilla.org\/wp-content\/uploads\/2024\/10\/1000159430.jpg\",\"articleSection\":[\"2024\",\"Alumni\"],\"inLanguage\":\"de\",\"potentialAction\":[{\"@type\":\"CommentAction\",\"name\":\"Comment\",\"target\":[\"https:\/\/ds-barranquilla.org\/alumni-la-familia-dsbaq-juntos-por-todo-el-mundo\/#respond\"]}]},{\"@type\":\"WebPage\",\"@id\":\"https:\/\/ds-barranquilla.org\/alumni-la-familia-dsbaq-juntos-por-todo-el-mundo\/\",\"url\":\"https:\/\/ds-barranquilla.org\/alumni-la-familia-dsbaq-juntos-por-todo-el-mundo\/\",\"name\":\"Alumni, la familia DSBaq juntos por todo el mundo - 2026\",\"isPartOf\":{\"@id\":\"https:\/\/ds-barranquilla.org\/#website\"},\"primaryImageOfPage\":{\"@id\":\"https:\/\/ds-barranquilla.org\/alumni-la-familia-dsbaq-juntos-por-todo-el-mundo\/#primaryimage\"},\"image\":{\"@id\":\"https:\/\/ds-barranquilla.org\/alumni-la-familia-dsbaq-juntos-por-todo-el-mundo\/#primaryimage\"},\"thumbnailUrl\":\"https:\/\/ds-barranquilla.org\/wp-content\/uploads\/2024\/10\/1000159430.jpg\",\"datePublished\":\"2024-09-27T13:59:17+00:00\",\"dateModified\":\"2024-10-08T14:08:39+00:00\",\"breadcrumb\":{\"@id\":\"https:\/\/ds-barranquilla.org\/alumni-la-familia-dsbaq-juntos-por-todo-el-mundo\/#breadcrumb\"},\"inLanguage\":\"de\",\"potentialAction\":[{\"@type\":\"ReadAction\",\"target\":[\"https:\/\/ds-barranquilla.org\/alumni-la-familia-dsbaq-juntos-por-todo-el-mundo\/\"]}]},{\"@type\":\"ImageObject\",\"inLanguage\":\"de\",\"@id\":\"https:\/\/ds-barranquilla.org\/alumni-la-familia-dsbaq-juntos-por-todo-el-mundo\/#primaryimage\",\"url\":\"https:\/\/ds-barranquilla.org\/wp-content\/uploads\/2024\/10\/1000159430.jpg\",\"contentUrl\":\"https:\/\/ds-barranquilla.org\/wp-content\/uploads\/2024\/10\/1000159430.jpg\",\"width\":1536,\"height\":2048},{\"@type\":\"BreadcrumbList\",\"@id\":\"https:\/\/ds-barranquilla.org\/alumni-la-familia-dsbaq-juntos-por-todo-el-mundo\/#breadcrumb\",\"itemListElement\":[{\"@type\":\"ListItem\",\"position\":1,\"name\":\"Portada\",\"item\":\"https:\/\/ds-barranquilla.org\/\"},{\"@type\":\"ListItem\",\"position\":2,\"name\":\"Alumni, la familia DSBaq juntos por todo el mundo\"}]},{\"@type\":\"WebSite\",\"@id\":\"https:\/\/ds-barranquilla.org\/#website\",\"url\":\"https:\/\/ds-barranquilla.org\/\",\"name\":\"Colegio Alem\u00e1n - Los Mejores Colegios de Colombia - Colegio Triling\u00fce\",\"description\":\"Colegio Alem\u00e1n  Barranquilla Colombia - Colegio Biling\u00fce - Triling\u00fce - El Mejor Colegio de Colombia\",\"publisher\":{\"@id\":\"https:\/\/ds-barranquilla.org\/#organization\"},\"potentialAction\":[{\"@type\":\"SearchAction\",\"target\":{\"@type\":\"EntryPoint\",\"urlTemplate\":\"https:\/\/ds-barranquilla.org\/?s={search_term_string}\"},\"query-input\":\"required name=search_term_string\"}],\"inLanguage\":\"de\"},{\"@type\":\"Organization\",\"@id\":\"https:\/\/ds-barranquilla.org\/#organization\",\"name\":\"Colegio Alem\u00e1n Barranquilla\",\"url\":\"https:\/\/ds-barranquilla.org\/\",\"logo\":{\"@type\":\"ImageObject\",\"inLanguage\":\"de\",\"@id\":\"https:\/\/ds-barranquilla.org\/#\/schema\/logo\/image\/\",\"url\":\"https:\/\/ds-barranquilla.org\/wp-content\/uploads\/2021\/05\/coleman_logo_2.png\",\"contentUrl\":\"https:\/\/ds-barranquilla.org\/wp-content\/uploads\/2021\/05\/coleman_logo_2.png\",\"width\":418,\"height\":307,\"caption\":\"Colegio Alem\u00e1n Barranquilla\"},\"image\":{\"@id\":\"https:\/\/ds-barranquilla.org\/#\/schema\/logo\/image\/\"},\"sameAs\":[\"https:\/\/www.facebook.com\/ColegioAlemanBaq\/\",\"https:\/\/x.com\/ColegioAlemanBq\",\"https:\/\/www.instagram.com\/colegioalemanbaq\/\",\"https:\/\/www.linkedin.com\/school\/deutsche-schule-barranquilla\/\",\"https:\/\/www.youtube.com\/channel\/UCOOGZQCVs6aYRqIWvSN5agQ\"]},{\"@type\":\"Person\",\"@id\":\"https:\/\/ds-barranquilla.org\/#\/schema\/person\/a3111c59bc6ad33c5975c02a244ec0f9\",\"name\":\"Maria Camila Medina\",\"image\":{\"@type\":\"ImageObject\",\"inLanguage\":\"de\",\"@id\":\"https:\/\/ds-barranquilla.org\/#\/schema\/person\/image\/\",\"url\":\"https:\/\/secure.gravatar.com\/avatar\/ec22389c1edd2f147582875dc845593e?s=96&d=mm&r=g\",\"contentUrl\":\"https:\/\/secure.gravatar.com\/avatar\/ec22389c1edd2f147582875dc845593e?s=96&d=mm&r=g\",\"caption\":\"Maria Camila Medina\"}}]}<\/script>\n<!-- \/ Yoast SEO plugin. -->","yoast_head_json":{"title":"Alumni, la familia DSBaq juntos por todo el mundo - 2026","robots":{"index":"noindex","follow":"follow","max-snippet":"max-snippet:-1","max-image-preview":"max-image-preview:large","max-video-preview":"max-video-preview:-1"},"og_locale":"de_DE","og_type":"article","og_title":"Alumni, la familia DSBaq juntos por todo el mundo - 2026","og_description":"Alumni, la familia DSBaq juntos por todo el mundo Exalumnos del Colegio Alem\u00e1n de Barranquilla Fortalecen su Red de Contactos en Europa con encuentros anuales. Desde [\u2026]","og_url":"https:\/\/ds-barranquilla.org\/de\/alumni-la-familia-dsbaq-juntos-por-todo-el-mundo\/","og_site_name":"Colegio Alem\u00e1n - Los Mejores Colegios de Colombia - Colegio Triling\u00fce","article_publisher":"https:\/\/www.facebook.com\/ColegioAlemanBaq\/","article_published_time":"2024-09-27T13:59:17+00:00","article_modified_time":"2024-10-08T14:08:39+00:00","og_image":[{"width":1536,"height":2048,"url":"https:\/\/ds-barranquilla.org\/wp-content\/uploads\/2024\/10\/1000159430.jpg","type":"image\/jpeg"}],"author":"Maria Camila Medina","twitter_card":"summary_large_image","twitter_creator":"@ColegioAlemanBq","twitter_site":"@ColegioAlemanBq","twitter_misc":{"Verfasst von":"Maria Camila Medina","Gesch\u00e4tzte Lesezeit":"2\u00a0Minuten"},"schema":{"@context":"https:\/\/schema.org","@graph":[{"@type":"Article","@id":"https:\/\/ds-barranquilla.org\/alumni-la-familia-dsbaq-juntos-por-todo-el-mundo\/#article","isPartOf":{"@id":"https:\/\/ds-barranquilla.org\/alumni-la-familia-dsbaq-juntos-por-todo-el-mundo\/"},"author":{"name":"Maria Camila Medina","@id":"https:\/\/ds-barranquilla.org\/#\/schema\/person\/a3111c59bc6ad33c5975c02a244ec0f9"},"headline":"Alumni, la familia DSBaq juntos por todo el mundo","datePublished":"2024-09-27T13:59:17+00:00","dateModified":"2024-10-08T14:08:39+00:00","mainEntityOfPage":{"@id":"https:\/\/ds-barranquilla.org\/alumni-la-familia-dsbaq-juntos-por-todo-el-mundo\/"},"wordCount":423,"commentCount":0,"publisher":{"@id":"https:\/\/ds-barranquilla.org\/#organization"},"image":{"@id":"https:\/\/ds-barranquilla.org\/alumni-la-familia-dsbaq-juntos-por-todo-el-mundo\/#primaryimage"},"thumbnailUrl":"https:\/\/ds-barranquilla.org\/wp-content\/uploads\/2024\/10\/1000159430.jpg","articleSection":["2024","Alumni"],"inLanguage":"de","potentialAction":[{"@type":"CommentAction","name":"Comment","target":["https:\/\/ds-barranquilla.org\/alumni-la-familia-dsbaq-juntos-por-todo-el-mundo\/#respond"]}]},{"@type":"WebPage","@id":"https:\/\/ds-barranquilla.org\/alumni-la-familia-dsbaq-juntos-por-todo-el-mundo\/","url":"https:\/\/ds-barranquilla.org\/alumni-la-familia-dsbaq-juntos-por-todo-el-mundo\/","name":"Alumni, la familia DSBaq juntos por todo el mundo - 2026","isPartOf":{"@id":"https:\/\/ds-barranquilla.org\/#website"},"primaryImageOfPage":{"@id":"https:\/\/ds-barranquilla.org\/alumni-la-familia-dsbaq-juntos-por-todo-el-mundo\/#primaryimage"},"image":{"@id":"https:\/\/ds-barranquilla.org\/alumni-la-familia-dsbaq-juntos-por-todo-el-mundo\/#primaryimage"},"thumbnailUrl":"https:\/\/ds-barranquilla.org\/wp-content\/uploads\/2024\/10\/1000159430.jpg","datePublished":"2024-09-27T13:59:17+00:00","dateModified":"2024-10-08T14:08:39+00:00","breadcrumb":{"@id":"https:\/\/ds-barranquilla.org\/alumni-la-familia-dsbaq-juntos-por-todo-el-mundo\/#breadcrumb"},"inLanguage":"de","potentialAction":[{"@type":"ReadAction","target":["https:\/\/ds-barranquilla.org\/alumni-la-familia-dsbaq-juntos-por-todo-el-mundo\/"]}]},{"@type":"ImageObject","inLanguage":"de","@id":"https:\/\/ds-barranquilla.org\/alumni-la-familia-dsbaq-juntos-por-todo-el-mundo\/#primaryimage","url":"https:\/\/ds-barranquilla.org\/wp-content\/uploads\/2024\/10\/1000159430.jpg","contentUrl":"https:\/\/ds-barranquilla.org\/wp-content\/uploads\/2024\/10\/1000159430.jpg","width":1536,"height":2048},{"@type":"BreadcrumbList","@id":"https:\/\/ds-barranquilla.org\/alumni-la-familia-dsbaq-juntos-por-todo-el-mundo\/#breadcrumb","itemListElement":[{"@type":"ListItem","position":1,"name":"Portada","item":"https:\/\/ds-barranquilla.org\/"},{"@type":"ListItem","position":2,"name":"Alumni, la familia DSBaq juntos por todo el mundo"}]},{"@type":"WebSite","@id":"https:\/\/ds-barranquilla.org\/#website","url":"https:\/\/ds-barranquilla.org\/","name":"Colegio Alem\u00e1n - Los Mejores Colegios de Colombia - Colegio Triling\u00fce","description":"Colegio Alem\u00e1n  Barranquilla Colombia - Colegio Biling\u00fce - Triling\u00fce - El Mejor Colegio de Colombia","publisher":{"@id":"https:\/\/ds-barranquilla.org\/#organization"},"potentialAction":[{"@type":"SearchAction","target":{"@type":"EntryPoint","urlTemplate":"https:\/\/ds-barranquilla.org\/?s={search_term_string}"},"query-input":"required name=search_term_string"}],"inLanguage":"de"},{"@type":"Organization","@id":"https:\/\/ds-barranquilla.org\/#organization","name":"Colegio Alem\u00e1n Barranquilla","url":"https:\/\/ds-barranquilla.org\/","logo":{"@type":"ImageObject","inLanguage":"de","@id":"https:\/\/ds-barranquilla.org\/#\/schema\/logo\/image\/","url":"https:\/\/ds-barranquilla.org\/wp-content\/uploads\/2021\/05\/coleman_logo_2.png","contentUrl":"https:\/\/ds-barranquilla.org\/wp-content\/uploads\/2021\/05\/coleman_logo_2.png","width":418,"height":307,"caption":"Colegio Alem\u00e1n Barranquilla"},"image":{"@id":"https:\/\/ds-barranquilla.org\/#\/schema\/logo\/image\/"},"sameAs":["https:\/\/www.facebook.com\/ColegioAlemanBaq\/","https:\/\/x.com\/ColegioAlemanBq","https:\/\/www.instagram.com\/colegioalemanbaq\/","https:\/\/www.linkedin.com\/school\/deutsche-schule-barranquilla\/","https:\/\/www.youtube.com\/channel\/UCOOGZQCVs6aYRqIWvSN5agQ"]},{"@type":"Person","@id":"https:\/\/ds-barranquilla.org\/#\/schema\/person\/a3111c59bc6ad33c5975c02a244ec0f9","name":"Maria Camila Medina","image":{"@type":"ImageObject","inLanguage":"de","@id":"https:\/\/ds-barranquilla.org\/#\/schema\/person\/image\/","url":"https:\/\/secure.gravatar.com\/avatar\/ec22389c1edd2f147582875dc845593e?s=96&d=mm&r=g","contentUrl":"https:\/\/secure.gravatar.com\/avatar\/ec22389c1edd2f147582875dc845593e?s=96&d=mm&r=g","caption":"Maria Camila Medina"}}]}},"_links":{"self":[{"href":"https:\/\/ds-barranquilla.org\/de\/wp-json\/wp\/v2\/posts\/27663"}],"collection":[{"href":"https:\/\/ds-barranquilla.org\/de\/wp-json\/wp\/v2\/posts"}],"about":[{"href":"https:\/\/ds-barranquilla.org\/de\/wp-json\/wp\/v2\/types\/post"}],"author":[{"embeddable":true,"href":"https:\/\/ds-barranquilla.org\/de\/wp-json\/wp\/v2\/users\/31"}],"replies":[{"embeddable":true,"href":"https:\/\/ds-barranquilla.org\/de\/wp-json\/wp\/v2\/comments?post=27663"}],"version-history":[{"count":10,"href":"https:\/\/ds-barranquilla.org\/de\/wp-json\/wp\/v2\/posts\/27663\/revisions"}],"predecessor-version":[{"id":27684,"href":"https:\/\/ds-barranquilla.org\/de\/wp-json\/wp\/v2\/posts\/27663\/revisions\/27684"}],"wp:featuredmedia":[{"embeddable":true,"href":"https:\/\/ds-barranquilla.org\/de\/wp-json\/wp\/v2\/media\/27666"}],"wp:attachment":[{"href":"https:\/\/ds-barranquilla.org\/de\/wp-json\/wp\/v2\/media?parent=27663"}],"wp:term":[{"taxonomy":"category","embeddable":true,"href":"https:\/\/ds-barranquilla.org\/de\/wp-json\/wp\/v2\/categories?post=27663"},{"taxonomy":"post_tag","embeddable":true,"href":"https:\/\/ds-barranquilla.org\/de\/wp-json\/wp\/v2\/tags?post=27663"}],"curies":[{"name":"wp","href":"https:\/\/api.w.org\/{rel}","templated":true}]}}