{"id":27685,"date":"2024-10-21T15:59:13","date_gmt":"2024-10-21T20:59:13","guid":{"rendered":"https:\/\/ds-barranquilla.org\/?p=27685"},"modified":"2024-10-21T16:10:48","modified_gmt":"2024-10-21T21:10:48","slug":"juan-melgarejo-de-la-klasse-9-nos-represento-en-la-26a-olimpiada-matematica-centroamericana-y-del-caribe","status":"publish","type":"post","link":"https:\/\/ds-barranquilla.org\/de\/juan-melgarejo-de-la-klasse-9-nos-represento-en-la-26a-olimpiada-matematica-centroamericana-y-del-caribe\/","title":{"rendered":"Juan Melgarejo, de la Klasse 9, nos represent\u00f3 en la 26\u00aa Olimpiada Matem\u00e1tica Centroamericana y del Caribe"},"content":{"rendered":"<div data-elementor-type=\"wp-post\" data-elementor-id=\"27685\" class=\"elementor elementor-27685\">\n\t\t\t\t\t\t<section class=\"elementor-section elementor-top-section elementor-element elementor-element-0601711 elementor-section-boxed elementor-section-height-default elementor-section-height-default\" data-id=\"0601711\" data-element_type=\"section\">\n\t\t\t\t\t\t<div class=\"elementor-container elementor-column-gap-default\">\n\t\t\t\t\t<div class=\"elementor-column elementor-col-100 elementor-top-column elementor-element elementor-element-ed466e0\" data-id=\"ed466e0\" data-element_type=\"column\">\n\t\t\t<div class=\"elementor-widget-wrap elementor-element-populated\">\n\t\t\t\t\t\t<div class=\"elementor-element elementor-element-0e78968 elementor-widget elementor-widget-heading\" data-id=\"0e78968\" data-element_type=\"widget\" data-widget_type=\"heading.default\">\n\t\t\t\t<div class=\"elementor-widget-container\">\n\t\t\t<style>\/*! elementor - v3.23.0 - 05-08-2024 *\/\n.elementor-heading-title{padding:0;margin:0;line-height:1}.elementor-widget-heading .elementor-heading-title[class*=elementor-size-]>a{color:inherit;font-size:inherit;line-height:inherit}.elementor-widget-heading .elementor-heading-title.elementor-size-small{font-size:15px}.elementor-widget-heading .elementor-heading-title.elementor-size-medium{font-size:19px}.elementor-widget-heading .elementor-heading-title.elementor-size-large{font-size:29px}.elementor-widget-heading .elementor-heading-title.elementor-size-xl{font-size:39px}.elementor-widget-heading .elementor-heading-title.elementor-size-xxl{font-size:59px}<\/style><h2 class=\"elementor-heading-title elementor-size-default\">Juan Melgarejo, de la Klasse 9, nos represent\u00f3 en la 26\u00aa Olimpiada Matem\u00e1tica Centroamericana y del Caribe<\/h2>\t\t<\/div>\n\t\t\t\t<\/div>\n\t\t\t\t\t<\/div>\n\t\t<\/div>\n\t\t\t\t\t<\/div>\n\t\t<\/section>\n\t\t\t\t<section class=\"elementor-section elementor-top-section elementor-element elementor-element-35303da elementor-section-boxed elementor-section-height-default elementor-section-height-default\" data-id=\"35303da\" data-element_type=\"section\">\n\t\t\t\t\t\t<div class=\"elementor-container elementor-column-gap-default\">\n\t\t\t\t\t<div class=\"elementor-column elementor-col-100 elementor-top-column elementor-element elementor-element-035e7dd\" data-id=\"035e7dd\" data-element_type=\"column\">\n\t\t\t<div class=\"elementor-widget-wrap elementor-element-populated\">\n\t\t\t\t\t\t<div class=\"elementor-element elementor-element-9c4e8e5 elementor-widget elementor-widget-image\" data-id=\"9c4e8e5\" data-element_type=\"widget\" data-widget_type=\"image.default\">\n\t\t\t\t<div class=\"elementor-widget-container\">\n\t\t\t<style>\/*! elementor - v3.23.0 - 05-08-2024 *\/\n.elementor-widget-image{text-align:center}.elementor-widget-image a{display:inline-block}.elementor-widget-image a img[src$=\".svg\"]{width:48px}.elementor-widget-image img{vertical-align:middle;display:inline-block}<\/style>\t\t\t\t\t\t\t\t\t\t<img fetchpriority=\"high\" decoding=\"async\" width=\"1024\" height=\"683\" src=\"https:\/\/ds-barranquilla.org\/wp-content\/uploads\/2024\/10\/DSC_4255-1024x683.jpg\" class=\"attachment-large size-large wp-image-27688\" alt=\"\" srcset=\"https:\/\/ds-barranquilla.org\/wp-content\/uploads\/2024\/10\/DSC_4255-1024x683.jpg 1024w, https:\/\/ds-barranquilla.org\/wp-content\/uploads\/2024\/10\/DSC_4255-300x200.jpg 300w, https:\/\/ds-barranquilla.org\/wp-content\/uploads\/2024\/10\/DSC_4255-768x512.jpg 768w, https:\/\/ds-barranquilla.org\/wp-content\/uploads\/2024\/10\/DSC_4255-391x260.jpg 391w, https:\/\/ds-barranquilla.org\/wp-content\/uploads\/2024\/10\/DSC_4255-1536x1024.jpg 1536w, https:\/\/ds-barranquilla.org\/wp-content\/uploads\/2024\/10\/DSC_4255-2048x1365.jpg 2048w, https:\/\/ds-barranquilla.org\/wp-content\/uploads\/2024\/10\/DSC_4255-18x12.jpg 18w, https:\/\/ds-barranquilla.org\/wp-content\/uploads\/2024\/10\/DSC_4255-113x75.jpg 113w, https:\/\/ds-barranquilla.org\/wp-content\/uploads\/2024\/10\/DSC_4255-480x320.jpg 480w\" sizes=\"(max-width:767px) 480px, (max-width:1024px) 100vw, 1024px\" \/>\t\t\t\t\t\t\t\t\t\t\t\t\t<\/div>\n\t\t\t\t<\/div>\n\t\t\t\t\t<\/div>\n\t\t<\/div>\n\t\t\t\t\t<\/div>\n\t\t<\/section>\n\t\t\t\t<section class=\"elementor-section elementor-top-section elementor-element elementor-element-c90b178 elementor-section-boxed elementor-section-height-default elementor-section-height-default\" data-id=\"c90b178\" data-element_type=\"section\">\n\t\t\t\t\t\t<div class=\"elementor-container elementor-column-gap-default\">\n\t\t\t\t\t<div class=\"elementor-column elementor-col-100 elementor-top-column elementor-element elementor-element-c3dbd60\" data-id=\"c3dbd60\" data-element_type=\"column\">\n\t\t\t<div class=\"elementor-widget-wrap elementor-element-populated\">\n\t\t\t\t\t\t<div class=\"elementor-element elementor-element-843133a elementor-widget elementor-widget-text-editor\" data-id=\"843133a\" data-element_type=\"widget\" data-widget_type=\"text-editor.default\">\n\t\t\t\t<div class=\"elementor-widget-container\">\n\t\t\t<style>\/*! elementor - v3.23.0 - 05-08-2024 *\/\n.elementor-widget-text-editor.elementor-drop-cap-view-stacked .elementor-drop-cap{background-color:#69727d;color:#fff}.elementor-widget-text-editor.elementor-drop-cap-view-framed .elementor-drop-cap{color:#69727d;border:3px solid;background-color:transparent}.elementor-widget-text-editor:not(.elementor-drop-cap-view-default) .elementor-drop-cap{margin-top:8px}.elementor-widget-text-editor:not(.elementor-drop-cap-view-default) .elementor-drop-cap-letter{width:1em;height:1em}.elementor-widget-text-editor .elementor-drop-cap{float:left;text-align:center;line-height:1;font-size:50px}.elementor-widget-text-editor .elementor-drop-cap-letter{display:inline-block}<\/style>\t\t\t\t<p>Nuestro estudiante gan\u00f3 la medalla de plata en la Olimpiada Matem\u00e1ticas.<\/p><p>Con gran orgullo, en la comunidad del Colegio Alem\u00e1n de Barranquilla celebramos el logro de Juan Camilo Melgarejo Mart\u00ednez, estudiante de Klasse 9A, quien obtuvo una medalla de plata en la 26\u00aa Olimpiada Matem\u00e1tica Centroamericana y del Caribe, representando a Colombia. El prestigioso evento tuvo lugar del 12 al 17 de octubre en Comayagua, Honduras, donde participaron los mejores talentos matem\u00e1ticos de la regi\u00f3n.<\/p><p>Como parte de su preparaci\u00f3n para la competencia, Juan Camilo asisti\u00f3 a un entrenamiento intensivo en la Universidad Antonio Nari\u00f1o, en Bogot\u00e1, del 7 al 11 de octubre de 2024. Este espacio fue clave para afinar sus habilidades y representar al pa\u00eds con excelencia.<\/p><p>El reconocimiento obtenido refleja el esfuerzo, dedicaci\u00f3n y talento del estudiante, as\u00ed como el constante apoyo de su familia y de toda la comunidad educativa del Colegio.<\/p><p>La medalla de plata de Juan Camilo no solo es motivo de orgullo, sino tambi\u00e9n una inspiraci\u00f3n para sus compa\u00f1eros, demostrando que con esfuerzo y pasi\u00f3n se pueden alcanzar grandes metas en el \u00e1mbito acad\u00e9mico internacional.<\/p><p>\u00a1Felicitaciones a Juan Camilo por este importante logro!<\/p>\t\t\t\t\t\t<\/div>\n\t\t\t\t<\/div>\n\t\t\t\t\t<\/div>\n\t\t<\/div>\n\t\t\t\t\t<\/div>\n\t\t<\/section>\n\t\t\t\t<section class=\"elementor-section elementor-top-section elementor-element elementor-element-28c82f5 elementor-section-boxed elementor-section-height-default elementor-section-height-default\" data-id=\"28c82f5\" data-element_type=\"section\">\n\t\t\t\t\t\t<div class=\"elementor-container elementor-column-gap-default\">\n\t\t\t\t\t<div class=\"elementor-column elementor-col-50 elementor-top-column elementor-element elementor-element-7e29b03\" data-id=\"7e29b03\" data-element_type=\"column\">\n\t\t\t<div class=\"elementor-widget-wrap elementor-element-populated\">\n\t\t\t\t\t\t<div class=\"elementor-element elementor-element-0d88af7 elementor-widget elementor-widget-image\" data-id=\"0d88af7\" data-element_type=\"widget\" data-widget_type=\"image.default\">\n\t\t\t\t<div class=\"elementor-widget-container\">\n\t\t\t\t\t\t\t\t\t\t\t\t\t<img decoding=\"async\" width=\"940\" height=\"788\" src=\"https:\/\/ds-barranquilla.org\/wp-content\/uploads\/2024\/10\/Stickers.png\" class=\"attachment-large size-large wp-image-27691\" alt=\"\" srcset=\"https:\/\/ds-barranquilla.org\/wp-content\/uploads\/2024\/10\/Stickers.png 940w, https:\/\/ds-barranquilla.org\/wp-content\/uploads\/2024\/10\/Stickers-300x251.png 300w, https:\/\/ds-barranquilla.org\/wp-content\/uploads\/2024\/10\/Stickers-768x644.png 768w, https:\/\/ds-barranquilla.org\/wp-content\/uploads\/2024\/10\/Stickers-14x12.png 14w, https:\/\/ds-barranquilla.org\/wp-content\/uploads\/2024\/10\/Stickers-89x75.png 89w, https:\/\/ds-barranquilla.org\/wp-content\/uploads\/2024\/10\/Stickers-480x402.png 480w\" sizes=\"(max-width:767px) 480px, (max-width:940px) 100vw, 940px\" \/>\t\t\t\t\t\t\t\t\t\t\t\t\t<\/div>\n\t\t\t\t<\/div>\n\t\t\t\t\t<\/div>\n\t\t<\/div>\n\t\t\t\t<div class=\"elementor-column elementor-col-50 elementor-top-column elementor-element elementor-element-6238ac0\" data-id=\"6238ac0\" data-element_type=\"column\">\n\t\t\t<div class=\"elementor-widget-wrap elementor-element-populated\">\n\t\t\t\t\t\t<div class=\"elementor-element elementor-element-38f0b74 elementor-widget elementor-widget-image\" data-id=\"38f0b74\" data-element_type=\"widget\" data-widget_type=\"image.default\">\n\t\t\t\t<div class=\"elementor-widget-container\">\n\t\t\t\t\t\t\t\t\t\t\t\t\t<img decoding=\"async\" width=\"626\" height=\"537\" src=\"https:\/\/ds-barranquilla.org\/wp-content\/uploads\/2024\/10\/Captura.png\" class=\"attachment-large size-large wp-image-27689\" alt=\"\" srcset=\"https:\/\/ds-barranquilla.org\/wp-content\/uploads\/2024\/10\/Captura.png 626w, https:\/\/ds-barranquilla.org\/wp-content\/uploads\/2024\/10\/Captura-300x257.png 300w, https:\/\/ds-barranquilla.org\/wp-content\/uploads\/2024\/10\/Captura-14x12.png 14w, https:\/\/ds-barranquilla.org\/wp-content\/uploads\/2024\/10\/Captura-87x75.png 87w, https:\/\/ds-barranquilla.org\/wp-content\/uploads\/2024\/10\/Captura-480x412.png 480w\" sizes=\"(max-width:767px) 480px, 626px\" \/>\t\t\t\t\t\t\t\t\t\t\t\t\t<\/div>\n\t\t\t\t<\/div>\n\t\t\t\t\t<\/div>\n\t\t<\/div>\n\t\t\t\t\t<\/div>\n\t\t<\/section>\n\t\t\t\t<\/div>","protected":false},"excerpt":{"rendered":"<p>Juan Melgarejo, de la Klasse 9, nos represent\u00f3 en la 26\u00aa Olimpiada Matem\u00e1tica Centroamericana y del Caribe Nuestro estudiante gan\u00f3 la medalla de plata en la<span class=\"excerpt-hellip\"> [\u2026]<\/span><\/p>","protected":false},"author":31,"featured_media":27688,"comment_status":"open","ping_status":"open","sticky":false,"template":"","format":"standard","meta":{"_exactmetrics_skip_tracking":false,"_exactmetrics_sitenote_active":false,"_exactmetrics_sitenote_note":"","_exactmetrics_sitenote_category":0,"_joinchat":[],"footnotes":""},"categories":[733,691,710],"tags":[],"class_list":["post-27685","post","type-post","status-publish","format-standard","has-post-thumbnail","hentry","category-733","category-area-de-matematicas-y-fisica","category-secundaria"],"yoast_head":"<!-- This site is optimized with the Yoast SEO plugin v23.3 - https:\/\/yoast.com\/wordpress\/plugins\/seo\/ -->\n<title>Juan Melgarejo, de la Klasse 9, nos represent\u00f3 en la 26\u00aa Olimpiada Matem\u00e1tica Centroamericana y del Caribe - 2026<\/title>\n<meta name=\"robots\" content=\"noindex, follow, max-snippet:-1, max-image-preview:large, max-video-preview:-1\" \/>\n<meta property=\"og:locale\" content=\"de_DE\" \/>\n<meta property=\"og:type\" content=\"article\" \/>\n<meta property=\"og:title\" content=\"Juan Melgarejo, de la Klasse 9, nos represent\u00f3 en la 26\u00aa Olimpiada Matem\u00e1tica Centroamericana y del Caribe - 2026\" \/>\n<meta property=\"og:description\" content=\"Juan Melgarejo, de la Klasse 9, nos represent\u00f3 en la 26\u00aa Olimpiada Matem\u00e1tica Centroamericana y del Caribe Nuestro estudiante gan\u00f3 la medalla de plata en la [\u2026]\" \/>\n<meta property=\"og:url\" content=\"https:\/\/ds-barranquilla.org\/de\/juan-melgarejo-de-la-klasse-9-nos-represento-en-la-26a-olimpiada-matematica-centroamericana-y-del-caribe\/\" \/>\n<meta property=\"og:site_name\" content=\"Colegio Alem\u00e1n - Los Mejores Colegios de Colombia - Colegio Triling\u00fce\" \/>\n<meta property=\"article:publisher\" content=\"https:\/\/www.facebook.com\/ColegioAlemanBaq\/\" \/>\n<meta property=\"article:published_time\" content=\"2024-10-21T20:59:13+00:00\" \/>\n<meta property=\"article:modified_time\" content=\"2024-10-21T21:10:48+00:00\" \/>\n<meta property=\"og:image\" content=\"https:\/\/ds-barranquilla.org\/wp-content\/uploads\/2024\/10\/DSC_4255-scaled.jpg\" \/>\n\t<meta property=\"og:image:width\" content=\"2560\" \/>\n\t<meta property=\"og:image:height\" content=\"1707\" \/>\n\t<meta property=\"og:image:type\" content=\"image\/jpeg\" \/>\n<meta name=\"author\" content=\"Maria Camila Medina\" \/>\n<meta name=\"twitter:card\" content=\"summary_large_image\" \/>\n<meta name=\"twitter:creator\" content=\"@ColegioAlemanBq\" \/>\n<meta name=\"twitter:site\" content=\"@ColegioAlemanBq\" \/>\n<meta name=\"twitter:label1\" content=\"Verfasst von\" \/>\n\t<meta name=\"twitter:data1\" content=\"Maria Camila Medina\" \/>\n\t<meta name=\"twitter:label2\" content=\"Gesch\u00e4tzte Lesezeit\" \/>\n\t<meta name=\"twitter:data2\" content=\"1\u00a0Minute\" \/>\n<script type=\"application\/ld+json\" class=\"yoast-schema-graph\">{\"@context\":\"https:\/\/schema.org\",\"@graph\":[{\"@type\":\"Article\",\"@id\":\"https:\/\/ds-barranquilla.org\/juan-melgarejo-de-la-klasse-9-nos-represento-en-la-26a-olimpiada-matematica-centroamericana-y-del-caribe\/#article\",\"isPartOf\":{\"@id\":\"https:\/\/ds-barranquilla.org\/juan-melgarejo-de-la-klasse-9-nos-represento-en-la-26a-olimpiada-matematica-centroamericana-y-del-caribe\/\"},\"author\":{\"name\":\"Maria Camila Medina\",\"@id\":\"https:\/\/ds-barranquilla.org\/#\/schema\/person\/a3111c59bc6ad33c5975c02a244ec0f9\"},\"headline\":\"Juan Melgarejo, de la Klasse 9, nos represent\u00f3 en la 26\u00aa Olimpiada Matem\u00e1tica Centroamericana y del Caribe\",\"datePublished\":\"2024-10-21T20:59:13+00:00\",\"dateModified\":\"2024-10-21T21:10:48+00:00\",\"mainEntityOfPage\":{\"@id\":\"https:\/\/ds-barranquilla.org\/juan-melgarejo-de-la-klasse-9-nos-represento-en-la-26a-olimpiada-matematica-centroamericana-y-del-caribe\/\"},\"wordCount\":231,\"commentCount\":0,\"publisher\":{\"@id\":\"https:\/\/ds-barranquilla.org\/#organization\"},\"image\":{\"@id\":\"https:\/\/ds-barranquilla.org\/juan-melgarejo-de-la-klasse-9-nos-represento-en-la-26a-olimpiada-matematica-centroamericana-y-del-caribe\/#primaryimage\"},\"thumbnailUrl\":\"https:\/\/ds-barranquilla.org\/wp-content\/uploads\/2024\/10\/DSC_4255-scaled.jpg\",\"articleSection\":[\"2024\",\"\u00c1rea de Matem\u00e1ticas y F\u00edsica\",\"Secundaria\"],\"inLanguage\":\"de\",\"potentialAction\":[{\"@type\":\"CommentAction\",\"name\":\"Comment\",\"target\":[\"https:\/\/ds-barranquilla.org\/juan-melgarejo-de-la-klasse-9-nos-represento-en-la-26a-olimpiada-matematica-centroamericana-y-del-caribe\/#respond\"]}]},{\"@type\":\"WebPage\",\"@id\":\"https:\/\/ds-barranquilla.org\/juan-melgarejo-de-la-klasse-9-nos-represento-en-la-26a-olimpiada-matematica-centroamericana-y-del-caribe\/\",\"url\":\"https:\/\/ds-barranquilla.org\/juan-melgarejo-de-la-klasse-9-nos-represento-en-la-26a-olimpiada-matematica-centroamericana-y-del-caribe\/\",\"name\":\"Juan Melgarejo, de la Klasse 9, nos represent\u00f3 en la 26\u00aa Olimpiada Matem\u00e1tica Centroamericana y del Caribe - 2026\",\"isPartOf\":{\"@id\":\"https:\/\/ds-barranquilla.org\/#website\"},\"primaryImageOfPage\":{\"@id\":\"https:\/\/ds-barranquilla.org\/juan-melgarejo-de-la-klasse-9-nos-represento-en-la-26a-olimpiada-matematica-centroamericana-y-del-caribe\/#primaryimage\"},\"image\":{\"@id\":\"https:\/\/ds-barranquilla.org\/juan-melgarejo-de-la-klasse-9-nos-represento-en-la-26a-olimpiada-matematica-centroamericana-y-del-caribe\/#primaryimage\"},\"thumbnailUrl\":\"https:\/\/ds-barranquilla.org\/wp-content\/uploads\/2024\/10\/DSC_4255-scaled.jpg\",\"datePublished\":\"2024-10-21T20:59:13+00:00\",\"dateModified\":\"2024-10-21T21:10:48+00:00\",\"breadcrumb\":{\"@id\":\"https:\/\/ds-barranquilla.org\/juan-melgarejo-de-la-klasse-9-nos-represento-en-la-26a-olimpiada-matematica-centroamericana-y-del-caribe\/#breadcrumb\"},\"inLanguage\":\"de\",\"potentialAction\":[{\"@type\":\"ReadAction\",\"target\":[\"https:\/\/ds-barranquilla.org\/juan-melgarejo-de-la-klasse-9-nos-represento-en-la-26a-olimpiada-matematica-centroamericana-y-del-caribe\/\"]}]},{\"@type\":\"ImageObject\",\"inLanguage\":\"de\",\"@id\":\"https:\/\/ds-barranquilla.org\/juan-melgarejo-de-la-klasse-9-nos-represento-en-la-26a-olimpiada-matematica-centroamericana-y-del-caribe\/#primaryimage\",\"url\":\"https:\/\/ds-barranquilla.org\/wp-content\/uploads\/2024\/10\/DSC_4255-scaled.jpg\",\"contentUrl\":\"https:\/\/ds-barranquilla.org\/wp-content\/uploads\/2024\/10\/DSC_4255-scaled.jpg\",\"width\":2560,\"height\":1707},{\"@type\":\"BreadcrumbList\",\"@id\":\"https:\/\/ds-barranquilla.org\/juan-melgarejo-de-la-klasse-9-nos-represento-en-la-26a-olimpiada-matematica-centroamericana-y-del-caribe\/#breadcrumb\",\"itemListElement\":[{\"@type\":\"ListItem\",\"position\":1,\"name\":\"Portada\",\"item\":\"https:\/\/ds-barranquilla.org\/\"},{\"@type\":\"ListItem\",\"position\":2,\"name\":\"Juan Melgarejo, de la Klasse 9, nos represent\u00f3 en la 26\u00aa Olimpiada Matem\u00e1tica Centroamericana y del Caribe\"}]},{\"@type\":\"WebSite\",\"@id\":\"https:\/\/ds-barranquilla.org\/#website\",\"url\":\"https:\/\/ds-barranquilla.org\/\",\"name\":\"Colegio Alem\u00e1n - Los Mejores Colegios de Colombia - Colegio Triling\u00fce\",\"description\":\"Colegio Alem\u00e1n  Barranquilla Colombia - Colegio Biling\u00fce - Triling\u00fce - El Mejor Colegio de Colombia\",\"publisher\":{\"@id\":\"https:\/\/ds-barranquilla.org\/#organization\"},\"potentialAction\":[{\"@type\":\"SearchAction\",\"target\":{\"@type\":\"EntryPoint\",\"urlTemplate\":\"https:\/\/ds-barranquilla.org\/?s={search_term_string}\"},\"query-input\":\"required name=search_term_string\"}],\"inLanguage\":\"de\"},{\"@type\":\"Organization\",\"@id\":\"https:\/\/ds-barranquilla.org\/#organization\",\"name\":\"Colegio Alem\u00e1n Barranquilla\",\"url\":\"https:\/\/ds-barranquilla.org\/\",\"logo\":{\"@type\":\"ImageObject\",\"inLanguage\":\"de\",\"@id\":\"https:\/\/ds-barranquilla.org\/#\/schema\/logo\/image\/\",\"url\":\"https:\/\/ds-barranquilla.org\/wp-content\/uploads\/2021\/05\/coleman_logo_2.png\",\"contentUrl\":\"https:\/\/ds-barranquilla.org\/wp-content\/uploads\/2021\/05\/coleman_logo_2.png\",\"width\":418,\"height\":307,\"caption\":\"Colegio Alem\u00e1n Barranquilla\"},\"image\":{\"@id\":\"https:\/\/ds-barranquilla.org\/#\/schema\/logo\/image\/\"},\"sameAs\":[\"https:\/\/www.facebook.com\/ColegioAlemanBaq\/\",\"https:\/\/x.com\/ColegioAlemanBq\",\"https:\/\/www.instagram.com\/colegioalemanbaq\/\",\"https:\/\/www.linkedin.com\/school\/deutsche-schule-barranquilla\/\",\"https:\/\/www.youtube.com\/channel\/UCOOGZQCVs6aYRqIWvSN5agQ\"]},{\"@type\":\"Person\",\"@id\":\"https:\/\/ds-barranquilla.org\/#\/schema\/person\/a3111c59bc6ad33c5975c02a244ec0f9\",\"name\":\"Maria Camila Medina\",\"image\":{\"@type\":\"ImageObject\",\"inLanguage\":\"de\",\"@id\":\"https:\/\/ds-barranquilla.org\/#\/schema\/person\/image\/\",\"url\":\"https:\/\/secure.gravatar.com\/avatar\/ec22389c1edd2f147582875dc845593e?s=96&d=mm&r=g\",\"contentUrl\":\"https:\/\/secure.gravatar.com\/avatar\/ec22389c1edd2f147582875dc845593e?s=96&d=mm&r=g\",\"caption\":\"Maria Camila Medina\"}}]}<\/script>\n<!-- \/ Yoast SEO plugin. -->","yoast_head_json":{"title":"Juan Melgarejo, de la Klasse 9, nos represent\u00f3 en la 26\u00aa Olimpiada Matem\u00e1tica Centroamericana y del Caribe - 2026","robots":{"index":"noindex","follow":"follow","max-snippet":"max-snippet:-1","max-image-preview":"max-image-preview:large","max-video-preview":"max-video-preview:-1"},"og_locale":"de_DE","og_type":"article","og_title":"Juan Melgarejo, de la Klasse 9, nos represent\u00f3 en la 26\u00aa Olimpiada Matem\u00e1tica Centroamericana y del Caribe - 2026","og_description":"Juan Melgarejo, de la Klasse 9, nos represent\u00f3 en la 26\u00aa Olimpiada Matem\u00e1tica Centroamericana y del Caribe Nuestro estudiante gan\u00f3 la medalla de plata en la [\u2026]","og_url":"https:\/\/ds-barranquilla.org\/de\/juan-melgarejo-de-la-klasse-9-nos-represento-en-la-26a-olimpiada-matematica-centroamericana-y-del-caribe\/","og_site_name":"Colegio Alem\u00e1n - Los Mejores Colegios de Colombia - Colegio Triling\u00fce","article_publisher":"https:\/\/www.facebook.com\/ColegioAlemanBaq\/","article_published_time":"2024-10-21T20:59:13+00:00","article_modified_time":"2024-10-21T21:10:48+00:00","og_image":[{"width":2560,"height":1707,"url":"https:\/\/ds-barranquilla.org\/wp-content\/uploads\/2024\/10\/DSC_4255-scaled.jpg","type":"image\/jpeg"}],"author":"Maria Camila Medina","twitter_card":"summary_large_image","twitter_creator":"@ColegioAlemanBq","twitter_site":"@ColegioAlemanBq","twitter_misc":{"Verfasst von":"Maria Camila Medina","Gesch\u00e4tzte Lesezeit":"1\u00a0Minute"},"schema":{"@context":"https:\/\/schema.org","@graph":[{"@type":"Article","@id":"https:\/\/ds-barranquilla.org\/juan-melgarejo-de-la-klasse-9-nos-represento-en-la-26a-olimpiada-matematica-centroamericana-y-del-caribe\/#article","isPartOf":{"@id":"https:\/\/ds-barranquilla.org\/juan-melgarejo-de-la-klasse-9-nos-represento-en-la-26a-olimpiada-matematica-centroamericana-y-del-caribe\/"},"author":{"name":"Maria Camila Medina","@id":"https:\/\/ds-barranquilla.org\/#\/schema\/person\/a3111c59bc6ad33c5975c02a244ec0f9"},"headline":"Juan Melgarejo, de la Klasse 9, nos represent\u00f3 en la 26\u00aa Olimpiada Matem\u00e1tica Centroamericana y del Caribe","datePublished":"2024-10-21T20:59:13+00:00","dateModified":"2024-10-21T21:10:48+00:00","mainEntityOfPage":{"@id":"https:\/\/ds-barranquilla.org\/juan-melgarejo-de-la-klasse-9-nos-represento-en-la-26a-olimpiada-matematica-centroamericana-y-del-caribe\/"},"wordCount":231,"commentCount":0,"publisher":{"@id":"https:\/\/ds-barranquilla.org\/#organization"},"image":{"@id":"https:\/\/ds-barranquilla.org\/juan-melgarejo-de-la-klasse-9-nos-represento-en-la-26a-olimpiada-matematica-centroamericana-y-del-caribe\/#primaryimage"},"thumbnailUrl":"https:\/\/ds-barranquilla.org\/wp-content\/uploads\/2024\/10\/DSC_4255-scaled.jpg","articleSection":["2024","\u00c1rea de Matem\u00e1ticas y F\u00edsica","Secundaria"],"inLanguage":"de","potentialAction":[{"@type":"CommentAction","name":"Comment","target":["https:\/\/ds-barranquilla.org\/juan-melgarejo-de-la-klasse-9-nos-represento-en-la-26a-olimpiada-matematica-centroamericana-y-del-caribe\/#respond"]}]},{"@type":"WebPage","@id":"https:\/\/ds-barranquilla.org\/juan-melgarejo-de-la-klasse-9-nos-represento-en-la-26a-olimpiada-matematica-centroamericana-y-del-caribe\/","url":"https:\/\/ds-barranquilla.org\/juan-melgarejo-de-la-klasse-9-nos-represento-en-la-26a-olimpiada-matematica-centroamericana-y-del-caribe\/","name":"Juan Melgarejo, de la Klasse 9, nos represent\u00f3 en la 26\u00aa Olimpiada Matem\u00e1tica Centroamericana y del Caribe - 2026","isPartOf":{"@id":"https:\/\/ds-barranquilla.org\/#website"},"primaryImageOfPage":{"@id":"https:\/\/ds-barranquilla.org\/juan-melgarejo-de-la-klasse-9-nos-represento-en-la-26a-olimpiada-matematica-centroamericana-y-del-caribe\/#primaryimage"},"image":{"@id":"https:\/\/ds-barranquilla.org\/juan-melgarejo-de-la-klasse-9-nos-represento-en-la-26a-olimpiada-matematica-centroamericana-y-del-caribe\/#primaryimage"},"thumbnailUrl":"https:\/\/ds-barranquilla.org\/wp-content\/uploads\/2024\/10\/DSC_4255-scaled.jpg","datePublished":"2024-10-21T20:59:13+00:00","dateModified":"2024-10-21T21:10:48+00:00","breadcrumb":{"@id":"https:\/\/ds-barranquilla.org\/juan-melgarejo-de-la-klasse-9-nos-represento-en-la-26a-olimpiada-matematica-centroamericana-y-del-caribe\/#breadcrumb"},"inLanguage":"de","potentialAction":[{"@type":"ReadAction","target":["https:\/\/ds-barranquilla.org\/juan-melgarejo-de-la-klasse-9-nos-represento-en-la-26a-olimpiada-matematica-centroamericana-y-del-caribe\/"]}]},{"@type":"ImageObject","inLanguage":"de","@id":"https:\/\/ds-barranquilla.org\/juan-melgarejo-de-la-klasse-9-nos-represento-en-la-26a-olimpiada-matematica-centroamericana-y-del-caribe\/#primaryimage","url":"https:\/\/ds-barranquilla.org\/wp-content\/uploads\/2024\/10\/DSC_4255-scaled.jpg","contentUrl":"https:\/\/ds-barranquilla.org\/wp-content\/uploads\/2024\/10\/DSC_4255-scaled.jpg","width":2560,"height":1707},{"@type":"BreadcrumbList","@id":"https:\/\/ds-barranquilla.org\/juan-melgarejo-de-la-klasse-9-nos-represento-en-la-26a-olimpiada-matematica-centroamericana-y-del-caribe\/#breadcrumb","itemListElement":[{"@type":"ListItem","position":1,"name":"Portada","item":"https:\/\/ds-barranquilla.org\/"},{"@type":"ListItem","position":2,"name":"Juan Melgarejo, de la Klasse 9, nos represent\u00f3 en la 26\u00aa Olimpiada Matem\u00e1tica Centroamericana y del Caribe"}]},{"@type":"WebSite","@id":"https:\/\/ds-barranquilla.org\/#website","url":"https:\/\/ds-barranquilla.org\/","name":"Colegio Alem\u00e1n - Los Mejores Colegios de Colombia - Colegio Triling\u00fce","description":"Colegio Alem\u00e1n  Barranquilla Colombia - Colegio Biling\u00fce - Triling\u00fce - El Mejor Colegio de Colombia","publisher":{"@id":"https:\/\/ds-barranquilla.org\/#organization"},"potentialAction":[{"@type":"SearchAction","target":{"@type":"EntryPoint","urlTemplate":"https:\/\/ds-barranquilla.org\/?s={search_term_string}"},"query-input":"required name=search_term_string"}],"inLanguage":"de"},{"@type":"Organization","@id":"https:\/\/ds-barranquilla.org\/#organization","name":"Colegio Alem\u00e1n Barranquilla","url":"https:\/\/ds-barranquilla.org\/","logo":{"@type":"ImageObject","inLanguage":"de","@id":"https:\/\/ds-barranquilla.org\/#\/schema\/logo\/image\/","url":"https:\/\/ds-barranquilla.org\/wp-content\/uploads\/2021\/05\/coleman_logo_2.png","contentUrl":"https:\/\/ds-barranquilla.org\/wp-content\/uploads\/2021\/05\/coleman_logo_2.png","width":418,"height":307,"caption":"Colegio Alem\u00e1n Barranquilla"},"image":{"@id":"https:\/\/ds-barranquilla.org\/#\/schema\/logo\/image\/"},"sameAs":["https:\/\/www.facebook.com\/ColegioAlemanBaq\/","https:\/\/x.com\/ColegioAlemanBq","https:\/\/www.instagram.com\/colegioalemanbaq\/","https:\/\/www.linkedin.com\/school\/deutsche-schule-barranquilla\/","https:\/\/www.youtube.com\/channel\/UCOOGZQCVs6aYRqIWvSN5agQ"]},{"@type":"Person","@id":"https:\/\/ds-barranquilla.org\/#\/schema\/person\/a3111c59bc6ad33c5975c02a244ec0f9","name":"Maria Camila Medina","image":{"@type":"ImageObject","inLanguage":"de","@id":"https:\/\/ds-barranquilla.org\/#\/schema\/person\/image\/","url":"https:\/\/secure.gravatar.com\/avatar\/ec22389c1edd2f147582875dc845593e?s=96&d=mm&r=g","contentUrl":"https:\/\/secure.gravatar.com\/avatar\/ec22389c1edd2f147582875dc845593e?s=96&d=mm&r=g","caption":"Maria Camila Medina"}}]}},"_links":{"self":[{"href":"https:\/\/ds-barranquilla.org\/de\/wp-json\/wp\/v2\/posts\/27685"}],"collection":[{"href":"https:\/\/ds-barranquilla.org\/de\/wp-json\/wp\/v2\/posts"}],"about":[{"href":"https:\/\/ds-barranquilla.org\/de\/wp-json\/wp\/v2\/types\/post"}],"author":[{"embeddable":true,"href":"https:\/\/ds-barranquilla.org\/de\/wp-json\/wp\/v2\/users\/31"}],"replies":[{"embeddable":true,"href":"https:\/\/ds-barranquilla.org\/de\/wp-json\/wp\/v2\/comments?post=27685"}],"version-history":[{"count":9,"href":"https:\/\/ds-barranquilla.org\/de\/wp-json\/wp\/v2\/posts\/27685\/revisions"}],"predecessor-version":[{"id":27698,"href":"https:\/\/ds-barranquilla.org\/de\/wp-json\/wp\/v2\/posts\/27685\/revisions\/27698"}],"wp:featuredmedia":[{"embeddable":true,"href":"https:\/\/ds-barranquilla.org\/de\/wp-json\/wp\/v2\/media\/27688"}],"wp:attachment":[{"href":"https:\/\/ds-barranquilla.org\/de\/wp-json\/wp\/v2\/media?parent=27685"}],"wp:term":[{"taxonomy":"category","embeddable":true,"href":"https:\/\/ds-barranquilla.org\/de\/wp-json\/wp\/v2\/categories?post=27685"},{"taxonomy":"post_tag","embeddable":true,"href":"https:\/\/ds-barranquilla.org\/de\/wp-json\/wp\/v2\/tags?post=27685"}],"curies":[{"name":"wp","href":"https:\/\/api.w.org\/{rel}","templated":true}]}}