{"id":27782,"date":"2024-12-12T10:52:17","date_gmt":"2024-12-12T15:52:17","guid":{"rendered":"https:\/\/ds-barranquilla.org\/?p=27782"},"modified":"2025-01-10T10:58:17","modified_gmt":"2025-01-10T15:58:17","slug":"en-el-2024-tambien-vivimos-una-navidad-bicultural","status":"publish","type":"post","link":"https:\/\/ds-barranquilla.org\/de\/en-el-2024-tambien-vivimos-una-navidad-bicultural\/","title":{"rendered":"\u00a1En el 2024 tambi\u00e9n vivimos una Navidad Bicultural!"},"content":{"rendered":"<div data-elementor-type=\"wp-post\" data-elementor-id=\"27782\" class=\"elementor elementor-27782\">\n\t\t\t\t\t\t<section class=\"elementor-section elementor-top-section elementor-element elementor-element-8c941d1 elementor-section-boxed elementor-section-height-default elementor-section-height-default\" data-id=\"8c941d1\" data-element_type=\"section\">\n\t\t\t\t\t\t<div class=\"elementor-container elementor-column-gap-default\">\n\t\t\t\t\t<div class=\"elementor-column elementor-col-100 elementor-top-column elementor-element elementor-element-85e7aa3\" data-id=\"85e7aa3\" data-element_type=\"column\">\n\t\t\t<div class=\"elementor-widget-wrap elementor-element-populated\">\n\t\t\t\t\t\t<div class=\"elementor-element elementor-element-11944b3 elementor-widget elementor-widget-heading\" data-id=\"11944b3\" data-element_type=\"widget\" data-widget_type=\"heading.default\">\n\t\t\t\t<div class=\"elementor-widget-container\">\n\t\t\t<style>\/*! elementor - v3.23.0 - 05-08-2024 *\/\n.elementor-heading-title{padding:0;margin:0;line-height:1}.elementor-widget-heading .elementor-heading-title[class*=elementor-size-]>a{color:inherit;font-size:inherit;line-height:inherit}.elementor-widget-heading .elementor-heading-title.elementor-size-small{font-size:15px}.elementor-widget-heading .elementor-heading-title.elementor-size-medium{font-size:19px}.elementor-widget-heading .elementor-heading-title.elementor-size-large{font-size:29px}.elementor-widget-heading .elementor-heading-title.elementor-size-xl{font-size:39px}.elementor-widget-heading .elementor-heading-title.elementor-size-xxl{font-size:59px}<\/style><h2 class=\"elementor-heading-title elementor-size-default\">\u00a1En el 2024 tambi\u00e9n \nvivimos una Navidad Bicultural!<\/h2>\t\t<\/div>\n\t\t\t\t<\/div>\n\t\t\t\t\t<\/div>\n\t\t<\/div>\n\t\t\t\t\t<\/div>\n\t\t<\/section>\n\t\t\t\t<section class=\"elementor-section elementor-top-section elementor-element elementor-element-9489daf elementor-section-boxed elementor-section-height-default elementor-section-height-default\" data-id=\"9489daf\" data-element_type=\"section\">\n\t\t\t\t\t\t<div class=\"elementor-container elementor-column-gap-default\">\n\t\t\t\t\t<div class=\"elementor-column elementor-col-100 elementor-top-column elementor-element elementor-element-f76652c\" data-id=\"f76652c\" data-element_type=\"column\">\n\t\t\t<div class=\"elementor-widget-wrap elementor-element-populated\">\n\t\t\t\t\t\t<div class=\"elementor-element elementor-element-da2dbfe elementor-widget elementor-widget-image\" data-id=\"da2dbfe\" data-element_type=\"widget\" data-widget_type=\"image.default\">\n\t\t\t\t<div class=\"elementor-widget-container\">\n\t\t\t<style>\/*! elementor - v3.23.0 - 05-08-2024 *\/\n.elementor-widget-image{text-align:center}.elementor-widget-image a{display:inline-block}.elementor-widget-image a img[src$=\".svg\"]{width:48px}.elementor-widget-image img{vertical-align:middle;display:inline-block}<\/style>\t\t\t\t\t\t\t\t\t\t<img fetchpriority=\"high\" decoding=\"async\" width=\"1024\" height=\"768\" src=\"https:\/\/ds-barranquilla.org\/wp-content\/uploads\/2024\/12\/IMG_3514-1024x768.jpg\" class=\"attachment-large size-large wp-image-27787\" alt=\"\" srcset=\"https:\/\/ds-barranquilla.org\/wp-content\/uploads\/2024\/12\/IMG_3514-1024x768.jpg 1024w, https:\/\/ds-barranquilla.org\/wp-content\/uploads\/2024\/12\/IMG_3514-300x225.jpg 300w, https:\/\/ds-barranquilla.org\/wp-content\/uploads\/2024\/12\/IMG_3514-768x576.jpg 768w, https:\/\/ds-barranquilla.org\/wp-content\/uploads\/2024\/12\/IMG_3514-1536x1152.jpg 1536w, https:\/\/ds-barranquilla.org\/wp-content\/uploads\/2024\/12\/IMG_3514-16x12.jpg 16w, https:\/\/ds-barranquilla.org\/wp-content\/uploads\/2024\/12\/IMG_3514-100x75.jpg 100w, https:\/\/ds-barranquilla.org\/wp-content\/uploads\/2024\/12\/IMG_3514-480x360.jpg 480w, https:\/\/ds-barranquilla.org\/wp-content\/uploads\/2024\/12\/IMG_3514.jpg 2048w\" sizes=\"(max-width:767px) 480px, (max-width:1024px) 100vw, 1024px\" \/>\t\t\t\t\t\t\t\t\t\t\t\t\t<\/div>\n\t\t\t\t<\/div>\n\t\t\t\t\t<\/div>\n\t\t<\/div>\n\t\t\t\t\t<\/div>\n\t\t<\/section>\n\t\t\t\t<section class=\"elementor-section elementor-top-section elementor-element elementor-element-abc0e94 elementor-section-boxed elementor-section-height-default elementor-section-height-default\" data-id=\"abc0e94\" data-element_type=\"section\">\n\t\t\t\t\t\t<div class=\"elementor-container elementor-column-gap-default\">\n\t\t\t\t\t<div class=\"elementor-column elementor-col-100 elementor-top-column elementor-element elementor-element-db1b8ae\" data-id=\"db1b8ae\" data-element_type=\"column\">\n\t\t\t<div class=\"elementor-widget-wrap elementor-element-populated\">\n\t\t\t\t\t\t<div class=\"elementor-element elementor-element-1261bba elementor-widget elementor-widget-text-editor\" data-id=\"1261bba\" data-element_type=\"widget\" data-widget_type=\"text-editor.default\">\n\t\t\t\t<div class=\"elementor-widget-container\">\n\t\t\t<style>\/*! elementor - v3.23.0 - 05-08-2024 *\/\n.elementor-widget-text-editor.elementor-drop-cap-view-stacked .elementor-drop-cap{background-color:#69727d;color:#fff}.elementor-widget-text-editor.elementor-drop-cap-view-framed .elementor-drop-cap{color:#69727d;border:3px solid;background-color:transparent}.elementor-widget-text-editor:not(.elementor-drop-cap-view-default) .elementor-drop-cap{margin-top:8px}.elementor-widget-text-editor:not(.elementor-drop-cap-view-default) .elementor-drop-cap-letter{width:1em;height:1em}.elementor-widget-text-editor .elementor-drop-cap{float:left;text-align:center;line-height:1;font-size:50px}.elementor-widget-text-editor .elementor-drop-cap-letter{display:inline-block}<\/style>\t\t\t\t<p class=\"cvGsUA direction-ltr align-justify para-style-body\"><span class=\"OYPEnA font-feature-liga-off font-feature-clig-off font-feature-calt-off text-decoration-none text-strikethrough-none\">Una vez m\u00e1s, la magia de la Navidad lleg\u00f3 a nuestra Biblioteca. Esta vez, con una divertida actividad para los estudiantes de la Klasse 3. A trav\u00e9s de cuatro escenarios interactivos, los ni\u00f1os vivieron una experiencia navide\u00f1a \u00fanica, inmersos en las tradiciones de nuestras ra\u00edces alemanas y colombianas.<\/span><\/p><p class=\"cvGsUA direction-ltr align-justify para-style-body\"><span class=\"OYPEnA font-feature-liga-off font-feature-clig-off font-feature-calt-off text-decoration-none text-strikethrough-none\">El evento fusion\u00f3 lo mejor de ambas culturas, permitiendo a los estudiantes descubrir costumbres, canciones y narraciones que celebran la Navidad y fortalecen nuestra identidad bicultural.<\/span><\/p><p class=\"cvGsUA direction-ltr align-justify para-style-body\"><span class=\"OYPEnA font-feature-liga-off font-feature-clig-off font-feature-calt-off text-decoration-none text-strikethrough-none\">Cada a\u00f1o, este evento se ha convertido en una de nuestras tradiciones escolares m\u00e1s queridas, brindando una oportunidad para celebrar la Navidad de manera especial y reforzar el esp\u00edritu de comunidad e integraci\u00f3n cultural.<\/span><\/p><p class=\"cvGsUA direction-ltr align-justify para-style-body\"><span class=\"OYPEnA font-feature-liga-off font-feature-clig-off font-feature-calt-off text-decoration-none text-strikethrough-none\">As\u00ed, seguimos creando recuerdos inolvidables y fortaleciendo la conexi\u00f3n de nuestros ni\u00f1os con las tradiciones que hacen \u00fanica a nuestra comunidad educativa.<\/span><\/p>\t\t\t\t\t\t<\/div>\n\t\t\t\t<\/div>\n\t\t\t\t\t<\/div>\n\t\t<\/div>\n\t\t\t\t\t<\/div>\n\t\t<\/section>\n\t\t\t\t<section class=\"elementor-section elementor-top-section elementor-element elementor-element-3043d5a elementor-section-boxed elementor-section-height-default elementor-section-height-default\" data-id=\"3043d5a\" data-element_type=\"section\">\n\t\t\t\t\t\t<div class=\"elementor-container elementor-column-gap-default\">\n\t\t\t\t\t<div class=\"elementor-column elementor-col-50 elementor-top-column elementor-element elementor-element-f0b073a\" data-id=\"f0b073a\" data-element_type=\"column\">\n\t\t\t<div class=\"elementor-widget-wrap elementor-element-populated\">\n\t\t\t\t\t\t<div class=\"elementor-element elementor-element-04101b3 elementor-widget elementor-widget-image\" data-id=\"04101b3\" data-element_type=\"widget\" data-widget_type=\"image.default\">\n\t\t\t\t<div class=\"elementor-widget-container\">\n\t\t\t\t\t\t\t\t\t\t\t\t\t<img decoding=\"async\" width=\"1024\" height=\"768\" src=\"https:\/\/ds-barranquilla.org\/wp-content\/uploads\/2025\/01\/IMG_3476-1024x768.jpg\" class=\"attachment-large size-large wp-image-27784\" alt=\"\" srcset=\"https:\/\/ds-barranquilla.org\/wp-content\/uploads\/2025\/01\/IMG_3476-1024x768.jpg 1024w, https:\/\/ds-barranquilla.org\/wp-content\/uploads\/2025\/01\/IMG_3476-300x225.jpg 300w, https:\/\/ds-barranquilla.org\/wp-content\/uploads\/2025\/01\/IMG_3476-768x576.jpg 768w, https:\/\/ds-barranquilla.org\/wp-content\/uploads\/2025\/01\/IMG_3476-1536x1152.jpg 1536w, https:\/\/ds-barranquilla.org\/wp-content\/uploads\/2025\/01\/IMG_3476-16x12.jpg 16w, https:\/\/ds-barranquilla.org\/wp-content\/uploads\/2025\/01\/IMG_3476-100x75.jpg 100w, https:\/\/ds-barranquilla.org\/wp-content\/uploads\/2025\/01\/IMG_3476-480x360.jpg 480w, https:\/\/ds-barranquilla.org\/wp-content\/uploads\/2025\/01\/IMG_3476.jpg 2048w\" sizes=\"(max-width:767px) 480px, (max-width:1024px) 100vw, 1024px\" \/>\t\t\t\t\t\t\t\t\t\t\t\t\t<\/div>\n\t\t\t\t<\/div>\n\t\t\t\t\t<\/div>\n\t\t<\/div>\n\t\t\t\t<div class=\"elementor-column elementor-col-50 elementor-top-column elementor-element elementor-element-6d79a54\" data-id=\"6d79a54\" data-element_type=\"column\">\n\t\t\t<div class=\"elementor-widget-wrap elementor-element-populated\">\n\t\t\t\t\t\t<div class=\"elementor-element elementor-element-1cb6ae2 elementor-widget elementor-widget-image\" data-id=\"1cb6ae2\" data-element_type=\"widget\" data-widget_type=\"image.default\">\n\t\t\t\t<div class=\"elementor-widget-container\">\n\t\t\t\t\t\t\t\t\t\t\t\t\t<img decoding=\"async\" width=\"1024\" height=\"768\" src=\"https:\/\/ds-barranquilla.org\/wp-content\/uploads\/2024\/12\/IMG_3485-1-1024x768.jpg\" class=\"attachment-large size-large wp-image-27788\" alt=\"\" srcset=\"https:\/\/ds-barranquilla.org\/wp-content\/uploads\/2024\/12\/IMG_3485-1-1024x768.jpg 1024w, https:\/\/ds-barranquilla.org\/wp-content\/uploads\/2024\/12\/IMG_3485-1-300x225.jpg 300w, https:\/\/ds-barranquilla.org\/wp-content\/uploads\/2024\/12\/IMG_3485-1-768x576.jpg 768w, https:\/\/ds-barranquilla.org\/wp-content\/uploads\/2024\/12\/IMG_3485-1-1536x1152.jpg 1536w, https:\/\/ds-barranquilla.org\/wp-content\/uploads\/2024\/12\/IMG_3485-1-16x12.jpg 16w, https:\/\/ds-barranquilla.org\/wp-content\/uploads\/2024\/12\/IMG_3485-1-100x75.jpg 100w, https:\/\/ds-barranquilla.org\/wp-content\/uploads\/2024\/12\/IMG_3485-1-480x360.jpg 480w, https:\/\/ds-barranquilla.org\/wp-content\/uploads\/2024\/12\/IMG_3485-1.jpg 2048w\" sizes=\"(max-width:767px) 480px, (max-width:1024px) 100vw, 1024px\" \/>\t\t\t\t\t\t\t\t\t\t\t\t\t<\/div>\n\t\t\t\t<\/div>\n\t\t\t\t\t<\/div>\n\t\t<\/div>\n\t\t\t\t\t<\/div>\n\t\t<\/section>\n\t\t\t\t<\/div>","protected":false},"excerpt":{"rendered":"<p>\u00a1En el 2024 tambi\u00e9n vivimos una Navidad Bicultural! Una vez m\u00e1s, la magia de la Navidad lleg\u00f3 a nuestra Biblioteca. Esta vez, con una divertida actividad<span class=\"excerpt-hellip\"> [\u2026]<\/span><\/p>","protected":false},"author":31,"featured_media":27784,"comment_status":"open","ping_status":"open","sticky":false,"template":"","format":"standard","meta":{"_exactmetrics_skip_tracking":false,"_exactmetrics_sitenote_active":false,"_exactmetrics_sitenote_note":"","_exactmetrics_sitenote_category":0,"_joinchat":[],"footnotes":""},"categories":[733,695,676],"tags":[],"class_list":["post-27782","post","type-post","status-publish","format-standard","has-post-thumbnail","hentry","category-733","category-biblioteca","category-primaria"],"yoast_head":"<!-- This site is optimized with the Yoast SEO plugin v23.3 - https:\/\/yoast.com\/wordpress\/plugins\/seo\/ -->\n<title>\u00a1En el 2024 tambi\u00e9n vivimos una Navidad Bicultural! - 2026<\/title>\n<meta name=\"robots\" content=\"noindex, follow, max-snippet:-1, max-image-preview:large, max-video-preview:-1\" \/>\n<meta property=\"og:locale\" content=\"de_DE\" \/>\n<meta property=\"og:type\" content=\"article\" \/>\n<meta property=\"og:title\" content=\"\u00a1En el 2024 tambi\u00e9n vivimos una Navidad Bicultural! - 2026\" \/>\n<meta property=\"og:description\" content=\"\u00a1En el 2024 tambi\u00e9n vivimos una Navidad Bicultural! Una vez m\u00e1s, la magia de la Navidad lleg\u00f3 a nuestra Biblioteca. Esta vez, con una divertida actividad [\u2026]\" \/>\n<meta property=\"og:url\" content=\"https:\/\/ds-barranquilla.org\/de\/en-el-2024-tambien-vivimos-una-navidad-bicultural\/\" \/>\n<meta property=\"og:site_name\" content=\"Colegio Alem\u00e1n - Los Mejores Colegios de Colombia - Colegio Triling\u00fce\" \/>\n<meta property=\"article:publisher\" content=\"https:\/\/www.facebook.com\/ColegioAlemanBaq\/\" \/>\n<meta property=\"article:published_time\" content=\"2024-12-12T15:52:17+00:00\" \/>\n<meta property=\"article:modified_time\" content=\"2025-01-10T15:58:17+00:00\" \/>\n<meta property=\"og:image\" content=\"https:\/\/ds-barranquilla.org\/wp-content\/uploads\/2025\/01\/IMG_3476.jpg\" \/>\n\t<meta property=\"og:image:width\" content=\"2048\" \/>\n\t<meta property=\"og:image:height\" content=\"1536\" \/>\n\t<meta property=\"og:image:type\" content=\"image\/jpeg\" \/>\n<meta name=\"author\" content=\"Maria Camila Medina\" \/>\n<meta name=\"twitter:card\" content=\"summary_large_image\" \/>\n<meta name=\"twitter:creator\" content=\"@ColegioAlemanBq\" \/>\n<meta name=\"twitter:site\" content=\"@ColegioAlemanBq\" \/>\n<meta name=\"twitter:label1\" content=\"Verfasst von\" \/>\n\t<meta name=\"twitter:data1\" content=\"Maria Camila Medina\" \/>\n\t<meta name=\"twitter:label2\" content=\"Gesch\u00e4tzte Lesezeit\" \/>\n\t<meta name=\"twitter:data2\" content=\"1\u00a0Minute\" \/>\n<script type=\"application\/ld+json\" class=\"yoast-schema-graph\">{\"@context\":\"https:\/\/schema.org\",\"@graph\":[{\"@type\":\"Article\",\"@id\":\"https:\/\/ds-barranquilla.org\/en-el-2024-tambien-vivimos-una-navidad-bicultural\/#article\",\"isPartOf\":{\"@id\":\"https:\/\/ds-barranquilla.org\/en-el-2024-tambien-vivimos-una-navidad-bicultural\/\"},\"author\":{\"name\":\"Maria Camila Medina\",\"@id\":\"https:\/\/ds-barranquilla.org\/#\/schema\/person\/a3111c59bc6ad33c5975c02a244ec0f9\"},\"headline\":\"\u00a1En el 2024 tambi\u00e9n vivimos una Navidad Bicultural!\",\"datePublished\":\"2024-12-12T15:52:17+00:00\",\"dateModified\":\"2025-01-10T15:58:17+00:00\",\"mainEntityOfPage\":{\"@id\":\"https:\/\/ds-barranquilla.org\/en-el-2024-tambien-vivimos-una-navidad-bicultural\/\"},\"wordCount\":156,\"commentCount\":0,\"publisher\":{\"@id\":\"https:\/\/ds-barranquilla.org\/#organization\"},\"image\":{\"@id\":\"https:\/\/ds-barranquilla.org\/en-el-2024-tambien-vivimos-una-navidad-bicultural\/#primaryimage\"},\"thumbnailUrl\":\"https:\/\/ds-barranquilla.org\/wp-content\/uploads\/2025\/01\/IMG_3476.jpg\",\"articleSection\":[\"2024\",\"Biblioteca\",\"Primaria\"],\"inLanguage\":\"de\",\"potentialAction\":[{\"@type\":\"CommentAction\",\"name\":\"Comment\",\"target\":[\"https:\/\/ds-barranquilla.org\/en-el-2024-tambien-vivimos-una-navidad-bicultural\/#respond\"]}]},{\"@type\":\"WebPage\",\"@id\":\"https:\/\/ds-barranquilla.org\/en-el-2024-tambien-vivimos-una-navidad-bicultural\/\",\"url\":\"https:\/\/ds-barranquilla.org\/en-el-2024-tambien-vivimos-una-navidad-bicultural\/\",\"name\":\"\u00a1En el 2024 tambi\u00e9n vivimos una Navidad Bicultural! - 2026\",\"isPartOf\":{\"@id\":\"https:\/\/ds-barranquilla.org\/#website\"},\"primaryImageOfPage\":{\"@id\":\"https:\/\/ds-barranquilla.org\/en-el-2024-tambien-vivimos-una-navidad-bicultural\/#primaryimage\"},\"image\":{\"@id\":\"https:\/\/ds-barranquilla.org\/en-el-2024-tambien-vivimos-una-navidad-bicultural\/#primaryimage\"},\"thumbnailUrl\":\"https:\/\/ds-barranquilla.org\/wp-content\/uploads\/2025\/01\/IMG_3476.jpg\",\"datePublished\":\"2024-12-12T15:52:17+00:00\",\"dateModified\":\"2025-01-10T15:58:17+00:00\",\"breadcrumb\":{\"@id\":\"https:\/\/ds-barranquilla.org\/en-el-2024-tambien-vivimos-una-navidad-bicultural\/#breadcrumb\"},\"inLanguage\":\"de\",\"potentialAction\":[{\"@type\":\"ReadAction\",\"target\":[\"https:\/\/ds-barranquilla.org\/en-el-2024-tambien-vivimos-una-navidad-bicultural\/\"]}]},{\"@type\":\"ImageObject\",\"inLanguage\":\"de\",\"@id\":\"https:\/\/ds-barranquilla.org\/en-el-2024-tambien-vivimos-una-navidad-bicultural\/#primaryimage\",\"url\":\"https:\/\/ds-barranquilla.org\/wp-content\/uploads\/2025\/01\/IMG_3476.jpg\",\"contentUrl\":\"https:\/\/ds-barranquilla.org\/wp-content\/uploads\/2025\/01\/IMG_3476.jpg\",\"width\":2048,\"height\":1536},{\"@type\":\"BreadcrumbList\",\"@id\":\"https:\/\/ds-barranquilla.org\/en-el-2024-tambien-vivimos-una-navidad-bicultural\/#breadcrumb\",\"itemListElement\":[{\"@type\":\"ListItem\",\"position\":1,\"name\":\"Portada\",\"item\":\"https:\/\/ds-barranquilla.org\/\"},{\"@type\":\"ListItem\",\"position\":2,\"name\":\"\u00a1En el 2024 tambi\u00e9n vivimos una Navidad Bicultural!\"}]},{\"@type\":\"WebSite\",\"@id\":\"https:\/\/ds-barranquilla.org\/#website\",\"url\":\"https:\/\/ds-barranquilla.org\/\",\"name\":\"Colegio Alem\u00e1n - Los Mejores Colegios de Colombia - Colegio Triling\u00fce\",\"description\":\"Colegio Alem\u00e1n  Barranquilla Colombia - Colegio Biling\u00fce - Triling\u00fce - El Mejor Colegio de Colombia\",\"publisher\":{\"@id\":\"https:\/\/ds-barranquilla.org\/#organization\"},\"potentialAction\":[{\"@type\":\"SearchAction\",\"target\":{\"@type\":\"EntryPoint\",\"urlTemplate\":\"https:\/\/ds-barranquilla.org\/?s={search_term_string}\"},\"query-input\":\"required name=search_term_string\"}],\"inLanguage\":\"de\"},{\"@type\":\"Organization\",\"@id\":\"https:\/\/ds-barranquilla.org\/#organization\",\"name\":\"Colegio Alem\u00e1n Barranquilla\",\"url\":\"https:\/\/ds-barranquilla.org\/\",\"logo\":{\"@type\":\"ImageObject\",\"inLanguage\":\"de\",\"@id\":\"https:\/\/ds-barranquilla.org\/#\/schema\/logo\/image\/\",\"url\":\"https:\/\/ds-barranquilla.org\/wp-content\/uploads\/2021\/05\/coleman_logo_2.png\",\"contentUrl\":\"https:\/\/ds-barranquilla.org\/wp-content\/uploads\/2021\/05\/coleman_logo_2.png\",\"width\":418,\"height\":307,\"caption\":\"Colegio Alem\u00e1n Barranquilla\"},\"image\":{\"@id\":\"https:\/\/ds-barranquilla.org\/#\/schema\/logo\/image\/\"},\"sameAs\":[\"https:\/\/www.facebook.com\/ColegioAlemanBaq\/\",\"https:\/\/x.com\/ColegioAlemanBq\",\"https:\/\/www.instagram.com\/colegioalemanbaq\/\",\"https:\/\/www.linkedin.com\/school\/deutsche-schule-barranquilla\/\",\"https:\/\/www.youtube.com\/channel\/UCOOGZQCVs6aYRqIWvSN5agQ\"]},{\"@type\":\"Person\",\"@id\":\"https:\/\/ds-barranquilla.org\/#\/schema\/person\/a3111c59bc6ad33c5975c02a244ec0f9\",\"name\":\"Maria Camila Medina\",\"image\":{\"@type\":\"ImageObject\",\"inLanguage\":\"de\",\"@id\":\"https:\/\/ds-barranquilla.org\/#\/schema\/person\/image\/\",\"url\":\"https:\/\/secure.gravatar.com\/avatar\/ec22389c1edd2f147582875dc845593e?s=96&d=mm&r=g\",\"contentUrl\":\"https:\/\/secure.gravatar.com\/avatar\/ec22389c1edd2f147582875dc845593e?s=96&d=mm&r=g\",\"caption\":\"Maria Camila Medina\"}}]}<\/script>\n<!-- \/ Yoast SEO plugin. -->","yoast_head_json":{"title":"\u00a1En el 2024 tambi\u00e9n vivimos una Navidad Bicultural! - 2026","robots":{"index":"noindex","follow":"follow","max-snippet":"max-snippet:-1","max-image-preview":"max-image-preview:large","max-video-preview":"max-video-preview:-1"},"og_locale":"de_DE","og_type":"article","og_title":"\u00a1En el 2024 tambi\u00e9n vivimos una Navidad Bicultural! - 2026","og_description":"\u00a1En el 2024 tambi\u00e9n vivimos una Navidad Bicultural! Una vez m\u00e1s, la magia de la Navidad lleg\u00f3 a nuestra Biblioteca. Esta vez, con una divertida actividad [\u2026]","og_url":"https:\/\/ds-barranquilla.org\/de\/en-el-2024-tambien-vivimos-una-navidad-bicultural\/","og_site_name":"Colegio Alem\u00e1n - Los Mejores Colegios de Colombia - Colegio Triling\u00fce","article_publisher":"https:\/\/www.facebook.com\/ColegioAlemanBaq\/","article_published_time":"2024-12-12T15:52:17+00:00","article_modified_time":"2025-01-10T15:58:17+00:00","og_image":[{"width":2048,"height":1536,"url":"https:\/\/ds-barranquilla.org\/wp-content\/uploads\/2025\/01\/IMG_3476.jpg","type":"image\/jpeg"}],"author":"Maria Camila Medina","twitter_card":"summary_large_image","twitter_creator":"@ColegioAlemanBq","twitter_site":"@ColegioAlemanBq","twitter_misc":{"Verfasst von":"Maria Camila Medina","Gesch\u00e4tzte Lesezeit":"1\u00a0Minute"},"schema":{"@context":"https:\/\/schema.org","@graph":[{"@type":"Article","@id":"https:\/\/ds-barranquilla.org\/en-el-2024-tambien-vivimos-una-navidad-bicultural\/#article","isPartOf":{"@id":"https:\/\/ds-barranquilla.org\/en-el-2024-tambien-vivimos-una-navidad-bicultural\/"},"author":{"name":"Maria Camila Medina","@id":"https:\/\/ds-barranquilla.org\/#\/schema\/person\/a3111c59bc6ad33c5975c02a244ec0f9"},"headline":"\u00a1En el 2024 tambi\u00e9n vivimos una Navidad Bicultural!","datePublished":"2024-12-12T15:52:17+00:00","dateModified":"2025-01-10T15:58:17+00:00","mainEntityOfPage":{"@id":"https:\/\/ds-barranquilla.org\/en-el-2024-tambien-vivimos-una-navidad-bicultural\/"},"wordCount":156,"commentCount":0,"publisher":{"@id":"https:\/\/ds-barranquilla.org\/#organization"},"image":{"@id":"https:\/\/ds-barranquilla.org\/en-el-2024-tambien-vivimos-una-navidad-bicultural\/#primaryimage"},"thumbnailUrl":"https:\/\/ds-barranquilla.org\/wp-content\/uploads\/2025\/01\/IMG_3476.jpg","articleSection":["2024","Biblioteca","Primaria"],"inLanguage":"de","potentialAction":[{"@type":"CommentAction","name":"Comment","target":["https:\/\/ds-barranquilla.org\/en-el-2024-tambien-vivimos-una-navidad-bicultural\/#respond"]}]},{"@type":"WebPage","@id":"https:\/\/ds-barranquilla.org\/en-el-2024-tambien-vivimos-una-navidad-bicultural\/","url":"https:\/\/ds-barranquilla.org\/en-el-2024-tambien-vivimos-una-navidad-bicultural\/","name":"\u00a1En el 2024 tambi\u00e9n vivimos una Navidad Bicultural! - 2026","isPartOf":{"@id":"https:\/\/ds-barranquilla.org\/#website"},"primaryImageOfPage":{"@id":"https:\/\/ds-barranquilla.org\/en-el-2024-tambien-vivimos-una-navidad-bicultural\/#primaryimage"},"image":{"@id":"https:\/\/ds-barranquilla.org\/en-el-2024-tambien-vivimos-una-navidad-bicultural\/#primaryimage"},"thumbnailUrl":"https:\/\/ds-barranquilla.org\/wp-content\/uploads\/2025\/01\/IMG_3476.jpg","datePublished":"2024-12-12T15:52:17+00:00","dateModified":"2025-01-10T15:58:17+00:00","breadcrumb":{"@id":"https:\/\/ds-barranquilla.org\/en-el-2024-tambien-vivimos-una-navidad-bicultural\/#breadcrumb"},"inLanguage":"de","potentialAction":[{"@type":"ReadAction","target":["https:\/\/ds-barranquilla.org\/en-el-2024-tambien-vivimos-una-navidad-bicultural\/"]}]},{"@type":"ImageObject","inLanguage":"de","@id":"https:\/\/ds-barranquilla.org\/en-el-2024-tambien-vivimos-una-navidad-bicultural\/#primaryimage","url":"https:\/\/ds-barranquilla.org\/wp-content\/uploads\/2025\/01\/IMG_3476.jpg","contentUrl":"https:\/\/ds-barranquilla.org\/wp-content\/uploads\/2025\/01\/IMG_3476.jpg","width":2048,"height":1536},{"@type":"BreadcrumbList","@id":"https:\/\/ds-barranquilla.org\/en-el-2024-tambien-vivimos-una-navidad-bicultural\/#breadcrumb","itemListElement":[{"@type":"ListItem","position":1,"name":"Portada","item":"https:\/\/ds-barranquilla.org\/"},{"@type":"ListItem","position":2,"name":"\u00a1En el 2024 tambi\u00e9n vivimos una Navidad Bicultural!"}]},{"@type":"WebSite","@id":"https:\/\/ds-barranquilla.org\/#website","url":"https:\/\/ds-barranquilla.org\/","name":"Colegio Alem\u00e1n - Los Mejores Colegios de Colombia - Colegio Triling\u00fce","description":"Colegio Alem\u00e1n  Barranquilla Colombia - Colegio Biling\u00fce - Triling\u00fce - El Mejor Colegio de Colombia","publisher":{"@id":"https:\/\/ds-barranquilla.org\/#organization"},"potentialAction":[{"@type":"SearchAction","target":{"@type":"EntryPoint","urlTemplate":"https:\/\/ds-barranquilla.org\/?s={search_term_string}"},"query-input":"required name=search_term_string"}],"inLanguage":"de"},{"@type":"Organization","@id":"https:\/\/ds-barranquilla.org\/#organization","name":"Colegio Alem\u00e1n Barranquilla","url":"https:\/\/ds-barranquilla.org\/","logo":{"@type":"ImageObject","inLanguage":"de","@id":"https:\/\/ds-barranquilla.org\/#\/schema\/logo\/image\/","url":"https:\/\/ds-barranquilla.org\/wp-content\/uploads\/2021\/05\/coleman_logo_2.png","contentUrl":"https:\/\/ds-barranquilla.org\/wp-content\/uploads\/2021\/05\/coleman_logo_2.png","width":418,"height":307,"caption":"Colegio Alem\u00e1n Barranquilla"},"image":{"@id":"https:\/\/ds-barranquilla.org\/#\/schema\/logo\/image\/"},"sameAs":["https:\/\/www.facebook.com\/ColegioAlemanBaq\/","https:\/\/x.com\/ColegioAlemanBq","https:\/\/www.instagram.com\/colegioalemanbaq\/","https:\/\/www.linkedin.com\/school\/deutsche-schule-barranquilla\/","https:\/\/www.youtube.com\/channel\/UCOOGZQCVs6aYRqIWvSN5agQ"]},{"@type":"Person","@id":"https:\/\/ds-barranquilla.org\/#\/schema\/person\/a3111c59bc6ad33c5975c02a244ec0f9","name":"Maria Camila Medina","image":{"@type":"ImageObject","inLanguage":"de","@id":"https:\/\/ds-barranquilla.org\/#\/schema\/person\/image\/","url":"https:\/\/secure.gravatar.com\/avatar\/ec22389c1edd2f147582875dc845593e?s=96&d=mm&r=g","contentUrl":"https:\/\/secure.gravatar.com\/avatar\/ec22389c1edd2f147582875dc845593e?s=96&d=mm&r=g","caption":"Maria Camila Medina"}}]}},"_links":{"self":[{"href":"https:\/\/ds-barranquilla.org\/de\/wp-json\/wp\/v2\/posts\/27782"}],"collection":[{"href":"https:\/\/ds-barranquilla.org\/de\/wp-json\/wp\/v2\/posts"}],"about":[{"href":"https:\/\/ds-barranquilla.org\/de\/wp-json\/wp\/v2\/types\/post"}],"author":[{"embeddable":true,"href":"https:\/\/ds-barranquilla.org\/de\/wp-json\/wp\/v2\/users\/31"}],"replies":[{"embeddable":true,"href":"https:\/\/ds-barranquilla.org\/de\/wp-json\/wp\/v2\/comments?post=27782"}],"version-history":[{"count":5,"href":"https:\/\/ds-barranquilla.org\/de\/wp-json\/wp\/v2\/posts\/27782\/revisions"}],"predecessor-version":[{"id":27792,"href":"https:\/\/ds-barranquilla.org\/de\/wp-json\/wp\/v2\/posts\/27782\/revisions\/27792"}],"wp:featuredmedia":[{"embeddable":true,"href":"https:\/\/ds-barranquilla.org\/de\/wp-json\/wp\/v2\/media\/27784"}],"wp:attachment":[{"href":"https:\/\/ds-barranquilla.org\/de\/wp-json\/wp\/v2\/media?parent=27782"}],"wp:term":[{"taxonomy":"category","embeddable":true,"href":"https:\/\/ds-barranquilla.org\/de\/wp-json\/wp\/v2\/categories?post=27782"},{"taxonomy":"post_tag","embeddable":true,"href":"https:\/\/ds-barranquilla.org\/de\/wp-json\/wp\/v2\/tags?post=27782"}],"curies":[{"name":"wp","href":"https:\/\/api.w.org\/{rel}","templated":true}]}}