{"id":27805,"date":"2024-12-15T11:57:05","date_gmt":"2024-12-15T16:57:05","guid":{"rendered":"https:\/\/ds-barranquilla.org\/?p=27805"},"modified":"2025-01-10T11:59:10","modified_gmt":"2025-01-10T16:59:10","slug":"primera-version-del-einheitstag-la-mejor-forma-de-cerrar-el-2024","status":"publish","type":"post","link":"https:\/\/ds-barranquilla.org\/de\/primera-version-del-einheitstag-la-mejor-forma-de-cerrar-el-2024\/","title":{"rendered":"Primera versi\u00f3n del Einheitstag, la mejor forma de cerrar el 2024"},"content":{"rendered":"<div data-elementor-type=\"wp-post\" data-elementor-id=\"27805\" class=\"elementor elementor-27805\">\n\t\t\t\t\t\t<section class=\"elementor-section elementor-top-section elementor-element elementor-element-a72f0c2 elementor-section-boxed elementor-section-height-default elementor-section-height-default\" data-id=\"a72f0c2\" data-element_type=\"section\">\n\t\t\t\t\t\t<div class=\"elementor-container elementor-column-gap-default\">\n\t\t\t\t\t<div class=\"elementor-column elementor-col-100 elementor-top-column elementor-element elementor-element-e352d7b\" data-id=\"e352d7b\" data-element_type=\"column\">\n\t\t\t<div class=\"elementor-widget-wrap elementor-element-populated\">\n\t\t\t\t\t\t<div class=\"elementor-element elementor-element-174ed94 elementor-widget elementor-widget-heading\" data-id=\"174ed94\" data-element_type=\"widget\" data-widget_type=\"heading.default\">\n\t\t\t\t<div class=\"elementor-widget-container\">\n\t\t\t<style>\/*! elementor - v3.23.0 - 05-08-2024 *\/\n.elementor-heading-title{padding:0;margin:0;line-height:1}.elementor-widget-heading .elementor-heading-title[class*=elementor-size-]>a{color:inherit;font-size:inherit;line-height:inherit}.elementor-widget-heading .elementor-heading-title.elementor-size-small{font-size:15px}.elementor-widget-heading .elementor-heading-title.elementor-size-medium{font-size:19px}.elementor-widget-heading .elementor-heading-title.elementor-size-large{font-size:29px}.elementor-widget-heading .elementor-heading-title.elementor-size-xl{font-size:39px}.elementor-widget-heading .elementor-heading-title.elementor-size-xxl{font-size:59px}<\/style><h2 class=\"elementor-heading-title elementor-size-default\">Primera versi\u00f3n del Einheitstag, la mejor forma de cerrar el 2024<\/h2>\t\t<\/div>\n\t\t\t\t<\/div>\n\t\t\t\t\t<\/div>\n\t\t<\/div>\n\t\t\t\t\t<\/div>\n\t\t<\/section>\n\t\t\t\t<section class=\"elementor-section elementor-top-section elementor-element elementor-element-a2793b2 elementor-section-boxed elementor-section-height-default elementor-section-height-default\" data-id=\"a2793b2\" data-element_type=\"section\">\n\t\t\t\t\t\t<div class=\"elementor-container elementor-column-gap-default\">\n\t\t\t\t\t<div class=\"elementor-column elementor-col-100 elementor-top-column elementor-element elementor-element-5dd191f\" data-id=\"5dd191f\" data-element_type=\"column\">\n\t\t\t<div class=\"elementor-widget-wrap elementor-element-populated\">\n\t\t\t\t\t\t<div class=\"elementor-element elementor-element-befec07 elementor-widget elementor-widget-image\" data-id=\"befec07\" data-element_type=\"widget\" data-widget_type=\"image.default\">\n\t\t\t\t<div class=\"elementor-widget-container\">\n\t\t\t<style>\/*! elementor - v3.23.0 - 05-08-2024 *\/\n.elementor-widget-image{text-align:center}.elementor-widget-image a{display:inline-block}.elementor-widget-image a img[src$=\".svg\"]{width:48px}.elementor-widget-image img{vertical-align:middle;display:inline-block}<\/style>\t\t\t\t\t\t\t\t\t\t<img fetchpriority=\"high\" decoding=\"async\" width=\"1024\" height=\"768\" src=\"https:\/\/ds-barranquilla.org\/wp-content\/uploads\/2025\/01\/image-3-1024x768.png\" class=\"attachment-large size-large wp-image-27811\" alt=\"\" srcset=\"https:\/\/ds-barranquilla.org\/wp-content\/uploads\/2025\/01\/image-3-1024x768.png 1024w, https:\/\/ds-barranquilla.org\/wp-content\/uploads\/2025\/01\/image-3-300x225.png 300w, https:\/\/ds-barranquilla.org\/wp-content\/uploads\/2025\/01\/image-3-768x576.png 768w, https:\/\/ds-barranquilla.org\/wp-content\/uploads\/2025\/01\/image-3-1536x1152.png 1536w, https:\/\/ds-barranquilla.org\/wp-content\/uploads\/2025\/01\/image-3-2048x1536.png 2048w, https:\/\/ds-barranquilla.org\/wp-content\/uploads\/2025\/01\/image-3-16x12.png 16w, https:\/\/ds-barranquilla.org\/wp-content\/uploads\/2025\/01\/image-3-100x75.png 100w, https:\/\/ds-barranquilla.org\/wp-content\/uploads\/2025\/01\/image-3-480x360.png 480w\" sizes=\"(max-width:767px) 480px, (max-width:1024px) 100vw, 1024px\" \/>\t\t\t\t\t\t\t\t\t\t\t\t\t<\/div>\n\t\t\t\t<\/div>\n\t\t\t\t<div class=\"elementor-element elementor-element-844dca7 elementor-widget elementor-widget-text-editor\" data-id=\"844dca7\" data-element_type=\"widget\" data-widget_type=\"text-editor.default\">\n\t\t\t\t<div class=\"elementor-widget-container\">\n\t\t\t<style>\/*! elementor - v3.23.0 - 05-08-2024 *\/\n.elementor-widget-text-editor.elementor-drop-cap-view-stacked .elementor-drop-cap{background-color:#69727d;color:#fff}.elementor-widget-text-editor.elementor-drop-cap-view-framed .elementor-drop-cap{color:#69727d;border:3px solid;background-color:transparent}.elementor-widget-text-editor:not(.elementor-drop-cap-view-default) .elementor-drop-cap{margin-top:8px}.elementor-widget-text-editor:not(.elementor-drop-cap-view-default) .elementor-drop-cap-letter{width:1em;height:1em}.elementor-widget-text-editor .elementor-drop-cap{float:left;text-align:center;line-height:1;font-size:50px}.elementor-widget-text-editor .elementor-drop-cap-letter{display:inline-block}<\/style>\t\t\t\t<p class=\"cvGsUA direction-ltr align-justify para-style-body\"><span class=\"OYPEnA font-feature-liga-off font-feature-clig-off font-feature-calt-off text-decoration-none text-strikethrough-none\">El pasado 13 de diciembre, celebramos por primera vez en nuestro colegio el Einheitstag, fecha hist\u00f3rica de gran significado, al conmemorar la reunificaci\u00f3n de Alemania.<\/span><\/p><p class=\"cvGsUA direction-ltr align-justify para-style-body\"><span class=\"OYPEnA font-feature-liga-off font-feature-clig-off font-feature-calt-off text-decoration-none text-strikethrough-none\">Este evento, organizado por la Personer\u00eda Estudiantil con el apoyo del \u00e1rea de Convivencia, estuvo dirigido a los estudiantes de las Klassen 9 a 12 y fue una jornada llena de aprendizaje, reflexi\u00f3n y valores.<\/span><\/p><p class=\"cvGsUA direction-ltr align-justify para-style-body\"><span class=\"OYPEnA font-feature-liga-off font-feature-clig-off font-feature-calt-off text-decoration-none text-strikethrough-none\">En el marco de esta gran tradici\u00f3n alemana, el Einheitstag reforz\u00f3 nuestra identidad bicultural, promoviendo la unidad, integraci\u00f3n y empat\u00eda entre los miembros de la comunidad escolar. El d\u00eda estuvo enmarcado por diversas actividades deportivas, dise\u00f1adas especialmente para fomentar la uni\u00f3n y el trabajo en equipo, al igual que la hist\u00f3rica reunificaci\u00f3n de Alemania.<\/span><\/p><p class=\"cvGsUA direction-ltr align-justify para-style-body\"><span class=\"OYPEnA font-feature-liga-off font-feature-clig-off font-feature-calt-off text-decoration-none text-strikethrough-none\">Fue un d\u00eda de celebraci\u00f3n que nos permiti\u00f3 reflexionar sobre la importancia de la convivencia arm\u00f3nica y los lazos que nos unen. \u00a1Esperamos seguir celebrando este evento en los a\u00f1os venideros!<\/span><\/p>\t\t\t\t\t\t<\/div>\n\t\t\t\t<\/div>\n\t\t\t\t\t<\/div>\n\t\t<\/div>\n\t\t\t\t\t<\/div>\n\t\t<\/section>\n\t\t\t\t<section class=\"elementor-section elementor-top-section elementor-element elementor-element-76daffa elementor-section-boxed elementor-section-height-default elementor-section-height-default\" data-id=\"76daffa\" data-element_type=\"section\">\n\t\t\t\t\t\t<div class=\"elementor-container elementor-column-gap-default\">\n\t\t\t\t\t<div class=\"elementor-column elementor-col-100 elementor-top-column elementor-element elementor-element-7b108cf\" data-id=\"7b108cf\" data-element_type=\"column\">\n\t\t\t<div class=\"elementor-widget-wrap elementor-element-populated\">\n\t\t\t\t\t\t<div class=\"elementor-element elementor-element-81f9353 elementor-widget elementor-widget-text-editor\" data-id=\"81f9353\" data-element_type=\"widget\" data-widget_type=\"text-editor.default\">\n\t\t\t\t<div class=\"elementor-widget-container\">\n\t\t\t\t\t\t\t<p>Revive el momento<a href=\"https:\/\/www.instagram.com\/p\/DD5GP4lRXAp\/\"> aqu\u00ed<\/a><\/p>\t\t\t\t\t\t<\/div>\n\t\t\t\t<\/div>\n\t\t\t\t\t<\/div>\n\t\t<\/div>\n\t\t\t\t\t<\/div>\n\t\t<\/section>\n\t\t\t\t<section class=\"elementor-section elementor-top-section elementor-element elementor-element-a3389b6 elementor-section-boxed elementor-section-height-default elementor-section-height-default\" data-id=\"a3389b6\" data-element_type=\"section\">\n\t\t\t\t\t\t<div class=\"elementor-container elementor-column-gap-default\">\n\t\t\t\t\t<div class=\"elementor-column elementor-col-50 elementor-top-column elementor-element elementor-element-b85c653\" data-id=\"b85c653\" data-element_type=\"column\">\n\t\t\t<div class=\"elementor-widget-wrap elementor-element-populated\">\n\t\t\t\t\t\t<div class=\"elementor-element elementor-element-8898cc0 elementor-widget elementor-widget-image\" data-id=\"8898cc0\" data-element_type=\"widget\" data-widget_type=\"image.default\">\n\t\t\t\t<div class=\"elementor-widget-container\">\n\t\t\t\t\t\t\t\t\t\t\t\t\t<img decoding=\"async\" width=\"1024\" height=\"768\" src=\"https:\/\/ds-barranquilla.org\/wp-content\/uploads\/2025\/01\/image-2-1024x768.png\" class=\"attachment-large size-large wp-image-27809\" alt=\"\" srcset=\"https:\/\/ds-barranquilla.org\/wp-content\/uploads\/2025\/01\/image-2-1024x768.png 1024w, https:\/\/ds-barranquilla.org\/wp-content\/uploads\/2025\/01\/image-2-300x225.png 300w, https:\/\/ds-barranquilla.org\/wp-content\/uploads\/2025\/01\/image-2-768x576.png 768w, https:\/\/ds-barranquilla.org\/wp-content\/uploads\/2025\/01\/image-2-1536x1152.png 1536w, https:\/\/ds-barranquilla.org\/wp-content\/uploads\/2025\/01\/image-2-2048x1536.png 2048w, https:\/\/ds-barranquilla.org\/wp-content\/uploads\/2025\/01\/image-2-16x12.png 16w, https:\/\/ds-barranquilla.org\/wp-content\/uploads\/2025\/01\/image-2-100x75.png 100w, https:\/\/ds-barranquilla.org\/wp-content\/uploads\/2025\/01\/image-2-480x360.png 480w\" sizes=\"(max-width:767px) 480px, (max-width:1024px) 100vw, 1024px\" \/>\t\t\t\t\t\t\t\t\t\t\t\t\t<\/div>\n\t\t\t\t<\/div>\n\t\t\t\t\t<\/div>\n\t\t<\/div>\n\t\t\t\t<div class=\"elementor-column elementor-col-50 elementor-top-column elementor-element elementor-element-96fd006\" data-id=\"96fd006\" data-element_type=\"column\">\n\t\t\t<div class=\"elementor-widget-wrap elementor-element-populated\">\n\t\t\t\t\t\t<div class=\"elementor-element elementor-element-dd3ad17 elementor-widget elementor-widget-image\" data-id=\"dd3ad17\" data-element_type=\"widget\" data-widget_type=\"image.default\">\n\t\t\t\t<div class=\"elementor-widget-container\">\n\t\t\t\t\t\t\t\t\t\t\t\t\t<img decoding=\"async\" width=\"945\" height=\"683\" src=\"https:\/\/ds-barranquilla.org\/wp-content\/uploads\/2025\/01\/image-1.png\" class=\"attachment-large size-large wp-image-27810\" alt=\"\" srcset=\"https:\/\/ds-barranquilla.org\/wp-content\/uploads\/2025\/01\/image-1.png 945w, https:\/\/ds-barranquilla.org\/wp-content\/uploads\/2025\/01\/image-1-300x217.png 300w, https:\/\/ds-barranquilla.org\/wp-content\/uploads\/2025\/01\/image-1-768x555.png 768w, https:\/\/ds-barranquilla.org\/wp-content\/uploads\/2025\/01\/image-1-18x12.png 18w, https:\/\/ds-barranquilla.org\/wp-content\/uploads\/2025\/01\/image-1-104x75.png 104w, https:\/\/ds-barranquilla.org\/wp-content\/uploads\/2025\/01\/image-1-480x347.png 480w\" sizes=\"(max-width:767px) 480px, (max-width:945px) 100vw, 945px\" \/>\t\t\t\t\t\t\t\t\t\t\t\t\t<\/div>\n\t\t\t\t<\/div>\n\t\t\t\t\t<\/div>\n\t\t<\/div>\n\t\t\t\t\t<\/div>\n\t\t<\/section>\n\t\t\t\t<\/div>","protected":false},"excerpt":{"rendered":"<p>Primera versi\u00f3n del Einheitstag, la mejor forma de cerrar el 2024 El pasado 13 de diciembre, celebramos por primera vez en nuestro colegio el Einheitstag, fecha<span class=\"excerpt-hellip\"> [\u2026]<\/span><\/p>","protected":false},"author":31,"featured_media":27810,"comment_status":"open","ping_status":"open","sticky":false,"template":"","format":"standard","meta":{"_exactmetrics_skip_tracking":false,"_exactmetrics_sitenote_active":false,"_exactmetrics_sitenote_note":"","_exactmetrics_sitenote_category":0,"_joinchat":[],"footnotes":""},"categories":[733,675,674,710],"tags":[],"class_list":["post-27805","post","type-post","status-publish","format-standard","has-post-thumbnail","hentry","category-733","category-eventos","category-lengua-y-cultura-alemana","category-secundaria"],"yoast_head":"<!-- This site is optimized with the Yoast SEO plugin v23.3 - https:\/\/yoast.com\/wordpress\/plugins\/seo\/ -->\n<title>Primera versi\u00f3n del Einheitstag, la mejor forma de cerrar el 2024 - 2026<\/title>\n<meta name=\"robots\" content=\"noindex, follow, max-snippet:-1, max-image-preview:large, max-video-preview:-1\" \/>\n<meta property=\"og:locale\" content=\"de_DE\" \/>\n<meta property=\"og:type\" content=\"article\" \/>\n<meta property=\"og:title\" content=\"Primera versi\u00f3n del Einheitstag, la mejor forma de cerrar el 2024 - 2026\" \/>\n<meta property=\"og:description\" content=\"Primera versi\u00f3n del Einheitstag, la mejor forma de cerrar el 2024 El pasado 13 de diciembre, celebramos por primera vez en nuestro colegio el Einheitstag, fecha [\u2026]\" \/>\n<meta property=\"og:url\" content=\"https:\/\/ds-barranquilla.org\/de\/primera-version-del-einheitstag-la-mejor-forma-de-cerrar-el-2024\/\" \/>\n<meta property=\"og:site_name\" content=\"Colegio Alem\u00e1n - Los Mejores Colegios de Colombia - Colegio Triling\u00fce\" \/>\n<meta property=\"article:publisher\" content=\"https:\/\/www.facebook.com\/ColegioAlemanBaq\/\" \/>\n<meta property=\"article:published_time\" content=\"2024-12-15T16:57:05+00:00\" \/>\n<meta property=\"article:modified_time\" content=\"2025-01-10T16:59:10+00:00\" \/>\n<meta property=\"og:image\" content=\"https:\/\/ds-barranquilla.org\/wp-content\/uploads\/2025\/01\/image-1.png\" \/>\n\t<meta property=\"og:image:width\" content=\"945\" \/>\n\t<meta property=\"og:image:height\" content=\"683\" \/>\n\t<meta property=\"og:image:type\" content=\"image\/png\" \/>\n<meta name=\"author\" content=\"Maria Camila Medina\" \/>\n<meta name=\"twitter:card\" content=\"summary_large_image\" \/>\n<meta name=\"twitter:creator\" content=\"@ColegioAlemanBq\" \/>\n<meta name=\"twitter:site\" content=\"@ColegioAlemanBq\" \/>\n<meta name=\"twitter:label1\" content=\"Verfasst von\" \/>\n\t<meta name=\"twitter:data1\" content=\"Maria Camila Medina\" \/>\n\t<meta name=\"twitter:label2\" content=\"Gesch\u00e4tzte Lesezeit\" \/>\n\t<meta name=\"twitter:data2\" content=\"1\u00a0Minute\" \/>\n<script type=\"application\/ld+json\" class=\"yoast-schema-graph\">{\"@context\":\"https:\/\/schema.org\",\"@graph\":[{\"@type\":\"Article\",\"@id\":\"https:\/\/ds-barranquilla.org\/primera-version-del-einheitstag-la-mejor-forma-de-cerrar-el-2024\/#article\",\"isPartOf\":{\"@id\":\"https:\/\/ds-barranquilla.org\/primera-version-del-einheitstag-la-mejor-forma-de-cerrar-el-2024\/\"},\"author\":{\"name\":\"Maria Camila Medina\",\"@id\":\"https:\/\/ds-barranquilla.org\/#\/schema\/person\/a3111c59bc6ad33c5975c02a244ec0f9\"},\"headline\":\"Primera versi\u00f3n del Einheitstag, la mejor forma de cerrar el 2024\",\"datePublished\":\"2024-12-15T16:57:05+00:00\",\"dateModified\":\"2025-01-10T16:59:10+00:00\",\"mainEntityOfPage\":{\"@id\":\"https:\/\/ds-barranquilla.org\/primera-version-del-einheitstag-la-mejor-forma-de-cerrar-el-2024\/\"},\"wordCount\":184,\"commentCount\":0,\"publisher\":{\"@id\":\"https:\/\/ds-barranquilla.org\/#organization\"},\"image\":{\"@id\":\"https:\/\/ds-barranquilla.org\/primera-version-del-einheitstag-la-mejor-forma-de-cerrar-el-2024\/#primaryimage\"},\"thumbnailUrl\":\"https:\/\/ds-barranquilla.org\/wp-content\/uploads\/2025\/01\/image-1.png\",\"articleSection\":[\"2024\",\"Eventos\",\"Lengua y Cultura Alemana\",\"Secundaria\"],\"inLanguage\":\"de\",\"potentialAction\":[{\"@type\":\"CommentAction\",\"name\":\"Comment\",\"target\":[\"https:\/\/ds-barranquilla.org\/primera-version-del-einheitstag-la-mejor-forma-de-cerrar-el-2024\/#respond\"]}]},{\"@type\":\"WebPage\",\"@id\":\"https:\/\/ds-barranquilla.org\/primera-version-del-einheitstag-la-mejor-forma-de-cerrar-el-2024\/\",\"url\":\"https:\/\/ds-barranquilla.org\/primera-version-del-einheitstag-la-mejor-forma-de-cerrar-el-2024\/\",\"name\":\"Primera versi\u00f3n del Einheitstag, la mejor forma de cerrar el 2024 - 2026\",\"isPartOf\":{\"@id\":\"https:\/\/ds-barranquilla.org\/#website\"},\"primaryImageOfPage\":{\"@id\":\"https:\/\/ds-barranquilla.org\/primera-version-del-einheitstag-la-mejor-forma-de-cerrar-el-2024\/#primaryimage\"},\"image\":{\"@id\":\"https:\/\/ds-barranquilla.org\/primera-version-del-einheitstag-la-mejor-forma-de-cerrar-el-2024\/#primaryimage\"},\"thumbnailUrl\":\"https:\/\/ds-barranquilla.org\/wp-content\/uploads\/2025\/01\/image-1.png\",\"datePublished\":\"2024-12-15T16:57:05+00:00\",\"dateModified\":\"2025-01-10T16:59:10+00:00\",\"breadcrumb\":{\"@id\":\"https:\/\/ds-barranquilla.org\/primera-version-del-einheitstag-la-mejor-forma-de-cerrar-el-2024\/#breadcrumb\"},\"inLanguage\":\"de\",\"potentialAction\":[{\"@type\":\"ReadAction\",\"target\":[\"https:\/\/ds-barranquilla.org\/primera-version-del-einheitstag-la-mejor-forma-de-cerrar-el-2024\/\"]}]},{\"@type\":\"ImageObject\",\"inLanguage\":\"de\",\"@id\":\"https:\/\/ds-barranquilla.org\/primera-version-del-einheitstag-la-mejor-forma-de-cerrar-el-2024\/#primaryimage\",\"url\":\"https:\/\/ds-barranquilla.org\/wp-content\/uploads\/2025\/01\/image-1.png\",\"contentUrl\":\"https:\/\/ds-barranquilla.org\/wp-content\/uploads\/2025\/01\/image-1.png\",\"width\":945,\"height\":683},{\"@type\":\"BreadcrumbList\",\"@id\":\"https:\/\/ds-barranquilla.org\/primera-version-del-einheitstag-la-mejor-forma-de-cerrar-el-2024\/#breadcrumb\",\"itemListElement\":[{\"@type\":\"ListItem\",\"position\":1,\"name\":\"Portada\",\"item\":\"https:\/\/ds-barranquilla.org\/\"},{\"@type\":\"ListItem\",\"position\":2,\"name\":\"Primera versi\u00f3n del Einheitstag, la mejor forma de cerrar el 2024\"}]},{\"@type\":\"WebSite\",\"@id\":\"https:\/\/ds-barranquilla.org\/#website\",\"url\":\"https:\/\/ds-barranquilla.org\/\",\"name\":\"Colegio Alem\u00e1n - Los Mejores Colegios de Colombia - Colegio Triling\u00fce\",\"description\":\"Colegio Alem\u00e1n  Barranquilla Colombia - Colegio Biling\u00fce - Triling\u00fce - El Mejor Colegio de Colombia\",\"publisher\":{\"@id\":\"https:\/\/ds-barranquilla.org\/#organization\"},\"potentialAction\":[{\"@type\":\"SearchAction\",\"target\":{\"@type\":\"EntryPoint\",\"urlTemplate\":\"https:\/\/ds-barranquilla.org\/?s={search_term_string}\"},\"query-input\":\"required name=search_term_string\"}],\"inLanguage\":\"de\"},{\"@type\":\"Organization\",\"@id\":\"https:\/\/ds-barranquilla.org\/#organization\",\"name\":\"Colegio Alem\u00e1n Barranquilla\",\"url\":\"https:\/\/ds-barranquilla.org\/\",\"logo\":{\"@type\":\"ImageObject\",\"inLanguage\":\"de\",\"@id\":\"https:\/\/ds-barranquilla.org\/#\/schema\/logo\/image\/\",\"url\":\"https:\/\/ds-barranquilla.org\/wp-content\/uploads\/2021\/05\/coleman_logo_2.png\",\"contentUrl\":\"https:\/\/ds-barranquilla.org\/wp-content\/uploads\/2021\/05\/coleman_logo_2.png\",\"width\":418,\"height\":307,\"caption\":\"Colegio Alem\u00e1n Barranquilla\"},\"image\":{\"@id\":\"https:\/\/ds-barranquilla.org\/#\/schema\/logo\/image\/\"},\"sameAs\":[\"https:\/\/www.facebook.com\/ColegioAlemanBaq\/\",\"https:\/\/x.com\/ColegioAlemanBq\",\"https:\/\/www.instagram.com\/colegioalemanbaq\/\",\"https:\/\/www.linkedin.com\/school\/deutsche-schule-barranquilla\/\",\"https:\/\/www.youtube.com\/channel\/UCOOGZQCVs6aYRqIWvSN5agQ\"]},{\"@type\":\"Person\",\"@id\":\"https:\/\/ds-barranquilla.org\/#\/schema\/person\/a3111c59bc6ad33c5975c02a244ec0f9\",\"name\":\"Maria Camila Medina\",\"image\":{\"@type\":\"ImageObject\",\"inLanguage\":\"de\",\"@id\":\"https:\/\/ds-barranquilla.org\/#\/schema\/person\/image\/\",\"url\":\"https:\/\/secure.gravatar.com\/avatar\/ec22389c1edd2f147582875dc845593e?s=96&d=mm&r=g\",\"contentUrl\":\"https:\/\/secure.gravatar.com\/avatar\/ec22389c1edd2f147582875dc845593e?s=96&d=mm&r=g\",\"caption\":\"Maria Camila Medina\"}}]}<\/script>\n<!-- \/ Yoast SEO plugin. -->","yoast_head_json":{"title":"Primera versi\u00f3n del Einheitstag, la mejor forma de cerrar el 2024 - 2026","robots":{"index":"noindex","follow":"follow","max-snippet":"max-snippet:-1","max-image-preview":"max-image-preview:large","max-video-preview":"max-video-preview:-1"},"og_locale":"de_DE","og_type":"article","og_title":"Primera versi\u00f3n del Einheitstag, la mejor forma de cerrar el 2024 - 2026","og_description":"Primera versi\u00f3n del Einheitstag, la mejor forma de cerrar el 2024 El pasado 13 de diciembre, celebramos por primera vez en nuestro colegio el Einheitstag, fecha [\u2026]","og_url":"https:\/\/ds-barranquilla.org\/de\/primera-version-del-einheitstag-la-mejor-forma-de-cerrar-el-2024\/","og_site_name":"Colegio Alem\u00e1n - Los Mejores Colegios de Colombia - Colegio Triling\u00fce","article_publisher":"https:\/\/www.facebook.com\/ColegioAlemanBaq\/","article_published_time":"2024-12-15T16:57:05+00:00","article_modified_time":"2025-01-10T16:59:10+00:00","og_image":[{"width":945,"height":683,"url":"https:\/\/ds-barranquilla.org\/wp-content\/uploads\/2025\/01\/image-1.png","type":"image\/png"}],"author":"Maria Camila Medina","twitter_card":"summary_large_image","twitter_creator":"@ColegioAlemanBq","twitter_site":"@ColegioAlemanBq","twitter_misc":{"Verfasst von":"Maria Camila Medina","Gesch\u00e4tzte Lesezeit":"1\u00a0Minute"},"schema":{"@context":"https:\/\/schema.org","@graph":[{"@type":"Article","@id":"https:\/\/ds-barranquilla.org\/primera-version-del-einheitstag-la-mejor-forma-de-cerrar-el-2024\/#article","isPartOf":{"@id":"https:\/\/ds-barranquilla.org\/primera-version-del-einheitstag-la-mejor-forma-de-cerrar-el-2024\/"},"author":{"name":"Maria Camila Medina","@id":"https:\/\/ds-barranquilla.org\/#\/schema\/person\/a3111c59bc6ad33c5975c02a244ec0f9"},"headline":"Primera versi\u00f3n del Einheitstag, la mejor forma de cerrar el 2024","datePublished":"2024-12-15T16:57:05+00:00","dateModified":"2025-01-10T16:59:10+00:00","mainEntityOfPage":{"@id":"https:\/\/ds-barranquilla.org\/primera-version-del-einheitstag-la-mejor-forma-de-cerrar-el-2024\/"},"wordCount":184,"commentCount":0,"publisher":{"@id":"https:\/\/ds-barranquilla.org\/#organization"},"image":{"@id":"https:\/\/ds-barranquilla.org\/primera-version-del-einheitstag-la-mejor-forma-de-cerrar-el-2024\/#primaryimage"},"thumbnailUrl":"https:\/\/ds-barranquilla.org\/wp-content\/uploads\/2025\/01\/image-1.png","articleSection":["2024","Eventos","Lengua y Cultura Alemana","Secundaria"],"inLanguage":"de","potentialAction":[{"@type":"CommentAction","name":"Comment","target":["https:\/\/ds-barranquilla.org\/primera-version-del-einheitstag-la-mejor-forma-de-cerrar-el-2024\/#respond"]}]},{"@type":"WebPage","@id":"https:\/\/ds-barranquilla.org\/primera-version-del-einheitstag-la-mejor-forma-de-cerrar-el-2024\/","url":"https:\/\/ds-barranquilla.org\/primera-version-del-einheitstag-la-mejor-forma-de-cerrar-el-2024\/","name":"Primera versi\u00f3n del Einheitstag, la mejor forma de cerrar el 2024 - 2026","isPartOf":{"@id":"https:\/\/ds-barranquilla.org\/#website"},"primaryImageOfPage":{"@id":"https:\/\/ds-barranquilla.org\/primera-version-del-einheitstag-la-mejor-forma-de-cerrar-el-2024\/#primaryimage"},"image":{"@id":"https:\/\/ds-barranquilla.org\/primera-version-del-einheitstag-la-mejor-forma-de-cerrar-el-2024\/#primaryimage"},"thumbnailUrl":"https:\/\/ds-barranquilla.org\/wp-content\/uploads\/2025\/01\/image-1.png","datePublished":"2024-12-15T16:57:05+00:00","dateModified":"2025-01-10T16:59:10+00:00","breadcrumb":{"@id":"https:\/\/ds-barranquilla.org\/primera-version-del-einheitstag-la-mejor-forma-de-cerrar-el-2024\/#breadcrumb"},"inLanguage":"de","potentialAction":[{"@type":"ReadAction","target":["https:\/\/ds-barranquilla.org\/primera-version-del-einheitstag-la-mejor-forma-de-cerrar-el-2024\/"]}]},{"@type":"ImageObject","inLanguage":"de","@id":"https:\/\/ds-barranquilla.org\/primera-version-del-einheitstag-la-mejor-forma-de-cerrar-el-2024\/#primaryimage","url":"https:\/\/ds-barranquilla.org\/wp-content\/uploads\/2025\/01\/image-1.png","contentUrl":"https:\/\/ds-barranquilla.org\/wp-content\/uploads\/2025\/01\/image-1.png","width":945,"height":683},{"@type":"BreadcrumbList","@id":"https:\/\/ds-barranquilla.org\/primera-version-del-einheitstag-la-mejor-forma-de-cerrar-el-2024\/#breadcrumb","itemListElement":[{"@type":"ListItem","position":1,"name":"Portada","item":"https:\/\/ds-barranquilla.org\/"},{"@type":"ListItem","position":2,"name":"Primera versi\u00f3n del Einheitstag, la mejor forma de cerrar el 2024"}]},{"@type":"WebSite","@id":"https:\/\/ds-barranquilla.org\/#website","url":"https:\/\/ds-barranquilla.org\/","name":"Colegio Alem\u00e1n - Los Mejores Colegios de Colombia - Colegio Triling\u00fce","description":"Colegio Alem\u00e1n  Barranquilla Colombia - Colegio Biling\u00fce - Triling\u00fce - El Mejor Colegio de Colombia","publisher":{"@id":"https:\/\/ds-barranquilla.org\/#organization"},"potentialAction":[{"@type":"SearchAction","target":{"@type":"EntryPoint","urlTemplate":"https:\/\/ds-barranquilla.org\/?s={search_term_string}"},"query-input":"required name=search_term_string"}],"inLanguage":"de"},{"@type":"Organization","@id":"https:\/\/ds-barranquilla.org\/#organization","name":"Colegio Alem\u00e1n Barranquilla","url":"https:\/\/ds-barranquilla.org\/","logo":{"@type":"ImageObject","inLanguage":"de","@id":"https:\/\/ds-barranquilla.org\/#\/schema\/logo\/image\/","url":"https:\/\/ds-barranquilla.org\/wp-content\/uploads\/2021\/05\/coleman_logo_2.png","contentUrl":"https:\/\/ds-barranquilla.org\/wp-content\/uploads\/2021\/05\/coleman_logo_2.png","width":418,"height":307,"caption":"Colegio Alem\u00e1n Barranquilla"},"image":{"@id":"https:\/\/ds-barranquilla.org\/#\/schema\/logo\/image\/"},"sameAs":["https:\/\/www.facebook.com\/ColegioAlemanBaq\/","https:\/\/x.com\/ColegioAlemanBq","https:\/\/www.instagram.com\/colegioalemanbaq\/","https:\/\/www.linkedin.com\/school\/deutsche-schule-barranquilla\/","https:\/\/www.youtube.com\/channel\/UCOOGZQCVs6aYRqIWvSN5agQ"]},{"@type":"Person","@id":"https:\/\/ds-barranquilla.org\/#\/schema\/person\/a3111c59bc6ad33c5975c02a244ec0f9","name":"Maria Camila Medina","image":{"@type":"ImageObject","inLanguage":"de","@id":"https:\/\/ds-barranquilla.org\/#\/schema\/person\/image\/","url":"https:\/\/secure.gravatar.com\/avatar\/ec22389c1edd2f147582875dc845593e?s=96&d=mm&r=g","contentUrl":"https:\/\/secure.gravatar.com\/avatar\/ec22389c1edd2f147582875dc845593e?s=96&d=mm&r=g","caption":"Maria Camila Medina"}}]}},"_links":{"self":[{"href":"https:\/\/ds-barranquilla.org\/de\/wp-json\/wp\/v2\/posts\/27805"}],"collection":[{"href":"https:\/\/ds-barranquilla.org\/de\/wp-json\/wp\/v2\/posts"}],"about":[{"href":"https:\/\/ds-barranquilla.org\/de\/wp-json\/wp\/v2\/types\/post"}],"author":[{"embeddable":true,"href":"https:\/\/ds-barranquilla.org\/de\/wp-json\/wp\/v2\/users\/31"}],"replies":[{"embeddable":true,"href":"https:\/\/ds-barranquilla.org\/de\/wp-json\/wp\/v2\/comments?post=27805"}],"version-history":[{"count":6,"href":"https:\/\/ds-barranquilla.org\/de\/wp-json\/wp\/v2\/posts\/27805\/revisions"}],"predecessor-version":[{"id":27815,"href":"https:\/\/ds-barranquilla.org\/de\/wp-json\/wp\/v2\/posts\/27805\/revisions\/27815"}],"wp:featuredmedia":[{"embeddable":true,"href":"https:\/\/ds-barranquilla.org\/de\/wp-json\/wp\/v2\/media\/27810"}],"wp:attachment":[{"href":"https:\/\/ds-barranquilla.org\/de\/wp-json\/wp\/v2\/media?parent=27805"}],"wp:term":[{"taxonomy":"category","embeddable":true,"href":"https:\/\/ds-barranquilla.org\/de\/wp-json\/wp\/v2\/categories?post=27805"},{"taxonomy":"post_tag","embeddable":true,"href":"https:\/\/ds-barranquilla.org\/de\/wp-json\/wp\/v2\/tags?post=27805"}],"curies":[{"name":"wp","href":"https:\/\/api.w.org\/{rel}","templated":true}]}}