{"id":28212,"date":"2025-05-12T15:59:52","date_gmt":"2025-05-12T20:59:52","guid":{"rendered":"https:\/\/ds-barranquilla.org\/?p=28212"},"modified":"2025-09-18T13:21:46","modified_gmt":"2025-09-18T18:21:46","slug":"de-la-mano-de-nuestro-seguimos-fortaleciendo-los-procesos-de-evaluacion-en-nuestro-colegio","status":"publish","type":"post","link":"https:\/\/ds-barranquilla.org\/de\/de-la-mano-de-nuestro-seguimos-fortaleciendo-los-procesos-de-evaluacion-en-nuestro-colegio\/","title":{"rendered":"Steuergruppe lidera encuentros para fortalecer la pol\u00edtica de evaluaci\u00f3n docente en el Colegio Alem\u00e1n de Barranquilla"},"content":{"rendered":"<div data-elementor-type=\"wp-post\" data-elementor-id=\"28212\" class=\"elementor elementor-28212\">\n\t\t\t\t\t\t<section class=\"elementor-section elementor-top-section elementor-element elementor-element-dd73df4 elementor-section-boxed elementor-section-height-default elementor-section-height-default\" data-id=\"dd73df4\" data-element_type=\"section\">\n\t\t\t\t\t\t<div class=\"elementor-container elementor-column-gap-default\">\n\t\t\t\t\t<div class=\"elementor-column elementor-col-100 elementor-top-column elementor-element elementor-element-b4c83b1\" data-id=\"b4c83b1\" data-element_type=\"column\">\n\t\t\t<div class=\"elementor-widget-wrap elementor-element-populated\">\n\t\t\t\t\t\t<div class=\"elementor-element elementor-element-6dd8810 elementor-widget elementor-widget-heading\" data-id=\"6dd8810\" data-element_type=\"widget\" data-widget_type=\"heading.default\">\n\t\t\t\t<div class=\"elementor-widget-container\">\n\t\t\t<style>\/*! elementor - v3.23.0 - 05-08-2024 *\/\n.elementor-heading-title{padding:0;margin:0;line-height:1}.elementor-widget-heading .elementor-heading-title[class*=elementor-size-]>a{color:inherit;font-size:inherit;line-height:inherit}.elementor-widget-heading .elementor-heading-title.elementor-size-small{font-size:15px}.elementor-widget-heading .elementor-heading-title.elementor-size-medium{font-size:19px}.elementor-widget-heading .elementor-heading-title.elementor-size-large{font-size:29px}.elementor-widget-heading .elementor-heading-title.elementor-size-xl{font-size:39px}.elementor-widget-heading .elementor-heading-title.elementor-size-xxl{font-size:59px}<\/style><h2 class=\"elementor-heading-title elementor-size-default\">Steuergruppe lidera encuentros para fortalecer la pol\u00edtica de evaluaci\u00f3n docente en el Colegio Alem\u00e1n de Barranquilla<\/h2>\t\t<\/div>\n\t\t\t\t<\/div>\n\t\t\t\t\t<\/div>\n\t\t<\/div>\n\t\t\t\t\t<\/div>\n\t\t<\/section>\n\t\t\t\t<section class=\"elementor-section elementor-top-section elementor-element elementor-element-4c99294 elementor-section-boxed elementor-section-height-default elementor-section-height-default\" data-id=\"4c99294\" data-element_type=\"section\">\n\t\t\t\t\t\t<div class=\"elementor-container elementor-column-gap-default\">\n\t\t\t\t\t<div class=\"elementor-column elementor-col-100 elementor-top-column elementor-element elementor-element-cf9b016\" data-id=\"cf9b016\" data-element_type=\"column\">\n\t\t\t<div class=\"elementor-widget-wrap elementor-element-populated\">\n\t\t\t\t\t\t<div class=\"elementor-element elementor-element-d67802d elementor-widget elementor-widget-text-editor\" data-id=\"d67802d\" data-element_type=\"widget\" data-widget_type=\"text-editor.default\">\n\t\t\t\t<div class=\"elementor-widget-container\">\n\t\t\t<style>\/*! elementor - v3.23.0 - 05-08-2024 *\/\n.elementor-widget-text-editor.elementor-drop-cap-view-stacked .elementor-drop-cap{background-color:#69727d;color:#fff}.elementor-widget-text-editor.elementor-drop-cap-view-framed .elementor-drop-cap{color:#69727d;border:3px solid;background-color:transparent}.elementor-widget-text-editor:not(.elementor-drop-cap-view-default) .elementor-drop-cap{margin-top:8px}.elementor-widget-text-editor:not(.elementor-drop-cap-view-default) .elementor-drop-cap-letter{width:1em;height:1em}.elementor-widget-text-editor .elementor-drop-cap{float:left;text-align:center;line-height:1;font-size:50px}.elementor-widget-text-editor .elementor-drop-cap-letter{display:inline-block}<\/style>\t\t\t\t<p><em>Encuentros liderados por nuestro Steuergruppe fortalecen la comprensi\u00f3n y aplicaci\u00f3n de la pol\u00edtica de evaluaci\u00f3n entre docentes nuevos.<\/em><\/p>\t\t\t\t\t\t<\/div>\n\t\t\t\t<\/div>\n\t\t\t\t\t<\/div>\n\t\t<\/div>\n\t\t\t\t\t<\/div>\n\t\t<\/section>\n\t\t\t\t<section class=\"elementor-section elementor-top-section elementor-element elementor-element-4e2c5e9 elementor-section-boxed elementor-section-height-default elementor-section-height-default\" data-id=\"4e2c5e9\" data-element_type=\"section\">\n\t\t\t\t\t\t<div class=\"elementor-container elementor-column-gap-default\">\n\t\t\t\t\t<div class=\"elementor-column elementor-col-100 elementor-top-column elementor-element elementor-element-ada6619\" data-id=\"ada6619\" data-element_type=\"column\">\n\t\t\t<div class=\"elementor-widget-wrap elementor-element-populated\">\n\t\t\t\t\t\t<div class=\"elementor-element elementor-element-37ad12d elementor-widget elementor-widget-image\" data-id=\"37ad12d\" data-element_type=\"widget\" data-widget_type=\"image.default\">\n\t\t\t\t<div class=\"elementor-widget-container\">\n\t\t\t<style>\/*! elementor - v3.23.0 - 05-08-2024 *\/\n.elementor-widget-image{text-align:center}.elementor-widget-image a{display:inline-block}.elementor-widget-image a img[src$=\".svg\"]{width:48px}.elementor-widget-image img{vertical-align:middle;display:inline-block}<\/style>\t\t\t\t\t\t\t\t\t\t<img fetchpriority=\"high\" decoding=\"async\" width=\"1024\" height=\"473\" src=\"https:\/\/ds-barranquilla.org\/wp-content\/uploads\/2025\/05\/Nota-Steuergruppe-2-1024x473.png\" class=\"attachment-large size-large wp-image-28214\" alt=\"\" srcset=\"https:\/\/ds-barranquilla.org\/wp-content\/uploads\/2025\/05\/Nota-Steuergruppe-2-1024x473.png 1024w, https:\/\/ds-barranquilla.org\/wp-content\/uploads\/2025\/05\/Nota-Steuergruppe-2-300x138.png 300w, https:\/\/ds-barranquilla.org\/wp-content\/uploads\/2025\/05\/Nota-Steuergruppe-2-768x354.png 768w, https:\/\/ds-barranquilla.org\/wp-content\/uploads\/2025\/05\/Nota-Steuergruppe-2-1536x709.png 1536w, https:\/\/ds-barranquilla.org\/wp-content\/uploads\/2025\/05\/Nota-Steuergruppe-2-18x8.png 18w, https:\/\/ds-barranquilla.org\/wp-content\/uploads\/2025\/05\/Nota-Steuergruppe-2-150x69.png 150w, https:\/\/ds-barranquilla.org\/wp-content\/uploads\/2025\/05\/Nota-Steuergruppe-2-480x222.png 480w, https:\/\/ds-barranquilla.org\/wp-content\/uploads\/2025\/05\/Nota-Steuergruppe-2.png 1545w\" sizes=\"(max-width:767px) 480px, (max-width:1024px) 100vw, 1024px\" \/>\t\t\t\t\t\t\t\t\t\t\t\t\t<\/div>\n\t\t\t\t<\/div>\n\t\t\t\t\t<\/div>\n\t\t<\/div>\n\t\t\t\t\t<\/div>\n\t\t<\/section>\n\t\t\t\t<section class=\"elementor-section elementor-top-section elementor-element elementor-element-a1340e3 elementor-section-boxed elementor-section-height-default elementor-section-height-default\" data-id=\"a1340e3\" data-element_type=\"section\">\n\t\t\t\t\t\t<div class=\"elementor-container elementor-column-gap-default\">\n\t\t\t\t\t<div class=\"elementor-column elementor-col-100 elementor-top-column elementor-element elementor-element-5cf058f\" data-id=\"5cf058f\" data-element_type=\"column\">\n\t\t\t<div class=\"elementor-widget-wrap elementor-element-populated\">\n\t\t\t\t\t\t<div class=\"elementor-element elementor-element-3d7b644 elementor-widget elementor-widget-text-editor\" data-id=\"3d7b644\" data-element_type=\"widget\" data-widget_type=\"text-editor.default\">\n\t\t\t\t<div class=\"elementor-widget-container\">\n\t\t\t\t\t\t\t<div data-olk-copy-source=\"MessageBody\">En el marco de nuestro compromiso institucional por una mejora continua, durante este a\u00f1o escolar el Steuergruppe ha venido liderando una serie de encuentros dirigidos a los nuevos docentes de Primaria y Secundaria, con el objetivo de socializar y profundizar en la pol\u00edtica de evaluaci\u00f3n escolar.<\/div><div>\u00a0<\/div><div>El Steuergruppe (P\u00e4dagogisches Qualit\u00e4tsmanagement), creado en nuestro colegio en 2010, es el grupo encargado de gestionar y mantener procesos que garanticen el desarrollo de la calidad educativa. En ese sentido, estos espacios han propiciado una reflexi\u00f3n cr\u00edtica y constructiva en torno a los principios y lineamientos que gu\u00edan los procesos de evaluaci\u00f3n en nuestra comunidad educativa.<\/div>\t\t\t\t\t\t<\/div>\n\t\t\t\t<\/div>\n\t\t\t\t\t<\/div>\n\t\t<\/div>\n\t\t\t\t\t<\/div>\n\t\t<\/section>\n\t\t\t\t<section class=\"elementor-section elementor-top-section elementor-element elementor-element-8a9ed27 elementor-section-boxed elementor-section-height-default elementor-section-height-default\" data-id=\"8a9ed27\" data-element_type=\"section\">\n\t\t\t\t\t\t<div class=\"elementor-container elementor-column-gap-default\">\n\t\t\t\t\t<div class=\"elementor-column elementor-col-100 elementor-top-column elementor-element elementor-element-9076ce9\" data-id=\"9076ce9\" data-element_type=\"column\">\n\t\t\t<div class=\"elementor-widget-wrap elementor-element-populated\">\n\t\t\t\t\t\t<div class=\"elementor-element elementor-element-5aaf0bb elementor-widget elementor-widget-image\" data-id=\"5aaf0bb\" data-element_type=\"widget\" data-widget_type=\"image.default\">\n\t\t\t\t<div class=\"elementor-widget-container\">\n\t\t\t\t\t\t\t\t\t\t\t\t\t<img decoding=\"async\" width=\"1024\" height=\"614\" src=\"https:\/\/ds-barranquilla.org\/wp-content\/uploads\/2025\/05\/Nota-Steuergruppe-1-1024x614.png\" class=\"attachment-large size-large wp-image-28216\" alt=\"\" srcset=\"https:\/\/ds-barranquilla.org\/wp-content\/uploads\/2025\/05\/Nota-Steuergruppe-1-1024x614.png 1024w, https:\/\/ds-barranquilla.org\/wp-content\/uploads\/2025\/05\/Nota-Steuergruppe-1-300x180.png 300w, https:\/\/ds-barranquilla.org\/wp-content\/uploads\/2025\/05\/Nota-Steuergruppe-1-768x460.png 768w, https:\/\/ds-barranquilla.org\/wp-content\/uploads\/2025\/05\/Nota-Steuergruppe-1-18x12.png 18w, https:\/\/ds-barranquilla.org\/wp-content\/uploads\/2025\/05\/Nota-Steuergruppe-1-125x75.png 125w, https:\/\/ds-barranquilla.org\/wp-content\/uploads\/2025\/05\/Nota-Steuergruppe-1-480x288.png 480w, https:\/\/ds-barranquilla.org\/wp-content\/uploads\/2025\/05\/Nota-Steuergruppe-1.png 1433w\" sizes=\"(max-width:767px) 480px, (max-width:1024px) 100vw, 1024px\" \/>\t\t\t\t\t\t\t\t\t\t\t\t\t<\/div>\n\t\t\t\t<\/div>\n\t\t\t\t\t<\/div>\n\t\t<\/div>\n\t\t\t\t\t<\/div>\n\t\t<\/section>\n\t\t\t\t<section class=\"elementor-section elementor-top-section elementor-element elementor-element-d1d1a24 elementor-section-boxed elementor-section-height-default elementor-section-height-default\" data-id=\"d1d1a24\" data-element_type=\"section\">\n\t\t\t\t\t\t<div class=\"elementor-container elementor-column-gap-default\">\n\t\t\t\t\t<div class=\"elementor-column elementor-col-100 elementor-top-column elementor-element elementor-element-44860af\" data-id=\"44860af\" data-element_type=\"column\">\n\t\t\t<div class=\"elementor-widget-wrap elementor-element-populated\">\n\t\t\t\t\t\t<div class=\"elementor-element elementor-element-0685848 elementor-widget elementor-widget-text-editor\" data-id=\"0685848\" data-element_type=\"widget\" data-widget_type=\"text-editor.default\">\n\t\t\t\t<div class=\"elementor-widget-container\">\n\t\t\t\t\t\t\t<div data-olk-copy-source=\"MessageBody\">Adem\u00e1s de resolver inquietudes, los participantes han logrado compartir experiencias, intercambiar buenas pr\u00e1cticas y avanzar hacia una comprensi\u00f3n com\u00fan que favorezca una implementaci\u00f3n coherente de la pol\u00edtica de evaluaci\u00f3n en el aula. Esta iniciativa del Steuergruppe ha sido clave para acompa\u00f1ar a los nuevos docentes en su integraci\u00f3n a la cultura pedag\u00f3gica del colegio.<\/div><div>\u00a0<\/div><div>A trav\u00e9s de un enfoque colaborativo, se ha promovido una visi\u00f3n compartida de la evaluaci\u00f3n como herramienta formativa, alineada con los objetivos institucionales y centrada en el desarrollo integral de los estudiantes.<\/div>\t\t\t\t\t\t<\/div>\n\t\t\t\t<\/div>\n\t\t\t\t\t<\/div>\n\t\t<\/div>\n\t\t\t\t\t<\/div>\n\t\t<\/section>\n\t\t\t\t<\/div>","protected":false},"excerpt":{"rendered":"<p>Steuergruppe lidera encuentros para fortalecer la pol\u00edtica de evaluaci\u00f3n docente en el Colegio Alem\u00e1n de Barranquilla Encuentros liderados por nuestro Steuergruppe fortalecen la comprensi\u00f3n y aplicaci\u00f3n<span class=\"excerpt-hellip\"> [\u2026]<\/span><\/p>","protected":false},"author":31,"featured_media":28214,"comment_status":"open","ping_status":"open","sticky":false,"template":"","format":"standard","meta":{"_exactmetrics_skip_tracking":false,"_exactmetrics_sitenote_active":false,"_exactmetrics_sitenote_note":"","_exactmetrics_sitenote_category":0,"_joinchat":[],"footnotes":""},"categories":[735,673],"tags":[],"class_list":["post-28212","post","type-post","status-publish","format-standard","has-post-thumbnail","hentry","category-735","category-area-de-aleman"],"yoast_head":"<!-- This site is optimized with the Yoast SEO plugin v23.3 - https:\/\/yoast.com\/wordpress\/plugins\/seo\/ -->\n<title>Steuergruppe lidera encuentros para fortalecer la pol\u00edtica de evaluaci\u00f3n docente en el Colegio Alem\u00e1n de Barranquilla - 2026<\/title>\n<meta name=\"robots\" content=\"noindex, follow, max-snippet:-1, max-image-preview:large, max-video-preview:-1\" \/>\n<meta property=\"og:locale\" content=\"de_DE\" \/>\n<meta property=\"og:type\" content=\"article\" \/>\n<meta property=\"og:title\" content=\"Steuergruppe lidera encuentros para fortalecer la pol\u00edtica de evaluaci\u00f3n docente en el Colegio Alem\u00e1n de Barranquilla - 2026\" \/>\n<meta property=\"og:description\" content=\"Steuergruppe lidera encuentros para fortalecer la pol\u00edtica de evaluaci\u00f3n docente en el Colegio Alem\u00e1n de Barranquilla Encuentros liderados por nuestro Steuergruppe fortalecen la comprensi\u00f3n y aplicaci\u00f3n [\u2026]\" \/>\n<meta property=\"og:url\" content=\"https:\/\/ds-barranquilla.org\/de\/de-la-mano-de-nuestro-seguimos-fortaleciendo-los-procesos-de-evaluacion-en-nuestro-colegio\/\" \/>\n<meta property=\"og:site_name\" content=\"Colegio Alem\u00e1n - Los Mejores Colegios de Colombia - Colegio Triling\u00fce\" \/>\n<meta property=\"article:publisher\" content=\"https:\/\/www.facebook.com\/ColegioAlemanBaq\/\" \/>\n<meta property=\"article:published_time\" content=\"2025-05-12T20:59:52+00:00\" \/>\n<meta property=\"article:modified_time\" content=\"2025-09-18T18:21:46+00:00\" \/>\n<meta property=\"og:image\" content=\"https:\/\/ds-barranquilla.org\/wp-content\/uploads\/2025\/05\/Nota-Steuergruppe-2.png\" \/>\n\t<meta property=\"og:image:width\" content=\"1545\" \/>\n\t<meta property=\"og:image:height\" content=\"713\" \/>\n\t<meta property=\"og:image:type\" content=\"image\/png\" \/>\n<meta name=\"author\" content=\"Maria Camila Medina\" \/>\n<meta name=\"twitter:card\" content=\"summary_large_image\" \/>\n<meta name=\"twitter:creator\" content=\"@ColegioAlemanBq\" \/>\n<meta name=\"twitter:site\" content=\"@ColegioAlemanBq\" \/>\n<meta name=\"twitter:label1\" content=\"Verfasst von\" \/>\n\t<meta name=\"twitter:data1\" content=\"Maria Camila Medina\" \/>\n\t<meta name=\"twitter:label2\" content=\"Gesch\u00e4tzte Lesezeit\" \/>\n\t<meta name=\"twitter:data2\" content=\"1\u00a0Minute\" \/>\n<script type=\"application\/ld+json\" class=\"yoast-schema-graph\">{\"@context\":\"https:\/\/schema.org\",\"@graph\":[{\"@type\":\"Article\",\"@id\":\"https:\/\/ds-barranquilla.org\/de-la-mano-de-nuestro-seguimos-fortaleciendo-los-procesos-de-evaluacion-en-nuestro-colegio\/#article\",\"isPartOf\":{\"@id\":\"https:\/\/ds-barranquilla.org\/de-la-mano-de-nuestro-seguimos-fortaleciendo-los-procesos-de-evaluacion-en-nuestro-colegio\/\"},\"author\":{\"name\":\"Maria Camila Medina\",\"@id\":\"https:\/\/ds-barranquilla.org\/#\/schema\/person\/a3111c59bc6ad33c5975c02a244ec0f9\"},\"headline\":\"Steuergruppe lidera encuentros para fortalecer la pol\u00edtica de evaluaci\u00f3n docente en el Colegio Alem\u00e1n de Barranquilla\",\"datePublished\":\"2025-05-12T20:59:52+00:00\",\"dateModified\":\"2025-09-18T18:21:46+00:00\",\"mainEntityOfPage\":{\"@id\":\"https:\/\/ds-barranquilla.org\/de-la-mano-de-nuestro-seguimos-fortaleciendo-los-procesos-de-evaluacion-en-nuestro-colegio\/\"},\"wordCount\":269,\"commentCount\":0,\"publisher\":{\"@id\":\"https:\/\/ds-barranquilla.org\/#organization\"},\"image\":{\"@id\":\"https:\/\/ds-barranquilla.org\/de-la-mano-de-nuestro-seguimos-fortaleciendo-los-procesos-de-evaluacion-en-nuestro-colegio\/#primaryimage\"},\"thumbnailUrl\":\"https:\/\/ds-barranquilla.org\/wp-content\/uploads\/2025\/05\/Nota-Steuergruppe-2.png\",\"articleSection\":[\"2025\",\"\u00c1rea de Alem\u00e1n\"],\"inLanguage\":\"de\",\"potentialAction\":[{\"@type\":\"CommentAction\",\"name\":\"Comment\",\"target\":[\"https:\/\/ds-barranquilla.org\/de-la-mano-de-nuestro-seguimos-fortaleciendo-los-procesos-de-evaluacion-en-nuestro-colegio\/#respond\"]}]},{\"@type\":\"WebPage\",\"@id\":\"https:\/\/ds-barranquilla.org\/de-la-mano-de-nuestro-seguimos-fortaleciendo-los-procesos-de-evaluacion-en-nuestro-colegio\/\",\"url\":\"https:\/\/ds-barranquilla.org\/de-la-mano-de-nuestro-seguimos-fortaleciendo-los-procesos-de-evaluacion-en-nuestro-colegio\/\",\"name\":\"Steuergruppe lidera encuentros para fortalecer la pol\u00edtica de evaluaci\u00f3n docente en el Colegio Alem\u00e1n de Barranquilla - 2026\",\"isPartOf\":{\"@id\":\"https:\/\/ds-barranquilla.org\/#website\"},\"primaryImageOfPage\":{\"@id\":\"https:\/\/ds-barranquilla.org\/de-la-mano-de-nuestro-seguimos-fortaleciendo-los-procesos-de-evaluacion-en-nuestro-colegio\/#primaryimage\"},\"image\":{\"@id\":\"https:\/\/ds-barranquilla.org\/de-la-mano-de-nuestro-seguimos-fortaleciendo-los-procesos-de-evaluacion-en-nuestro-colegio\/#primaryimage\"},\"thumbnailUrl\":\"https:\/\/ds-barranquilla.org\/wp-content\/uploads\/2025\/05\/Nota-Steuergruppe-2.png\",\"datePublished\":\"2025-05-12T20:59:52+00:00\",\"dateModified\":\"2025-09-18T18:21:46+00:00\",\"breadcrumb\":{\"@id\":\"https:\/\/ds-barranquilla.org\/de-la-mano-de-nuestro-seguimos-fortaleciendo-los-procesos-de-evaluacion-en-nuestro-colegio\/#breadcrumb\"},\"inLanguage\":\"de\",\"potentialAction\":[{\"@type\":\"ReadAction\",\"target\":[\"https:\/\/ds-barranquilla.org\/de-la-mano-de-nuestro-seguimos-fortaleciendo-los-procesos-de-evaluacion-en-nuestro-colegio\/\"]}]},{\"@type\":\"ImageObject\",\"inLanguage\":\"de\",\"@id\":\"https:\/\/ds-barranquilla.org\/de-la-mano-de-nuestro-seguimos-fortaleciendo-los-procesos-de-evaluacion-en-nuestro-colegio\/#primaryimage\",\"url\":\"https:\/\/ds-barranquilla.org\/wp-content\/uploads\/2025\/05\/Nota-Steuergruppe-2.png\",\"contentUrl\":\"https:\/\/ds-barranquilla.org\/wp-content\/uploads\/2025\/05\/Nota-Steuergruppe-2.png\",\"width\":1545,\"height\":713},{\"@type\":\"BreadcrumbList\",\"@id\":\"https:\/\/ds-barranquilla.org\/de-la-mano-de-nuestro-seguimos-fortaleciendo-los-procesos-de-evaluacion-en-nuestro-colegio\/#breadcrumb\",\"itemListElement\":[{\"@type\":\"ListItem\",\"position\":1,\"name\":\"Portada\",\"item\":\"https:\/\/ds-barranquilla.org\/\"},{\"@type\":\"ListItem\",\"position\":2,\"name\":\"Steuergruppe lidera encuentros para fortalecer la pol\u00edtica de evaluaci\u00f3n docente en el Colegio Alem\u00e1n de Barranquilla\"}]},{\"@type\":\"WebSite\",\"@id\":\"https:\/\/ds-barranquilla.org\/#website\",\"url\":\"https:\/\/ds-barranquilla.org\/\",\"name\":\"Colegio Alem\u00e1n - Los Mejores Colegios de Colombia - Colegio Triling\u00fce\",\"description\":\"Colegio Alem\u00e1n  Barranquilla Colombia - Colegio Biling\u00fce - Triling\u00fce - El Mejor Colegio de Colombia\",\"publisher\":{\"@id\":\"https:\/\/ds-barranquilla.org\/#organization\"},\"potentialAction\":[{\"@type\":\"SearchAction\",\"target\":{\"@type\":\"EntryPoint\",\"urlTemplate\":\"https:\/\/ds-barranquilla.org\/?s={search_term_string}\"},\"query-input\":\"required name=search_term_string\"}],\"inLanguage\":\"de\"},{\"@type\":\"Organization\",\"@id\":\"https:\/\/ds-barranquilla.org\/#organization\",\"name\":\"Colegio Alem\u00e1n Barranquilla\",\"url\":\"https:\/\/ds-barranquilla.org\/\",\"logo\":{\"@type\":\"ImageObject\",\"inLanguage\":\"de\",\"@id\":\"https:\/\/ds-barranquilla.org\/#\/schema\/logo\/image\/\",\"url\":\"https:\/\/ds-barranquilla.org\/wp-content\/uploads\/2021\/05\/coleman_logo_2.png\",\"contentUrl\":\"https:\/\/ds-barranquilla.org\/wp-content\/uploads\/2021\/05\/coleman_logo_2.png\",\"width\":418,\"height\":307,\"caption\":\"Colegio Alem\u00e1n Barranquilla\"},\"image\":{\"@id\":\"https:\/\/ds-barranquilla.org\/#\/schema\/logo\/image\/\"},\"sameAs\":[\"https:\/\/www.facebook.com\/ColegioAlemanBaq\/\",\"https:\/\/x.com\/ColegioAlemanBq\",\"https:\/\/www.instagram.com\/colegioalemanbaq\/\",\"https:\/\/www.linkedin.com\/school\/deutsche-schule-barranquilla\/\",\"https:\/\/www.youtube.com\/channel\/UCOOGZQCVs6aYRqIWvSN5agQ\"]},{\"@type\":\"Person\",\"@id\":\"https:\/\/ds-barranquilla.org\/#\/schema\/person\/a3111c59bc6ad33c5975c02a244ec0f9\",\"name\":\"Maria Camila Medina\",\"image\":{\"@type\":\"ImageObject\",\"inLanguage\":\"de\",\"@id\":\"https:\/\/ds-barranquilla.org\/#\/schema\/person\/image\/\",\"url\":\"https:\/\/secure.gravatar.com\/avatar\/ec22389c1edd2f147582875dc845593e?s=96&d=mm&r=g\",\"contentUrl\":\"https:\/\/secure.gravatar.com\/avatar\/ec22389c1edd2f147582875dc845593e?s=96&d=mm&r=g\",\"caption\":\"Maria Camila Medina\"}}]}<\/script>\n<!-- \/ Yoast SEO plugin. -->","yoast_head_json":{"title":"Steuergruppe lidera encuentros para fortalecer la pol\u00edtica de evaluaci\u00f3n docente en el Colegio Alem\u00e1n de Barranquilla - 2026","robots":{"index":"noindex","follow":"follow","max-snippet":"max-snippet:-1","max-image-preview":"max-image-preview:large","max-video-preview":"max-video-preview:-1"},"og_locale":"de_DE","og_type":"article","og_title":"Steuergruppe lidera encuentros para fortalecer la pol\u00edtica de evaluaci\u00f3n docente en el Colegio Alem\u00e1n de Barranquilla - 2026","og_description":"Steuergruppe lidera encuentros para fortalecer la pol\u00edtica de evaluaci\u00f3n docente en el Colegio Alem\u00e1n de Barranquilla Encuentros liderados por nuestro Steuergruppe fortalecen la comprensi\u00f3n y aplicaci\u00f3n [\u2026]","og_url":"https:\/\/ds-barranquilla.org\/de\/de-la-mano-de-nuestro-seguimos-fortaleciendo-los-procesos-de-evaluacion-en-nuestro-colegio\/","og_site_name":"Colegio Alem\u00e1n - Los Mejores Colegios de Colombia - Colegio Triling\u00fce","article_publisher":"https:\/\/www.facebook.com\/ColegioAlemanBaq\/","article_published_time":"2025-05-12T20:59:52+00:00","article_modified_time":"2025-09-18T18:21:46+00:00","og_image":[{"width":1545,"height":713,"url":"https:\/\/ds-barranquilla.org\/wp-content\/uploads\/2025\/05\/Nota-Steuergruppe-2.png","type":"image\/png"}],"author":"Maria Camila Medina","twitter_card":"summary_large_image","twitter_creator":"@ColegioAlemanBq","twitter_site":"@ColegioAlemanBq","twitter_misc":{"Verfasst von":"Maria Camila Medina","Gesch\u00e4tzte Lesezeit":"1\u00a0Minute"},"schema":{"@context":"https:\/\/schema.org","@graph":[{"@type":"Article","@id":"https:\/\/ds-barranquilla.org\/de-la-mano-de-nuestro-seguimos-fortaleciendo-los-procesos-de-evaluacion-en-nuestro-colegio\/#article","isPartOf":{"@id":"https:\/\/ds-barranquilla.org\/de-la-mano-de-nuestro-seguimos-fortaleciendo-los-procesos-de-evaluacion-en-nuestro-colegio\/"},"author":{"name":"Maria Camila Medina","@id":"https:\/\/ds-barranquilla.org\/#\/schema\/person\/a3111c59bc6ad33c5975c02a244ec0f9"},"headline":"Steuergruppe lidera encuentros para fortalecer la pol\u00edtica de evaluaci\u00f3n docente en el Colegio Alem\u00e1n de Barranquilla","datePublished":"2025-05-12T20:59:52+00:00","dateModified":"2025-09-18T18:21:46+00:00","mainEntityOfPage":{"@id":"https:\/\/ds-barranquilla.org\/de-la-mano-de-nuestro-seguimos-fortaleciendo-los-procesos-de-evaluacion-en-nuestro-colegio\/"},"wordCount":269,"commentCount":0,"publisher":{"@id":"https:\/\/ds-barranquilla.org\/#organization"},"image":{"@id":"https:\/\/ds-barranquilla.org\/de-la-mano-de-nuestro-seguimos-fortaleciendo-los-procesos-de-evaluacion-en-nuestro-colegio\/#primaryimage"},"thumbnailUrl":"https:\/\/ds-barranquilla.org\/wp-content\/uploads\/2025\/05\/Nota-Steuergruppe-2.png","articleSection":["2025","\u00c1rea de Alem\u00e1n"],"inLanguage":"de","potentialAction":[{"@type":"CommentAction","name":"Comment","target":["https:\/\/ds-barranquilla.org\/de-la-mano-de-nuestro-seguimos-fortaleciendo-los-procesos-de-evaluacion-en-nuestro-colegio\/#respond"]}]},{"@type":"WebPage","@id":"https:\/\/ds-barranquilla.org\/de-la-mano-de-nuestro-seguimos-fortaleciendo-los-procesos-de-evaluacion-en-nuestro-colegio\/","url":"https:\/\/ds-barranquilla.org\/de-la-mano-de-nuestro-seguimos-fortaleciendo-los-procesos-de-evaluacion-en-nuestro-colegio\/","name":"Steuergruppe lidera encuentros para fortalecer la pol\u00edtica de evaluaci\u00f3n docente en el Colegio Alem\u00e1n de Barranquilla - 2026","isPartOf":{"@id":"https:\/\/ds-barranquilla.org\/#website"},"primaryImageOfPage":{"@id":"https:\/\/ds-barranquilla.org\/de-la-mano-de-nuestro-seguimos-fortaleciendo-los-procesos-de-evaluacion-en-nuestro-colegio\/#primaryimage"},"image":{"@id":"https:\/\/ds-barranquilla.org\/de-la-mano-de-nuestro-seguimos-fortaleciendo-los-procesos-de-evaluacion-en-nuestro-colegio\/#primaryimage"},"thumbnailUrl":"https:\/\/ds-barranquilla.org\/wp-content\/uploads\/2025\/05\/Nota-Steuergruppe-2.png","datePublished":"2025-05-12T20:59:52+00:00","dateModified":"2025-09-18T18:21:46+00:00","breadcrumb":{"@id":"https:\/\/ds-barranquilla.org\/de-la-mano-de-nuestro-seguimos-fortaleciendo-los-procesos-de-evaluacion-en-nuestro-colegio\/#breadcrumb"},"inLanguage":"de","potentialAction":[{"@type":"ReadAction","target":["https:\/\/ds-barranquilla.org\/de-la-mano-de-nuestro-seguimos-fortaleciendo-los-procesos-de-evaluacion-en-nuestro-colegio\/"]}]},{"@type":"ImageObject","inLanguage":"de","@id":"https:\/\/ds-barranquilla.org\/de-la-mano-de-nuestro-seguimos-fortaleciendo-los-procesos-de-evaluacion-en-nuestro-colegio\/#primaryimage","url":"https:\/\/ds-barranquilla.org\/wp-content\/uploads\/2025\/05\/Nota-Steuergruppe-2.png","contentUrl":"https:\/\/ds-barranquilla.org\/wp-content\/uploads\/2025\/05\/Nota-Steuergruppe-2.png","width":1545,"height":713},{"@type":"BreadcrumbList","@id":"https:\/\/ds-barranquilla.org\/de-la-mano-de-nuestro-seguimos-fortaleciendo-los-procesos-de-evaluacion-en-nuestro-colegio\/#breadcrumb","itemListElement":[{"@type":"ListItem","position":1,"name":"Portada","item":"https:\/\/ds-barranquilla.org\/"},{"@type":"ListItem","position":2,"name":"Steuergruppe lidera encuentros para fortalecer la pol\u00edtica de evaluaci\u00f3n docente en el Colegio Alem\u00e1n de Barranquilla"}]},{"@type":"WebSite","@id":"https:\/\/ds-barranquilla.org\/#website","url":"https:\/\/ds-barranquilla.org\/","name":"Colegio Alem\u00e1n - Los Mejores Colegios de Colombia - Colegio Triling\u00fce","description":"Colegio Alem\u00e1n  Barranquilla Colombia - Colegio Biling\u00fce - Triling\u00fce - El Mejor Colegio de Colombia","publisher":{"@id":"https:\/\/ds-barranquilla.org\/#organization"},"potentialAction":[{"@type":"SearchAction","target":{"@type":"EntryPoint","urlTemplate":"https:\/\/ds-barranquilla.org\/?s={search_term_string}"},"query-input":"required name=search_term_string"}],"inLanguage":"de"},{"@type":"Organization","@id":"https:\/\/ds-barranquilla.org\/#organization","name":"Colegio Alem\u00e1n Barranquilla","url":"https:\/\/ds-barranquilla.org\/","logo":{"@type":"ImageObject","inLanguage":"de","@id":"https:\/\/ds-barranquilla.org\/#\/schema\/logo\/image\/","url":"https:\/\/ds-barranquilla.org\/wp-content\/uploads\/2021\/05\/coleman_logo_2.png","contentUrl":"https:\/\/ds-barranquilla.org\/wp-content\/uploads\/2021\/05\/coleman_logo_2.png","width":418,"height":307,"caption":"Colegio Alem\u00e1n Barranquilla"},"image":{"@id":"https:\/\/ds-barranquilla.org\/#\/schema\/logo\/image\/"},"sameAs":["https:\/\/www.facebook.com\/ColegioAlemanBaq\/","https:\/\/x.com\/ColegioAlemanBq","https:\/\/www.instagram.com\/colegioalemanbaq\/","https:\/\/www.linkedin.com\/school\/deutsche-schule-barranquilla\/","https:\/\/www.youtube.com\/channel\/UCOOGZQCVs6aYRqIWvSN5agQ"]},{"@type":"Person","@id":"https:\/\/ds-barranquilla.org\/#\/schema\/person\/a3111c59bc6ad33c5975c02a244ec0f9","name":"Maria Camila Medina","image":{"@type":"ImageObject","inLanguage":"de","@id":"https:\/\/ds-barranquilla.org\/#\/schema\/person\/image\/","url":"https:\/\/secure.gravatar.com\/avatar\/ec22389c1edd2f147582875dc845593e?s=96&d=mm&r=g","contentUrl":"https:\/\/secure.gravatar.com\/avatar\/ec22389c1edd2f147582875dc845593e?s=96&d=mm&r=g","caption":"Maria Camila Medina"}}]}},"_links":{"self":[{"href":"https:\/\/ds-barranquilla.org\/de\/wp-json\/wp\/v2\/posts\/28212"}],"collection":[{"href":"https:\/\/ds-barranquilla.org\/de\/wp-json\/wp\/v2\/posts"}],"about":[{"href":"https:\/\/ds-barranquilla.org\/de\/wp-json\/wp\/v2\/types\/post"}],"author":[{"embeddable":true,"href":"https:\/\/ds-barranquilla.org\/de\/wp-json\/wp\/v2\/users\/31"}],"replies":[{"embeddable":true,"href":"https:\/\/ds-barranquilla.org\/de\/wp-json\/wp\/v2\/comments?post=28212"}],"version-history":[{"count":4,"href":"https:\/\/ds-barranquilla.org\/de\/wp-json\/wp\/v2\/posts\/28212\/revisions"}],"predecessor-version":[{"id":28218,"href":"https:\/\/ds-barranquilla.org\/de\/wp-json\/wp\/v2\/posts\/28212\/revisions\/28218"}],"wp:featuredmedia":[{"embeddable":true,"href":"https:\/\/ds-barranquilla.org\/de\/wp-json\/wp\/v2\/media\/28214"}],"wp:attachment":[{"href":"https:\/\/ds-barranquilla.org\/de\/wp-json\/wp\/v2\/media?parent=28212"}],"wp:term":[{"taxonomy":"category","embeddable":true,"href":"https:\/\/ds-barranquilla.org\/de\/wp-json\/wp\/v2\/categories?post=28212"},{"taxonomy":"post_tag","embeddable":true,"href":"https:\/\/ds-barranquilla.org\/de\/wp-json\/wp\/v2\/tags?post=28212"}],"curies":[{"name":"wp","href":"https:\/\/api.w.org\/{rel}","templated":true}]}}