{"id":4052,"date":"2018-10-02T11:51:45","date_gmt":"2018-10-02T16:51:45","guid":{"rendered":"https:\/\/ds-barranquilla.org\/?p=4052"},"modified":"2023-01-04T13:33:41","modified_gmt":"2023-01-04T18:33:41","slug":"expo-bundeslander-y-deutschlandtag","status":"publish","type":"post","link":"https:\/\/ds-barranquilla.org\/de\/expo-bundeslander-y-deutschlandtag\/","title":{"rendered":"Expo-Bundesl\u00e4nder y Deutschlandtag"},"content":{"rendered":"<p><span data-contrast=\"none\">Am 2. Oktober fand an der Deutschen Schule der Deutschlandtag und die Expo-Bundesl\u00e4nder statt, welche in Zusammenarbeit der Deutschen\u00a0<\/span><span data-contrast=\"none\">Abteilung und der Abteilung EGPC geplant wurde. Jedes Jahr feiern wir den Deutschlandtag einen Tag vor dem 3. Oktober, dem Tag der Wiedervereinigung Deutschlands.<\/span><span data-ccp-props=\"{&quot;201341983&quot;:0,&quot;335559739&quot;:180,&quot;335559740&quot;:240}\">\u00a0<\/span><\/p>\n<p><b><span data-contrast=\"none\">Expo-Bundesl\u00e4nder<\/span><\/b><span data-ccp-props=\"{&quot;201341983&quot;:0,&quot;335559739&quot;:180,&quot;335559740&quot;:240}\">\u00a0<\/span><\/p>\n<p><span data-contrast=\"none\">Die Sch\u00fcler der Klassen 2 bis 5 stellten die 16 Bundesl\u00e4nder Deutschlands vor und gingen au\u00dferdem auf die geografische Beschaffenheit, die Hauptst\u00e4dte, die Sehensw\u00fcrdigkeiten und kulinarische Spezialit\u00e4ten der einzelnen Bundesl\u00e4nder ein.\n\nDanach versammelten sich alle im Auditorium um sich dort auf der B\u00fchne gegenseitig die verschiedenen Informationen zu pr\u00e4sentieren. Diese Veranstaltung ist etwas ganz besonderes f\u00fcr unsere jungen Sch\u00fcler, da sie die M\u00f6glichkeit haben sehr viel \u00fcber dieses fremde und weit entfernte Land Deutschland zu lernen und zu erfahren.<\/span><span data-ccp-props=\"{&quot;201341983&quot;:0,&quot;335559739&quot;:180,&quot;335559740&quot;:240}\">\u00a0<\/span><\/p>\n<p><span data-contrast=\"none\">Danach versammelten sich alle im Auditorium um sich dort auf der B\u00fchne gegenseitig die verschiedenen Informationen zu pr\u00e4sentieren. Diese Veranstaltung ist etwas ganz besonderes f\u00fcr unsere jungen Sch\u00fcler, da sie die M\u00f6glichkeit haben sehr viel \u00fcber dieses fremde und weit entfernte Land Deutschland zu lernen und zu erfahren.<\/span><span data-ccp-props=\"{&quot;201341983&quot;:0,&quot;335559739&quot;:180,&quot;335559740&quot;:240}\">\u00a0<\/span><\/p>\n<p><span data-contrast=\"none\">Es war ein wunderbarer und anderer Tag, um etwas mehr \u00fcber Deutschland zu erfahren!<\/span><span data-ccp-props=\"{&quot;201341983&quot;:0,&quot;335559739&quot;:180,&quot;335559740&quot;:240}\">\u00a0<\/span><\/p>\n<p><b><span data-contrast=\"none\">Deutschlandtag<\/span><\/b><span data-ccp-props=\"{&quot;201341983&quot;:0,&quot;335559739&quot;:180,&quot;335559740&quot;:240}\">\u00a0<\/span><\/p>\n<p><span data-contrast=\"none\">F\u00fcr unsere Sch\u00fcler der Sekundarstufe stand der ganze Tag unter dem Motto \u201eDeutschland stellt sich vor\u201c und begann im Auditorium der Schule mit der kolumbianischen und deutschen Nationalhymne, gespielt von unserem Schulorchester, und einer Ansprache des Schulleiters Herr H\u00f6fig und der Leitung der deutschen Abteilung Miriam Hoffmann. Danach pr\u00e4sentierten die Sch\u00fcler der 8., 9. und 10. Klassen in ihren Klassenzimmern den Sch\u00fclern der 6. und 7. Klassen verschiedene Facetten Deutschlands anhand von Plakaten oder visuellen Impulsen, die sie in den vorherigen Tagen im Unterricht vorbereitet hatten. Unter anderem stellten sie  zeitgen\u00f6ssische deutsche Musik, Freizeitaktivit\u00e4ten in Deutschland, die Jahreszeiten, Religionen in Deutschland und sogar tiefgr\u00fcndigere Themen wie das Scheitern des Sozialismus in der DDR vor.<\/span><span data-ccp-props=\"{&quot;201341983&quot;:0,&quot;335559739&quot;:180,&quot;335559740&quot;:240}\">\u00a0<\/span><\/p>\n<p><span data-contrast=\"none\">Alle Vorstellungen der Sch\u00fcler waren ein voller Erfolg und die 6. Und 7. Klassen waren begeistert \u00fcber die vielen Informationen die sie von ihren Mitsch\u00fclern erhalten haben.<\/span><span data-ccp-props=\"{&quot;201341983&quot;:0,&quot;335559739&quot;:180,&quot;335559740&quot;:240}\">\u00a0<\/span><\/p>","protected":false},"excerpt":{"rendered":"<p>Cada a\u00f1o el Colegio Alem\u00e1n se une para conmemorar el 3 de octubre, D\u00eda de la Reunificaci\u00f3n de Alemania, con actividades muy creativas. En esta ocasi\u00f3n,<span class=\"excerpt-hellip\"> [\u2026]<\/span><\/p>","protected":false},"author":16,"featured_media":4053,"comment_status":"open","ping_status":"open","sticky":false,"template":"","format":"standard","meta":{"_exactmetrics_skip_tracking":false,"_exactmetrics_sitenote_active":false,"_exactmetrics_sitenote_note":"","_exactmetrics_sitenote_category":0,"_joinchat":[],"footnotes":""},"categories":[678,673,674,676,708],"tags":[439,432,431],"class_list":["post-4052","post","type-post","status-publish","format-standard","has-post-thumbnail","hentry","category-678","category-area-de-aleman","category-lengua-y-cultura-alemana","category-primaria","category-proyectos-academicos","tag-439","tag-aleman","tag-primaria"],"yoast_head":"<!-- This site is optimized with the Yoast SEO plugin v23.3 - https:\/\/yoast.com\/wordpress\/plugins\/seo\/ -->\n<title>Expo-Bundesl\u00e4nder y Deutschlandtag - 2026<\/title>\n<meta name=\"robots\" content=\"noindex, follow, max-snippet:-1, max-image-preview:large, max-video-preview:-1\" \/>\n<meta property=\"og:locale\" content=\"de_DE\" \/>\n<meta property=\"og:type\" content=\"article\" \/>\n<meta property=\"og:title\" content=\"Expo-Bundesl\u00e4nder y Deutschlandtag - 2026\" \/>\n<meta property=\"og:description\" content=\"Cada a\u00f1o el Colegio Alem\u00e1n se une para conmemorar el 3 de octubre, D\u00eda de la Reunificaci\u00f3n de Alemania, con actividades muy creativas. En esta ocasi\u00f3n, [\u2026]\" \/>\n<meta property=\"og:url\" content=\"https:\/\/ds-barranquilla.org\/de\/expo-bundeslander-y-deutschlandtag\/\" \/>\n<meta property=\"og:site_name\" content=\"Colegio Alem\u00e1n - Los Mejores Colegios de Colombia - Colegio Triling\u00fce\" \/>\n<meta property=\"article:publisher\" content=\"https:\/\/www.facebook.com\/ColegioAlemanBaq\/\" \/>\n<meta property=\"article:published_time\" content=\"2018-10-02T16:51:45+00:00\" \/>\n<meta property=\"article:modified_time\" content=\"2023-01-04T18:33:41+00:00\" \/>\n<meta property=\"og:image\" content=\"https:\/\/ds-barranquilla.org\/wp-content\/uploads\/2020\/05\/Expo-Bundesl\u00e4nder-y-Deutschlandtag.jpg\" \/>\n\t<meta property=\"og:image:width\" content=\"589\" \/>\n\t<meta property=\"og:image:height\" content=\"257\" \/>\n\t<meta property=\"og:image:type\" content=\"image\/jpeg\" \/>\n<meta name=\"author\" content=\"Comunicaciones Comunicaciones\" \/>\n<meta name=\"twitter:card\" content=\"summary_large_image\" \/>\n<meta name=\"twitter:creator\" content=\"@ColegioAlemanBq\" \/>\n<meta name=\"twitter:site\" content=\"@ColegioAlemanBq\" \/>\n<meta name=\"twitter:label1\" content=\"Verfasst von\" \/>\n\t<meta name=\"twitter:data1\" content=\"Comunicaciones Comunicaciones\" \/>\n\t<meta name=\"twitter:label2\" content=\"Gesch\u00e4tzte Lesezeit\" \/>\n\t<meta name=\"twitter:data2\" content=\"2\u00a0Minuten\" \/>\n<script type=\"application\/ld+json\" class=\"yoast-schema-graph\">{\"@context\":\"https:\/\/schema.org\",\"@graph\":[{\"@type\":\"Article\",\"@id\":\"https:\/\/ds-barranquilla.org\/expo-bundeslander-y-deutschlandtag\/#article\",\"isPartOf\":{\"@id\":\"https:\/\/ds-barranquilla.org\/expo-bundeslander-y-deutschlandtag\/\"},\"author\":{\"name\":\"Comunicaciones Comunicaciones\",\"@id\":\"https:\/\/ds-barranquilla.org\/#\/schema\/person\/7bf8790ba89d3480e0551241ccdc8d36\"},\"headline\":\"Expo-Bundesl\u00e4nder y Deutschlandtag\",\"datePublished\":\"2018-10-02T16:51:45+00:00\",\"dateModified\":\"2023-01-04T18:33:41+00:00\",\"mainEntityOfPage\":{\"@id\":\"https:\/\/ds-barranquilla.org\/expo-bundeslander-y-deutschlandtag\/\"},\"wordCount\":335,\"commentCount\":0,\"publisher\":{\"@id\":\"https:\/\/ds-barranquilla.org\/#organization\"},\"image\":{\"@id\":\"https:\/\/ds-barranquilla.org\/expo-bundeslander-y-deutschlandtag\/#primaryimage\"},\"thumbnailUrl\":\"https:\/\/ds-barranquilla.org\/wp-content\/uploads\/2020\/05\/Expo-Bundesl\u00e4nder-y-Deutschlandtag.jpg\",\"keywords\":[\"2018\",\"Alem\u00e1n\",\"Primaria\"],\"articleSection\":[\"2018\",\"\u00c1rea de Alem\u00e1n\",\"Lengua y Cultura Alemana\",\"Primaria\",\"Proyectos acad\u00e9micos\"],\"inLanguage\":\"de\",\"potentialAction\":[{\"@type\":\"CommentAction\",\"name\":\"Comment\",\"target\":[\"https:\/\/ds-barranquilla.org\/expo-bundeslander-y-deutschlandtag\/#respond\"]}]},{\"@type\":\"WebPage\",\"@id\":\"https:\/\/ds-barranquilla.org\/expo-bundeslander-y-deutschlandtag\/\",\"url\":\"https:\/\/ds-barranquilla.org\/expo-bundeslander-y-deutschlandtag\/\",\"name\":\"Expo-Bundesl\u00e4nder y Deutschlandtag - 2026\",\"isPartOf\":{\"@id\":\"https:\/\/ds-barranquilla.org\/#website\"},\"primaryImageOfPage\":{\"@id\":\"https:\/\/ds-barranquilla.org\/expo-bundeslander-y-deutschlandtag\/#primaryimage\"},\"image\":{\"@id\":\"https:\/\/ds-barranquilla.org\/expo-bundeslander-y-deutschlandtag\/#primaryimage\"},\"thumbnailUrl\":\"https:\/\/ds-barranquilla.org\/wp-content\/uploads\/2020\/05\/Expo-Bundesl\u00e4nder-y-Deutschlandtag.jpg\",\"datePublished\":\"2018-10-02T16:51:45+00:00\",\"dateModified\":\"2023-01-04T18:33:41+00:00\",\"breadcrumb\":{\"@id\":\"https:\/\/ds-barranquilla.org\/expo-bundeslander-y-deutschlandtag\/#breadcrumb\"},\"inLanguage\":\"de\",\"potentialAction\":[{\"@type\":\"ReadAction\",\"target\":[\"https:\/\/ds-barranquilla.org\/expo-bundeslander-y-deutschlandtag\/\"]}]},{\"@type\":\"ImageObject\",\"inLanguage\":\"de\",\"@id\":\"https:\/\/ds-barranquilla.org\/expo-bundeslander-y-deutschlandtag\/#primaryimage\",\"url\":\"https:\/\/ds-barranquilla.org\/wp-content\/uploads\/2020\/05\/Expo-Bundesl\u00e4nder-y-Deutschlandtag.jpg\",\"contentUrl\":\"https:\/\/ds-barranquilla.org\/wp-content\/uploads\/2020\/05\/Expo-Bundesl\u00e4nder-y-Deutschlandtag.jpg\",\"width\":589,\"height\":257},{\"@type\":\"BreadcrumbList\",\"@id\":\"https:\/\/ds-barranquilla.org\/expo-bundeslander-y-deutschlandtag\/#breadcrumb\",\"itemListElement\":[{\"@type\":\"ListItem\",\"position\":1,\"name\":\"Portada\",\"item\":\"https:\/\/ds-barranquilla.org\/\"},{\"@type\":\"ListItem\",\"position\":2,\"name\":\"Expo-Bundesl\u00e4nder y Deutschlandtag\"}]},{\"@type\":\"WebSite\",\"@id\":\"https:\/\/ds-barranquilla.org\/#website\",\"url\":\"https:\/\/ds-barranquilla.org\/\",\"name\":\"Colegio Alem\u00e1n - Los Mejores Colegios de Colombia - Colegio Triling\u00fce\",\"description\":\"Colegio Alem\u00e1n  Barranquilla Colombia - Colegio Biling\u00fce - Triling\u00fce - El Mejor Colegio de Colombia\",\"publisher\":{\"@id\":\"https:\/\/ds-barranquilla.org\/#organization\"},\"potentialAction\":[{\"@type\":\"SearchAction\",\"target\":{\"@type\":\"EntryPoint\",\"urlTemplate\":\"https:\/\/ds-barranquilla.org\/?s={search_term_string}\"},\"query-input\":\"required name=search_term_string\"}],\"inLanguage\":\"de\"},{\"@type\":\"Organization\",\"@id\":\"https:\/\/ds-barranquilla.org\/#organization\",\"name\":\"Colegio Alem\u00e1n Barranquilla\",\"url\":\"https:\/\/ds-barranquilla.org\/\",\"logo\":{\"@type\":\"ImageObject\",\"inLanguage\":\"de\",\"@id\":\"https:\/\/ds-barranquilla.org\/#\/schema\/logo\/image\/\",\"url\":\"https:\/\/ds-barranquilla.org\/wp-content\/uploads\/2021\/05\/coleman_logo_2.png\",\"contentUrl\":\"https:\/\/ds-barranquilla.org\/wp-content\/uploads\/2021\/05\/coleman_logo_2.png\",\"width\":418,\"height\":307,\"caption\":\"Colegio Alem\u00e1n Barranquilla\"},\"image\":{\"@id\":\"https:\/\/ds-barranquilla.org\/#\/schema\/logo\/image\/\"},\"sameAs\":[\"https:\/\/www.facebook.com\/ColegioAlemanBaq\/\",\"https:\/\/x.com\/ColegioAlemanBq\",\"https:\/\/www.instagram.com\/colegioalemanbaq\/\",\"https:\/\/www.linkedin.com\/school\/deutsche-schule-barranquilla\/\",\"https:\/\/www.youtube.com\/channel\/UCOOGZQCVs6aYRqIWvSN5agQ\"]},{\"@type\":\"Person\",\"@id\":\"https:\/\/ds-barranquilla.org\/#\/schema\/person\/7bf8790ba89d3480e0551241ccdc8d36\",\"name\":\"Comunicaciones Comunicaciones\",\"image\":{\"@type\":\"ImageObject\",\"inLanguage\":\"de\",\"@id\":\"https:\/\/ds-barranquilla.org\/#\/schema\/person\/image\/\",\"url\":\"https:\/\/secure.gravatar.com\/avatar\/a66ba9484a4338d81d6bea750e595038?s=96&d=mm&r=g\",\"contentUrl\":\"https:\/\/secure.gravatar.com\/avatar\/a66ba9484a4338d81d6bea750e595038?s=96&d=mm&r=g\",\"caption\":\"Comunicaciones Comunicaciones\"}}]}<\/script>\n<!-- \/ Yoast SEO plugin. -->","yoast_head_json":{"title":"Expo-Bundesl\u00e4nder y Deutschlandtag - 2026","robots":{"index":"noindex","follow":"follow","max-snippet":"max-snippet:-1","max-image-preview":"max-image-preview:large","max-video-preview":"max-video-preview:-1"},"og_locale":"de_DE","og_type":"article","og_title":"Expo-Bundesl\u00e4nder y Deutschlandtag - 2026","og_description":"Cada a\u00f1o el Colegio Alem\u00e1n se une para conmemorar el 3 de octubre, D\u00eda de la Reunificaci\u00f3n de Alemania, con actividades muy creativas. En esta ocasi\u00f3n, [\u2026]","og_url":"https:\/\/ds-barranquilla.org\/de\/expo-bundeslander-y-deutschlandtag\/","og_site_name":"Colegio Alem\u00e1n - Los Mejores Colegios de Colombia - Colegio Triling\u00fce","article_publisher":"https:\/\/www.facebook.com\/ColegioAlemanBaq\/","article_published_time":"2018-10-02T16:51:45+00:00","article_modified_time":"2023-01-04T18:33:41+00:00","og_image":[{"width":589,"height":257,"url":"https:\/\/ds-barranquilla.org\/wp-content\/uploads\/2020\/05\/Expo-Bundesl\u00e4nder-y-Deutschlandtag.jpg","type":"image\/jpeg"}],"author":"Comunicaciones Comunicaciones","twitter_card":"summary_large_image","twitter_creator":"@ColegioAlemanBq","twitter_site":"@ColegioAlemanBq","twitter_misc":{"Verfasst von":"Comunicaciones Comunicaciones","Gesch\u00e4tzte Lesezeit":"2\u00a0Minuten"},"schema":{"@context":"https:\/\/schema.org","@graph":[{"@type":"Article","@id":"https:\/\/ds-barranquilla.org\/expo-bundeslander-y-deutschlandtag\/#article","isPartOf":{"@id":"https:\/\/ds-barranquilla.org\/expo-bundeslander-y-deutschlandtag\/"},"author":{"name":"Comunicaciones Comunicaciones","@id":"https:\/\/ds-barranquilla.org\/#\/schema\/person\/7bf8790ba89d3480e0551241ccdc8d36"},"headline":"Expo-Bundesl\u00e4nder y Deutschlandtag","datePublished":"2018-10-02T16:51:45+00:00","dateModified":"2023-01-04T18:33:41+00:00","mainEntityOfPage":{"@id":"https:\/\/ds-barranquilla.org\/expo-bundeslander-y-deutschlandtag\/"},"wordCount":335,"commentCount":0,"publisher":{"@id":"https:\/\/ds-barranquilla.org\/#organization"},"image":{"@id":"https:\/\/ds-barranquilla.org\/expo-bundeslander-y-deutschlandtag\/#primaryimage"},"thumbnailUrl":"https:\/\/ds-barranquilla.org\/wp-content\/uploads\/2020\/05\/Expo-Bundesl\u00e4nder-y-Deutschlandtag.jpg","keywords":["2018","Alem\u00e1n","Primaria"],"articleSection":["2018","\u00c1rea de Alem\u00e1n","Lengua y Cultura Alemana","Primaria","Proyectos acad\u00e9micos"],"inLanguage":"de","potentialAction":[{"@type":"CommentAction","name":"Comment","target":["https:\/\/ds-barranquilla.org\/expo-bundeslander-y-deutschlandtag\/#respond"]}]},{"@type":"WebPage","@id":"https:\/\/ds-barranquilla.org\/expo-bundeslander-y-deutschlandtag\/","url":"https:\/\/ds-barranquilla.org\/expo-bundeslander-y-deutschlandtag\/","name":"Expo-Bundesl\u00e4nder y Deutschlandtag - 2026","isPartOf":{"@id":"https:\/\/ds-barranquilla.org\/#website"},"primaryImageOfPage":{"@id":"https:\/\/ds-barranquilla.org\/expo-bundeslander-y-deutschlandtag\/#primaryimage"},"image":{"@id":"https:\/\/ds-barranquilla.org\/expo-bundeslander-y-deutschlandtag\/#primaryimage"},"thumbnailUrl":"https:\/\/ds-barranquilla.org\/wp-content\/uploads\/2020\/05\/Expo-Bundesl\u00e4nder-y-Deutschlandtag.jpg","datePublished":"2018-10-02T16:51:45+00:00","dateModified":"2023-01-04T18:33:41+00:00","breadcrumb":{"@id":"https:\/\/ds-barranquilla.org\/expo-bundeslander-y-deutschlandtag\/#breadcrumb"},"inLanguage":"de","potentialAction":[{"@type":"ReadAction","target":["https:\/\/ds-barranquilla.org\/expo-bundeslander-y-deutschlandtag\/"]}]},{"@type":"ImageObject","inLanguage":"de","@id":"https:\/\/ds-barranquilla.org\/expo-bundeslander-y-deutschlandtag\/#primaryimage","url":"https:\/\/ds-barranquilla.org\/wp-content\/uploads\/2020\/05\/Expo-Bundesl\u00e4nder-y-Deutschlandtag.jpg","contentUrl":"https:\/\/ds-barranquilla.org\/wp-content\/uploads\/2020\/05\/Expo-Bundesl\u00e4nder-y-Deutschlandtag.jpg","width":589,"height":257},{"@type":"BreadcrumbList","@id":"https:\/\/ds-barranquilla.org\/expo-bundeslander-y-deutschlandtag\/#breadcrumb","itemListElement":[{"@type":"ListItem","position":1,"name":"Portada","item":"https:\/\/ds-barranquilla.org\/"},{"@type":"ListItem","position":2,"name":"Expo-Bundesl\u00e4nder y Deutschlandtag"}]},{"@type":"WebSite","@id":"https:\/\/ds-barranquilla.org\/#website","url":"https:\/\/ds-barranquilla.org\/","name":"Colegio Alem\u00e1n - Los Mejores Colegios de Colombia - Colegio Triling\u00fce","description":"Colegio Alem\u00e1n  Barranquilla Colombia - Colegio Biling\u00fce - Triling\u00fce - El Mejor Colegio de Colombia","publisher":{"@id":"https:\/\/ds-barranquilla.org\/#organization"},"potentialAction":[{"@type":"SearchAction","target":{"@type":"EntryPoint","urlTemplate":"https:\/\/ds-barranquilla.org\/?s={search_term_string}"},"query-input":"required name=search_term_string"}],"inLanguage":"de"},{"@type":"Organization","@id":"https:\/\/ds-barranquilla.org\/#organization","name":"Colegio Alem\u00e1n Barranquilla","url":"https:\/\/ds-barranquilla.org\/","logo":{"@type":"ImageObject","inLanguage":"de","@id":"https:\/\/ds-barranquilla.org\/#\/schema\/logo\/image\/","url":"https:\/\/ds-barranquilla.org\/wp-content\/uploads\/2021\/05\/coleman_logo_2.png","contentUrl":"https:\/\/ds-barranquilla.org\/wp-content\/uploads\/2021\/05\/coleman_logo_2.png","width":418,"height":307,"caption":"Colegio Alem\u00e1n Barranquilla"},"image":{"@id":"https:\/\/ds-barranquilla.org\/#\/schema\/logo\/image\/"},"sameAs":["https:\/\/www.facebook.com\/ColegioAlemanBaq\/","https:\/\/x.com\/ColegioAlemanBq","https:\/\/www.instagram.com\/colegioalemanbaq\/","https:\/\/www.linkedin.com\/school\/deutsche-schule-barranquilla\/","https:\/\/www.youtube.com\/channel\/UCOOGZQCVs6aYRqIWvSN5agQ"]},{"@type":"Person","@id":"https:\/\/ds-barranquilla.org\/#\/schema\/person\/7bf8790ba89d3480e0551241ccdc8d36","name":"Comunicaciones Comunicaciones","image":{"@type":"ImageObject","inLanguage":"de","@id":"https:\/\/ds-barranquilla.org\/#\/schema\/person\/image\/","url":"https:\/\/secure.gravatar.com\/avatar\/a66ba9484a4338d81d6bea750e595038?s=96&d=mm&r=g","contentUrl":"https:\/\/secure.gravatar.com\/avatar\/a66ba9484a4338d81d6bea750e595038?s=96&d=mm&r=g","caption":"Comunicaciones Comunicaciones"}}]}},"_links":{"self":[{"href":"https:\/\/ds-barranquilla.org\/de\/wp-json\/wp\/v2\/posts\/4052"}],"collection":[{"href":"https:\/\/ds-barranquilla.org\/de\/wp-json\/wp\/v2\/posts"}],"about":[{"href":"https:\/\/ds-barranquilla.org\/de\/wp-json\/wp\/v2\/types\/post"}],"author":[{"embeddable":true,"href":"https:\/\/ds-barranquilla.org\/de\/wp-json\/wp\/v2\/users\/16"}],"replies":[{"embeddable":true,"href":"https:\/\/ds-barranquilla.org\/de\/wp-json\/wp\/v2\/comments?post=4052"}],"version-history":[{"count":1,"href":"https:\/\/ds-barranquilla.org\/de\/wp-json\/wp\/v2\/posts\/4052\/revisions"}],"predecessor-version":[{"id":4054,"href":"https:\/\/ds-barranquilla.org\/de\/wp-json\/wp\/v2\/posts\/4052\/revisions\/4054"}],"wp:featuredmedia":[{"embeddable":true,"href":"https:\/\/ds-barranquilla.org\/de\/wp-json\/wp\/v2\/media\/4053"}],"wp:attachment":[{"href":"https:\/\/ds-barranquilla.org\/de\/wp-json\/wp\/v2\/media?parent=4052"}],"wp:term":[{"taxonomy":"category","embeddable":true,"href":"https:\/\/ds-barranquilla.org\/de\/wp-json\/wp\/v2\/categories?post=4052"},{"taxonomy":"post_tag","embeddable":true,"href":"https:\/\/ds-barranquilla.org\/de\/wp-json\/wp\/v2\/tags?post=4052"}],"curies":[{"name":"wp","href":"https:\/\/api.w.org\/{rel}","templated":true}]}}