{"id":4622,"date":"2018-12-04T17:22:32","date_gmt":"2018-12-04T22:22:32","guid":{"rendered":"https:\/\/ds-barranquilla.org\/?p=4622"},"modified":"2023-01-04T13:09:04","modified_gmt":"2023-01-04T18:09:04","slug":"aprendizaje-mas-alla-de-las-cuatro-paredes-del-aula","status":"publish","type":"post","link":"https:\/\/ds-barranquilla.org\/de\/aprendizaje-mas-alla-de-las-cuatro-paredes-del-aula\/","title":{"rendered":"Aprendizaje m\u00e1s all\u00e1 de las cuatro paredes del aula"},"content":{"rendered":"<p>Este semestre las \u00e1reas de Alem\u00e1n e Ingl\u00e9s colaboraron para desarrollar un proyecto interdisciplinario, colaborativo y aut\u00e9ntico que reflejara los temas del IB, Comunicaci\u00f3n y Medios e Identidades.<\/p>\n<p>En Alem\u00e1n, los profesores Janina Oechsle, Marius Steis y Miriam Hoffmann colaboraron en las aulas. Hicieron que los estudiantes exploraran el tema &#8220;Sexismo en los medios de comunicaci\u00f3n&#8221; en Klasse 11 y Klasse 12. Una opci\u00f3n era crear un blog original, una habilidad requerida por los estudiantes del IB, para compartir su mensaje con una amplia audiencia. Las tres clases de Alem\u00e1n se reunieron para planificar, desarrollar y ejecutar sus proyectos.<\/p>\n<p>En Ingl\u00e9s, los estudiantes se basaron en las habilidades que se est\u00e1n desarrollando en las clases de Alem\u00e1n de 11 y 12. Estos j\u00f3venes, con la profesora Joelle Budzinsky, escucharon un podcast de la\u202fNational Public Radio (NPR) titulado: &#8220;21st Century Blackface&#8221; y respondieron a trav\u00e9s de blogs, en forma escrita y en video, para discutir el tema &#8220;Racismo en los medios de comunicaci\u00f3n&#8221;. Un maestro y un sal\u00f3n de clases en los Estados Unidos (Tulsa, Oklahoma) tambi\u00e9n participaron y se facilit\u00f3 un aut\u00e9ntico intercambio internacional en el mundo real.\u202fM\u00e1s informaci\u00f3n y fotos haciendo clic\u202faqu\u00ed.<\/p>\n<p>Dentro de este Proyecto Interdisciplinario se reforz\u00f3 la idea de que el aprendizaje se extiende m\u00e1s all\u00e1 de las cuatro paredes del aula. El Aprendizaje Basado en Proyectos (Project Based Learning,\u202fPBL\u202fpor sus siglas en ingl\u00e9s) demuestra a los estudiantes que el conocimiento se adquiere a trav\u00e9s de intercambios y experiencias aut\u00e9nticas y significativas.<\/p>\n<p>\u00a1Felicitaciones a todos los que participaron!<\/p>\n<p>&nbsp;<\/p>","protected":false},"excerpt":{"rendered":"<p>Este semestre las \u00e1reas de Alem\u00e1n e Ingl\u00e9s colaboraron para desarrollar un proyecto interdisciplinario, colaborativo y aut\u00e9ntico que reflejara los temas del IB, Comunicaci\u00f3n y Medios<span class=\"excerpt-hellip\"> [\u2026]<\/span><\/p>","protected":false},"author":16,"featured_media":4623,"comment_status":"open","ping_status":"open","sticky":false,"template":"","format":"standard","meta":{"_exactmetrics_skip_tracking":false,"_exactmetrics_sitenote_active":false,"_exactmetrics_sitenote_note":"","_exactmetrics_sitenote_category":0,"_joinchat":[],"footnotes":""},"categories":[678,673,694],"tags":[439,432,466,461,467],"class_list":["post-4622","post","type-post","status-publish","format-standard","has-post-thumbnail","hentry","category-678","category-area-de-aleman","category-bachillerato-internacional","tag-439","tag-aleman","tag-bachillerato","tag-ingles","tag-protecto-academico"],"yoast_head":"<!-- This site is optimized with the Yoast SEO plugin v23.3 - https:\/\/yoast.com\/wordpress\/plugins\/seo\/ -->\n<title>Aprendizaje m\u00e1s all\u00e1 de las cuatro paredes del aula - 2026<\/title>\n<meta name=\"robots\" content=\"noindex, follow, max-snippet:-1, max-image-preview:large, max-video-preview:-1\" \/>\n<meta property=\"og:locale\" content=\"de_DE\" \/>\n<meta property=\"og:type\" content=\"article\" \/>\n<meta property=\"og:title\" content=\"Aprendizaje m\u00e1s all\u00e1 de las cuatro paredes del aula - 2026\" \/>\n<meta property=\"og:description\" content=\"Este semestre las \u00e1reas de Alem\u00e1n e Ingl\u00e9s colaboraron para desarrollar un proyecto interdisciplinario, colaborativo y aut\u00e9ntico que reflejara los temas del IB, Comunicaci\u00f3n y Medios [\u2026]\" \/>\n<meta property=\"og:url\" content=\"https:\/\/ds-barranquilla.org\/de\/aprendizaje-mas-alla-de-las-cuatro-paredes-del-aula\/\" \/>\n<meta property=\"og:site_name\" content=\"Colegio Alem\u00e1n - Los Mejores Colegios de Colombia - Colegio Triling\u00fce\" \/>\n<meta property=\"article:publisher\" content=\"https:\/\/www.facebook.com\/ColegioAlemanBaq\/\" \/>\n<meta property=\"article:published_time\" content=\"2018-12-04T22:22:32+00:00\" \/>\n<meta property=\"article:modified_time\" content=\"2023-01-04T18:09:04+00:00\" \/>\n<meta property=\"og:image\" content=\"https:\/\/ds-barranquilla.org\/wp-content\/uploads\/2020\/06\/Aprendizaje-m\u00e1s-all\u00e1-de-las-cuatro-paredes-del-aula.jpg\" \/>\n\t<meta property=\"og:image:width\" content=\"588\" \/>\n\t<meta property=\"og:image:height\" content=\"256\" \/>\n\t<meta property=\"og:image:type\" content=\"image\/jpeg\" \/>\n<meta name=\"author\" content=\"Comunicaciones Comunicaciones\" \/>\n<meta name=\"twitter:card\" content=\"summary_large_image\" \/>\n<meta name=\"twitter:creator\" content=\"@ColegioAlemanBq\" \/>\n<meta name=\"twitter:site\" content=\"@ColegioAlemanBq\" \/>\n<meta name=\"twitter:label1\" content=\"Verfasst von\" \/>\n\t<meta name=\"twitter:data1\" content=\"Comunicaciones Comunicaciones\" \/>\n\t<meta name=\"twitter:label2\" content=\"Gesch\u00e4tzte Lesezeit\" \/>\n\t<meta name=\"twitter:data2\" content=\"1\u00a0Minute\" \/>\n<script type=\"application\/ld+json\" class=\"yoast-schema-graph\">{\"@context\":\"https:\/\/schema.org\",\"@graph\":[{\"@type\":\"Article\",\"@id\":\"https:\/\/ds-barranquilla.org\/de\/aprendizaje-mas-alla-de-las-cuatro-paredes-del-aula\/#article\",\"isPartOf\":{\"@id\":\"https:\/\/ds-barranquilla.org\/de\/aprendizaje-mas-alla-de-las-cuatro-paredes-del-aula\/\"},\"author\":{\"name\":\"Comunicaciones Comunicaciones\",\"@id\":\"https:\/\/ds-barranquilla.org\/#\/schema\/person\/7bf8790ba89d3480e0551241ccdc8d36\"},\"headline\":\"Aprendizaje m\u00e1s all\u00e1 de las cuatro paredes del aula\",\"datePublished\":\"2018-12-04T22:22:32+00:00\",\"dateModified\":\"2023-01-04T18:09:04+00:00\",\"mainEntityOfPage\":{\"@id\":\"https:\/\/ds-barranquilla.org\/de\/aprendizaje-mas-alla-de-las-cuatro-paredes-del-aula\/\"},\"wordCount\":287,\"commentCount\":0,\"publisher\":{\"@id\":\"https:\/\/ds-barranquilla.org\/#organization\"},\"image\":{\"@id\":\"https:\/\/ds-barranquilla.org\/de\/aprendizaje-mas-alla-de-las-cuatro-paredes-del-aula\/#primaryimage\"},\"thumbnailUrl\":\"https:\/\/ds-barranquilla.org\/wp-content\/uploads\/2020\/06\/Aprendizaje-m\u00e1s-all\u00e1-de-las-cuatro-paredes-del-aula.jpg\",\"keywords\":[\"2018\",\"Alem\u00e1n\",\"Bachillerato\",\"Ingl\u00e9s\",\"Protecto academico\"],\"articleSection\":[\"2018\",\"\u00c1rea de Alem\u00e1n\",\"Bachillerato Internacional\"],\"inLanguage\":\"de\",\"potentialAction\":[{\"@type\":\"CommentAction\",\"name\":\"Comment\",\"target\":[\"https:\/\/ds-barranquilla.org\/de\/aprendizaje-mas-alla-de-las-cuatro-paredes-del-aula\/#respond\"]}]},{\"@type\":\"WebPage\",\"@id\":\"https:\/\/ds-barranquilla.org\/de\/aprendizaje-mas-alla-de-las-cuatro-paredes-del-aula\/\",\"url\":\"https:\/\/ds-barranquilla.org\/de\/aprendizaje-mas-alla-de-las-cuatro-paredes-del-aula\/\",\"name\":\"Aprendizaje m\u00e1s all\u00e1 de las cuatro paredes del aula - 2026\",\"isPartOf\":{\"@id\":\"https:\/\/ds-barranquilla.org\/#website\"},\"primaryImageOfPage\":{\"@id\":\"https:\/\/ds-barranquilla.org\/de\/aprendizaje-mas-alla-de-las-cuatro-paredes-del-aula\/#primaryimage\"},\"image\":{\"@id\":\"https:\/\/ds-barranquilla.org\/de\/aprendizaje-mas-alla-de-las-cuatro-paredes-del-aula\/#primaryimage\"},\"thumbnailUrl\":\"https:\/\/ds-barranquilla.org\/wp-content\/uploads\/2020\/06\/Aprendizaje-m\u00e1s-all\u00e1-de-las-cuatro-paredes-del-aula.jpg\",\"datePublished\":\"2018-12-04T22:22:32+00:00\",\"dateModified\":\"2023-01-04T18:09:04+00:00\",\"breadcrumb\":{\"@id\":\"https:\/\/ds-barranquilla.org\/de\/aprendizaje-mas-alla-de-las-cuatro-paredes-del-aula\/#breadcrumb\"},\"inLanguage\":\"de\",\"potentialAction\":[{\"@type\":\"ReadAction\",\"target\":[\"https:\/\/ds-barranquilla.org\/de\/aprendizaje-mas-alla-de-las-cuatro-paredes-del-aula\/\"]}]},{\"@type\":\"ImageObject\",\"inLanguage\":\"de\",\"@id\":\"https:\/\/ds-barranquilla.org\/de\/aprendizaje-mas-alla-de-las-cuatro-paredes-del-aula\/#primaryimage\",\"url\":\"https:\/\/ds-barranquilla.org\/wp-content\/uploads\/2020\/06\/Aprendizaje-m\u00e1s-all\u00e1-de-las-cuatro-paredes-del-aula.jpg\",\"contentUrl\":\"https:\/\/ds-barranquilla.org\/wp-content\/uploads\/2020\/06\/Aprendizaje-m\u00e1s-all\u00e1-de-las-cuatro-paredes-del-aula.jpg\",\"width\":588,\"height\":256},{\"@type\":\"BreadcrumbList\",\"@id\":\"https:\/\/ds-barranquilla.org\/de\/aprendizaje-mas-alla-de-las-cuatro-paredes-del-aula\/#breadcrumb\",\"itemListElement\":[{\"@type\":\"ListItem\",\"position\":1,\"name\":\"Portada\",\"item\":\"https:\/\/ds-barranquilla.org\/\"},{\"@type\":\"ListItem\",\"position\":2,\"name\":\"Aprendizaje m\u00e1s all\u00e1 de las cuatro paredes del aula\"}]},{\"@type\":\"WebSite\",\"@id\":\"https:\/\/ds-barranquilla.org\/#website\",\"url\":\"https:\/\/ds-barranquilla.org\/\",\"name\":\"Colegio Alem\u00e1n - Los Mejores Colegios de Colombia - Colegio Triling\u00fce\",\"description\":\"Colegio Alem\u00e1n  Barranquilla Colombia - Colegio Biling\u00fce - Triling\u00fce - El Mejor Colegio de Colombia\",\"publisher\":{\"@id\":\"https:\/\/ds-barranquilla.org\/#organization\"},\"potentialAction\":[{\"@type\":\"SearchAction\",\"target\":{\"@type\":\"EntryPoint\",\"urlTemplate\":\"https:\/\/ds-barranquilla.org\/?s={search_term_string}\"},\"query-input\":\"required name=search_term_string\"}],\"inLanguage\":\"de\"},{\"@type\":\"Organization\",\"@id\":\"https:\/\/ds-barranquilla.org\/#organization\",\"name\":\"Colegio Alem\u00e1n Barranquilla\",\"url\":\"https:\/\/ds-barranquilla.org\/\",\"logo\":{\"@type\":\"ImageObject\",\"inLanguage\":\"de\",\"@id\":\"https:\/\/ds-barranquilla.org\/#\/schema\/logo\/image\/\",\"url\":\"https:\/\/ds-barranquilla.org\/wp-content\/uploads\/2021\/05\/coleman_logo_2.png\",\"contentUrl\":\"https:\/\/ds-barranquilla.org\/wp-content\/uploads\/2021\/05\/coleman_logo_2.png\",\"width\":418,\"height\":307,\"caption\":\"Colegio Alem\u00e1n Barranquilla\"},\"image\":{\"@id\":\"https:\/\/ds-barranquilla.org\/#\/schema\/logo\/image\/\"},\"sameAs\":[\"https:\/\/www.facebook.com\/ColegioAlemanBaq\/\",\"https:\/\/x.com\/ColegioAlemanBq\",\"https:\/\/www.instagram.com\/colegioalemanbaq\/\",\"https:\/\/www.linkedin.com\/school\/deutsche-schule-barranquilla\/\",\"https:\/\/www.youtube.com\/channel\/UCOOGZQCVs6aYRqIWvSN5agQ\"]},{\"@type\":\"Person\",\"@id\":\"https:\/\/ds-barranquilla.org\/#\/schema\/person\/7bf8790ba89d3480e0551241ccdc8d36\",\"name\":\"Comunicaciones Comunicaciones\",\"image\":{\"@type\":\"ImageObject\",\"inLanguage\":\"de\",\"@id\":\"https:\/\/ds-barranquilla.org\/#\/schema\/person\/image\/\",\"url\":\"https:\/\/secure.gravatar.com\/avatar\/a66ba9484a4338d81d6bea750e595038?s=96&d=mm&r=g\",\"contentUrl\":\"https:\/\/secure.gravatar.com\/avatar\/a66ba9484a4338d81d6bea750e595038?s=96&d=mm&r=g\",\"caption\":\"Comunicaciones Comunicaciones\"}}]}<\/script>\n<!-- \/ Yoast SEO plugin. -->","yoast_head_json":{"title":"Aprendizaje m\u00e1s all\u00e1 de las cuatro paredes del aula - 2026","robots":{"index":"noindex","follow":"follow","max-snippet":"max-snippet:-1","max-image-preview":"max-image-preview:large","max-video-preview":"max-video-preview:-1"},"og_locale":"de_DE","og_type":"article","og_title":"Aprendizaje m\u00e1s all\u00e1 de las cuatro paredes del aula - 2026","og_description":"Este semestre las \u00e1reas de Alem\u00e1n e Ingl\u00e9s colaboraron para desarrollar un proyecto interdisciplinario, colaborativo y aut\u00e9ntico que reflejara los temas del IB, Comunicaci\u00f3n y Medios [\u2026]","og_url":"https:\/\/ds-barranquilla.org\/de\/aprendizaje-mas-alla-de-las-cuatro-paredes-del-aula\/","og_site_name":"Colegio Alem\u00e1n - Los Mejores Colegios de Colombia - Colegio Triling\u00fce","article_publisher":"https:\/\/www.facebook.com\/ColegioAlemanBaq\/","article_published_time":"2018-12-04T22:22:32+00:00","article_modified_time":"2023-01-04T18:09:04+00:00","og_image":[{"width":588,"height":256,"url":"https:\/\/ds-barranquilla.org\/wp-content\/uploads\/2020\/06\/Aprendizaje-m\u00e1s-all\u00e1-de-las-cuatro-paredes-del-aula.jpg","type":"image\/jpeg"}],"author":"Comunicaciones Comunicaciones","twitter_card":"summary_large_image","twitter_creator":"@ColegioAlemanBq","twitter_site":"@ColegioAlemanBq","twitter_misc":{"Verfasst von":"Comunicaciones Comunicaciones","Gesch\u00e4tzte Lesezeit":"1\u00a0Minute"},"schema":{"@context":"https:\/\/schema.org","@graph":[{"@type":"Article","@id":"https:\/\/ds-barranquilla.org\/de\/aprendizaje-mas-alla-de-las-cuatro-paredes-del-aula\/#article","isPartOf":{"@id":"https:\/\/ds-barranquilla.org\/de\/aprendizaje-mas-alla-de-las-cuatro-paredes-del-aula\/"},"author":{"name":"Comunicaciones Comunicaciones","@id":"https:\/\/ds-barranquilla.org\/#\/schema\/person\/7bf8790ba89d3480e0551241ccdc8d36"},"headline":"Aprendizaje m\u00e1s all\u00e1 de las cuatro paredes del aula","datePublished":"2018-12-04T22:22:32+00:00","dateModified":"2023-01-04T18:09:04+00:00","mainEntityOfPage":{"@id":"https:\/\/ds-barranquilla.org\/de\/aprendizaje-mas-alla-de-las-cuatro-paredes-del-aula\/"},"wordCount":287,"commentCount":0,"publisher":{"@id":"https:\/\/ds-barranquilla.org\/#organization"},"image":{"@id":"https:\/\/ds-barranquilla.org\/de\/aprendizaje-mas-alla-de-las-cuatro-paredes-del-aula\/#primaryimage"},"thumbnailUrl":"https:\/\/ds-barranquilla.org\/wp-content\/uploads\/2020\/06\/Aprendizaje-m\u00e1s-all\u00e1-de-las-cuatro-paredes-del-aula.jpg","keywords":["2018","Alem\u00e1n","Bachillerato","Ingl\u00e9s","Protecto academico"],"articleSection":["2018","\u00c1rea de Alem\u00e1n","Bachillerato Internacional"],"inLanguage":"de","potentialAction":[{"@type":"CommentAction","name":"Comment","target":["https:\/\/ds-barranquilla.org\/de\/aprendizaje-mas-alla-de-las-cuatro-paredes-del-aula\/#respond"]}]},{"@type":"WebPage","@id":"https:\/\/ds-barranquilla.org\/de\/aprendizaje-mas-alla-de-las-cuatro-paredes-del-aula\/","url":"https:\/\/ds-barranquilla.org\/de\/aprendizaje-mas-alla-de-las-cuatro-paredes-del-aula\/","name":"Aprendizaje m\u00e1s all\u00e1 de las cuatro paredes del aula - 2026","isPartOf":{"@id":"https:\/\/ds-barranquilla.org\/#website"},"primaryImageOfPage":{"@id":"https:\/\/ds-barranquilla.org\/de\/aprendizaje-mas-alla-de-las-cuatro-paredes-del-aula\/#primaryimage"},"image":{"@id":"https:\/\/ds-barranquilla.org\/de\/aprendizaje-mas-alla-de-las-cuatro-paredes-del-aula\/#primaryimage"},"thumbnailUrl":"https:\/\/ds-barranquilla.org\/wp-content\/uploads\/2020\/06\/Aprendizaje-m\u00e1s-all\u00e1-de-las-cuatro-paredes-del-aula.jpg","datePublished":"2018-12-04T22:22:32+00:00","dateModified":"2023-01-04T18:09:04+00:00","breadcrumb":{"@id":"https:\/\/ds-barranquilla.org\/de\/aprendizaje-mas-alla-de-las-cuatro-paredes-del-aula\/#breadcrumb"},"inLanguage":"de","potentialAction":[{"@type":"ReadAction","target":["https:\/\/ds-barranquilla.org\/de\/aprendizaje-mas-alla-de-las-cuatro-paredes-del-aula\/"]}]},{"@type":"ImageObject","inLanguage":"de","@id":"https:\/\/ds-barranquilla.org\/de\/aprendizaje-mas-alla-de-las-cuatro-paredes-del-aula\/#primaryimage","url":"https:\/\/ds-barranquilla.org\/wp-content\/uploads\/2020\/06\/Aprendizaje-m\u00e1s-all\u00e1-de-las-cuatro-paredes-del-aula.jpg","contentUrl":"https:\/\/ds-barranquilla.org\/wp-content\/uploads\/2020\/06\/Aprendizaje-m\u00e1s-all\u00e1-de-las-cuatro-paredes-del-aula.jpg","width":588,"height":256},{"@type":"BreadcrumbList","@id":"https:\/\/ds-barranquilla.org\/de\/aprendizaje-mas-alla-de-las-cuatro-paredes-del-aula\/#breadcrumb","itemListElement":[{"@type":"ListItem","position":1,"name":"Portada","item":"https:\/\/ds-barranquilla.org\/"},{"@type":"ListItem","position":2,"name":"Aprendizaje m\u00e1s all\u00e1 de las cuatro paredes del aula"}]},{"@type":"WebSite","@id":"https:\/\/ds-barranquilla.org\/#website","url":"https:\/\/ds-barranquilla.org\/","name":"Colegio Alem\u00e1n - Los Mejores Colegios de Colombia - Colegio Triling\u00fce","description":"Colegio Alem\u00e1n  Barranquilla Colombia - Colegio Biling\u00fce - Triling\u00fce - El Mejor Colegio de Colombia","publisher":{"@id":"https:\/\/ds-barranquilla.org\/#organization"},"potentialAction":[{"@type":"SearchAction","target":{"@type":"EntryPoint","urlTemplate":"https:\/\/ds-barranquilla.org\/?s={search_term_string}"},"query-input":"required name=search_term_string"}],"inLanguage":"de"},{"@type":"Organization","@id":"https:\/\/ds-barranquilla.org\/#organization","name":"Colegio Alem\u00e1n Barranquilla","url":"https:\/\/ds-barranquilla.org\/","logo":{"@type":"ImageObject","inLanguage":"de","@id":"https:\/\/ds-barranquilla.org\/#\/schema\/logo\/image\/","url":"https:\/\/ds-barranquilla.org\/wp-content\/uploads\/2021\/05\/coleman_logo_2.png","contentUrl":"https:\/\/ds-barranquilla.org\/wp-content\/uploads\/2021\/05\/coleman_logo_2.png","width":418,"height":307,"caption":"Colegio Alem\u00e1n Barranquilla"},"image":{"@id":"https:\/\/ds-barranquilla.org\/#\/schema\/logo\/image\/"},"sameAs":["https:\/\/www.facebook.com\/ColegioAlemanBaq\/","https:\/\/x.com\/ColegioAlemanBq","https:\/\/www.instagram.com\/colegioalemanbaq\/","https:\/\/www.linkedin.com\/school\/deutsche-schule-barranquilla\/","https:\/\/www.youtube.com\/channel\/UCOOGZQCVs6aYRqIWvSN5agQ"]},{"@type":"Person","@id":"https:\/\/ds-barranquilla.org\/#\/schema\/person\/7bf8790ba89d3480e0551241ccdc8d36","name":"Comunicaciones Comunicaciones","image":{"@type":"ImageObject","inLanguage":"de","@id":"https:\/\/ds-barranquilla.org\/#\/schema\/person\/image\/","url":"https:\/\/secure.gravatar.com\/avatar\/a66ba9484a4338d81d6bea750e595038?s=96&d=mm&r=g","contentUrl":"https:\/\/secure.gravatar.com\/avatar\/a66ba9484a4338d81d6bea750e595038?s=96&d=mm&r=g","caption":"Comunicaciones Comunicaciones"}}]}},"_links":{"self":[{"href":"https:\/\/ds-barranquilla.org\/de\/wp-json\/wp\/v2\/posts\/4622"}],"collection":[{"href":"https:\/\/ds-barranquilla.org\/de\/wp-json\/wp\/v2\/posts"}],"about":[{"href":"https:\/\/ds-barranquilla.org\/de\/wp-json\/wp\/v2\/types\/post"}],"author":[{"embeddable":true,"href":"https:\/\/ds-barranquilla.org\/de\/wp-json\/wp\/v2\/users\/16"}],"replies":[{"embeddable":true,"href":"https:\/\/ds-barranquilla.org\/de\/wp-json\/wp\/v2\/comments?post=4622"}],"version-history":[{"count":1,"href":"https:\/\/ds-barranquilla.org\/de\/wp-json\/wp\/v2\/posts\/4622\/revisions"}],"predecessor-version":[{"id":4624,"href":"https:\/\/ds-barranquilla.org\/de\/wp-json\/wp\/v2\/posts\/4622\/revisions\/4624"}],"wp:featuredmedia":[{"embeddable":true,"href":"https:\/\/ds-barranquilla.org\/de\/wp-json\/wp\/v2\/media\/4623"}],"wp:attachment":[{"href":"https:\/\/ds-barranquilla.org\/de\/wp-json\/wp\/v2\/media?parent=4622"}],"wp:term":[{"taxonomy":"category","embeddable":true,"href":"https:\/\/ds-barranquilla.org\/de\/wp-json\/wp\/v2\/categories?post=4622"},{"taxonomy":"post_tag","embeddable":true,"href":"https:\/\/ds-barranquilla.org\/de\/wp-json\/wp\/v2\/tags?post=4622"}],"curies":[{"name":"wp","href":"https:\/\/api.w.org\/{rel}","templated":true}]}}