{"id":4628,"date":"2018-05-05T17:51:10","date_gmt":"2018-05-05T22:51:10","guid":{"rendered":"https:\/\/ds-barranquilla.org\/?p=4628"},"modified":"2022-12-21T08:22:17","modified_gmt":"2022-12-21T13:22:17","slug":"primer-boceteado-del-muro-ohne-grenzen","status":"publish","type":"post","link":"https:\/\/ds-barranquilla.org\/de\/primer-boceteado-del-muro-ohne-grenzen\/","title":{"rendered":"Primer boceteado del muro Ohne Grenzen"},"content":{"rendered":"<p><span class=\"TextRun SCXW156657455 BCX0\" lang=\"ES-CO\" xml:lang=\"ES-CO\" data-contrast=\"none\"><span class=\"NormalTextRun SCXW156657455 BCX0\">creado por Roc\u00edo\u00a0<\/span><\/span><span class=\"TextRun SCXW156657455 BCX0\" lang=\"ES-CO\" xml:lang=\"ES-CO\" data-contrast=\"none\"><span class=\"NormalTextRun SCXW156657455 BCX0\">Pl\u00faas<\/span><\/span><span class=\"TextRun SCXW156657455 BCX0\" lang=\"ES-CO\" xml:lang=\"ES-CO\" data-contrast=\"none\"><span class=\"NormalTextRun SCXW156657455 BCX0\">\u00a0|\u202f05.05.2018<\/span><\/span><span class=\"EOP SCXW156657455 BCX0\" data-ccp-props=\"{&quot;201341983&quot;:0,&quot;335559739&quot;:160,&quot;335559740&quot;:240}\">\u00a0<\/span><\/p>\n<p>Am Samstag, dem 5. Mai, gab es den ersten Entwurf an der Mauer der Deutschen Schule. Sch\u00fcler der 8. und 9. Klasse, von CAS und andere Freiwillige haben, unter der Leitung der Kunstlehrer Marlon Ayala und Carolina Pinz\u00f3n, mit dem ersten Entwurf der gro\u00dfen wandmalerischen Umgestaltung angefangen, die im Rahmen des Projekts \u201eOhne Grenzen\u201c durchgef\u00fchrt wird.<\/p>\n<p>An diesem Kunstmorgen kamen auch Eltern, die sich f\u00fcr das Projekt interessierten, um ihre Ideen f\u00fcr die Konzeption der Wandmalerei einzubringen.<\/p>\n<p>Ohne Grenzen entstand im Rahmen der Fachschaft Kunst mit der Kulturabteilung Espacio D. Die umgestaltete Mauer wird im Oktober, zum Gedenken an die deutsche Wiedervereinigung, eingeweiht. Begleitet wird das Ganze von einem Dokumentarfilm, der durch die Foto- und Filmlehrerin Carolin Pinz\u00f3n angeleitet wurde und dessen Regisseure die Sch\u00fcler selbst sind, von einer Performance an der Wand, die von einer Mutter und einer K\u00fcnstlerin geleitet wird und von weiteren Aktivit\u00e4ten.<\/p>\n<p>W\u00e4hrend des ganzen Jahres nahmen einige Lehrerinnen und Lehrer an dem Projekt teil, um ihre Klassen \u00fcber Identit\u00e4t, sprachliche und kulturelle Vielfalt, Unterschiede und Respekt nachzudenken zu lassen. Das Ergebnis dieser \u00dcberlegungen waren die Ausstellungen, die w\u00e4hrend des ganzen Schuljahres gezeigt wurden. Auch Eltern, K\u00fcnstler der Stadt, die Schule der Sch\u00f6nen K\u00fcnste und einige Freunde sind zusammengekommen, um ihre Meinungen auszutauschen, Ideen einzubringen und an diesem Projekt teilzunehmen.<\/p>\n<p>Vielen Dank an alle!<\/p>","protected":false},"excerpt":{"rendered":"<p>creado por Roc\u00edo\u00a0Pl\u00faas\u00a0|\u202f05.05.2018\u00a0 El s\u00e1bado 5 de mayo se llev\u00f3 a cabo la primera boceteada del muro del Colegio Alem\u00e1n. Estudiantes de\u202fKlasse 8, Klasse 9, CAS\u202fy<span class=\"excerpt-hellip\"> [\u2026]<\/span><\/p>","protected":false},"author":16,"featured_media":4629,"comment_status":"open","ping_status":"open","sticky":false,"template":"","format":"standard","meta":{"_exactmetrics_skip_tracking":false,"_exactmetrics_sitenote_active":false,"_exactmetrics_sitenote_note":"","_exactmetrics_sitenote_category":0,"_joinchat":[],"footnotes":""},"categories":[678,685,697,710],"tags":[],"class_list":["post-4628","post","type-post","status-publish","format-standard","has-post-thumbnail","hentry","category-678","category-area-de-artes-visuales-e-interpretativas","category-cas","category-secundaria"],"yoast_head":"<!-- This site is optimized with the Yoast SEO plugin v23.3 - https:\/\/yoast.com\/wordpress\/plugins\/seo\/ -->\n<title>Primer boceteado del muro Ohne Grenzen - 2026<\/title>\n<meta name=\"robots\" content=\"noindex, follow, max-snippet:-1, max-image-preview:large, max-video-preview:-1\" \/>\n<meta property=\"og:locale\" content=\"de_DE\" \/>\n<meta property=\"og:type\" content=\"article\" \/>\n<meta property=\"og:title\" content=\"Primer boceteado del muro Ohne Grenzen - 2026\" \/>\n<meta property=\"og:description\" content=\"creado por Roc\u00edo\u00a0Pl\u00faas\u00a0|\u202f05.05.2018\u00a0 El s\u00e1bado 5 de mayo se llev\u00f3 a cabo la primera boceteada del muro del Colegio Alem\u00e1n. Estudiantes de\u202fKlasse 8, Klasse 9, CAS\u202fy [\u2026]\" \/>\n<meta property=\"og:url\" content=\"https:\/\/ds-barranquilla.org\/de\/primer-boceteado-del-muro-ohne-grenzen\/\" \/>\n<meta property=\"og:site_name\" content=\"Colegio Alem\u00e1n - Los Mejores Colegios de Colombia - Colegio Triling\u00fce\" \/>\n<meta property=\"article:publisher\" content=\"https:\/\/www.facebook.com\/ColegioAlemanBaq\/\" \/>\n<meta property=\"article:published_time\" content=\"2018-05-05T22:51:10+00:00\" \/>\n<meta property=\"article:modified_time\" content=\"2022-12-21T13:22:17+00:00\" \/>\n<meta property=\"og:image\" content=\"https:\/\/ds-barranquilla.org\/wp-content\/uploads\/2020\/06\/Primer-boceteado-del-muro-Ohne-Grenzen.jpg\" \/>\n\t<meta property=\"og:image:width\" content=\"545\" \/>\n\t<meta property=\"og:image:height\" content=\"238\" \/>\n\t<meta property=\"og:image:type\" content=\"image\/jpeg\" \/>\n<meta name=\"author\" content=\"Comunicaciones Comunicaciones\" \/>\n<meta name=\"twitter:card\" content=\"summary_large_image\" \/>\n<meta name=\"twitter:creator\" content=\"@ColegioAlemanBq\" \/>\n<meta name=\"twitter:site\" content=\"@ColegioAlemanBq\" \/>\n<meta name=\"twitter:label1\" content=\"Verfasst von\" \/>\n\t<meta name=\"twitter:data1\" content=\"Comunicaciones Comunicaciones\" \/>\n\t<meta name=\"twitter:label2\" content=\"Gesch\u00e4tzte Lesezeit\" \/>\n\t<meta name=\"twitter:data2\" content=\"1\u00a0Minute\" \/>\n<script type=\"application\/ld+json\" class=\"yoast-schema-graph\">{\"@context\":\"https:\/\/schema.org\",\"@graph\":[{\"@type\":\"Article\",\"@id\":\"https:\/\/ds-barranquilla.org\/primer-boceteado-del-muro-ohne-grenzen\/#article\",\"isPartOf\":{\"@id\":\"https:\/\/ds-barranquilla.org\/primer-boceteado-del-muro-ohne-grenzen\/\"},\"author\":{\"name\":\"Comunicaciones Comunicaciones\",\"@id\":\"https:\/\/ds-barranquilla.org\/#\/schema\/person\/7bf8790ba89d3480e0551241ccdc8d36\"},\"headline\":\"Primer boceteado del muro Ohne Grenzen\",\"datePublished\":\"2018-05-05T22:51:10+00:00\",\"dateModified\":\"2022-12-21T13:22:17+00:00\",\"mainEntityOfPage\":{\"@id\":\"https:\/\/ds-barranquilla.org\/primer-boceteado-del-muro-ohne-grenzen\/\"},\"wordCount\":266,\"commentCount\":0,\"publisher\":{\"@id\":\"https:\/\/ds-barranquilla.org\/#organization\"},\"image\":{\"@id\":\"https:\/\/ds-barranquilla.org\/primer-boceteado-del-muro-ohne-grenzen\/#primaryimage\"},\"thumbnailUrl\":\"https:\/\/ds-barranquilla.org\/wp-content\/uploads\/2020\/06\/Primer-boceteado-del-muro-Ohne-Grenzen.jpg\",\"articleSection\":[\"2018\",\"\u00c1rea de Artes Visuales e Interpretativas\",\"CAS\",\"Secundaria\"],\"inLanguage\":\"de\",\"potentialAction\":[{\"@type\":\"CommentAction\",\"name\":\"Comment\",\"target\":[\"https:\/\/ds-barranquilla.org\/primer-boceteado-del-muro-ohne-grenzen\/#respond\"]}]},{\"@type\":\"WebPage\",\"@id\":\"https:\/\/ds-barranquilla.org\/primer-boceteado-del-muro-ohne-grenzen\/\",\"url\":\"https:\/\/ds-barranquilla.org\/primer-boceteado-del-muro-ohne-grenzen\/\",\"name\":\"Primer boceteado del muro Ohne Grenzen - 2026\",\"isPartOf\":{\"@id\":\"https:\/\/ds-barranquilla.org\/#website\"},\"primaryImageOfPage\":{\"@id\":\"https:\/\/ds-barranquilla.org\/primer-boceteado-del-muro-ohne-grenzen\/#primaryimage\"},\"image\":{\"@id\":\"https:\/\/ds-barranquilla.org\/primer-boceteado-del-muro-ohne-grenzen\/#primaryimage\"},\"thumbnailUrl\":\"https:\/\/ds-barranquilla.org\/wp-content\/uploads\/2020\/06\/Primer-boceteado-del-muro-Ohne-Grenzen.jpg\",\"datePublished\":\"2018-05-05T22:51:10+00:00\",\"dateModified\":\"2022-12-21T13:22:17+00:00\",\"breadcrumb\":{\"@id\":\"https:\/\/ds-barranquilla.org\/primer-boceteado-del-muro-ohne-grenzen\/#breadcrumb\"},\"inLanguage\":\"de\",\"potentialAction\":[{\"@type\":\"ReadAction\",\"target\":[\"https:\/\/ds-barranquilla.org\/primer-boceteado-del-muro-ohne-grenzen\/\"]}]},{\"@type\":\"ImageObject\",\"inLanguage\":\"de\",\"@id\":\"https:\/\/ds-barranquilla.org\/primer-boceteado-del-muro-ohne-grenzen\/#primaryimage\",\"url\":\"https:\/\/ds-barranquilla.org\/wp-content\/uploads\/2020\/06\/Primer-boceteado-del-muro-Ohne-Grenzen.jpg\",\"contentUrl\":\"https:\/\/ds-barranquilla.org\/wp-content\/uploads\/2020\/06\/Primer-boceteado-del-muro-Ohne-Grenzen.jpg\",\"width\":545,\"height\":238},{\"@type\":\"BreadcrumbList\",\"@id\":\"https:\/\/ds-barranquilla.org\/primer-boceteado-del-muro-ohne-grenzen\/#breadcrumb\",\"itemListElement\":[{\"@type\":\"ListItem\",\"position\":1,\"name\":\"Portada\",\"item\":\"https:\/\/ds-barranquilla.org\/\"},{\"@type\":\"ListItem\",\"position\":2,\"name\":\"Primer boceteado del muro Ohne Grenzen\"}]},{\"@type\":\"WebSite\",\"@id\":\"https:\/\/ds-barranquilla.org\/#website\",\"url\":\"https:\/\/ds-barranquilla.org\/\",\"name\":\"Colegio Alem\u00e1n - Los Mejores Colegios de Colombia - Colegio Triling\u00fce\",\"description\":\"Colegio Alem\u00e1n  Barranquilla Colombia - Colegio Biling\u00fce - Triling\u00fce - El Mejor Colegio de Colombia\",\"publisher\":{\"@id\":\"https:\/\/ds-barranquilla.org\/#organization\"},\"potentialAction\":[{\"@type\":\"SearchAction\",\"target\":{\"@type\":\"EntryPoint\",\"urlTemplate\":\"https:\/\/ds-barranquilla.org\/?s={search_term_string}\"},\"query-input\":\"required name=search_term_string\"}],\"inLanguage\":\"de\"},{\"@type\":\"Organization\",\"@id\":\"https:\/\/ds-barranquilla.org\/#organization\",\"name\":\"Colegio Alem\u00e1n Barranquilla\",\"url\":\"https:\/\/ds-barranquilla.org\/\",\"logo\":{\"@type\":\"ImageObject\",\"inLanguage\":\"de\",\"@id\":\"https:\/\/ds-barranquilla.org\/#\/schema\/logo\/image\/\",\"url\":\"https:\/\/ds-barranquilla.org\/wp-content\/uploads\/2021\/05\/coleman_logo_2.png\",\"contentUrl\":\"https:\/\/ds-barranquilla.org\/wp-content\/uploads\/2021\/05\/coleman_logo_2.png\",\"width\":418,\"height\":307,\"caption\":\"Colegio Alem\u00e1n Barranquilla\"},\"image\":{\"@id\":\"https:\/\/ds-barranquilla.org\/#\/schema\/logo\/image\/\"},\"sameAs\":[\"https:\/\/www.facebook.com\/ColegioAlemanBaq\/\",\"https:\/\/x.com\/ColegioAlemanBq\",\"https:\/\/www.instagram.com\/colegioalemanbaq\/\",\"https:\/\/www.linkedin.com\/school\/deutsche-schule-barranquilla\/\",\"https:\/\/www.youtube.com\/channel\/UCOOGZQCVs6aYRqIWvSN5agQ\"]},{\"@type\":\"Person\",\"@id\":\"https:\/\/ds-barranquilla.org\/#\/schema\/person\/7bf8790ba89d3480e0551241ccdc8d36\",\"name\":\"Comunicaciones Comunicaciones\",\"image\":{\"@type\":\"ImageObject\",\"inLanguage\":\"de\",\"@id\":\"https:\/\/ds-barranquilla.org\/#\/schema\/person\/image\/\",\"url\":\"https:\/\/secure.gravatar.com\/avatar\/a66ba9484a4338d81d6bea750e595038?s=96&d=mm&r=g\",\"contentUrl\":\"https:\/\/secure.gravatar.com\/avatar\/a66ba9484a4338d81d6bea750e595038?s=96&d=mm&r=g\",\"caption\":\"Comunicaciones Comunicaciones\"}}]}<\/script>\n<!-- \/ Yoast SEO plugin. -->","yoast_head_json":{"title":"Primer boceteado del muro Ohne Grenzen - 2026","robots":{"index":"noindex","follow":"follow","max-snippet":"max-snippet:-1","max-image-preview":"max-image-preview:large","max-video-preview":"max-video-preview:-1"},"og_locale":"de_DE","og_type":"article","og_title":"Primer boceteado del muro Ohne Grenzen - 2026","og_description":"creado por Roc\u00edo\u00a0Pl\u00faas\u00a0|\u202f05.05.2018\u00a0 El s\u00e1bado 5 de mayo se llev\u00f3 a cabo la primera boceteada del muro del Colegio Alem\u00e1n. Estudiantes de\u202fKlasse 8, Klasse 9, CAS\u202fy [\u2026]","og_url":"https:\/\/ds-barranquilla.org\/de\/primer-boceteado-del-muro-ohne-grenzen\/","og_site_name":"Colegio Alem\u00e1n - Los Mejores Colegios de Colombia - Colegio Triling\u00fce","article_publisher":"https:\/\/www.facebook.com\/ColegioAlemanBaq\/","article_published_time":"2018-05-05T22:51:10+00:00","article_modified_time":"2022-12-21T13:22:17+00:00","og_image":[{"width":545,"height":238,"url":"https:\/\/ds-barranquilla.org\/wp-content\/uploads\/2020\/06\/Primer-boceteado-del-muro-Ohne-Grenzen.jpg","type":"image\/jpeg"}],"author":"Comunicaciones Comunicaciones","twitter_card":"summary_large_image","twitter_creator":"@ColegioAlemanBq","twitter_site":"@ColegioAlemanBq","twitter_misc":{"Verfasst von":"Comunicaciones Comunicaciones","Gesch\u00e4tzte Lesezeit":"1\u00a0Minute"},"schema":{"@context":"https:\/\/schema.org","@graph":[{"@type":"Article","@id":"https:\/\/ds-barranquilla.org\/primer-boceteado-del-muro-ohne-grenzen\/#article","isPartOf":{"@id":"https:\/\/ds-barranquilla.org\/primer-boceteado-del-muro-ohne-grenzen\/"},"author":{"name":"Comunicaciones Comunicaciones","@id":"https:\/\/ds-barranquilla.org\/#\/schema\/person\/7bf8790ba89d3480e0551241ccdc8d36"},"headline":"Primer boceteado del muro Ohne Grenzen","datePublished":"2018-05-05T22:51:10+00:00","dateModified":"2022-12-21T13:22:17+00:00","mainEntityOfPage":{"@id":"https:\/\/ds-barranquilla.org\/primer-boceteado-del-muro-ohne-grenzen\/"},"wordCount":266,"commentCount":0,"publisher":{"@id":"https:\/\/ds-barranquilla.org\/#organization"},"image":{"@id":"https:\/\/ds-barranquilla.org\/primer-boceteado-del-muro-ohne-grenzen\/#primaryimage"},"thumbnailUrl":"https:\/\/ds-barranquilla.org\/wp-content\/uploads\/2020\/06\/Primer-boceteado-del-muro-Ohne-Grenzen.jpg","articleSection":["2018","\u00c1rea de Artes Visuales e Interpretativas","CAS","Secundaria"],"inLanguage":"de","potentialAction":[{"@type":"CommentAction","name":"Comment","target":["https:\/\/ds-barranquilla.org\/primer-boceteado-del-muro-ohne-grenzen\/#respond"]}]},{"@type":"WebPage","@id":"https:\/\/ds-barranquilla.org\/primer-boceteado-del-muro-ohne-grenzen\/","url":"https:\/\/ds-barranquilla.org\/primer-boceteado-del-muro-ohne-grenzen\/","name":"Primer boceteado del muro Ohne Grenzen - 2026","isPartOf":{"@id":"https:\/\/ds-barranquilla.org\/#website"},"primaryImageOfPage":{"@id":"https:\/\/ds-barranquilla.org\/primer-boceteado-del-muro-ohne-grenzen\/#primaryimage"},"image":{"@id":"https:\/\/ds-barranquilla.org\/primer-boceteado-del-muro-ohne-grenzen\/#primaryimage"},"thumbnailUrl":"https:\/\/ds-barranquilla.org\/wp-content\/uploads\/2020\/06\/Primer-boceteado-del-muro-Ohne-Grenzen.jpg","datePublished":"2018-05-05T22:51:10+00:00","dateModified":"2022-12-21T13:22:17+00:00","breadcrumb":{"@id":"https:\/\/ds-barranquilla.org\/primer-boceteado-del-muro-ohne-grenzen\/#breadcrumb"},"inLanguage":"de","potentialAction":[{"@type":"ReadAction","target":["https:\/\/ds-barranquilla.org\/primer-boceteado-del-muro-ohne-grenzen\/"]}]},{"@type":"ImageObject","inLanguage":"de","@id":"https:\/\/ds-barranquilla.org\/primer-boceteado-del-muro-ohne-grenzen\/#primaryimage","url":"https:\/\/ds-barranquilla.org\/wp-content\/uploads\/2020\/06\/Primer-boceteado-del-muro-Ohne-Grenzen.jpg","contentUrl":"https:\/\/ds-barranquilla.org\/wp-content\/uploads\/2020\/06\/Primer-boceteado-del-muro-Ohne-Grenzen.jpg","width":545,"height":238},{"@type":"BreadcrumbList","@id":"https:\/\/ds-barranquilla.org\/primer-boceteado-del-muro-ohne-grenzen\/#breadcrumb","itemListElement":[{"@type":"ListItem","position":1,"name":"Portada","item":"https:\/\/ds-barranquilla.org\/"},{"@type":"ListItem","position":2,"name":"Primer boceteado del muro Ohne Grenzen"}]},{"@type":"WebSite","@id":"https:\/\/ds-barranquilla.org\/#website","url":"https:\/\/ds-barranquilla.org\/","name":"Colegio Alem\u00e1n - Los Mejores Colegios de Colombia - Colegio Triling\u00fce","description":"Colegio Alem\u00e1n  Barranquilla Colombia - Colegio Biling\u00fce - Triling\u00fce - El Mejor Colegio de Colombia","publisher":{"@id":"https:\/\/ds-barranquilla.org\/#organization"},"potentialAction":[{"@type":"SearchAction","target":{"@type":"EntryPoint","urlTemplate":"https:\/\/ds-barranquilla.org\/?s={search_term_string}"},"query-input":"required name=search_term_string"}],"inLanguage":"de"},{"@type":"Organization","@id":"https:\/\/ds-barranquilla.org\/#organization","name":"Colegio Alem\u00e1n Barranquilla","url":"https:\/\/ds-barranquilla.org\/","logo":{"@type":"ImageObject","inLanguage":"de","@id":"https:\/\/ds-barranquilla.org\/#\/schema\/logo\/image\/","url":"https:\/\/ds-barranquilla.org\/wp-content\/uploads\/2021\/05\/coleman_logo_2.png","contentUrl":"https:\/\/ds-barranquilla.org\/wp-content\/uploads\/2021\/05\/coleman_logo_2.png","width":418,"height":307,"caption":"Colegio Alem\u00e1n Barranquilla"},"image":{"@id":"https:\/\/ds-barranquilla.org\/#\/schema\/logo\/image\/"},"sameAs":["https:\/\/www.facebook.com\/ColegioAlemanBaq\/","https:\/\/x.com\/ColegioAlemanBq","https:\/\/www.instagram.com\/colegioalemanbaq\/","https:\/\/www.linkedin.com\/school\/deutsche-schule-barranquilla\/","https:\/\/www.youtube.com\/channel\/UCOOGZQCVs6aYRqIWvSN5agQ"]},{"@type":"Person","@id":"https:\/\/ds-barranquilla.org\/#\/schema\/person\/7bf8790ba89d3480e0551241ccdc8d36","name":"Comunicaciones Comunicaciones","image":{"@type":"ImageObject","inLanguage":"de","@id":"https:\/\/ds-barranquilla.org\/#\/schema\/person\/image\/","url":"https:\/\/secure.gravatar.com\/avatar\/a66ba9484a4338d81d6bea750e595038?s=96&d=mm&r=g","contentUrl":"https:\/\/secure.gravatar.com\/avatar\/a66ba9484a4338d81d6bea750e595038?s=96&d=mm&r=g","caption":"Comunicaciones Comunicaciones"}}]}},"_links":{"self":[{"href":"https:\/\/ds-barranquilla.org\/de\/wp-json\/wp\/v2\/posts\/4628"}],"collection":[{"href":"https:\/\/ds-barranquilla.org\/de\/wp-json\/wp\/v2\/posts"}],"about":[{"href":"https:\/\/ds-barranquilla.org\/de\/wp-json\/wp\/v2\/types\/post"}],"author":[{"embeddable":true,"href":"https:\/\/ds-barranquilla.org\/de\/wp-json\/wp\/v2\/users\/16"}],"replies":[{"embeddable":true,"href":"https:\/\/ds-barranquilla.org\/de\/wp-json\/wp\/v2\/comments?post=4628"}],"version-history":[{"count":1,"href":"https:\/\/ds-barranquilla.org\/de\/wp-json\/wp\/v2\/posts\/4628\/revisions"}],"predecessor-version":[{"id":4630,"href":"https:\/\/ds-barranquilla.org\/de\/wp-json\/wp\/v2\/posts\/4628\/revisions\/4630"}],"wp:featuredmedia":[{"embeddable":true,"href":"https:\/\/ds-barranquilla.org\/de\/wp-json\/wp\/v2\/media\/4629"}],"wp:attachment":[{"href":"https:\/\/ds-barranquilla.org\/de\/wp-json\/wp\/v2\/media?parent=4628"}],"wp:term":[{"taxonomy":"category","embeddable":true,"href":"https:\/\/ds-barranquilla.org\/de\/wp-json\/wp\/v2\/categories?post=4628"},{"taxonomy":"post_tag","embeddable":true,"href":"https:\/\/ds-barranquilla.org\/de\/wp-json\/wp\/v2\/tags?post=4628"}],"curies":[{"name":"wp","href":"https:\/\/api.w.org\/{rel}","templated":true}]}}