{"id":4641,"date":"2018-03-06T07:45:58","date_gmt":"2018-03-06T12:45:58","guid":{"rendered":"https:\/\/ds-barranquilla.org\/?p=4641"},"modified":"2022-12-21T11:10:31","modified_gmt":"2022-12-21T16:10:31","slug":"nuestro-egresado-ciro-plata-sigue-dejando-en-alto-el-nombre-del-colegio-aleman","status":"publish","type":"post","link":"https:\/\/ds-barranquilla.org\/de\/nuestro-egresado-ciro-plata-sigue-dejando-en-alto-el-nombre-del-colegio-aleman\/","title":{"rendered":"Nuestro egresado Ciro Plata sigue dejando en alto el nombre del Colegio Alem\u00e1n"},"content":{"rendered":"<p>Unser ehemaliger Sch\u00fcler Ciro Plata Barros (Abschlussjahrgang 2013-2014) sorgt auch weiterhin daf\u00fcr, dass die Schulgemeinschaft der Deutschen Schule stolz auf ihn ist. K\u00fcrzlich wurde er ausgew\u00e4hlt die Universit\u00e4t Bonn beim internationalen Mathematik-Wettbewerb in Bulgarien zu vertreten, an dem Studenten verschiedener europ\u00e4ischer, amerikanischer und asiatischer Universit\u00e4ten teilnehmen werden.<\/p>\n<p>Ciro, der Mathematik im f\u00fcnften Semester an der Universit\u00e4t Bonn studiert, wird sie mit einem Team aus f\u00fcnf weiteren jungen Leuten vertreten.<\/p>\n<p>Der Wettbewerb findet vom 22. bis zum 28. Juli in Bulgarien statt. Wir w\u00fcnschen Circo viel Erfolg, wohlwissend, dass er in der Lage sein wird, sich bei dieser akademischen Veranstaltung zu behaupten!<\/p>\n<p>Klicken Sie hier, um weitere Informationen zu dieser akademischen Veranstaltung zu erhalten.<\/p>\n<p>http:\/\/www.imc-math.org.uk\/<\/p>","protected":false},"excerpt":{"rendered":"<p>Nuestro egresado\u202fCiro Plata Barros (promoci\u00f3n 2013-2014)\u202fsigue d\u00e1ndonos satisfacciones que enorgullecen a la comunidad del Colegio Alem\u00e1n. Recientemente fue escogido para representar a la Universidad de Bonn<span class=\"excerpt-hellip\"> [\u2026]<\/span><\/p>","protected":false},"author":16,"featured_media":4643,"comment_status":"open","ping_status":"open","sticky":false,"template":"","format":"standard","meta":{"_exactmetrics_skip_tracking":false,"_exactmetrics_sitenote_active":false,"_exactmetrics_sitenote_note":"","_exactmetrics_sitenote_category":0,"_joinchat":[],"footnotes":""},"categories":[678,684],"tags":[],"class_list":["post-4641","post","type-post","status-publish","format-standard","has-post-thumbnail","hentry","category-678","category-alumni"],"yoast_head":"<!-- This site is optimized with the Yoast SEO plugin v23.3 - https:\/\/yoast.com\/wordpress\/plugins\/seo\/ -->\n<title>Nuestro egresado Ciro Plata sigue dejando en alto el nombre del Colegio Alem\u00e1n - 2026<\/title>\n<meta name=\"robots\" content=\"noindex, follow, max-snippet:-1, max-image-preview:large, max-video-preview:-1\" \/>\n<meta property=\"og:locale\" content=\"de_DE\" \/>\n<meta property=\"og:type\" content=\"article\" \/>\n<meta property=\"og:title\" content=\"Nuestro egresado Ciro Plata sigue dejando en alto el nombre del Colegio Alem\u00e1n - 2026\" \/>\n<meta property=\"og:description\" content=\"Nuestro egresado\u202fCiro Plata Barros (promoci\u00f3n 2013-2014)\u202fsigue d\u00e1ndonos satisfacciones que enorgullecen a la comunidad del Colegio Alem\u00e1n. Recientemente fue escogido para representar a la Universidad de Bonn [\u2026]\" \/>\n<meta property=\"og:url\" content=\"https:\/\/ds-barranquilla.org\/de\/nuestro-egresado-ciro-plata-sigue-dejando-en-alto-el-nombre-del-colegio-aleman\/\" \/>\n<meta property=\"og:site_name\" content=\"Colegio Alem\u00e1n - Los Mejores Colegios de Colombia - Colegio Triling\u00fce\" \/>\n<meta property=\"article:publisher\" content=\"https:\/\/www.facebook.com\/ColegioAlemanBaq\/\" \/>\n<meta property=\"article:published_time\" content=\"2018-03-06T12:45:58+00:00\" \/>\n<meta property=\"article:modified_time\" content=\"2022-12-21T16:10:31+00:00\" \/>\n<meta property=\"og:image\" content=\"https:\/\/ds-barranquilla.org\/wp-content\/uploads\/2018\/03\/Nuestro-egresado-Ciro-Plata-sigue-dejando-en-alto-el-nombre-del-Colegio-Alem\u00e1n.jpg\" \/>\n\t<meta property=\"og:image:width\" content=\"574\" \/>\n\t<meta property=\"og:image:height\" content=\"258\" \/>\n\t<meta property=\"og:image:type\" content=\"image\/jpeg\" \/>\n<meta name=\"author\" content=\"Comunicaciones Comunicaciones\" \/>\n<meta name=\"twitter:card\" content=\"summary_large_image\" \/>\n<meta name=\"twitter:creator\" content=\"@ColegioAlemanBq\" \/>\n<meta name=\"twitter:site\" content=\"@ColegioAlemanBq\" \/>\n<meta name=\"twitter:label1\" content=\"Verfasst von\" \/>\n\t<meta name=\"twitter:data1\" content=\"Comunicaciones Comunicaciones\" \/>\n\t<meta name=\"twitter:label2\" content=\"Gesch\u00e4tzte Lesezeit\" \/>\n\t<meta name=\"twitter:data2\" content=\"1\u00a0Minute\" \/>\n<script type=\"application\/ld+json\" class=\"yoast-schema-graph\">{\"@context\":\"https:\/\/schema.org\",\"@graph\":[{\"@type\":\"Article\",\"@id\":\"https:\/\/ds-barranquilla.org\/de\/nuestro-egresado-ciro-plata-sigue-dejando-en-alto-el-nombre-del-colegio-aleman\/#article\",\"isPartOf\":{\"@id\":\"https:\/\/ds-barranquilla.org\/de\/nuestro-egresado-ciro-plata-sigue-dejando-en-alto-el-nombre-del-colegio-aleman\/\"},\"author\":{\"name\":\"Comunicaciones Comunicaciones\",\"@id\":\"https:\/\/ds-barranquilla.org\/#\/schema\/person\/7bf8790ba89d3480e0551241ccdc8d36\"},\"headline\":\"Nuestro egresado Ciro Plata sigue dejando en alto el nombre del Colegio Alem\u00e1n\",\"datePublished\":\"2018-03-06T12:45:58+00:00\",\"dateModified\":\"2022-12-21T16:10:31+00:00\",\"mainEntityOfPage\":{\"@id\":\"https:\/\/ds-barranquilla.org\/de\/nuestro-egresado-ciro-plata-sigue-dejando-en-alto-el-nombre-del-colegio-aleman\/\"},\"wordCount\":143,\"commentCount\":0,\"publisher\":{\"@id\":\"https:\/\/ds-barranquilla.org\/#organization\"},\"image\":{\"@id\":\"https:\/\/ds-barranquilla.org\/de\/nuestro-egresado-ciro-plata-sigue-dejando-en-alto-el-nombre-del-colegio-aleman\/#primaryimage\"},\"thumbnailUrl\":\"https:\/\/ds-barranquilla.org\/wp-content\/uploads\/2018\/03\/Nuestro-egresado-Ciro-Plata-sigue-dejando-en-alto-el-nombre-del-Colegio-Alem\u00e1n.jpg\",\"articleSection\":[\"2018\",\"Alumni\"],\"inLanguage\":\"de\",\"potentialAction\":[{\"@type\":\"CommentAction\",\"name\":\"Comment\",\"target\":[\"https:\/\/ds-barranquilla.org\/de\/nuestro-egresado-ciro-plata-sigue-dejando-en-alto-el-nombre-del-colegio-aleman\/#respond\"]}]},{\"@type\":\"WebPage\",\"@id\":\"https:\/\/ds-barranquilla.org\/de\/nuestro-egresado-ciro-plata-sigue-dejando-en-alto-el-nombre-del-colegio-aleman\/\",\"url\":\"https:\/\/ds-barranquilla.org\/de\/nuestro-egresado-ciro-plata-sigue-dejando-en-alto-el-nombre-del-colegio-aleman\/\",\"name\":\"Nuestro egresado Ciro Plata sigue dejando en alto el nombre del Colegio Alem\u00e1n - 2026\",\"isPartOf\":{\"@id\":\"https:\/\/ds-barranquilla.org\/#website\"},\"primaryImageOfPage\":{\"@id\":\"https:\/\/ds-barranquilla.org\/de\/nuestro-egresado-ciro-plata-sigue-dejando-en-alto-el-nombre-del-colegio-aleman\/#primaryimage\"},\"image\":{\"@id\":\"https:\/\/ds-barranquilla.org\/de\/nuestro-egresado-ciro-plata-sigue-dejando-en-alto-el-nombre-del-colegio-aleman\/#primaryimage\"},\"thumbnailUrl\":\"https:\/\/ds-barranquilla.org\/wp-content\/uploads\/2018\/03\/Nuestro-egresado-Ciro-Plata-sigue-dejando-en-alto-el-nombre-del-Colegio-Alem\u00e1n.jpg\",\"datePublished\":\"2018-03-06T12:45:58+00:00\",\"dateModified\":\"2022-12-21T16:10:31+00:00\",\"breadcrumb\":{\"@id\":\"https:\/\/ds-barranquilla.org\/de\/nuestro-egresado-ciro-plata-sigue-dejando-en-alto-el-nombre-del-colegio-aleman\/#breadcrumb\"},\"inLanguage\":\"de\",\"potentialAction\":[{\"@type\":\"ReadAction\",\"target\":[\"https:\/\/ds-barranquilla.org\/de\/nuestro-egresado-ciro-plata-sigue-dejando-en-alto-el-nombre-del-colegio-aleman\/\"]}]},{\"@type\":\"ImageObject\",\"inLanguage\":\"de\",\"@id\":\"https:\/\/ds-barranquilla.org\/de\/nuestro-egresado-ciro-plata-sigue-dejando-en-alto-el-nombre-del-colegio-aleman\/#primaryimage\",\"url\":\"https:\/\/ds-barranquilla.org\/wp-content\/uploads\/2018\/03\/Nuestro-egresado-Ciro-Plata-sigue-dejando-en-alto-el-nombre-del-Colegio-Alem\u00e1n.jpg\",\"contentUrl\":\"https:\/\/ds-barranquilla.org\/wp-content\/uploads\/2018\/03\/Nuestro-egresado-Ciro-Plata-sigue-dejando-en-alto-el-nombre-del-Colegio-Alem\u00e1n.jpg\",\"width\":574,\"height\":258},{\"@type\":\"BreadcrumbList\",\"@id\":\"https:\/\/ds-barranquilla.org\/de\/nuestro-egresado-ciro-plata-sigue-dejando-en-alto-el-nombre-del-colegio-aleman\/#breadcrumb\",\"itemListElement\":[{\"@type\":\"ListItem\",\"position\":1,\"name\":\"Portada\",\"item\":\"https:\/\/ds-barranquilla.org\/\"},{\"@type\":\"ListItem\",\"position\":2,\"name\":\"Nuestro egresado Ciro Plata sigue dejando en alto el nombre del Colegio Alem\u00e1n\"}]},{\"@type\":\"WebSite\",\"@id\":\"https:\/\/ds-barranquilla.org\/#website\",\"url\":\"https:\/\/ds-barranquilla.org\/\",\"name\":\"Colegio Alem\u00e1n - Los Mejores Colegios de Colombia - Colegio Triling\u00fce\",\"description\":\"Colegio Alem\u00e1n  Barranquilla Colombia - Colegio Biling\u00fce - Triling\u00fce - El Mejor Colegio de Colombia\",\"publisher\":{\"@id\":\"https:\/\/ds-barranquilla.org\/#organization\"},\"potentialAction\":[{\"@type\":\"SearchAction\",\"target\":{\"@type\":\"EntryPoint\",\"urlTemplate\":\"https:\/\/ds-barranquilla.org\/?s={search_term_string}\"},\"query-input\":\"required name=search_term_string\"}],\"inLanguage\":\"de\"},{\"@type\":\"Organization\",\"@id\":\"https:\/\/ds-barranquilla.org\/#organization\",\"name\":\"Colegio Alem\u00e1n Barranquilla\",\"url\":\"https:\/\/ds-barranquilla.org\/\",\"logo\":{\"@type\":\"ImageObject\",\"inLanguage\":\"de\",\"@id\":\"https:\/\/ds-barranquilla.org\/#\/schema\/logo\/image\/\",\"url\":\"https:\/\/ds-barranquilla.org\/wp-content\/uploads\/2021\/05\/coleman_logo_2.png\",\"contentUrl\":\"https:\/\/ds-barranquilla.org\/wp-content\/uploads\/2021\/05\/coleman_logo_2.png\",\"width\":418,\"height\":307,\"caption\":\"Colegio Alem\u00e1n Barranquilla\"},\"image\":{\"@id\":\"https:\/\/ds-barranquilla.org\/#\/schema\/logo\/image\/\"},\"sameAs\":[\"https:\/\/www.facebook.com\/ColegioAlemanBaq\/\",\"https:\/\/x.com\/ColegioAlemanBq\",\"https:\/\/www.instagram.com\/colegioalemanbaq\/\",\"https:\/\/www.linkedin.com\/school\/deutsche-schule-barranquilla\/\",\"https:\/\/www.youtube.com\/channel\/UCOOGZQCVs6aYRqIWvSN5agQ\"]},{\"@type\":\"Person\",\"@id\":\"https:\/\/ds-barranquilla.org\/#\/schema\/person\/7bf8790ba89d3480e0551241ccdc8d36\",\"name\":\"Comunicaciones Comunicaciones\",\"image\":{\"@type\":\"ImageObject\",\"inLanguage\":\"de\",\"@id\":\"https:\/\/ds-barranquilla.org\/#\/schema\/person\/image\/\",\"url\":\"https:\/\/secure.gravatar.com\/avatar\/a66ba9484a4338d81d6bea750e595038?s=96&d=mm&r=g\",\"contentUrl\":\"https:\/\/secure.gravatar.com\/avatar\/a66ba9484a4338d81d6bea750e595038?s=96&d=mm&r=g\",\"caption\":\"Comunicaciones Comunicaciones\"}}]}<\/script>\n<!-- \/ Yoast SEO plugin. -->","yoast_head_json":{"title":"Nuestro egresado Ciro Plata sigue dejando en alto el nombre del Colegio Alem\u00e1n - 2026","robots":{"index":"noindex","follow":"follow","max-snippet":"max-snippet:-1","max-image-preview":"max-image-preview:large","max-video-preview":"max-video-preview:-1"},"og_locale":"de_DE","og_type":"article","og_title":"Nuestro egresado Ciro Plata sigue dejando en alto el nombre del Colegio Alem\u00e1n - 2026","og_description":"Nuestro egresado\u202fCiro Plata Barros (promoci\u00f3n 2013-2014)\u202fsigue d\u00e1ndonos satisfacciones que enorgullecen a la comunidad del Colegio Alem\u00e1n. Recientemente fue escogido para representar a la Universidad de Bonn [\u2026]","og_url":"https:\/\/ds-barranquilla.org\/de\/nuestro-egresado-ciro-plata-sigue-dejando-en-alto-el-nombre-del-colegio-aleman\/","og_site_name":"Colegio Alem\u00e1n - Los Mejores Colegios de Colombia - Colegio Triling\u00fce","article_publisher":"https:\/\/www.facebook.com\/ColegioAlemanBaq\/","article_published_time":"2018-03-06T12:45:58+00:00","article_modified_time":"2022-12-21T16:10:31+00:00","og_image":[{"width":574,"height":258,"url":"https:\/\/ds-barranquilla.org\/wp-content\/uploads\/2018\/03\/Nuestro-egresado-Ciro-Plata-sigue-dejando-en-alto-el-nombre-del-Colegio-Alem\u00e1n.jpg","type":"image\/jpeg"}],"author":"Comunicaciones Comunicaciones","twitter_card":"summary_large_image","twitter_creator":"@ColegioAlemanBq","twitter_site":"@ColegioAlemanBq","twitter_misc":{"Verfasst von":"Comunicaciones Comunicaciones","Gesch\u00e4tzte Lesezeit":"1\u00a0Minute"},"schema":{"@context":"https:\/\/schema.org","@graph":[{"@type":"Article","@id":"https:\/\/ds-barranquilla.org\/de\/nuestro-egresado-ciro-plata-sigue-dejando-en-alto-el-nombre-del-colegio-aleman\/#article","isPartOf":{"@id":"https:\/\/ds-barranquilla.org\/de\/nuestro-egresado-ciro-plata-sigue-dejando-en-alto-el-nombre-del-colegio-aleman\/"},"author":{"name":"Comunicaciones Comunicaciones","@id":"https:\/\/ds-barranquilla.org\/#\/schema\/person\/7bf8790ba89d3480e0551241ccdc8d36"},"headline":"Nuestro egresado Ciro Plata sigue dejando en alto el nombre del Colegio Alem\u00e1n","datePublished":"2018-03-06T12:45:58+00:00","dateModified":"2022-12-21T16:10:31+00:00","mainEntityOfPage":{"@id":"https:\/\/ds-barranquilla.org\/de\/nuestro-egresado-ciro-plata-sigue-dejando-en-alto-el-nombre-del-colegio-aleman\/"},"wordCount":143,"commentCount":0,"publisher":{"@id":"https:\/\/ds-barranquilla.org\/#organization"},"image":{"@id":"https:\/\/ds-barranquilla.org\/de\/nuestro-egresado-ciro-plata-sigue-dejando-en-alto-el-nombre-del-colegio-aleman\/#primaryimage"},"thumbnailUrl":"https:\/\/ds-barranquilla.org\/wp-content\/uploads\/2018\/03\/Nuestro-egresado-Ciro-Plata-sigue-dejando-en-alto-el-nombre-del-Colegio-Alem\u00e1n.jpg","articleSection":["2018","Alumni"],"inLanguage":"de","potentialAction":[{"@type":"CommentAction","name":"Comment","target":["https:\/\/ds-barranquilla.org\/de\/nuestro-egresado-ciro-plata-sigue-dejando-en-alto-el-nombre-del-colegio-aleman\/#respond"]}]},{"@type":"WebPage","@id":"https:\/\/ds-barranquilla.org\/de\/nuestro-egresado-ciro-plata-sigue-dejando-en-alto-el-nombre-del-colegio-aleman\/","url":"https:\/\/ds-barranquilla.org\/de\/nuestro-egresado-ciro-plata-sigue-dejando-en-alto-el-nombre-del-colegio-aleman\/","name":"Nuestro egresado Ciro Plata sigue dejando en alto el nombre del Colegio Alem\u00e1n - 2026","isPartOf":{"@id":"https:\/\/ds-barranquilla.org\/#website"},"primaryImageOfPage":{"@id":"https:\/\/ds-barranquilla.org\/de\/nuestro-egresado-ciro-plata-sigue-dejando-en-alto-el-nombre-del-colegio-aleman\/#primaryimage"},"image":{"@id":"https:\/\/ds-barranquilla.org\/de\/nuestro-egresado-ciro-plata-sigue-dejando-en-alto-el-nombre-del-colegio-aleman\/#primaryimage"},"thumbnailUrl":"https:\/\/ds-barranquilla.org\/wp-content\/uploads\/2018\/03\/Nuestro-egresado-Ciro-Plata-sigue-dejando-en-alto-el-nombre-del-Colegio-Alem\u00e1n.jpg","datePublished":"2018-03-06T12:45:58+00:00","dateModified":"2022-12-21T16:10:31+00:00","breadcrumb":{"@id":"https:\/\/ds-barranquilla.org\/de\/nuestro-egresado-ciro-plata-sigue-dejando-en-alto-el-nombre-del-colegio-aleman\/#breadcrumb"},"inLanguage":"de","potentialAction":[{"@type":"ReadAction","target":["https:\/\/ds-barranquilla.org\/de\/nuestro-egresado-ciro-plata-sigue-dejando-en-alto-el-nombre-del-colegio-aleman\/"]}]},{"@type":"ImageObject","inLanguage":"de","@id":"https:\/\/ds-barranquilla.org\/de\/nuestro-egresado-ciro-plata-sigue-dejando-en-alto-el-nombre-del-colegio-aleman\/#primaryimage","url":"https:\/\/ds-barranquilla.org\/wp-content\/uploads\/2018\/03\/Nuestro-egresado-Ciro-Plata-sigue-dejando-en-alto-el-nombre-del-Colegio-Alem\u00e1n.jpg","contentUrl":"https:\/\/ds-barranquilla.org\/wp-content\/uploads\/2018\/03\/Nuestro-egresado-Ciro-Plata-sigue-dejando-en-alto-el-nombre-del-Colegio-Alem\u00e1n.jpg","width":574,"height":258},{"@type":"BreadcrumbList","@id":"https:\/\/ds-barranquilla.org\/de\/nuestro-egresado-ciro-plata-sigue-dejando-en-alto-el-nombre-del-colegio-aleman\/#breadcrumb","itemListElement":[{"@type":"ListItem","position":1,"name":"Portada","item":"https:\/\/ds-barranquilla.org\/"},{"@type":"ListItem","position":2,"name":"Nuestro egresado Ciro Plata sigue dejando en alto el nombre del Colegio Alem\u00e1n"}]},{"@type":"WebSite","@id":"https:\/\/ds-barranquilla.org\/#website","url":"https:\/\/ds-barranquilla.org\/","name":"Colegio Alem\u00e1n - Los Mejores Colegios de Colombia - Colegio Triling\u00fce","description":"Colegio Alem\u00e1n  Barranquilla Colombia - Colegio Biling\u00fce - Triling\u00fce - El Mejor Colegio de Colombia","publisher":{"@id":"https:\/\/ds-barranquilla.org\/#organization"},"potentialAction":[{"@type":"SearchAction","target":{"@type":"EntryPoint","urlTemplate":"https:\/\/ds-barranquilla.org\/?s={search_term_string}"},"query-input":"required name=search_term_string"}],"inLanguage":"de"},{"@type":"Organization","@id":"https:\/\/ds-barranquilla.org\/#organization","name":"Colegio Alem\u00e1n Barranquilla","url":"https:\/\/ds-barranquilla.org\/","logo":{"@type":"ImageObject","inLanguage":"de","@id":"https:\/\/ds-barranquilla.org\/#\/schema\/logo\/image\/","url":"https:\/\/ds-barranquilla.org\/wp-content\/uploads\/2021\/05\/coleman_logo_2.png","contentUrl":"https:\/\/ds-barranquilla.org\/wp-content\/uploads\/2021\/05\/coleman_logo_2.png","width":418,"height":307,"caption":"Colegio Alem\u00e1n Barranquilla"},"image":{"@id":"https:\/\/ds-barranquilla.org\/#\/schema\/logo\/image\/"},"sameAs":["https:\/\/www.facebook.com\/ColegioAlemanBaq\/","https:\/\/x.com\/ColegioAlemanBq","https:\/\/www.instagram.com\/colegioalemanbaq\/","https:\/\/www.linkedin.com\/school\/deutsche-schule-barranquilla\/","https:\/\/www.youtube.com\/channel\/UCOOGZQCVs6aYRqIWvSN5agQ"]},{"@type":"Person","@id":"https:\/\/ds-barranquilla.org\/#\/schema\/person\/7bf8790ba89d3480e0551241ccdc8d36","name":"Comunicaciones Comunicaciones","image":{"@type":"ImageObject","inLanguage":"de","@id":"https:\/\/ds-barranquilla.org\/#\/schema\/person\/image\/","url":"https:\/\/secure.gravatar.com\/avatar\/a66ba9484a4338d81d6bea750e595038?s=96&d=mm&r=g","contentUrl":"https:\/\/secure.gravatar.com\/avatar\/a66ba9484a4338d81d6bea750e595038?s=96&d=mm&r=g","caption":"Comunicaciones Comunicaciones"}}]}},"_links":{"self":[{"href":"https:\/\/ds-barranquilla.org\/de\/wp-json\/wp\/v2\/posts\/4641"}],"collection":[{"href":"https:\/\/ds-barranquilla.org\/de\/wp-json\/wp\/v2\/posts"}],"about":[{"href":"https:\/\/ds-barranquilla.org\/de\/wp-json\/wp\/v2\/types\/post"}],"author":[{"embeddable":true,"href":"https:\/\/ds-barranquilla.org\/de\/wp-json\/wp\/v2\/users\/16"}],"replies":[{"embeddable":true,"href":"https:\/\/ds-barranquilla.org\/de\/wp-json\/wp\/v2\/comments?post=4641"}],"version-history":[{"count":3,"href":"https:\/\/ds-barranquilla.org\/de\/wp-json\/wp\/v2\/posts\/4641\/revisions"}],"predecessor-version":[{"id":4645,"href":"https:\/\/ds-barranquilla.org\/de\/wp-json\/wp\/v2\/posts\/4641\/revisions\/4645"}],"wp:featuredmedia":[{"embeddable":true,"href":"https:\/\/ds-barranquilla.org\/de\/wp-json\/wp\/v2\/media\/4643"}],"wp:attachment":[{"href":"https:\/\/ds-barranquilla.org\/de\/wp-json\/wp\/v2\/media?parent=4641"}],"wp:term":[{"taxonomy":"category","embeddable":true,"href":"https:\/\/ds-barranquilla.org\/de\/wp-json\/wp\/v2\/categories?post=4641"},{"taxonomy":"post_tag","embeddable":true,"href":"https:\/\/ds-barranquilla.org\/de\/wp-json\/wp\/v2\/tags?post=4641"}],"curies":[{"name":"wp","href":"https:\/\/api.w.org\/{rel}","templated":true}]}}