{"id":4653,"date":"2020-01-14T09:37:23","date_gmt":"2020-01-14T14:37:23","guid":{"rendered":"https:\/\/ds-barranquilla.org\/?p=4653"},"modified":"2023-01-04T14:59:33","modified_gmt":"2023-01-04T19:59:33","slug":"asesora-pedagogica-para-los-colegios-alemanes-realizo-visita-de-evaluacion-en-nuestro-colegio","status":"publish","type":"post","link":"https:\/\/ds-barranquilla.org\/de\/asesora-pedagogica-para-los-colegios-alemanes-realizo-visita-de-evaluacion-en-nuestro-colegio\/","title":{"rendered":"Asesora pedag\u00f3gica para los colegios alemanes realiz\u00f3 visita de evaluaci\u00f3n en nuestro colegio"},"content":{"rendered":"<p>creado por Jos\u00e9 R\u00edos Mercado |<\/p>\n<p>La ense\u00f1anza del alem\u00e1n, la asesor\u00eda para el Tandem y la organizaci\u00f3n del aula diferenciada, fueron los aspectos evaluados en nuestro colegio por la asesora pedag\u00f3gica para los colegios alemanes,\u202fSandra Schellhorn.\u202fEl acompa\u00f1amiento brindado por Sandra Schellhorn obedece a la visita que realizar\u00e1 la Bund-L\u00e4nder-Inspektion (BLI) 2.0 en nuestro colegio en octubre de 2020.<\/p>\n<p>Esta actividad es desarollada por las\u202fautoridades educativas alemanas en los colegios alemanes en el extranjero para garantizar e impulsar el desarrollo de la calidad en estas instituciones. Sandra Schellhorn\u202ftambi\u00e9n se desempe\u00f1a como Facilitadora de Procesos de la Oficina Central de Colegios Alemanes en el Extranjero de la ZfA para la Regi\u00f3n 3.<\/p>","protected":false},"excerpt":{"rendered":"<p>creado por Jos\u00e9 R\u00edos Mercado | La ense\u00f1anza del alem\u00e1n, la asesor\u00eda para el Tandem y la organizaci\u00f3n del aula diferenciada, fueron los aspectos evaluados en<span class=\"excerpt-hellip\"> [\u2026]<\/span><\/p>","protected":false},"author":16,"featured_media":5023,"comment_status":"open","ping_status":"open","sticky":false,"template":"","format":"standard","meta":{"_exactmetrics_skip_tracking":false,"_exactmetrics_sitenote_active":false,"_exactmetrics_sitenote_note":"","_exactmetrics_sitenote_category":0,"_joinchat":[],"footnotes":""},"categories":[680,674,707],"tags":[471,450],"class_list":["post-4653","post","type-post","status-publish","format-standard","has-post-thumbnail","hentry","category-680","category-lengua-y-cultura-alemana","category-otras-noticias","tag-471","tag-profesores"],"yoast_head":"<!-- This site is optimized with the Yoast SEO plugin v23.3 - https:\/\/yoast.com\/wordpress\/plugins\/seo\/ -->\n<title>Asesora pedag\u00f3gica para los colegios alemanes realiz\u00f3 visita de evaluaci\u00f3n en nuestro colegio - 2026<\/title>\n<meta name=\"robots\" content=\"noindex, follow, max-snippet:-1, max-image-preview:large, max-video-preview:-1\" \/>\n<meta property=\"og:locale\" content=\"de_DE\" \/>\n<meta property=\"og:type\" content=\"article\" \/>\n<meta property=\"og:title\" content=\"Asesora pedag\u00f3gica para los colegios alemanes realiz\u00f3 visita de evaluaci\u00f3n en nuestro colegio - 2026\" \/>\n<meta property=\"og:description\" content=\"creado por Jos\u00e9 R\u00edos Mercado | La ense\u00f1anza del alem\u00e1n, la asesor\u00eda para el Tandem y la organizaci\u00f3n del aula diferenciada, fueron los aspectos evaluados en [\u2026]\" \/>\n<meta property=\"og:url\" content=\"https:\/\/ds-barranquilla.org\/de\/asesora-pedagogica-para-los-colegios-alemanes-realizo-visita-de-evaluacion-en-nuestro-colegio\/\" \/>\n<meta property=\"og:site_name\" content=\"Colegio Alem\u00e1n - Los Mejores Colegios de Colombia - Colegio Triling\u00fce\" \/>\n<meta property=\"article:publisher\" content=\"https:\/\/www.facebook.com\/ColegioAlemanBaq\/\" \/>\n<meta property=\"article:published_time\" content=\"2020-01-14T14:37:23+00:00\" \/>\n<meta property=\"article:modified_time\" content=\"2023-01-04T19:59:33+00:00\" \/>\n<meta property=\"og:image\" content=\"https:\/\/ds-barranquilla.org\/wp-content\/uploads\/2020\/06\/Asesora-pedag\u00f3gica-para-los-colegios-alemanes-realiz\u00f3-visita-de-evaluaci\u00f3n-en-nuestro-colegio-1.jpg\" \/>\n\t<meta property=\"og:image:width\" content=\"556\" \/>\n\t<meta property=\"og:image:height\" content=\"440\" \/>\n\t<meta property=\"og:image:type\" content=\"image\/jpeg\" \/>\n<meta name=\"author\" content=\"Comunicaciones Comunicaciones\" \/>\n<meta name=\"twitter:card\" content=\"summary_large_image\" \/>\n<meta name=\"twitter:creator\" content=\"@ColegioAlemanBq\" \/>\n<meta name=\"twitter:site\" content=\"@ColegioAlemanBq\" \/>\n<meta name=\"twitter:label1\" content=\"Verfasst von\" \/>\n\t<meta name=\"twitter:data1\" content=\"Comunicaciones Comunicaciones\" \/>\n\t<meta name=\"twitter:label2\" content=\"Gesch\u00e4tzte Lesezeit\" \/>\n\t<meta name=\"twitter:data2\" content=\"1\u00a0Minute\" \/>\n<script type=\"application\/ld+json\" class=\"yoast-schema-graph\">{\"@context\":\"https:\/\/schema.org\",\"@graph\":[{\"@type\":\"Article\",\"@id\":\"https:\/\/ds-barranquilla.org\/de\/asesora-pedagogica-para-los-colegios-alemanes-realizo-visita-de-evaluacion-en-nuestro-colegio\/#article\",\"isPartOf\":{\"@id\":\"https:\/\/ds-barranquilla.org\/de\/asesora-pedagogica-para-los-colegios-alemanes-realizo-visita-de-evaluacion-en-nuestro-colegio\/\"},\"author\":{\"name\":\"Comunicaciones Comunicaciones\",\"@id\":\"https:\/\/ds-barranquilla.org\/#\/schema\/person\/7bf8790ba89d3480e0551241ccdc8d36\"},\"headline\":\"Asesora pedag\u00f3gica para los colegios alemanes realiz\u00f3 visita de evaluaci\u00f3n en nuestro colegio\",\"datePublished\":\"2020-01-14T14:37:23+00:00\",\"dateModified\":\"2023-01-04T19:59:33+00:00\",\"mainEntityOfPage\":{\"@id\":\"https:\/\/ds-barranquilla.org\/de\/asesora-pedagogica-para-los-colegios-alemanes-realizo-visita-de-evaluacion-en-nuestro-colegio\/\"},\"wordCount\":137,\"commentCount\":0,\"publisher\":{\"@id\":\"https:\/\/ds-barranquilla.org\/#organization\"},\"image\":{\"@id\":\"https:\/\/ds-barranquilla.org\/de\/asesora-pedagogica-para-los-colegios-alemanes-realizo-visita-de-evaluacion-en-nuestro-colegio\/#primaryimage\"},\"thumbnailUrl\":\"https:\/\/ds-barranquilla.org\/wp-content\/uploads\/2020\/06\/Asesora-pedag\u00f3gica-para-los-colegios-alemanes-realiz\u00f3-visita-de-evaluaci\u00f3n-en-nuestro-colegio-1.jpg\",\"keywords\":[\"2020\",\"Profesores\"],\"articleSection\":[\"2020\",\"Lengua y Cultura Alemana\",\"Otras noticias\"],\"inLanguage\":\"de\",\"potentialAction\":[{\"@type\":\"CommentAction\",\"name\":\"Comment\",\"target\":[\"https:\/\/ds-barranquilla.org\/de\/asesora-pedagogica-para-los-colegios-alemanes-realizo-visita-de-evaluacion-en-nuestro-colegio\/#respond\"]}]},{\"@type\":\"WebPage\",\"@id\":\"https:\/\/ds-barranquilla.org\/de\/asesora-pedagogica-para-los-colegios-alemanes-realizo-visita-de-evaluacion-en-nuestro-colegio\/\",\"url\":\"https:\/\/ds-barranquilla.org\/de\/asesora-pedagogica-para-los-colegios-alemanes-realizo-visita-de-evaluacion-en-nuestro-colegio\/\",\"name\":\"Asesora pedag\u00f3gica para los colegios alemanes realiz\u00f3 visita de evaluaci\u00f3n en nuestro colegio - 2026\",\"isPartOf\":{\"@id\":\"https:\/\/ds-barranquilla.org\/#website\"},\"primaryImageOfPage\":{\"@id\":\"https:\/\/ds-barranquilla.org\/de\/asesora-pedagogica-para-los-colegios-alemanes-realizo-visita-de-evaluacion-en-nuestro-colegio\/#primaryimage\"},\"image\":{\"@id\":\"https:\/\/ds-barranquilla.org\/de\/asesora-pedagogica-para-los-colegios-alemanes-realizo-visita-de-evaluacion-en-nuestro-colegio\/#primaryimage\"},\"thumbnailUrl\":\"https:\/\/ds-barranquilla.org\/wp-content\/uploads\/2020\/06\/Asesora-pedag\u00f3gica-para-los-colegios-alemanes-realiz\u00f3-visita-de-evaluaci\u00f3n-en-nuestro-colegio-1.jpg\",\"datePublished\":\"2020-01-14T14:37:23+00:00\",\"dateModified\":\"2023-01-04T19:59:33+00:00\",\"breadcrumb\":{\"@id\":\"https:\/\/ds-barranquilla.org\/de\/asesora-pedagogica-para-los-colegios-alemanes-realizo-visita-de-evaluacion-en-nuestro-colegio\/#breadcrumb\"},\"inLanguage\":\"de\",\"potentialAction\":[{\"@type\":\"ReadAction\",\"target\":[\"https:\/\/ds-barranquilla.org\/de\/asesora-pedagogica-para-los-colegios-alemanes-realizo-visita-de-evaluacion-en-nuestro-colegio\/\"]}]},{\"@type\":\"ImageObject\",\"inLanguage\":\"de\",\"@id\":\"https:\/\/ds-barranquilla.org\/de\/asesora-pedagogica-para-los-colegios-alemanes-realizo-visita-de-evaluacion-en-nuestro-colegio\/#primaryimage\",\"url\":\"https:\/\/ds-barranquilla.org\/wp-content\/uploads\/2020\/06\/Asesora-pedag\u00f3gica-para-los-colegios-alemanes-realiz\u00f3-visita-de-evaluaci\u00f3n-en-nuestro-colegio-1.jpg\",\"contentUrl\":\"https:\/\/ds-barranquilla.org\/wp-content\/uploads\/2020\/06\/Asesora-pedag\u00f3gica-para-los-colegios-alemanes-realiz\u00f3-visita-de-evaluaci\u00f3n-en-nuestro-colegio-1.jpg\",\"width\":556,\"height\":440},{\"@type\":\"BreadcrumbList\",\"@id\":\"https:\/\/ds-barranquilla.org\/de\/asesora-pedagogica-para-los-colegios-alemanes-realizo-visita-de-evaluacion-en-nuestro-colegio\/#breadcrumb\",\"itemListElement\":[{\"@type\":\"ListItem\",\"position\":1,\"name\":\"Portada\",\"item\":\"https:\/\/ds-barranquilla.org\/\"},{\"@type\":\"ListItem\",\"position\":2,\"name\":\"Asesora pedag\u00f3gica para los colegios alemanes realiz\u00f3 visita de evaluaci\u00f3n en nuestro colegio\"}]},{\"@type\":\"WebSite\",\"@id\":\"https:\/\/ds-barranquilla.org\/#website\",\"url\":\"https:\/\/ds-barranquilla.org\/\",\"name\":\"Colegio Alem\u00e1n - Los Mejores Colegios de Colombia - Colegio Triling\u00fce\",\"description\":\"Colegio Alem\u00e1n  Barranquilla Colombia - Colegio Biling\u00fce - Triling\u00fce - El Mejor Colegio de Colombia\",\"publisher\":{\"@id\":\"https:\/\/ds-barranquilla.org\/#organization\"},\"potentialAction\":[{\"@type\":\"SearchAction\",\"target\":{\"@type\":\"EntryPoint\",\"urlTemplate\":\"https:\/\/ds-barranquilla.org\/?s={search_term_string}\"},\"query-input\":\"required name=search_term_string\"}],\"inLanguage\":\"de\"},{\"@type\":\"Organization\",\"@id\":\"https:\/\/ds-barranquilla.org\/#organization\",\"name\":\"Colegio Alem\u00e1n Barranquilla\",\"url\":\"https:\/\/ds-barranquilla.org\/\",\"logo\":{\"@type\":\"ImageObject\",\"inLanguage\":\"de\",\"@id\":\"https:\/\/ds-barranquilla.org\/#\/schema\/logo\/image\/\",\"url\":\"https:\/\/ds-barranquilla.org\/wp-content\/uploads\/2021\/05\/coleman_logo_2.png\",\"contentUrl\":\"https:\/\/ds-barranquilla.org\/wp-content\/uploads\/2021\/05\/coleman_logo_2.png\",\"width\":418,\"height\":307,\"caption\":\"Colegio Alem\u00e1n Barranquilla\"},\"image\":{\"@id\":\"https:\/\/ds-barranquilla.org\/#\/schema\/logo\/image\/\"},\"sameAs\":[\"https:\/\/www.facebook.com\/ColegioAlemanBaq\/\",\"https:\/\/x.com\/ColegioAlemanBq\",\"https:\/\/www.instagram.com\/colegioalemanbaq\/\",\"https:\/\/www.linkedin.com\/school\/deutsche-schule-barranquilla\/\",\"https:\/\/www.youtube.com\/channel\/UCOOGZQCVs6aYRqIWvSN5agQ\"]},{\"@type\":\"Person\",\"@id\":\"https:\/\/ds-barranquilla.org\/#\/schema\/person\/7bf8790ba89d3480e0551241ccdc8d36\",\"name\":\"Comunicaciones Comunicaciones\",\"image\":{\"@type\":\"ImageObject\",\"inLanguage\":\"de\",\"@id\":\"https:\/\/ds-barranquilla.org\/#\/schema\/person\/image\/\",\"url\":\"https:\/\/secure.gravatar.com\/avatar\/a66ba9484a4338d81d6bea750e595038?s=96&d=mm&r=g\",\"contentUrl\":\"https:\/\/secure.gravatar.com\/avatar\/a66ba9484a4338d81d6bea750e595038?s=96&d=mm&r=g\",\"caption\":\"Comunicaciones Comunicaciones\"}}]}<\/script>\n<!-- \/ Yoast SEO plugin. -->","yoast_head_json":{"title":"Asesora pedag\u00f3gica para los colegios alemanes realiz\u00f3 visita de evaluaci\u00f3n en nuestro colegio - 2026","robots":{"index":"noindex","follow":"follow","max-snippet":"max-snippet:-1","max-image-preview":"max-image-preview:large","max-video-preview":"max-video-preview:-1"},"og_locale":"de_DE","og_type":"article","og_title":"Asesora pedag\u00f3gica para los colegios alemanes realiz\u00f3 visita de evaluaci\u00f3n en nuestro colegio - 2026","og_description":"creado por Jos\u00e9 R\u00edos Mercado | La ense\u00f1anza del alem\u00e1n, la asesor\u00eda para el Tandem y la organizaci\u00f3n del aula diferenciada, fueron los aspectos evaluados en [\u2026]","og_url":"https:\/\/ds-barranquilla.org\/de\/asesora-pedagogica-para-los-colegios-alemanes-realizo-visita-de-evaluacion-en-nuestro-colegio\/","og_site_name":"Colegio Alem\u00e1n - Los Mejores Colegios de Colombia - Colegio Triling\u00fce","article_publisher":"https:\/\/www.facebook.com\/ColegioAlemanBaq\/","article_published_time":"2020-01-14T14:37:23+00:00","article_modified_time":"2023-01-04T19:59:33+00:00","og_image":[{"width":556,"height":440,"url":"https:\/\/ds-barranquilla.org\/wp-content\/uploads\/2020\/06\/Asesora-pedag\u00f3gica-para-los-colegios-alemanes-realiz\u00f3-visita-de-evaluaci\u00f3n-en-nuestro-colegio-1.jpg","type":"image\/jpeg"}],"author":"Comunicaciones Comunicaciones","twitter_card":"summary_large_image","twitter_creator":"@ColegioAlemanBq","twitter_site":"@ColegioAlemanBq","twitter_misc":{"Verfasst von":"Comunicaciones Comunicaciones","Gesch\u00e4tzte Lesezeit":"1\u00a0Minute"},"schema":{"@context":"https:\/\/schema.org","@graph":[{"@type":"Article","@id":"https:\/\/ds-barranquilla.org\/de\/asesora-pedagogica-para-los-colegios-alemanes-realizo-visita-de-evaluacion-en-nuestro-colegio\/#article","isPartOf":{"@id":"https:\/\/ds-barranquilla.org\/de\/asesora-pedagogica-para-los-colegios-alemanes-realizo-visita-de-evaluacion-en-nuestro-colegio\/"},"author":{"name":"Comunicaciones Comunicaciones","@id":"https:\/\/ds-barranquilla.org\/#\/schema\/person\/7bf8790ba89d3480e0551241ccdc8d36"},"headline":"Asesora pedag\u00f3gica para los colegios alemanes realiz\u00f3 visita de evaluaci\u00f3n en nuestro colegio","datePublished":"2020-01-14T14:37:23+00:00","dateModified":"2023-01-04T19:59:33+00:00","mainEntityOfPage":{"@id":"https:\/\/ds-barranquilla.org\/de\/asesora-pedagogica-para-los-colegios-alemanes-realizo-visita-de-evaluacion-en-nuestro-colegio\/"},"wordCount":137,"commentCount":0,"publisher":{"@id":"https:\/\/ds-barranquilla.org\/#organization"},"image":{"@id":"https:\/\/ds-barranquilla.org\/de\/asesora-pedagogica-para-los-colegios-alemanes-realizo-visita-de-evaluacion-en-nuestro-colegio\/#primaryimage"},"thumbnailUrl":"https:\/\/ds-barranquilla.org\/wp-content\/uploads\/2020\/06\/Asesora-pedag\u00f3gica-para-los-colegios-alemanes-realiz\u00f3-visita-de-evaluaci\u00f3n-en-nuestro-colegio-1.jpg","keywords":["2020","Profesores"],"articleSection":["2020","Lengua y Cultura Alemana","Otras noticias"],"inLanguage":"de","potentialAction":[{"@type":"CommentAction","name":"Comment","target":["https:\/\/ds-barranquilla.org\/de\/asesora-pedagogica-para-los-colegios-alemanes-realizo-visita-de-evaluacion-en-nuestro-colegio\/#respond"]}]},{"@type":"WebPage","@id":"https:\/\/ds-barranquilla.org\/de\/asesora-pedagogica-para-los-colegios-alemanes-realizo-visita-de-evaluacion-en-nuestro-colegio\/","url":"https:\/\/ds-barranquilla.org\/de\/asesora-pedagogica-para-los-colegios-alemanes-realizo-visita-de-evaluacion-en-nuestro-colegio\/","name":"Asesora pedag\u00f3gica para los colegios alemanes realiz\u00f3 visita de evaluaci\u00f3n en nuestro colegio - 2026","isPartOf":{"@id":"https:\/\/ds-barranquilla.org\/#website"},"primaryImageOfPage":{"@id":"https:\/\/ds-barranquilla.org\/de\/asesora-pedagogica-para-los-colegios-alemanes-realizo-visita-de-evaluacion-en-nuestro-colegio\/#primaryimage"},"image":{"@id":"https:\/\/ds-barranquilla.org\/de\/asesora-pedagogica-para-los-colegios-alemanes-realizo-visita-de-evaluacion-en-nuestro-colegio\/#primaryimage"},"thumbnailUrl":"https:\/\/ds-barranquilla.org\/wp-content\/uploads\/2020\/06\/Asesora-pedag\u00f3gica-para-los-colegios-alemanes-realiz\u00f3-visita-de-evaluaci\u00f3n-en-nuestro-colegio-1.jpg","datePublished":"2020-01-14T14:37:23+00:00","dateModified":"2023-01-04T19:59:33+00:00","breadcrumb":{"@id":"https:\/\/ds-barranquilla.org\/de\/asesora-pedagogica-para-los-colegios-alemanes-realizo-visita-de-evaluacion-en-nuestro-colegio\/#breadcrumb"},"inLanguage":"de","potentialAction":[{"@type":"ReadAction","target":["https:\/\/ds-barranquilla.org\/de\/asesora-pedagogica-para-los-colegios-alemanes-realizo-visita-de-evaluacion-en-nuestro-colegio\/"]}]},{"@type":"ImageObject","inLanguage":"de","@id":"https:\/\/ds-barranquilla.org\/de\/asesora-pedagogica-para-los-colegios-alemanes-realizo-visita-de-evaluacion-en-nuestro-colegio\/#primaryimage","url":"https:\/\/ds-barranquilla.org\/wp-content\/uploads\/2020\/06\/Asesora-pedag\u00f3gica-para-los-colegios-alemanes-realiz\u00f3-visita-de-evaluaci\u00f3n-en-nuestro-colegio-1.jpg","contentUrl":"https:\/\/ds-barranquilla.org\/wp-content\/uploads\/2020\/06\/Asesora-pedag\u00f3gica-para-los-colegios-alemanes-realiz\u00f3-visita-de-evaluaci\u00f3n-en-nuestro-colegio-1.jpg","width":556,"height":440},{"@type":"BreadcrumbList","@id":"https:\/\/ds-barranquilla.org\/de\/asesora-pedagogica-para-los-colegios-alemanes-realizo-visita-de-evaluacion-en-nuestro-colegio\/#breadcrumb","itemListElement":[{"@type":"ListItem","position":1,"name":"Portada","item":"https:\/\/ds-barranquilla.org\/"},{"@type":"ListItem","position":2,"name":"Asesora pedag\u00f3gica para los colegios alemanes realiz\u00f3 visita de evaluaci\u00f3n en nuestro colegio"}]},{"@type":"WebSite","@id":"https:\/\/ds-barranquilla.org\/#website","url":"https:\/\/ds-barranquilla.org\/","name":"Colegio Alem\u00e1n - Los Mejores Colegios de Colombia - Colegio Triling\u00fce","description":"Colegio Alem\u00e1n  Barranquilla Colombia - Colegio Biling\u00fce - Triling\u00fce - El Mejor Colegio de Colombia","publisher":{"@id":"https:\/\/ds-barranquilla.org\/#organization"},"potentialAction":[{"@type":"SearchAction","target":{"@type":"EntryPoint","urlTemplate":"https:\/\/ds-barranquilla.org\/?s={search_term_string}"},"query-input":"required name=search_term_string"}],"inLanguage":"de"},{"@type":"Organization","@id":"https:\/\/ds-barranquilla.org\/#organization","name":"Colegio Alem\u00e1n Barranquilla","url":"https:\/\/ds-barranquilla.org\/","logo":{"@type":"ImageObject","inLanguage":"de","@id":"https:\/\/ds-barranquilla.org\/#\/schema\/logo\/image\/","url":"https:\/\/ds-barranquilla.org\/wp-content\/uploads\/2021\/05\/coleman_logo_2.png","contentUrl":"https:\/\/ds-barranquilla.org\/wp-content\/uploads\/2021\/05\/coleman_logo_2.png","width":418,"height":307,"caption":"Colegio Alem\u00e1n Barranquilla"},"image":{"@id":"https:\/\/ds-barranquilla.org\/#\/schema\/logo\/image\/"},"sameAs":["https:\/\/www.facebook.com\/ColegioAlemanBaq\/","https:\/\/x.com\/ColegioAlemanBq","https:\/\/www.instagram.com\/colegioalemanbaq\/","https:\/\/www.linkedin.com\/school\/deutsche-schule-barranquilla\/","https:\/\/www.youtube.com\/channel\/UCOOGZQCVs6aYRqIWvSN5agQ"]},{"@type":"Person","@id":"https:\/\/ds-barranquilla.org\/#\/schema\/person\/7bf8790ba89d3480e0551241ccdc8d36","name":"Comunicaciones Comunicaciones","image":{"@type":"ImageObject","inLanguage":"de","@id":"https:\/\/ds-barranquilla.org\/#\/schema\/person\/image\/","url":"https:\/\/secure.gravatar.com\/avatar\/a66ba9484a4338d81d6bea750e595038?s=96&d=mm&r=g","contentUrl":"https:\/\/secure.gravatar.com\/avatar\/a66ba9484a4338d81d6bea750e595038?s=96&d=mm&r=g","caption":"Comunicaciones Comunicaciones"}}]}},"_links":{"self":[{"href":"https:\/\/ds-barranquilla.org\/de\/wp-json\/wp\/v2\/posts\/4653"}],"collection":[{"href":"https:\/\/ds-barranquilla.org\/de\/wp-json\/wp\/v2\/posts"}],"about":[{"href":"https:\/\/ds-barranquilla.org\/de\/wp-json\/wp\/v2\/types\/post"}],"author":[{"embeddable":true,"href":"https:\/\/ds-barranquilla.org\/de\/wp-json\/wp\/v2\/users\/16"}],"replies":[{"embeddable":true,"href":"https:\/\/ds-barranquilla.org\/de\/wp-json\/wp\/v2\/comments?post=4653"}],"version-history":[{"count":5,"href":"https:\/\/ds-barranquilla.org\/de\/wp-json\/wp\/v2\/posts\/4653\/revisions"}],"predecessor-version":[{"id":5024,"href":"https:\/\/ds-barranquilla.org\/de\/wp-json\/wp\/v2\/posts\/4653\/revisions\/5024"}],"wp:featuredmedia":[{"embeddable":true,"href":"https:\/\/ds-barranquilla.org\/de\/wp-json\/wp\/v2\/media\/5023"}],"wp:attachment":[{"href":"https:\/\/ds-barranquilla.org\/de\/wp-json\/wp\/v2\/media?parent=4653"}],"wp:term":[{"taxonomy":"category","embeddable":true,"href":"https:\/\/ds-barranquilla.org\/de\/wp-json\/wp\/v2\/categories?post=4653"},{"taxonomy":"post_tag","embeddable":true,"href":"https:\/\/ds-barranquilla.org\/de\/wp-json\/wp\/v2\/tags?post=4653"}],"curies":[{"name":"wp","href":"https:\/\/api.w.org\/{rel}","templated":true}]}}