{"id":4695,"date":"2018-11-06T17:43:50","date_gmt":"2018-11-06T22:43:50","guid":{"rendered":"https:\/\/ds-barranquilla.org\/?p=4695"},"modified":"2023-01-04T11:34:14","modified_gmt":"2023-01-04T16:34:14","slug":"resumen-de-las-dos-jornadas-de-natacion-de-los-juegos-de-la-amistad","status":"publish","type":"post","link":"https:\/\/ds-barranquilla.org\/de\/resumen-de-las-dos-jornadas-de-natacion-de-los-juegos-de-la-amistad\/","title":{"rendered":"Resumen de las dos jornadas de nataci\u00f3n de los Juegos de la Amistad"},"content":{"rendered":"<p>En la jornada de la tarde del lunes 5 de noviembre se desarrollaron las competencias de nataci\u00f3n, tanto individuales como grupales. Los espectadores pudieron apreciar las\u202fpruebas de estilos mariposa, libre, pecho y relevos en las categor\u00edas infantiles y menores. Todas delegaciones compitieron con empe\u00f1o y ansias de ganar, dando lo mejor de s\u00ed.<\/p>\n<p>Al d\u00eda siguiente, la piscina principal del Colegio Alem\u00e1n de Barranquilla sigui\u00f3 siendo el epicentro de los juegos. Con nuevo\u202fp\u00fablico, conformado por algunos de los estudiantes que pudieron asistir, se desarrollaron r\u00e1pidamente las ocho pruebas que faltaban con los estilos de espalda, pecho, libre, y relevos, en las categor\u00edas infantiles y menores.<\/p>\n<p>La premiaci\u00f3n se hizo en la Media Torta hacia las 10:00 a.m. y nuevamente se destac\u00f3 la delegaci\u00f3n del\u202fColegio Andino, seguida de la del Colegio Alem\u00e1n de Cali. Las medallas fueron entregadas por Carlos Lindemeyer (Presidente de la Junta Directiva del Colegio Alem\u00e1n de Barranquilla), Michael H\u00f6fig (Rector del Colegio Alem\u00e1n de Barranquilla) y Janina Oechsle (Jefe del \u00c1rea de Deportes del Colegio Alem\u00e1n de Barranquilla).<\/p>\n<p>Felicitamos a todos los nadadores por sus excelentes\u202fresultados, los invitamos a consultar la lista de ganadores y el \u00e1lbum de Facebook, con las fotograf\u00edas tomadas por el equipo Prensa Juegos Amistad de la Klasse 11 &#8211; CAS.<\/p>\n<p>Primera jornada (5 de noviembre)<\/p>\n<p>50m mariposa femenino menores<\/p>\n<p>Primer lugar<\/p>\n<p>Sof\u00eda Pinilla &#8211; Bogot\u00e1<\/p>\n<p>Segundo lugar<\/p>\n<p>Sara Restrepo &#8211; Medell\u00edn<\/p>\n<p>Tercer lugar<\/p>\n<p>Valentina Botero &#8211; Bogot\u00e1<\/p>\n<p>50m mariposa masculino menores<\/p>\n<p>Primer lugar<\/p>\n<p>\u00d3scar Tello &#8211; Cali<\/p>\n<p>Segundo lugar<\/p>\n<p>Juan Romero &#8211; Cali<\/p>\n<p>Tercer lugar<\/p>\n<p>Roberto Ballestas &#8211; Barranquilla<\/p>\n<p>50m libre femenino infantil<\/p>\n<p>Primer lugar<\/p>\n<p>Paula Guti\u00e9rrez &#8211; Bogot\u00e1<\/p>\n<p>Segundo lugar<\/p>\n<p>Mar\u00eda Colorado &#8211; Cali<\/p>\n<p>Tercer lugar<\/p>\n<p>Mar\u00eda Castro &#8211; Cali<\/p>\n<p>50m libre masculino infantil<\/p>\n<p>Primer lugar<\/p>\n<p>Juan Castro &#8211; Cali<\/p>\n<p>Segundo lugar<\/p>\n<p>Enrique Olano &#8211; Medell\u00edn<\/p>\n<p>Tercer lugar<\/p>\n<p>Nicol\u00e1s Acevedo &#8211; Bogot\u00e1<\/p>\n<p>50m pecho femenino menores<\/p>\n<p>Primer lugar<\/p>\n<p>Sof\u00eda Pinilla &#8211; Bogot\u00e1<\/p>\n<p>Segundo lugar<\/p>\n<p>Isabella \u00c1ngel &#8211; Medell\u00edn<\/p>\n<p>Tercer lugar<\/p>\n<p>Estefan\u00eda Gallego &#8211; Cali<\/p>\n<p>50m pecho masculino menores<\/p>\n<p>Primer lugar<\/p>\n<p>Samuel Bendeck &#8211; Bogot\u00e1<\/p>\n<p>Segundo lugar<\/p>\n<p>Juan Romero &#8211; Cali<\/p>\n<p>Tercer lugar<\/p>\n<p>Alejandro Herrera &#8211; Cali<\/p>\n<p>50m relevo libre mixto infantil<\/p>\n<p>Primer lugar<\/p>\n<p>Bogot\u00e1<\/p>\n<p>Segundo lugar<\/p>\n<p>Barranquilla<\/p>\n<p>50m relevo combinado mixto menores<\/p>\n<p>Primer lugar<\/p>\n<p>Bogot\u00e1<\/p>\n<p>Segundo lugar<\/p>\n<p>Medell\u00edn<\/p>\n<p>Tercer lugar<\/p>\n<p>Barranquilla<\/p>\n<p>Segunda jornada (6 de noviembre)<\/p>\n<p>50m espalda femenino menores<\/p>\n<p>Primer lugar<\/p>\n<p>Sof\u00eda Pinilla &#8211; Bogot\u00e1<\/p>\n<p>Segundo lugar<\/p>\n<p>Valentina Botero &#8211; Bogot\u00e1<\/p>\n<p>Tercer lugar<\/p>\n<p>Carolina Sanclemente &#8211; Cali<\/p>\n<p>50m espalda masculino menores<\/p>\n<p>Primer lugar<\/p>\n<p>\u00d3scar Tello &#8211; Cali<\/p>\n<p>Segundo lugar<\/p>\n<p>Juan Romero &#8211; Cali<\/p>\n<p>Tercer lugar<\/p>\n<p>Roberto Ballestas &#8211; Barranquilla<\/p>\n<p>50m pecho femenino infantil<\/p>\n<p>Primer lugar<\/p>\n<p>Paula Guti\u00e9rrez &#8211; Bogot\u00e1<\/p>\n<p>Segundo lugar<\/p>\n<p>Mar\u00eda V\u00e1squez &#8211; Medell\u00edn<\/p>\n<p>Tercer lugar<\/p>\n<p>Mar\u00eda Castro &#8211; Cali<\/p>\n<p>50m pecho masculino infantil<\/p>\n<p>Primer lugar<\/p>\n<p>Enrique Olano &#8211; Medell\u00edn<\/p>\n<p>Segundo lugar<\/p>\n<p>Nicol\u00e1s Acevedo &#8211; Bogot\u00e1<\/p>\n<p>Tercer lugar<\/p>\n<p>Juan Castro &#8211; Cali<\/p>\n<p>50m libre femenino menores<\/p>\n<p>Primer lugar<\/p>\n<p>Sara Restrepo &#8211; Medell\u00edn<\/p>\n<p>Segundo lugar<\/p>\n<p>Sof\u00eda Pinilla &#8211; Bogot\u00e1<\/p>\n<p>Tercer lugar<\/p>\n<p>Valentina Botero &#8211; Bogot\u00e1<\/p>\n<p>50m libre masculino menores<\/p>\n<p>Primer lugar<\/p>\n<p>Samuel Bendeck &#8211; Bogot\u00e1<\/p>\n<p>Segundo lugar<\/p>\n<p>\u00d3scar Tello &#8211; Cali<\/p>\n<p>Tercer lugar<\/p>\n<p>Alejandra Herrera &#8211; Cali<\/p>\n<p>50m relevo pecho-libre mixto infantil<\/p>\n<p>Primer lugar<\/p>\n<p>Medell\u00edn<\/p>\n<p>Segundo lugar<\/p>\n<p>Bogot\u00e1<\/p>\n<p>Tercer lugar<\/p>\n<p>Cali<\/p>\n<p>50m relevo libre mixto menores<\/p>\n<p>Primer lugar<\/p>\n<p>Bogot\u00e1<\/p>\n<p>Segundo lugar<\/p>\n<p>Cali<\/p>\n<p>Tercer lugar<\/p>\n<p>Medell\u00edn<\/p>\n<p>Fotos: Prensa Juegos Amistad<\/p>","protected":false},"excerpt":{"rendered":"<p>En la jornada de la tarde del lunes 5 de noviembre se desarrollaron las competencias de nataci\u00f3n, tanto individuales como grupales. Los espectadores pudieron apreciar las\u202fpruebas<span class=\"excerpt-hellip\"> [\u2026]<\/span><\/p>","protected":false},"author":16,"featured_media":4698,"comment_status":"open","ping_status":"open","sticky":false,"template":"","format":"standard","meta":{"_exactmetrics_skip_tracking":false,"_exactmetrics_sitenote_active":false,"_exactmetrics_sitenote_note":"","_exactmetrics_sitenote_category":0,"_joinchat":[],"footnotes":""},"categories":[678,687,675,703,709],"tags":[457,453],"class_list":["post-4695","post","type-post","status-publish","format-standard","has-post-thumbnail","hentry","category-678","category-area-de-deportes","category-eventos","category-junta-directiva","category-rectoria","tag-cas","tag-deportes"],"yoast_head":"<!-- This site is optimized with the Yoast SEO plugin v23.3 - https:\/\/yoast.com\/wordpress\/plugins\/seo\/ -->\n<title>Resumen de las dos jornadas de nataci\u00f3n de los Juegos de la Amistad - 2026<\/title>\n<meta name=\"robots\" content=\"noindex, follow, max-snippet:-1, max-image-preview:large, max-video-preview:-1\" \/>\n<meta property=\"og:locale\" content=\"de_DE\" \/>\n<meta property=\"og:type\" content=\"article\" \/>\n<meta property=\"og:title\" content=\"Resumen de las dos jornadas de nataci\u00f3n de los Juegos de la Amistad - 2026\" \/>\n<meta property=\"og:description\" content=\"En la jornada de la tarde del lunes 5 de noviembre se desarrollaron las competencias de nataci\u00f3n, tanto individuales como grupales. Los espectadores pudieron apreciar las\u202fpruebas [\u2026]\" \/>\n<meta property=\"og:url\" content=\"https:\/\/ds-barranquilla.org\/de\/resumen-de-las-dos-jornadas-de-natacion-de-los-juegos-de-la-amistad\/\" \/>\n<meta property=\"og:site_name\" content=\"Colegio Alem\u00e1n - Los Mejores Colegios de Colombia - Colegio Triling\u00fce\" \/>\n<meta property=\"article:publisher\" content=\"https:\/\/www.facebook.com\/ColegioAlemanBaq\/\" \/>\n<meta property=\"article:published_time\" content=\"2018-11-06T22:43:50+00:00\" \/>\n<meta property=\"article:modified_time\" content=\"2023-01-04T16:34:14+00:00\" \/>\n<meta property=\"og:image\" content=\"https:\/\/ds-barranquilla.org\/wp-content\/uploads\/2020\/07\/Resumen-de-las-dos-jornadas-de-nataci\u00f3n-de-los-Juegos-de-la-Amistad.jpg\" \/>\n\t<meta property=\"og:image:width\" content=\"555\" \/>\n\t<meta property=\"og:image:height\" content=\"241\" \/>\n\t<meta property=\"og:image:type\" content=\"image\/jpeg\" \/>\n<meta name=\"author\" content=\"Comunicaciones Comunicaciones\" \/>\n<meta name=\"twitter:card\" content=\"summary_large_image\" \/>\n<meta name=\"twitter:creator\" content=\"@ColegioAlemanBq\" \/>\n<meta name=\"twitter:site\" content=\"@ColegioAlemanBq\" \/>\n<meta name=\"twitter:label1\" content=\"Verfasst von\" \/>\n\t<meta name=\"twitter:data1\" content=\"Comunicaciones Comunicaciones\" \/>\n\t<meta name=\"twitter:label2\" content=\"Gesch\u00e4tzte Lesezeit\" \/>\n\t<meta name=\"twitter:data2\" content=\"3\u00a0Minuten\" \/>\n<script type=\"application\/ld+json\" class=\"yoast-schema-graph\">{\"@context\":\"https:\/\/schema.org\",\"@graph\":[{\"@type\":\"Article\",\"@id\":\"https:\/\/ds-barranquilla.org\/resumen-de-las-dos-jornadas-de-natacion-de-los-juegos-de-la-amistad\/#article\",\"isPartOf\":{\"@id\":\"https:\/\/ds-barranquilla.org\/resumen-de-las-dos-jornadas-de-natacion-de-los-juegos-de-la-amistad\/\"},\"author\":{\"name\":\"Comunicaciones Comunicaciones\",\"@id\":\"https:\/\/ds-barranquilla.org\/#\/schema\/person\/7bf8790ba89d3480e0551241ccdc8d36\"},\"headline\":\"Resumen de las dos jornadas de nataci\u00f3n de los Juegos de la Amistad\",\"datePublished\":\"2018-11-06T22:43:50+00:00\",\"dateModified\":\"2023-01-04T16:34:14+00:00\",\"mainEntityOfPage\":{\"@id\":\"https:\/\/ds-barranquilla.org\/resumen-de-las-dos-jornadas-de-natacion-de-los-juegos-de-la-amistad\/\"},\"wordCount\":592,\"commentCount\":0,\"publisher\":{\"@id\":\"https:\/\/ds-barranquilla.org\/#organization\"},\"image\":{\"@id\":\"https:\/\/ds-barranquilla.org\/resumen-de-las-dos-jornadas-de-natacion-de-los-juegos-de-la-amistad\/#primaryimage\"},\"thumbnailUrl\":\"https:\/\/ds-barranquilla.org\/wp-content\/uploads\/2020\/07\/Resumen-de-las-dos-jornadas-de-nataci\u00f3n-de-los-Juegos-de-la-Amistad.jpg\",\"keywords\":[\"CAS\",\"Deportes\"],\"articleSection\":[\"2018\",\"\u00c1rea de Deportes\",\"Eventos\",\"Junta Directiva\",\"Rector\u00eda\"],\"inLanguage\":\"de\",\"potentialAction\":[{\"@type\":\"CommentAction\",\"name\":\"Comment\",\"target\":[\"https:\/\/ds-barranquilla.org\/resumen-de-las-dos-jornadas-de-natacion-de-los-juegos-de-la-amistad\/#respond\"]}]},{\"@type\":\"WebPage\",\"@id\":\"https:\/\/ds-barranquilla.org\/resumen-de-las-dos-jornadas-de-natacion-de-los-juegos-de-la-amistad\/\",\"url\":\"https:\/\/ds-barranquilla.org\/resumen-de-las-dos-jornadas-de-natacion-de-los-juegos-de-la-amistad\/\",\"name\":\"Resumen de las dos jornadas de nataci\u00f3n de los Juegos de la Amistad - 2026\",\"isPartOf\":{\"@id\":\"https:\/\/ds-barranquilla.org\/#website\"},\"primaryImageOfPage\":{\"@id\":\"https:\/\/ds-barranquilla.org\/resumen-de-las-dos-jornadas-de-natacion-de-los-juegos-de-la-amistad\/#primaryimage\"},\"image\":{\"@id\":\"https:\/\/ds-barranquilla.org\/resumen-de-las-dos-jornadas-de-natacion-de-los-juegos-de-la-amistad\/#primaryimage\"},\"thumbnailUrl\":\"https:\/\/ds-barranquilla.org\/wp-content\/uploads\/2020\/07\/Resumen-de-las-dos-jornadas-de-nataci\u00f3n-de-los-Juegos-de-la-Amistad.jpg\",\"datePublished\":\"2018-11-06T22:43:50+00:00\",\"dateModified\":\"2023-01-04T16:34:14+00:00\",\"breadcrumb\":{\"@id\":\"https:\/\/ds-barranquilla.org\/resumen-de-las-dos-jornadas-de-natacion-de-los-juegos-de-la-amistad\/#breadcrumb\"},\"inLanguage\":\"de\",\"potentialAction\":[{\"@type\":\"ReadAction\",\"target\":[\"https:\/\/ds-barranquilla.org\/resumen-de-las-dos-jornadas-de-natacion-de-los-juegos-de-la-amistad\/\"]}]},{\"@type\":\"ImageObject\",\"inLanguage\":\"de\",\"@id\":\"https:\/\/ds-barranquilla.org\/resumen-de-las-dos-jornadas-de-natacion-de-los-juegos-de-la-amistad\/#primaryimage\",\"url\":\"https:\/\/ds-barranquilla.org\/wp-content\/uploads\/2020\/07\/Resumen-de-las-dos-jornadas-de-nataci\u00f3n-de-los-Juegos-de-la-Amistad.jpg\",\"contentUrl\":\"https:\/\/ds-barranquilla.org\/wp-content\/uploads\/2020\/07\/Resumen-de-las-dos-jornadas-de-nataci\u00f3n-de-los-Juegos-de-la-Amistad.jpg\",\"width\":555,\"height\":241},{\"@type\":\"BreadcrumbList\",\"@id\":\"https:\/\/ds-barranquilla.org\/resumen-de-las-dos-jornadas-de-natacion-de-los-juegos-de-la-amistad\/#breadcrumb\",\"itemListElement\":[{\"@type\":\"ListItem\",\"position\":1,\"name\":\"Portada\",\"item\":\"https:\/\/ds-barranquilla.org\/\"},{\"@type\":\"ListItem\",\"position\":2,\"name\":\"Resumen de las dos jornadas de nataci\u00f3n de los Juegos de la Amistad\"}]},{\"@type\":\"WebSite\",\"@id\":\"https:\/\/ds-barranquilla.org\/#website\",\"url\":\"https:\/\/ds-barranquilla.org\/\",\"name\":\"Colegio Alem\u00e1n - Los Mejores Colegios de Colombia - Colegio Triling\u00fce\",\"description\":\"Colegio Alem\u00e1n  Barranquilla Colombia - Colegio Biling\u00fce - Triling\u00fce - El Mejor Colegio de Colombia\",\"publisher\":{\"@id\":\"https:\/\/ds-barranquilla.org\/#organization\"},\"potentialAction\":[{\"@type\":\"SearchAction\",\"target\":{\"@type\":\"EntryPoint\",\"urlTemplate\":\"https:\/\/ds-barranquilla.org\/?s={search_term_string}\"},\"query-input\":\"required name=search_term_string\"}],\"inLanguage\":\"de\"},{\"@type\":\"Organization\",\"@id\":\"https:\/\/ds-barranquilla.org\/#organization\",\"name\":\"Colegio Alem\u00e1n Barranquilla\",\"url\":\"https:\/\/ds-barranquilla.org\/\",\"logo\":{\"@type\":\"ImageObject\",\"inLanguage\":\"de\",\"@id\":\"https:\/\/ds-barranquilla.org\/#\/schema\/logo\/image\/\",\"url\":\"https:\/\/ds-barranquilla.org\/wp-content\/uploads\/2021\/05\/coleman_logo_2.png\",\"contentUrl\":\"https:\/\/ds-barranquilla.org\/wp-content\/uploads\/2021\/05\/coleman_logo_2.png\",\"width\":418,\"height\":307,\"caption\":\"Colegio Alem\u00e1n Barranquilla\"},\"image\":{\"@id\":\"https:\/\/ds-barranquilla.org\/#\/schema\/logo\/image\/\"},\"sameAs\":[\"https:\/\/www.facebook.com\/ColegioAlemanBaq\/\",\"https:\/\/x.com\/ColegioAlemanBq\",\"https:\/\/www.instagram.com\/colegioalemanbaq\/\",\"https:\/\/www.linkedin.com\/school\/deutsche-schule-barranquilla\/\",\"https:\/\/www.youtube.com\/channel\/UCOOGZQCVs6aYRqIWvSN5agQ\"]},{\"@type\":\"Person\",\"@id\":\"https:\/\/ds-barranquilla.org\/#\/schema\/person\/7bf8790ba89d3480e0551241ccdc8d36\",\"name\":\"Comunicaciones Comunicaciones\",\"image\":{\"@type\":\"ImageObject\",\"inLanguage\":\"de\",\"@id\":\"https:\/\/ds-barranquilla.org\/#\/schema\/person\/image\/\",\"url\":\"https:\/\/secure.gravatar.com\/avatar\/a66ba9484a4338d81d6bea750e595038?s=96&d=mm&r=g\",\"contentUrl\":\"https:\/\/secure.gravatar.com\/avatar\/a66ba9484a4338d81d6bea750e595038?s=96&d=mm&r=g\",\"caption\":\"Comunicaciones Comunicaciones\"}}]}<\/script>\n<!-- \/ Yoast SEO plugin. -->","yoast_head_json":{"title":"Resumen de las dos jornadas de nataci\u00f3n de los Juegos de la Amistad - 2026","robots":{"index":"noindex","follow":"follow","max-snippet":"max-snippet:-1","max-image-preview":"max-image-preview:large","max-video-preview":"max-video-preview:-1"},"og_locale":"de_DE","og_type":"article","og_title":"Resumen de las dos jornadas de nataci\u00f3n de los Juegos de la Amistad - 2026","og_description":"En la jornada de la tarde del lunes 5 de noviembre se desarrollaron las competencias de nataci\u00f3n, tanto individuales como grupales. Los espectadores pudieron apreciar las\u202fpruebas [\u2026]","og_url":"https:\/\/ds-barranquilla.org\/de\/resumen-de-las-dos-jornadas-de-natacion-de-los-juegos-de-la-amistad\/","og_site_name":"Colegio Alem\u00e1n - Los Mejores Colegios de Colombia - Colegio Triling\u00fce","article_publisher":"https:\/\/www.facebook.com\/ColegioAlemanBaq\/","article_published_time":"2018-11-06T22:43:50+00:00","article_modified_time":"2023-01-04T16:34:14+00:00","og_image":[{"width":555,"height":241,"url":"https:\/\/ds-barranquilla.org\/wp-content\/uploads\/2020\/07\/Resumen-de-las-dos-jornadas-de-nataci\u00f3n-de-los-Juegos-de-la-Amistad.jpg","type":"image\/jpeg"}],"author":"Comunicaciones Comunicaciones","twitter_card":"summary_large_image","twitter_creator":"@ColegioAlemanBq","twitter_site":"@ColegioAlemanBq","twitter_misc":{"Verfasst von":"Comunicaciones Comunicaciones","Gesch\u00e4tzte Lesezeit":"3\u00a0Minuten"},"schema":{"@context":"https:\/\/schema.org","@graph":[{"@type":"Article","@id":"https:\/\/ds-barranquilla.org\/resumen-de-las-dos-jornadas-de-natacion-de-los-juegos-de-la-amistad\/#article","isPartOf":{"@id":"https:\/\/ds-barranquilla.org\/resumen-de-las-dos-jornadas-de-natacion-de-los-juegos-de-la-amistad\/"},"author":{"name":"Comunicaciones Comunicaciones","@id":"https:\/\/ds-barranquilla.org\/#\/schema\/person\/7bf8790ba89d3480e0551241ccdc8d36"},"headline":"Resumen de las dos jornadas de nataci\u00f3n de los Juegos de la Amistad","datePublished":"2018-11-06T22:43:50+00:00","dateModified":"2023-01-04T16:34:14+00:00","mainEntityOfPage":{"@id":"https:\/\/ds-barranquilla.org\/resumen-de-las-dos-jornadas-de-natacion-de-los-juegos-de-la-amistad\/"},"wordCount":592,"commentCount":0,"publisher":{"@id":"https:\/\/ds-barranquilla.org\/#organization"},"image":{"@id":"https:\/\/ds-barranquilla.org\/resumen-de-las-dos-jornadas-de-natacion-de-los-juegos-de-la-amistad\/#primaryimage"},"thumbnailUrl":"https:\/\/ds-barranquilla.org\/wp-content\/uploads\/2020\/07\/Resumen-de-las-dos-jornadas-de-nataci\u00f3n-de-los-Juegos-de-la-Amistad.jpg","keywords":["CAS","Deportes"],"articleSection":["2018","\u00c1rea de Deportes","Eventos","Junta Directiva","Rector\u00eda"],"inLanguage":"de","potentialAction":[{"@type":"CommentAction","name":"Comment","target":["https:\/\/ds-barranquilla.org\/resumen-de-las-dos-jornadas-de-natacion-de-los-juegos-de-la-amistad\/#respond"]}]},{"@type":"WebPage","@id":"https:\/\/ds-barranquilla.org\/resumen-de-las-dos-jornadas-de-natacion-de-los-juegos-de-la-amistad\/","url":"https:\/\/ds-barranquilla.org\/resumen-de-las-dos-jornadas-de-natacion-de-los-juegos-de-la-amistad\/","name":"Resumen de las dos jornadas de nataci\u00f3n de los Juegos de la Amistad - 2026","isPartOf":{"@id":"https:\/\/ds-barranquilla.org\/#website"},"primaryImageOfPage":{"@id":"https:\/\/ds-barranquilla.org\/resumen-de-las-dos-jornadas-de-natacion-de-los-juegos-de-la-amistad\/#primaryimage"},"image":{"@id":"https:\/\/ds-barranquilla.org\/resumen-de-las-dos-jornadas-de-natacion-de-los-juegos-de-la-amistad\/#primaryimage"},"thumbnailUrl":"https:\/\/ds-barranquilla.org\/wp-content\/uploads\/2020\/07\/Resumen-de-las-dos-jornadas-de-nataci\u00f3n-de-los-Juegos-de-la-Amistad.jpg","datePublished":"2018-11-06T22:43:50+00:00","dateModified":"2023-01-04T16:34:14+00:00","breadcrumb":{"@id":"https:\/\/ds-barranquilla.org\/resumen-de-las-dos-jornadas-de-natacion-de-los-juegos-de-la-amistad\/#breadcrumb"},"inLanguage":"de","potentialAction":[{"@type":"ReadAction","target":["https:\/\/ds-barranquilla.org\/resumen-de-las-dos-jornadas-de-natacion-de-los-juegos-de-la-amistad\/"]}]},{"@type":"ImageObject","inLanguage":"de","@id":"https:\/\/ds-barranquilla.org\/resumen-de-las-dos-jornadas-de-natacion-de-los-juegos-de-la-amistad\/#primaryimage","url":"https:\/\/ds-barranquilla.org\/wp-content\/uploads\/2020\/07\/Resumen-de-las-dos-jornadas-de-nataci\u00f3n-de-los-Juegos-de-la-Amistad.jpg","contentUrl":"https:\/\/ds-barranquilla.org\/wp-content\/uploads\/2020\/07\/Resumen-de-las-dos-jornadas-de-nataci\u00f3n-de-los-Juegos-de-la-Amistad.jpg","width":555,"height":241},{"@type":"BreadcrumbList","@id":"https:\/\/ds-barranquilla.org\/resumen-de-las-dos-jornadas-de-natacion-de-los-juegos-de-la-amistad\/#breadcrumb","itemListElement":[{"@type":"ListItem","position":1,"name":"Portada","item":"https:\/\/ds-barranquilla.org\/"},{"@type":"ListItem","position":2,"name":"Resumen de las dos jornadas de nataci\u00f3n de los Juegos de la Amistad"}]},{"@type":"WebSite","@id":"https:\/\/ds-barranquilla.org\/#website","url":"https:\/\/ds-barranquilla.org\/","name":"Colegio Alem\u00e1n - Los Mejores Colegios de Colombia - Colegio Triling\u00fce","description":"Colegio Alem\u00e1n  Barranquilla Colombia - Colegio Biling\u00fce - Triling\u00fce - El Mejor Colegio de Colombia","publisher":{"@id":"https:\/\/ds-barranquilla.org\/#organization"},"potentialAction":[{"@type":"SearchAction","target":{"@type":"EntryPoint","urlTemplate":"https:\/\/ds-barranquilla.org\/?s={search_term_string}"},"query-input":"required name=search_term_string"}],"inLanguage":"de"},{"@type":"Organization","@id":"https:\/\/ds-barranquilla.org\/#organization","name":"Colegio Alem\u00e1n Barranquilla","url":"https:\/\/ds-barranquilla.org\/","logo":{"@type":"ImageObject","inLanguage":"de","@id":"https:\/\/ds-barranquilla.org\/#\/schema\/logo\/image\/","url":"https:\/\/ds-barranquilla.org\/wp-content\/uploads\/2021\/05\/coleman_logo_2.png","contentUrl":"https:\/\/ds-barranquilla.org\/wp-content\/uploads\/2021\/05\/coleman_logo_2.png","width":418,"height":307,"caption":"Colegio Alem\u00e1n Barranquilla"},"image":{"@id":"https:\/\/ds-barranquilla.org\/#\/schema\/logo\/image\/"},"sameAs":["https:\/\/www.facebook.com\/ColegioAlemanBaq\/","https:\/\/x.com\/ColegioAlemanBq","https:\/\/www.instagram.com\/colegioalemanbaq\/","https:\/\/www.linkedin.com\/school\/deutsche-schule-barranquilla\/","https:\/\/www.youtube.com\/channel\/UCOOGZQCVs6aYRqIWvSN5agQ"]},{"@type":"Person","@id":"https:\/\/ds-barranquilla.org\/#\/schema\/person\/7bf8790ba89d3480e0551241ccdc8d36","name":"Comunicaciones Comunicaciones","image":{"@type":"ImageObject","inLanguage":"de","@id":"https:\/\/ds-barranquilla.org\/#\/schema\/person\/image\/","url":"https:\/\/secure.gravatar.com\/avatar\/a66ba9484a4338d81d6bea750e595038?s=96&d=mm&r=g","contentUrl":"https:\/\/secure.gravatar.com\/avatar\/a66ba9484a4338d81d6bea750e595038?s=96&d=mm&r=g","caption":"Comunicaciones Comunicaciones"}}]}},"_links":{"self":[{"href":"https:\/\/ds-barranquilla.org\/de\/wp-json\/wp\/v2\/posts\/4695"}],"collection":[{"href":"https:\/\/ds-barranquilla.org\/de\/wp-json\/wp\/v2\/posts"}],"about":[{"href":"https:\/\/ds-barranquilla.org\/de\/wp-json\/wp\/v2\/types\/post"}],"author":[{"embeddable":true,"href":"https:\/\/ds-barranquilla.org\/de\/wp-json\/wp\/v2\/users\/16"}],"replies":[{"embeddable":true,"href":"https:\/\/ds-barranquilla.org\/de\/wp-json\/wp\/v2\/comments?post=4695"}],"version-history":[{"count":1,"href":"https:\/\/ds-barranquilla.org\/de\/wp-json\/wp\/v2\/posts\/4695\/revisions"}],"predecessor-version":[{"id":4700,"href":"https:\/\/ds-barranquilla.org\/de\/wp-json\/wp\/v2\/posts\/4695\/revisions\/4700"}],"wp:featuredmedia":[{"embeddable":true,"href":"https:\/\/ds-barranquilla.org\/de\/wp-json\/wp\/v2\/media\/4698"}],"wp:attachment":[{"href":"https:\/\/ds-barranquilla.org\/de\/wp-json\/wp\/v2\/media?parent=4695"}],"wp:term":[{"taxonomy":"category","embeddable":true,"href":"https:\/\/ds-barranquilla.org\/de\/wp-json\/wp\/v2\/categories?post=4695"},{"taxonomy":"post_tag","embeddable":true,"href":"https:\/\/ds-barranquilla.org\/de\/wp-json\/wp\/v2\/tags?post=4695"}],"curies":[{"name":"wp","href":"https:\/\/api.w.org\/{rel}","templated":true}]}}