{"id":4722,"date":"2018-04-07T10:34:57","date_gmt":"2018-04-07T15:34:57","guid":{"rendered":"https:\/\/ds-barranquilla.org\/?p=4722"},"modified":"2022-12-21T08:16:45","modified_gmt":"2022-12-21T13:16:45","slug":"feliz-cumpleanos-barranquilla","status":"publish","type":"post","link":"https:\/\/ds-barranquilla.org\/de\/feliz-cumpleanos-barranquilla\/","title":{"rendered":"\u00a1Feliz cumplea\u00f1os, Barranquilla!"},"content":{"rendered":"<p><span data-contrast=\"none\">Mit einem magischen Sonnenuntergang im Hintergrund und der Begeisterung des Publikums, das mehr als tausend Menschen z\u00e4hlte und Fahnen schwenkte, bot unse<\/span><b><span data-contrast=\"none\">Jugendsinfonieorchester<\/span><\/b><span data-contrast=\"none\">unter der Leitung von<\/span><b><span data-contrast=\"none\">Cristian Ferrer<\/span><\/b><span data-contrast=\"none\">am Samstag, den 7. April, ein grandioses Konzert im Park Sagrado Coraz\u00f3n\u00a0<\/span><span data-contrast=\"none\">um unserer geliebten Stadt Barranquilla zu ihrem 205. Jubil\u00e4um zu gratulieren. Was f\u00fcr ein gro\u00dfer Tag f\u00fcr unsere Schulgeschichte!<\/span><span data-ccp-props=\"{&quot;201341983&quot;:0,&quot;335559739&quot;:180,&quot;335559740&quot;:240}\">\u00a0<\/span><\/p>\n<p><span data-contrast=\"none\">Diese Veranstaltung fand aufgrund der Einladung<\/span><b><span data-contrast=\"none\">des Sekretariats f\u00fcr Kultur, Kulturerbe und Tourismus<\/span><\/b><span data-contrast=\"none\">und im Rahmen von \u201cPark und Musik\u201d statt und erreichte durch den Hashtag<\/span><b><span data-contrast=\"none\">#BAQ205<\/span><\/b><span data-contrast=\"none\">nationales Niveau. Danke an alle Teilnehmenden, die Hunderte von Fotos und Videos in den sozialen Netzwerken ausgetauscht haben.<\/span><span data-ccp-props=\"{&quot;201341983&quot;:0,&quot;335559739&quot;:180,&quot;335559740&quot;:240}\">\u00a0<\/span><\/p>\n<p><span data-contrast=\"none\">Nach einem extravaganten Auftakt durch den<\/span><b><span data-contrast=\"none\">Chor Pedro Biava<\/span><\/b><span data-contrast=\"none\">wurde die Show von gro\u00dfen Musikern, wie dem Tenor und Finalisten der Fernsehshow \u201cA otro nivel\u201d<\/span><b><span data-contrast=\"none\">Eduardo Escolar<\/span><\/b><span data-contrast=\"none\">begleitet, der mit den St\u00fccken \u201cAve Mar\u00eda\u201d und \u201cO Sole M\u00edo\u201d die Zuh\u00f6renden zu Tr\u00e4nen r\u00fchrte. Der S\u00e4nger<\/span><b><span data-contrast=\"none\">Fausto Chatela<\/span><\/b><span data-contrast=\"none\">lie\u00df das Publikum zum Rhythmus von Pacho Gal\u00e1ns \u201cR\u00edo y Mar\u201d tanzen.<\/span><span data-ccp-props=\"{&quot;201341983&quot;:0,&quot;335559739&quot;:180,&quot;335559740&quot;:240}\">\u00a0<\/span><\/p>\n<p><span data-contrast=\"none\">Das Sinfonieorchester gl\u00e4nzte zudem neben den wunderbaren Auftritten des Saxophonisten<\/span><b><span data-contrast=\"none\">Juventino Ojito<\/span><\/b><span data-contrast=\"none\">des Klarinettisten<\/span><b><span data-contrast=\"none\">Isa\u00edas Almanza,<\/span><\/b><span data-contrast=\"none\">des Perkussionisten<\/span><b><span data-contrast=\"none\">Ricardo Pl\u00e1<\/span><\/b><span data-contrast=\"none\">und des Gitarristen<\/span><b><span data-contrast=\"none\">Carlos Cervantes.<\/span><\/b><span data-ccp-props=\"{&quot;201341983&quot;:0,&quot;335559739&quot;:180,&quot;335559740&quot;:240}\">\u00a0<\/span><\/p>\n<p><span data-contrast=\"none\">Das Repertoire um die Stadt Barranquilla zu ehren war sehr originell und abwechslungsreich: von den f\u00fcr unser Land typischen tropischen Rhythmen bis hin zu Mambo, ber\u00fchmten Soundtracks oder dem einzigartigen Rock der britischen Band Queen<\/span><span data-ccp-props=\"{&quot;201341983&quot;:0,&quot;335559739&quot;:180,&quot;335559740&quot;:240}\">\u00a0<\/span><\/p>\n<p><span data-contrast=\"none\">Der Abend, der voll von Emotionen und einem Gef\u00fchl der Zugeh\u00f6rigkeit aufgrund des Talents unserer Stadt, endete mit einer Version von \u201ePrende la vela\u201d, dem bekanntesten Werk von Maestro Alberto Carbonell. Dieses wurde vom Sinfonieorchester vorgetragen und von den kraftvollen Stimmen mehrerer Ch\u00f6re der Stadt, die von<\/span><b><span data-contrast=\"none\">Alba Pupo<\/span><\/b><span data-ccp-props=\"{&quot;201341983&quot;:0,&quot;335559739&quot;:180,&quot;335559740&quot;:240}\">\u00a0<\/span><\/p>\n<p><span data-contrast=\"none\">Danke an das Sekretariat f\u00fcr Kultur, Kulturerbe und Tourismus f\u00fcr diese tolle Einladung. Dank auch unseren jungen Musikern, ihren Lehrern und den Mitgliedern der Bildungsgemeinschaft, die diesen Festakt m\u00f6glich gemacht und uns an diesem Tag mit ihrem Beifall begleitet haben. F\u00fcr die Deutsche Schule ist es eine Ehre, die M\u00f6glichkeit gehabt zu haben, unserem Goldenen Tor Kolumbiens ein Konzert dieser Gr\u00f6\u00dfenordnung geben zu d\u00fcrfen!<\/span><span data-ccp-props=\"{&quot;201341983&quot;:0,&quot;335559739&quot;:180,&quot;335559740&quot;:240}\">\u00a0<\/span><\/p>\n<p><b><span data-contrast=\"none\">\u201cFluss und Meer,<\/span><\/b><br \/>\n<span data-contrast=\"none\">die Erde meines Herzens,<\/span><br \/>\n<span data-contrast=\"none\">Land, das mich aufwachsen sah,<\/span><br \/>\n<span data-contrast=\"none\">und jetzt singe ich f\u00fcr dich,<\/span><br \/>\n<span data-contrast=\"none\">dieses wundersch\u00f6ne Lied.<\/span><span data-ccp-props=\"{&quot;201341983&quot;:0,&quot;335551550&quot;:2,&quot;335551620&quot;:2,&quot;335559739&quot;:180,&quot;335559740&quot;:240}\">\u00a0<\/span><\/p>\n<p><span data-contrast=\"none\">Sch\u00f6nes Barranquilla,<\/span><br \/>\n<span data-contrast=\"none\">mein Barranquilla,<\/span><br \/>\n<span data-contrast=\"none\">ich habe dir nichts,<\/span><br \/>\n<span data-contrast=\"none\">als diese sch\u00f6ne Melodie anzubieten.\u201d<\/span><span data-ccp-props=\"{&quot;201341983&quot;:0,&quot;335551550&quot;:2,&quot;335551620&quot;:2,&quot;335559739&quot;:180,&quot;335559740&quot;:240}\">\u00a0<\/span><\/p>\n<p><b><span data-contrast=\"none\">Pacho Gal\u00e1n<\/span><\/b><span data-ccp-props=\"{&quot;201341983&quot;:0,&quot;335551550&quot;:2,&quot;335551620&quot;:2,&quot;335559739&quot;:180,&quot;335559740&quot;:240}\">\u00a0<\/span><\/p>\n<p>&nbsp;<\/p>\n<p><a href=\"https:\/\/youtu.be\/QWr_hzSaSDg\"><i><span data-contrast=\"none\">&gt;&gt; Video in youtube<\/span><\/i><\/a><span data-ccp-props=\"{&quot;201341983&quot;:0,&quot;335559739&quot;:180,&quot;335559740&quot;:240}\">\u00a0<\/span><\/p>","protected":false},"excerpt":{"rendered":"<p>Con un atardecer m\u00e1gico de fondo y el entusiasmo de m\u00e1s de mil personas ondeando banderas, nuestra\u202fOrquesta Sinf\u00f3nica Juvenil,\u202fdirigida por\u202fCristian Ferrer,\u202fbrind\u00f3 el s\u00e1bado 7 de abril<span class=\"excerpt-hellip\"> [\u2026]<\/span><\/p>","protected":false},"author":16,"featured_media":4723,"comment_status":"open","ping_status":"open","sticky":false,"template":"","format":"standard","meta":{"_exactmetrics_skip_tracking":false,"_exactmetrics_sitenote_active":false,"_exactmetrics_sitenote_note":"","_exactmetrics_sitenote_category":0,"_joinchat":[],"footnotes":""},"categories":[678,701,706],"tags":[439,437],"class_list":["post-4722","post","type-post","status-publish","format-standard","has-post-thumbnail","hentry","category-678","category-coro-infantil-y-juvenil","category-orquesta-sinfonica-juvenil","tag-439","tag-musica"],"yoast_head":"<!-- This site is optimized with the Yoast SEO plugin v23.3 - https:\/\/yoast.com\/wordpress\/plugins\/seo\/ -->\n<title>\u00a1Feliz cumplea\u00f1os, Barranquilla! - 2026<\/title>\n<meta name=\"robots\" content=\"noindex, follow, max-snippet:-1, max-image-preview:large, max-video-preview:-1\" \/>\n<meta property=\"og:locale\" content=\"de_DE\" \/>\n<meta property=\"og:type\" content=\"article\" \/>\n<meta property=\"og:title\" content=\"\u00a1Feliz cumplea\u00f1os, Barranquilla! - 2026\" \/>\n<meta property=\"og:description\" content=\"Con un atardecer m\u00e1gico de fondo y el entusiasmo de m\u00e1s de mil personas ondeando banderas, nuestra\u202fOrquesta Sinf\u00f3nica Juvenil,\u202fdirigida por\u202fCristian Ferrer,\u202fbrind\u00f3 el s\u00e1bado 7 de abril [\u2026]\" \/>\n<meta property=\"og:url\" content=\"https:\/\/ds-barranquilla.org\/de\/feliz-cumpleanos-barranquilla\/\" \/>\n<meta property=\"og:site_name\" content=\"Colegio Alem\u00e1n - Los Mejores Colegios de Colombia - Colegio Triling\u00fce\" \/>\n<meta property=\"article:publisher\" content=\"https:\/\/www.facebook.com\/ColegioAlemanBaq\/\" \/>\n<meta property=\"article:published_time\" content=\"2018-04-07T15:34:57+00:00\" \/>\n<meta property=\"article:modified_time\" content=\"2022-12-21T13:16:45+00:00\" \/>\n<meta property=\"og:image\" content=\"https:\/\/ds-barranquilla.org\/wp-content\/uploads\/2020\/07\/\u00a1Feliz-cumplea\u00f1os-Barranquilla.jpg\" \/>\n\t<meta property=\"og:image:width\" content=\"617\" \/>\n\t<meta property=\"og:image:height\" content=\"273\" \/>\n\t<meta property=\"og:image:type\" content=\"image\/jpeg\" \/>\n<meta name=\"author\" content=\"Comunicaciones Comunicaciones\" \/>\n<meta name=\"twitter:card\" content=\"summary_large_image\" \/>\n<meta name=\"twitter:creator\" content=\"@ColegioAlemanBq\" \/>\n<meta name=\"twitter:site\" content=\"@ColegioAlemanBq\" \/>\n<meta name=\"twitter:label1\" content=\"Verfasst von\" \/>\n\t<meta name=\"twitter:data1\" content=\"Comunicaciones Comunicaciones\" \/>\n\t<meta name=\"twitter:label2\" content=\"Gesch\u00e4tzte Lesezeit\" \/>\n\t<meta name=\"twitter:data2\" content=\"2\u00a0Minuten\" \/>\n<script type=\"application\/ld+json\" class=\"yoast-schema-graph\">{\"@context\":\"https:\/\/schema.org\",\"@graph\":[{\"@type\":\"Article\",\"@id\":\"https:\/\/ds-barranquilla.org\/feliz-cumpleanos-barranquilla\/#article\",\"isPartOf\":{\"@id\":\"https:\/\/ds-barranquilla.org\/feliz-cumpleanos-barranquilla\/\"},\"author\":{\"name\":\"Comunicaciones Comunicaciones\",\"@id\":\"https:\/\/ds-barranquilla.org\/#\/schema\/person\/7bf8790ba89d3480e0551241ccdc8d36\"},\"headline\":\"\u00a1Feliz cumplea\u00f1os, Barranquilla!\",\"datePublished\":\"2018-04-07T15:34:57+00:00\",\"dateModified\":\"2022-12-21T13:16:45+00:00\",\"mainEntityOfPage\":{\"@id\":\"https:\/\/ds-barranquilla.org\/feliz-cumpleanos-barranquilla\/\"},\"wordCount\":449,\"commentCount\":0,\"publisher\":{\"@id\":\"https:\/\/ds-barranquilla.org\/#organization\"},\"image\":{\"@id\":\"https:\/\/ds-barranquilla.org\/feliz-cumpleanos-barranquilla\/#primaryimage\"},\"thumbnailUrl\":\"https:\/\/ds-barranquilla.org\/wp-content\/uploads\/2020\/07\/\u00a1Feliz-cumplea\u00f1os-Barranquilla.jpg\",\"keywords\":[\"2018\",\"M\u00fasica\"],\"articleSection\":[\"2018\",\"Coro Infantil y Juvenil\",\"Orquesta Sinf\u00f3nica Juvenil\"],\"inLanguage\":\"de\",\"potentialAction\":[{\"@type\":\"CommentAction\",\"name\":\"Comment\",\"target\":[\"https:\/\/ds-barranquilla.org\/feliz-cumpleanos-barranquilla\/#respond\"]}]},{\"@type\":\"WebPage\",\"@id\":\"https:\/\/ds-barranquilla.org\/feliz-cumpleanos-barranquilla\/\",\"url\":\"https:\/\/ds-barranquilla.org\/feliz-cumpleanos-barranquilla\/\",\"name\":\"\u00a1Feliz cumplea\u00f1os, Barranquilla! - 2026\",\"isPartOf\":{\"@id\":\"https:\/\/ds-barranquilla.org\/#website\"},\"primaryImageOfPage\":{\"@id\":\"https:\/\/ds-barranquilla.org\/feliz-cumpleanos-barranquilla\/#primaryimage\"},\"image\":{\"@id\":\"https:\/\/ds-barranquilla.org\/feliz-cumpleanos-barranquilla\/#primaryimage\"},\"thumbnailUrl\":\"https:\/\/ds-barranquilla.org\/wp-content\/uploads\/2020\/07\/\u00a1Feliz-cumplea\u00f1os-Barranquilla.jpg\",\"datePublished\":\"2018-04-07T15:34:57+00:00\",\"dateModified\":\"2022-12-21T13:16:45+00:00\",\"breadcrumb\":{\"@id\":\"https:\/\/ds-barranquilla.org\/feliz-cumpleanos-barranquilla\/#breadcrumb\"},\"inLanguage\":\"de\",\"potentialAction\":[{\"@type\":\"ReadAction\",\"target\":[\"https:\/\/ds-barranquilla.org\/feliz-cumpleanos-barranquilla\/\"]}]},{\"@type\":\"ImageObject\",\"inLanguage\":\"de\",\"@id\":\"https:\/\/ds-barranquilla.org\/feliz-cumpleanos-barranquilla\/#primaryimage\",\"url\":\"https:\/\/ds-barranquilla.org\/wp-content\/uploads\/2020\/07\/\u00a1Feliz-cumplea\u00f1os-Barranquilla.jpg\",\"contentUrl\":\"https:\/\/ds-barranquilla.org\/wp-content\/uploads\/2020\/07\/\u00a1Feliz-cumplea\u00f1os-Barranquilla.jpg\",\"width\":617,\"height\":273},{\"@type\":\"BreadcrumbList\",\"@id\":\"https:\/\/ds-barranquilla.org\/feliz-cumpleanos-barranquilla\/#breadcrumb\",\"itemListElement\":[{\"@type\":\"ListItem\",\"position\":1,\"name\":\"Portada\",\"item\":\"https:\/\/ds-barranquilla.org\/\"},{\"@type\":\"ListItem\",\"position\":2,\"name\":\"\u00a1Feliz cumplea\u00f1os, Barranquilla!\"}]},{\"@type\":\"WebSite\",\"@id\":\"https:\/\/ds-barranquilla.org\/#website\",\"url\":\"https:\/\/ds-barranquilla.org\/\",\"name\":\"Colegio Alem\u00e1n - Los Mejores Colegios de Colombia - Colegio Triling\u00fce\",\"description\":\"Colegio Alem\u00e1n  Barranquilla Colombia - Colegio Biling\u00fce - Triling\u00fce - El Mejor Colegio de Colombia\",\"publisher\":{\"@id\":\"https:\/\/ds-barranquilla.org\/#organization\"},\"potentialAction\":[{\"@type\":\"SearchAction\",\"target\":{\"@type\":\"EntryPoint\",\"urlTemplate\":\"https:\/\/ds-barranquilla.org\/?s={search_term_string}\"},\"query-input\":\"required name=search_term_string\"}],\"inLanguage\":\"de\"},{\"@type\":\"Organization\",\"@id\":\"https:\/\/ds-barranquilla.org\/#organization\",\"name\":\"Colegio Alem\u00e1n Barranquilla\",\"url\":\"https:\/\/ds-barranquilla.org\/\",\"logo\":{\"@type\":\"ImageObject\",\"inLanguage\":\"de\",\"@id\":\"https:\/\/ds-barranquilla.org\/#\/schema\/logo\/image\/\",\"url\":\"https:\/\/ds-barranquilla.org\/wp-content\/uploads\/2021\/05\/coleman_logo_2.png\",\"contentUrl\":\"https:\/\/ds-barranquilla.org\/wp-content\/uploads\/2021\/05\/coleman_logo_2.png\",\"width\":418,\"height\":307,\"caption\":\"Colegio Alem\u00e1n Barranquilla\"},\"image\":{\"@id\":\"https:\/\/ds-barranquilla.org\/#\/schema\/logo\/image\/\"},\"sameAs\":[\"https:\/\/www.facebook.com\/ColegioAlemanBaq\/\",\"https:\/\/x.com\/ColegioAlemanBq\",\"https:\/\/www.instagram.com\/colegioalemanbaq\/\",\"https:\/\/www.linkedin.com\/school\/deutsche-schule-barranquilla\/\",\"https:\/\/www.youtube.com\/channel\/UCOOGZQCVs6aYRqIWvSN5agQ\"]},{\"@type\":\"Person\",\"@id\":\"https:\/\/ds-barranquilla.org\/#\/schema\/person\/7bf8790ba89d3480e0551241ccdc8d36\",\"name\":\"Comunicaciones Comunicaciones\",\"image\":{\"@type\":\"ImageObject\",\"inLanguage\":\"de\",\"@id\":\"https:\/\/ds-barranquilla.org\/#\/schema\/person\/image\/\",\"url\":\"https:\/\/secure.gravatar.com\/avatar\/a66ba9484a4338d81d6bea750e595038?s=96&d=mm&r=g\",\"contentUrl\":\"https:\/\/secure.gravatar.com\/avatar\/a66ba9484a4338d81d6bea750e595038?s=96&d=mm&r=g\",\"caption\":\"Comunicaciones Comunicaciones\"}}]}<\/script>\n<!-- \/ Yoast SEO plugin. -->","yoast_head_json":{"title":"\u00a1Feliz cumplea\u00f1os, Barranquilla! - 2026","robots":{"index":"noindex","follow":"follow","max-snippet":"max-snippet:-1","max-image-preview":"max-image-preview:large","max-video-preview":"max-video-preview:-1"},"og_locale":"de_DE","og_type":"article","og_title":"\u00a1Feliz cumplea\u00f1os, Barranquilla! - 2026","og_description":"Con un atardecer m\u00e1gico de fondo y el entusiasmo de m\u00e1s de mil personas ondeando banderas, nuestra\u202fOrquesta Sinf\u00f3nica Juvenil,\u202fdirigida por\u202fCristian Ferrer,\u202fbrind\u00f3 el s\u00e1bado 7 de abril [\u2026]","og_url":"https:\/\/ds-barranquilla.org\/de\/feliz-cumpleanos-barranquilla\/","og_site_name":"Colegio Alem\u00e1n - Los Mejores Colegios de Colombia - Colegio Triling\u00fce","article_publisher":"https:\/\/www.facebook.com\/ColegioAlemanBaq\/","article_published_time":"2018-04-07T15:34:57+00:00","article_modified_time":"2022-12-21T13:16:45+00:00","og_image":[{"width":617,"height":273,"url":"https:\/\/ds-barranquilla.org\/wp-content\/uploads\/2020\/07\/\u00a1Feliz-cumplea\u00f1os-Barranquilla.jpg","type":"image\/jpeg"}],"author":"Comunicaciones Comunicaciones","twitter_card":"summary_large_image","twitter_creator":"@ColegioAlemanBq","twitter_site":"@ColegioAlemanBq","twitter_misc":{"Verfasst von":"Comunicaciones Comunicaciones","Gesch\u00e4tzte Lesezeit":"2\u00a0Minuten"},"schema":{"@context":"https:\/\/schema.org","@graph":[{"@type":"Article","@id":"https:\/\/ds-barranquilla.org\/feliz-cumpleanos-barranquilla\/#article","isPartOf":{"@id":"https:\/\/ds-barranquilla.org\/feliz-cumpleanos-barranquilla\/"},"author":{"name":"Comunicaciones Comunicaciones","@id":"https:\/\/ds-barranquilla.org\/#\/schema\/person\/7bf8790ba89d3480e0551241ccdc8d36"},"headline":"\u00a1Feliz cumplea\u00f1os, Barranquilla!","datePublished":"2018-04-07T15:34:57+00:00","dateModified":"2022-12-21T13:16:45+00:00","mainEntityOfPage":{"@id":"https:\/\/ds-barranquilla.org\/feliz-cumpleanos-barranquilla\/"},"wordCount":449,"commentCount":0,"publisher":{"@id":"https:\/\/ds-barranquilla.org\/#organization"},"image":{"@id":"https:\/\/ds-barranquilla.org\/feliz-cumpleanos-barranquilla\/#primaryimage"},"thumbnailUrl":"https:\/\/ds-barranquilla.org\/wp-content\/uploads\/2020\/07\/\u00a1Feliz-cumplea\u00f1os-Barranquilla.jpg","keywords":["2018","M\u00fasica"],"articleSection":["2018","Coro Infantil y Juvenil","Orquesta Sinf\u00f3nica Juvenil"],"inLanguage":"de","potentialAction":[{"@type":"CommentAction","name":"Comment","target":["https:\/\/ds-barranquilla.org\/feliz-cumpleanos-barranquilla\/#respond"]}]},{"@type":"WebPage","@id":"https:\/\/ds-barranquilla.org\/feliz-cumpleanos-barranquilla\/","url":"https:\/\/ds-barranquilla.org\/feliz-cumpleanos-barranquilla\/","name":"\u00a1Feliz cumplea\u00f1os, Barranquilla! - 2026","isPartOf":{"@id":"https:\/\/ds-barranquilla.org\/#website"},"primaryImageOfPage":{"@id":"https:\/\/ds-barranquilla.org\/feliz-cumpleanos-barranquilla\/#primaryimage"},"image":{"@id":"https:\/\/ds-barranquilla.org\/feliz-cumpleanos-barranquilla\/#primaryimage"},"thumbnailUrl":"https:\/\/ds-barranquilla.org\/wp-content\/uploads\/2020\/07\/\u00a1Feliz-cumplea\u00f1os-Barranquilla.jpg","datePublished":"2018-04-07T15:34:57+00:00","dateModified":"2022-12-21T13:16:45+00:00","breadcrumb":{"@id":"https:\/\/ds-barranquilla.org\/feliz-cumpleanos-barranquilla\/#breadcrumb"},"inLanguage":"de","potentialAction":[{"@type":"ReadAction","target":["https:\/\/ds-barranquilla.org\/feliz-cumpleanos-barranquilla\/"]}]},{"@type":"ImageObject","inLanguage":"de","@id":"https:\/\/ds-barranquilla.org\/feliz-cumpleanos-barranquilla\/#primaryimage","url":"https:\/\/ds-barranquilla.org\/wp-content\/uploads\/2020\/07\/\u00a1Feliz-cumplea\u00f1os-Barranquilla.jpg","contentUrl":"https:\/\/ds-barranquilla.org\/wp-content\/uploads\/2020\/07\/\u00a1Feliz-cumplea\u00f1os-Barranquilla.jpg","width":617,"height":273},{"@type":"BreadcrumbList","@id":"https:\/\/ds-barranquilla.org\/feliz-cumpleanos-barranquilla\/#breadcrumb","itemListElement":[{"@type":"ListItem","position":1,"name":"Portada","item":"https:\/\/ds-barranquilla.org\/"},{"@type":"ListItem","position":2,"name":"\u00a1Feliz cumplea\u00f1os, Barranquilla!"}]},{"@type":"WebSite","@id":"https:\/\/ds-barranquilla.org\/#website","url":"https:\/\/ds-barranquilla.org\/","name":"Colegio Alem\u00e1n - Los Mejores Colegios de Colombia - Colegio Triling\u00fce","description":"Colegio Alem\u00e1n  Barranquilla Colombia - Colegio Biling\u00fce - Triling\u00fce - El Mejor Colegio de Colombia","publisher":{"@id":"https:\/\/ds-barranquilla.org\/#organization"},"potentialAction":[{"@type":"SearchAction","target":{"@type":"EntryPoint","urlTemplate":"https:\/\/ds-barranquilla.org\/?s={search_term_string}"},"query-input":"required name=search_term_string"}],"inLanguage":"de"},{"@type":"Organization","@id":"https:\/\/ds-barranquilla.org\/#organization","name":"Colegio Alem\u00e1n Barranquilla","url":"https:\/\/ds-barranquilla.org\/","logo":{"@type":"ImageObject","inLanguage":"de","@id":"https:\/\/ds-barranquilla.org\/#\/schema\/logo\/image\/","url":"https:\/\/ds-barranquilla.org\/wp-content\/uploads\/2021\/05\/coleman_logo_2.png","contentUrl":"https:\/\/ds-barranquilla.org\/wp-content\/uploads\/2021\/05\/coleman_logo_2.png","width":418,"height":307,"caption":"Colegio Alem\u00e1n Barranquilla"},"image":{"@id":"https:\/\/ds-barranquilla.org\/#\/schema\/logo\/image\/"},"sameAs":["https:\/\/www.facebook.com\/ColegioAlemanBaq\/","https:\/\/x.com\/ColegioAlemanBq","https:\/\/www.instagram.com\/colegioalemanbaq\/","https:\/\/www.linkedin.com\/school\/deutsche-schule-barranquilla\/","https:\/\/www.youtube.com\/channel\/UCOOGZQCVs6aYRqIWvSN5agQ"]},{"@type":"Person","@id":"https:\/\/ds-barranquilla.org\/#\/schema\/person\/7bf8790ba89d3480e0551241ccdc8d36","name":"Comunicaciones Comunicaciones","image":{"@type":"ImageObject","inLanguage":"de","@id":"https:\/\/ds-barranquilla.org\/#\/schema\/person\/image\/","url":"https:\/\/secure.gravatar.com\/avatar\/a66ba9484a4338d81d6bea750e595038?s=96&d=mm&r=g","contentUrl":"https:\/\/secure.gravatar.com\/avatar\/a66ba9484a4338d81d6bea750e595038?s=96&d=mm&r=g","caption":"Comunicaciones Comunicaciones"}}]}},"_links":{"self":[{"href":"https:\/\/ds-barranquilla.org\/de\/wp-json\/wp\/v2\/posts\/4722"}],"collection":[{"href":"https:\/\/ds-barranquilla.org\/de\/wp-json\/wp\/v2\/posts"}],"about":[{"href":"https:\/\/ds-barranquilla.org\/de\/wp-json\/wp\/v2\/types\/post"}],"author":[{"embeddable":true,"href":"https:\/\/ds-barranquilla.org\/de\/wp-json\/wp\/v2\/users\/16"}],"replies":[{"embeddable":true,"href":"https:\/\/ds-barranquilla.org\/de\/wp-json\/wp\/v2\/comments?post=4722"}],"version-history":[{"count":1,"href":"https:\/\/ds-barranquilla.org\/de\/wp-json\/wp\/v2\/posts\/4722\/revisions"}],"predecessor-version":[{"id":4724,"href":"https:\/\/ds-barranquilla.org\/de\/wp-json\/wp\/v2\/posts\/4722\/revisions\/4724"}],"wp:featuredmedia":[{"embeddable":true,"href":"https:\/\/ds-barranquilla.org\/de\/wp-json\/wp\/v2\/media\/4723"}],"wp:attachment":[{"href":"https:\/\/ds-barranquilla.org\/de\/wp-json\/wp\/v2\/media?parent=4722"}],"wp:term":[{"taxonomy":"category","embeddable":true,"href":"https:\/\/ds-barranquilla.org\/de\/wp-json\/wp\/v2\/categories?post=4722"},{"taxonomy":"post_tag","embeddable":true,"href":"https:\/\/ds-barranquilla.org\/de\/wp-json\/wp\/v2\/tags?post=4722"}],"curies":[{"name":"wp","href":"https:\/\/api.w.org\/{rel}","templated":true}]}}