{"id":4726,"date":"2018-09-07T10:54:51","date_gmt":"2018-09-07T15:54:51","guid":{"rendered":"https:\/\/ds-barranquilla.org\/?p=4726"},"modified":"2023-01-04T11:04:20","modified_gmt":"2023-01-04T16:04:20","slug":"representantes-de-cursos-un-ejemplo-de-ciudadanos-conscientes","status":"publish","type":"post","link":"https:\/\/ds-barranquilla.org\/de\/representantes-de-cursos-un-ejemplo-de-ciudadanos-conscientes\/","title":{"rendered":"Representantes de cursos, un ejemplo de ciudadanos conscientes"},"content":{"rendered":"<p><span class=\"TextRun  BCX0 SCXW66245516\" lang=\"ES-CO\" xml:lang=\"ES-CO\" data-contrast=\"none\"><span class=\"NormalTextRun  BCX0 SCXW66245516\">creado por Libardo Castro<\/span><\/span><\/p>\n<p>W\u00e4hrend der Entwicklung des Schulprojekts \u201cDemokratie und Staatsb\u00fcrgerschaftskompetenzen\u201c, welches von dem Bereich Individuen und Gesellschaft geleitet wurde, hatten die Sch\u00fcler in einem Zeitraum von zwei Wochen w\u00e4hrend des Unterrichts die M\u00f6glichkeit, \u00fcber ihre Rechte und Pflichten, welche im Koexistenz-Handbuch verankert sind, nachzudenken und Zeit diese zu vertiefen. Sie analysierten zudem die Bedeutung der Schulverwaltung und die Funktionen der verschiedenen Instanzen, aus denen die Schule besteht. All dies sind Elemente, die es erm\u00f6glichen, dass die demokratischen Werte innerhalb der Schule gest\u00e4rkt werden und somit die Sch\u00fcler zu verantwortungsbewussten B\u00fcrgern werden, die sich ihrer unmittelbaren Realit\u00e4t bewusst sind.<\/p>\n<p>Dieser komplette Prozess in den Klassen erm\u00f6glicht es jedem Kurs einen eigenen Vertreter f\u00fcr den Sch\u00fclerrat zu w\u00e4hlen, welcher am 13. September nach einer virtuellen Wahl vorgestellt wird. Diese Wahlen werden pro Jahrgangsstufe abgehalten, da jede Stufe andere Vertreter zur Wahl bereitstellt. Diese Wahlen sind sehr wichtig, da der Sch\u00fclerrat die wichtigste Instanz der Sch\u00fclerbeteiligung an der Deutschen Schule ist.<\/p>\n<p>Im Einklang mit den Zielen des Projekts h\u00f6rten die Studierenden der Klassen 4 bis 12 w\u00e4hrend der Veranstaltung die Reden der Kursvertreter. Diese pr\u00e4sentierten ihre Vorschl\u00e4ge, stellten ihre Vortragsf\u00e4higkeit unter Beweis und beantworteten die Fragen aller Sch\u00fcler und G\u00e4ste. Dank dieser Vortr\u00e4ge verf\u00fcgen alle Sch\u00fcler \u00fcber mehr Beurteilungselemente f\u00fcr eine bewusste Entscheidung bei der Wahl ihres Vertreters.<\/p>\n<p>Die Kursvertreter dieses Schuljahres sind:<\/p>\n<p>KLASSE 4<\/p>\n<p>Laura Salas Amaya<\/p>\n<p>Miguel Luna Cort\u00e9s<\/p>\n<p>Gabriella Bustos Mart\u00ednez<\/p>\n<p>Isabella Villamizar Restrepo<\/p>\n<p>KLASSE 5<\/p>\n<p>Santiago Bedoya Roncallo<\/p>\n<p>Mariana Gonz\u00e1lez Iglesias<\/p>\n<p>Violeta Santiago Granados<\/p>\n<p>Mateo Arregoc\u00e9s beltr\u00e1n<\/p>\n<p>KLASSE 6<\/p>\n<p>Anal\u00eda Feris G\u00f3mez<\/p>\n<p>Mariana P\u00e9rez Gravini<\/p>\n<p>Samuel Rojas Rubio<\/p>\n<p>Paulo N\u00fa\u00f1ez M\u00e1rquez<\/p>\n<p>KLASSE 7<\/p>\n<p>Rachell L\u00f3pez C\u00e1rdenas<\/p>\n<p>Maria Alejandra Barrera Castillo<\/p>\n<p>Samuel Jer\u00f3nimo G\u00f3mez Herrera<\/p>\n<p>KLASSE 8<\/p>\n<p>Sebasti\u00e1n D\u00edaz Gir\u00f3n<\/p>\n<p>Daniel Jos\u00e9 L\u00f3pez \u00c1lvarez<\/p>\n<p>Valeria Campo Gonz\u00e1lez<\/p>\n<p>Nicol\u00e1s Fl\u00f3rez Granados<\/p>\n<p>KLASSE 9<\/p>\n<p>Ang\u00e9lica Berm\u00fadez Orozco<\/p>\n<p>Gloria Mar\u00eda Rodr\u00edguez Gonz\u00e1lez<\/p>\n<p>Nicol\u00e1s S\u00e1nchez Vassallo<\/p>\n<p>KLASSE 10<\/p>\n<p>Paula Sof\u00eda Guti\u00e9rrez Arc\u00f3n<\/p>\n<p>Stephanie Fern\u00e1ndez Lorduy<\/p>\n<p>David Jos\u00e9 Lizcano Mart\u00ednez<\/p>\n<p>Alan Dancur G\u00f3mez C\u00e1seres<\/p>\n<p>KLASSE 11<\/p>\n<p>Freddy Guzm\u00e1n Agresot<\/p>\n<p>Adriana Barrera Mart\u00ednez<\/p>\n<p>Alejandro Rodr\u00edguez Gonz\u00e1lez<\/p>\n<p>KLASSE 12<\/p>\n<p>Alexander Villar Meza<\/p>\n<p>Mar\u00eda Jos\u00e9 Teichmann<\/p>\n<p>Gabriel Su\u00e1rez Almanza<\/p>\n<p>&gt;&gt; Weitere Fotos auf Facebook<\/p>","protected":false},"excerpt":{"rendered":"<p>creado por Libardo Castro En el desarrollo del\u202fproyecto escolar\u202f\u201cDemocracia y Competencias Ciudadanas\u201d,\u202fliderado por el \u00e1rea de\u202fIndividuos y Sociedades,\u202flos estudiantes tuvieron la oportunidad, durante dos semanas de<span class=\"excerpt-hellip\"> [\u2026]<\/span><\/p>","protected":false},"author":16,"featured_media":4730,"comment_status":"open","ping_status":"open","sticky":false,"template":"","format":"standard","meta":{"_exactmetrics_skip_tracking":false,"_exactmetrics_sitenote_active":false,"_exactmetrics_sitenote_note":"","_exactmetrics_sitenote_category":0,"_joinchat":[],"footnotes":""},"categories":[678,688,700,708],"tags":[439,449],"class_list":["post-4726","post","type-post","status-publish","format-standard","has-post-thumbnail","hentry","category-678","category-area-de-individuos-y-sociedades","category-consejo-estudiantil","category-proyectos-academicos","tag-439","tag-individuos-y-sociedades"],"yoast_head":"<!-- This site is optimized with the Yoast SEO plugin v23.3 - https:\/\/yoast.com\/wordpress\/plugins\/seo\/ -->\n<title>Representantes de cursos, un ejemplo de ciudadanos conscientes - 2026<\/title>\n<meta name=\"robots\" content=\"noindex, follow, max-snippet:-1, max-image-preview:large, max-video-preview:-1\" \/>\n<meta property=\"og:locale\" content=\"de_DE\" \/>\n<meta property=\"og:type\" content=\"article\" \/>\n<meta property=\"og:title\" content=\"Representantes de cursos, un ejemplo de ciudadanos conscientes - 2026\" \/>\n<meta property=\"og:description\" content=\"creado por Libardo Castro En el desarrollo del\u202fproyecto escolar\u202f\u201cDemocracia y Competencias Ciudadanas\u201d,\u202fliderado por el \u00e1rea de\u202fIndividuos y Sociedades,\u202flos estudiantes tuvieron la oportunidad, durante dos semanas de [\u2026]\" \/>\n<meta property=\"og:url\" content=\"https:\/\/ds-barranquilla.org\/de\/representantes-de-cursos-un-ejemplo-de-ciudadanos-conscientes\/\" \/>\n<meta property=\"og:site_name\" content=\"Colegio Alem\u00e1n - Los Mejores Colegios de Colombia - Colegio Triling\u00fce\" \/>\n<meta property=\"article:publisher\" content=\"https:\/\/www.facebook.com\/ColegioAlemanBaq\/\" \/>\n<meta property=\"article:published_time\" content=\"2018-09-07T15:54:51+00:00\" \/>\n<meta property=\"article:modified_time\" content=\"2023-01-04T16:04:20+00:00\" \/>\n<meta property=\"og:image\" content=\"https:\/\/ds-barranquilla.org\/wp-content\/uploads\/2020\/07\/Representantes-de-cursos-un-ejemplo-de-ciudadanos-conscientes.jpg\" \/>\n\t<meta property=\"og:image:width\" content=\"592\" \/>\n\t<meta property=\"og:image:height\" content=\"258\" \/>\n\t<meta property=\"og:image:type\" content=\"image\/jpeg\" \/>\n<meta name=\"author\" content=\"Comunicaciones Comunicaciones\" \/>\n<meta name=\"twitter:card\" content=\"summary_large_image\" \/>\n<meta name=\"twitter:creator\" content=\"@ColegioAlemanBq\" \/>\n<meta name=\"twitter:site\" content=\"@ColegioAlemanBq\" \/>\n<meta name=\"twitter:label1\" content=\"Verfasst von\" \/>\n\t<meta name=\"twitter:data1\" content=\"Comunicaciones Comunicaciones\" \/>\n\t<meta name=\"twitter:label2\" content=\"Gesch\u00e4tzte Lesezeit\" \/>\n\t<meta name=\"twitter:data2\" content=\"2\u00a0Minuten\" \/>\n<script type=\"application\/ld+json\" class=\"yoast-schema-graph\">{\"@context\":\"https:\/\/schema.org\",\"@graph\":[{\"@type\":\"Article\",\"@id\":\"https:\/\/ds-barranquilla.org\/de\/representantes-de-cursos-un-ejemplo-de-ciudadanos-conscientes\/#article\",\"isPartOf\":{\"@id\":\"https:\/\/ds-barranquilla.org\/de\/representantes-de-cursos-un-ejemplo-de-ciudadanos-conscientes\/\"},\"author\":{\"name\":\"Comunicaciones Comunicaciones\",\"@id\":\"https:\/\/ds-barranquilla.org\/#\/schema\/person\/7bf8790ba89d3480e0551241ccdc8d36\"},\"headline\":\"Representantes de cursos, un ejemplo de ciudadanos conscientes\",\"datePublished\":\"2018-09-07T15:54:51+00:00\",\"dateModified\":\"2023-01-04T16:04:20+00:00\",\"mainEntityOfPage\":{\"@id\":\"https:\/\/ds-barranquilla.org\/de\/representantes-de-cursos-un-ejemplo-de-ciudadanos-conscientes\/\"},\"wordCount\":408,\"commentCount\":0,\"publisher\":{\"@id\":\"https:\/\/ds-barranquilla.org\/#organization\"},\"image\":{\"@id\":\"https:\/\/ds-barranquilla.org\/de\/representantes-de-cursos-un-ejemplo-de-ciudadanos-conscientes\/#primaryimage\"},\"thumbnailUrl\":\"https:\/\/ds-barranquilla.org\/wp-content\/uploads\/2020\/07\/Representantes-de-cursos-un-ejemplo-de-ciudadanos-conscientes.jpg\",\"keywords\":[\"2018\",\"Individuos y Sociedades\"],\"articleSection\":[\"2018\",\"\u00c1rea de Individuos y Sociedades\",\"Consejo Estudiantil\",\"Proyectos acad\u00e9micos\"],\"inLanguage\":\"de\",\"potentialAction\":[{\"@type\":\"CommentAction\",\"name\":\"Comment\",\"target\":[\"https:\/\/ds-barranquilla.org\/de\/representantes-de-cursos-un-ejemplo-de-ciudadanos-conscientes\/#respond\"]}]},{\"@type\":\"WebPage\",\"@id\":\"https:\/\/ds-barranquilla.org\/de\/representantes-de-cursos-un-ejemplo-de-ciudadanos-conscientes\/\",\"url\":\"https:\/\/ds-barranquilla.org\/de\/representantes-de-cursos-un-ejemplo-de-ciudadanos-conscientes\/\",\"name\":\"Representantes de cursos, un ejemplo de ciudadanos conscientes - 2026\",\"isPartOf\":{\"@id\":\"https:\/\/ds-barranquilla.org\/#website\"},\"primaryImageOfPage\":{\"@id\":\"https:\/\/ds-barranquilla.org\/de\/representantes-de-cursos-un-ejemplo-de-ciudadanos-conscientes\/#primaryimage\"},\"image\":{\"@id\":\"https:\/\/ds-barranquilla.org\/de\/representantes-de-cursos-un-ejemplo-de-ciudadanos-conscientes\/#primaryimage\"},\"thumbnailUrl\":\"https:\/\/ds-barranquilla.org\/wp-content\/uploads\/2020\/07\/Representantes-de-cursos-un-ejemplo-de-ciudadanos-conscientes.jpg\",\"datePublished\":\"2018-09-07T15:54:51+00:00\",\"dateModified\":\"2023-01-04T16:04:20+00:00\",\"breadcrumb\":{\"@id\":\"https:\/\/ds-barranquilla.org\/de\/representantes-de-cursos-un-ejemplo-de-ciudadanos-conscientes\/#breadcrumb\"},\"inLanguage\":\"de\",\"potentialAction\":[{\"@type\":\"ReadAction\",\"target\":[\"https:\/\/ds-barranquilla.org\/de\/representantes-de-cursos-un-ejemplo-de-ciudadanos-conscientes\/\"]}]},{\"@type\":\"ImageObject\",\"inLanguage\":\"de\",\"@id\":\"https:\/\/ds-barranquilla.org\/de\/representantes-de-cursos-un-ejemplo-de-ciudadanos-conscientes\/#primaryimage\",\"url\":\"https:\/\/ds-barranquilla.org\/wp-content\/uploads\/2020\/07\/Representantes-de-cursos-un-ejemplo-de-ciudadanos-conscientes.jpg\",\"contentUrl\":\"https:\/\/ds-barranquilla.org\/wp-content\/uploads\/2020\/07\/Representantes-de-cursos-un-ejemplo-de-ciudadanos-conscientes.jpg\",\"width\":592,\"height\":258},{\"@type\":\"BreadcrumbList\",\"@id\":\"https:\/\/ds-barranquilla.org\/de\/representantes-de-cursos-un-ejemplo-de-ciudadanos-conscientes\/#breadcrumb\",\"itemListElement\":[{\"@type\":\"ListItem\",\"position\":1,\"name\":\"Portada\",\"item\":\"https:\/\/ds-barranquilla.org\/\"},{\"@type\":\"ListItem\",\"position\":2,\"name\":\"Representantes de cursos, un ejemplo de ciudadanos conscientes\"}]},{\"@type\":\"WebSite\",\"@id\":\"https:\/\/ds-barranquilla.org\/#website\",\"url\":\"https:\/\/ds-barranquilla.org\/\",\"name\":\"Colegio Alem\u00e1n - Los Mejores Colegios de Colombia - Colegio Triling\u00fce\",\"description\":\"Colegio Alem\u00e1n  Barranquilla Colombia - Colegio Biling\u00fce - Triling\u00fce - El Mejor Colegio de Colombia\",\"publisher\":{\"@id\":\"https:\/\/ds-barranquilla.org\/#organization\"},\"potentialAction\":[{\"@type\":\"SearchAction\",\"target\":{\"@type\":\"EntryPoint\",\"urlTemplate\":\"https:\/\/ds-barranquilla.org\/?s={search_term_string}\"},\"query-input\":\"required name=search_term_string\"}],\"inLanguage\":\"de\"},{\"@type\":\"Organization\",\"@id\":\"https:\/\/ds-barranquilla.org\/#organization\",\"name\":\"Colegio Alem\u00e1n Barranquilla\",\"url\":\"https:\/\/ds-barranquilla.org\/\",\"logo\":{\"@type\":\"ImageObject\",\"inLanguage\":\"de\",\"@id\":\"https:\/\/ds-barranquilla.org\/#\/schema\/logo\/image\/\",\"url\":\"https:\/\/ds-barranquilla.org\/wp-content\/uploads\/2021\/05\/coleman_logo_2.png\",\"contentUrl\":\"https:\/\/ds-barranquilla.org\/wp-content\/uploads\/2021\/05\/coleman_logo_2.png\",\"width\":418,\"height\":307,\"caption\":\"Colegio Alem\u00e1n Barranquilla\"},\"image\":{\"@id\":\"https:\/\/ds-barranquilla.org\/#\/schema\/logo\/image\/\"},\"sameAs\":[\"https:\/\/www.facebook.com\/ColegioAlemanBaq\/\",\"https:\/\/x.com\/ColegioAlemanBq\",\"https:\/\/www.instagram.com\/colegioalemanbaq\/\",\"https:\/\/www.linkedin.com\/school\/deutsche-schule-barranquilla\/\",\"https:\/\/www.youtube.com\/channel\/UCOOGZQCVs6aYRqIWvSN5agQ\"]},{\"@type\":\"Person\",\"@id\":\"https:\/\/ds-barranquilla.org\/#\/schema\/person\/7bf8790ba89d3480e0551241ccdc8d36\",\"name\":\"Comunicaciones Comunicaciones\",\"image\":{\"@type\":\"ImageObject\",\"inLanguage\":\"de\",\"@id\":\"https:\/\/ds-barranquilla.org\/#\/schema\/person\/image\/\",\"url\":\"https:\/\/secure.gravatar.com\/avatar\/a66ba9484a4338d81d6bea750e595038?s=96&d=mm&r=g\",\"contentUrl\":\"https:\/\/secure.gravatar.com\/avatar\/a66ba9484a4338d81d6bea750e595038?s=96&d=mm&r=g\",\"caption\":\"Comunicaciones Comunicaciones\"}}]}<\/script>\n<!-- \/ Yoast SEO plugin. -->","yoast_head_json":{"title":"Representantes de cursos, un ejemplo de ciudadanos conscientes - 2026","robots":{"index":"noindex","follow":"follow","max-snippet":"max-snippet:-1","max-image-preview":"max-image-preview:large","max-video-preview":"max-video-preview:-1"},"og_locale":"de_DE","og_type":"article","og_title":"Representantes de cursos, un ejemplo de ciudadanos conscientes - 2026","og_description":"creado por Libardo Castro En el desarrollo del\u202fproyecto escolar\u202f\u201cDemocracia y Competencias Ciudadanas\u201d,\u202fliderado por el \u00e1rea de\u202fIndividuos y Sociedades,\u202flos estudiantes tuvieron la oportunidad, durante dos semanas de [\u2026]","og_url":"https:\/\/ds-barranquilla.org\/de\/representantes-de-cursos-un-ejemplo-de-ciudadanos-conscientes\/","og_site_name":"Colegio Alem\u00e1n - Los Mejores Colegios de Colombia - Colegio Triling\u00fce","article_publisher":"https:\/\/www.facebook.com\/ColegioAlemanBaq\/","article_published_time":"2018-09-07T15:54:51+00:00","article_modified_time":"2023-01-04T16:04:20+00:00","og_image":[{"width":592,"height":258,"url":"https:\/\/ds-barranquilla.org\/wp-content\/uploads\/2020\/07\/Representantes-de-cursos-un-ejemplo-de-ciudadanos-conscientes.jpg","type":"image\/jpeg"}],"author":"Comunicaciones Comunicaciones","twitter_card":"summary_large_image","twitter_creator":"@ColegioAlemanBq","twitter_site":"@ColegioAlemanBq","twitter_misc":{"Verfasst von":"Comunicaciones Comunicaciones","Gesch\u00e4tzte Lesezeit":"2\u00a0Minuten"},"schema":{"@context":"https:\/\/schema.org","@graph":[{"@type":"Article","@id":"https:\/\/ds-barranquilla.org\/de\/representantes-de-cursos-un-ejemplo-de-ciudadanos-conscientes\/#article","isPartOf":{"@id":"https:\/\/ds-barranquilla.org\/de\/representantes-de-cursos-un-ejemplo-de-ciudadanos-conscientes\/"},"author":{"name":"Comunicaciones Comunicaciones","@id":"https:\/\/ds-barranquilla.org\/#\/schema\/person\/7bf8790ba89d3480e0551241ccdc8d36"},"headline":"Representantes de cursos, un ejemplo de ciudadanos conscientes","datePublished":"2018-09-07T15:54:51+00:00","dateModified":"2023-01-04T16:04:20+00:00","mainEntityOfPage":{"@id":"https:\/\/ds-barranquilla.org\/de\/representantes-de-cursos-un-ejemplo-de-ciudadanos-conscientes\/"},"wordCount":408,"commentCount":0,"publisher":{"@id":"https:\/\/ds-barranquilla.org\/#organization"},"image":{"@id":"https:\/\/ds-barranquilla.org\/de\/representantes-de-cursos-un-ejemplo-de-ciudadanos-conscientes\/#primaryimage"},"thumbnailUrl":"https:\/\/ds-barranquilla.org\/wp-content\/uploads\/2020\/07\/Representantes-de-cursos-un-ejemplo-de-ciudadanos-conscientes.jpg","keywords":["2018","Individuos y Sociedades"],"articleSection":["2018","\u00c1rea de Individuos y Sociedades","Consejo Estudiantil","Proyectos acad\u00e9micos"],"inLanguage":"de","potentialAction":[{"@type":"CommentAction","name":"Comment","target":["https:\/\/ds-barranquilla.org\/de\/representantes-de-cursos-un-ejemplo-de-ciudadanos-conscientes\/#respond"]}]},{"@type":"WebPage","@id":"https:\/\/ds-barranquilla.org\/de\/representantes-de-cursos-un-ejemplo-de-ciudadanos-conscientes\/","url":"https:\/\/ds-barranquilla.org\/de\/representantes-de-cursos-un-ejemplo-de-ciudadanos-conscientes\/","name":"Representantes de cursos, un ejemplo de ciudadanos conscientes - 2026","isPartOf":{"@id":"https:\/\/ds-barranquilla.org\/#website"},"primaryImageOfPage":{"@id":"https:\/\/ds-barranquilla.org\/de\/representantes-de-cursos-un-ejemplo-de-ciudadanos-conscientes\/#primaryimage"},"image":{"@id":"https:\/\/ds-barranquilla.org\/de\/representantes-de-cursos-un-ejemplo-de-ciudadanos-conscientes\/#primaryimage"},"thumbnailUrl":"https:\/\/ds-barranquilla.org\/wp-content\/uploads\/2020\/07\/Representantes-de-cursos-un-ejemplo-de-ciudadanos-conscientes.jpg","datePublished":"2018-09-07T15:54:51+00:00","dateModified":"2023-01-04T16:04:20+00:00","breadcrumb":{"@id":"https:\/\/ds-barranquilla.org\/de\/representantes-de-cursos-un-ejemplo-de-ciudadanos-conscientes\/#breadcrumb"},"inLanguage":"de","potentialAction":[{"@type":"ReadAction","target":["https:\/\/ds-barranquilla.org\/de\/representantes-de-cursos-un-ejemplo-de-ciudadanos-conscientes\/"]}]},{"@type":"ImageObject","inLanguage":"de","@id":"https:\/\/ds-barranquilla.org\/de\/representantes-de-cursos-un-ejemplo-de-ciudadanos-conscientes\/#primaryimage","url":"https:\/\/ds-barranquilla.org\/wp-content\/uploads\/2020\/07\/Representantes-de-cursos-un-ejemplo-de-ciudadanos-conscientes.jpg","contentUrl":"https:\/\/ds-barranquilla.org\/wp-content\/uploads\/2020\/07\/Representantes-de-cursos-un-ejemplo-de-ciudadanos-conscientes.jpg","width":592,"height":258},{"@type":"BreadcrumbList","@id":"https:\/\/ds-barranquilla.org\/de\/representantes-de-cursos-un-ejemplo-de-ciudadanos-conscientes\/#breadcrumb","itemListElement":[{"@type":"ListItem","position":1,"name":"Portada","item":"https:\/\/ds-barranquilla.org\/"},{"@type":"ListItem","position":2,"name":"Representantes de cursos, un ejemplo de ciudadanos conscientes"}]},{"@type":"WebSite","@id":"https:\/\/ds-barranquilla.org\/#website","url":"https:\/\/ds-barranquilla.org\/","name":"Colegio Alem\u00e1n - Los Mejores Colegios de Colombia - Colegio Triling\u00fce","description":"Colegio Alem\u00e1n  Barranquilla Colombia - Colegio Biling\u00fce - Triling\u00fce - El Mejor Colegio de Colombia","publisher":{"@id":"https:\/\/ds-barranquilla.org\/#organization"},"potentialAction":[{"@type":"SearchAction","target":{"@type":"EntryPoint","urlTemplate":"https:\/\/ds-barranquilla.org\/?s={search_term_string}"},"query-input":"required name=search_term_string"}],"inLanguage":"de"},{"@type":"Organization","@id":"https:\/\/ds-barranquilla.org\/#organization","name":"Colegio Alem\u00e1n Barranquilla","url":"https:\/\/ds-barranquilla.org\/","logo":{"@type":"ImageObject","inLanguage":"de","@id":"https:\/\/ds-barranquilla.org\/#\/schema\/logo\/image\/","url":"https:\/\/ds-barranquilla.org\/wp-content\/uploads\/2021\/05\/coleman_logo_2.png","contentUrl":"https:\/\/ds-barranquilla.org\/wp-content\/uploads\/2021\/05\/coleman_logo_2.png","width":418,"height":307,"caption":"Colegio Alem\u00e1n Barranquilla"},"image":{"@id":"https:\/\/ds-barranquilla.org\/#\/schema\/logo\/image\/"},"sameAs":["https:\/\/www.facebook.com\/ColegioAlemanBaq\/","https:\/\/x.com\/ColegioAlemanBq","https:\/\/www.instagram.com\/colegioalemanbaq\/","https:\/\/www.linkedin.com\/school\/deutsche-schule-barranquilla\/","https:\/\/www.youtube.com\/channel\/UCOOGZQCVs6aYRqIWvSN5agQ"]},{"@type":"Person","@id":"https:\/\/ds-barranquilla.org\/#\/schema\/person\/7bf8790ba89d3480e0551241ccdc8d36","name":"Comunicaciones Comunicaciones","image":{"@type":"ImageObject","inLanguage":"de","@id":"https:\/\/ds-barranquilla.org\/#\/schema\/person\/image\/","url":"https:\/\/secure.gravatar.com\/avatar\/a66ba9484a4338d81d6bea750e595038?s=96&d=mm&r=g","contentUrl":"https:\/\/secure.gravatar.com\/avatar\/a66ba9484a4338d81d6bea750e595038?s=96&d=mm&r=g","caption":"Comunicaciones Comunicaciones"}}]}},"_links":{"self":[{"href":"https:\/\/ds-barranquilla.org\/de\/wp-json\/wp\/v2\/posts\/4726"}],"collection":[{"href":"https:\/\/ds-barranquilla.org\/de\/wp-json\/wp\/v2\/posts"}],"about":[{"href":"https:\/\/ds-barranquilla.org\/de\/wp-json\/wp\/v2\/types\/post"}],"author":[{"embeddable":true,"href":"https:\/\/ds-barranquilla.org\/de\/wp-json\/wp\/v2\/users\/16"}],"replies":[{"embeddable":true,"href":"https:\/\/ds-barranquilla.org\/de\/wp-json\/wp\/v2\/comments?post=4726"}],"version-history":[{"count":1,"href":"https:\/\/ds-barranquilla.org\/de\/wp-json\/wp\/v2\/posts\/4726\/revisions"}],"predecessor-version":[{"id":4731,"href":"https:\/\/ds-barranquilla.org\/de\/wp-json\/wp\/v2\/posts\/4726\/revisions\/4731"}],"wp:featuredmedia":[{"embeddable":true,"href":"https:\/\/ds-barranquilla.org\/de\/wp-json\/wp\/v2\/media\/4730"}],"wp:attachment":[{"href":"https:\/\/ds-barranquilla.org\/de\/wp-json\/wp\/v2\/media?parent=4726"}],"wp:term":[{"taxonomy":"category","embeddable":true,"href":"https:\/\/ds-barranquilla.org\/de\/wp-json\/wp\/v2\/categories?post=4726"},{"taxonomy":"post_tag","embeddable":true,"href":"https:\/\/ds-barranquilla.org\/de\/wp-json\/wp\/v2\/tags?post=4726"}],"curies":[{"name":"wp","href":"https:\/\/api.w.org\/{rel}","templated":true}]}}