{"id":4732,"date":"2018-10-07T11:07:56","date_gmt":"2018-10-07T16:07:56","guid":{"rendered":"https:\/\/ds-barranquilla.org\/?p=4732"},"modified":"2023-01-04T11:17:13","modified_gmt":"2023-01-04T16:17:13","slug":"nuestros-coros-y-la-orquesta-sinfonica-se-unieron-a-un-mar-de-voces","status":"publish","type":"post","link":"https:\/\/ds-barranquilla.org\/de\/nuestros-coros-y-la-orquesta-sinfonica-se-unieron-a-un-mar-de-voces\/","title":{"rendered":"Nuestros Coros y la Orquesta Sinf\u00f3nica se unieron a Un Mar de Voces"},"content":{"rendered":"<p>Nuestros grupos musicales siempre est\u00e1n presentes en los eventos culturales m\u00e1s importantes de la ciudad. En esta ocasi\u00f3n el\u202fCoro Infantil,\u202fel\u202fCoro Juvenil,\u202fdirigidos por\u202fJos\u00e9 Mej\u00eda,\u202fy la\u202fOrquesta Sinf\u00f3nica,\u202fliderada por\u202fCristian Ferrer,\u202fse unieron a\u202fUn Mar de Voces,\u202f&#8221;un encuentro coral no competitivo que re\u00fane los procesos corales del departamento del Atl\u00e1ntico, en donde comparten sus experiencias con grupos corales nacionales y agrupaciones invitadas internacionales&#8221;.<\/p>\n<p>En esta versi\u00f3n de Un Mar de Voces, que se celebr\u00f3 del 4 al 7 de octubre, los coros y la orquesta del Colegio Alem\u00e1n participaron el viernes 5 de octubre en el\u202fShow Cantor\u00eda Coral \u201cLas Voces del Atl\u00e1ntico\u201d,\u202fun espect\u00e1culo de gala que se desarroll\u00f3 en el nuevo\u202fTeatro de la Universidad del Atl\u00e1ntico. Nuestros estudiantes de la orquesta abrieron la velada acompa\u00f1ando a una gran masa coral conformada por todos los grupos invitados.<\/p>\n<p>El domingo 7 de octubre el Coro Infantil tuvo la oportunidad de compartir el escenario con grupos de Ecuador y M\u00e9xico en el cierre del festival, que se llev\u00f3 a cabo en Puerto Colombia. \u00a1Felicitamos a nuestros artistas y a sus profesores por participar con tanto compromiso en estos encuentros!<\/p>\n<p>\u201cUn Mar de Voces\u201d\u202fes la uni\u00f3n del Encuentro Internacional de Coros Puerto Colombia\u202f(organizado por el Coro Juvenil Alberto Carbonell que dirige Rosemberg Cueto S\u00e1nchez)\u202f\u202fy el Festival de Coros Ciudad de Barranquilla\u202f(que organizaba el maestro Alberto Carbonell Jimeno (q.e.p.d.)).<\/p>","protected":false},"excerpt":{"rendered":"<p>Nuestros grupos musicales siempre est\u00e1n presentes en los eventos culturales m\u00e1s importantes de la ciudad. En esta ocasi\u00f3n el\u202fCoro Infantil,\u202fel\u202fCoro Juvenil,\u202fdirigidos por\u202fJos\u00e9 Mej\u00eda,\u202fy la\u202fOrquesta Sinf\u00f3nica,\u202fliderada por\u202fCristian<span class=\"excerpt-hellip\"> [\u2026]<\/span><\/p>","protected":false},"author":16,"featured_media":4733,"comment_status":"open","ping_status":"open","sticky":false,"template":"","format":"standard","meta":{"_exactmetrics_skip_tracking":false,"_exactmetrics_sitenote_active":false,"_exactmetrics_sitenote_note":"","_exactmetrics_sitenote_category":0,"_joinchat":[],"footnotes":""},"categories":[678,685,701,706],"tags":[439,437],"class_list":["post-4732","post","type-post","status-publish","format-standard","has-post-thumbnail","hentry","category-678","category-area-de-artes-visuales-e-interpretativas","category-coro-infantil-y-juvenil","category-orquesta-sinfonica-juvenil","tag-439","tag-musica"],"yoast_head":"<!-- This site is optimized with the Yoast SEO plugin v23.3 - https:\/\/yoast.com\/wordpress\/plugins\/seo\/ -->\n<title>Nuestros Coros y la Orquesta Sinf\u00f3nica se unieron a Un Mar de Voces - 2026<\/title>\n<meta name=\"robots\" content=\"noindex, follow, max-snippet:-1, max-image-preview:large, max-video-preview:-1\" \/>\n<meta property=\"og:locale\" content=\"de_DE\" \/>\n<meta property=\"og:type\" content=\"article\" \/>\n<meta property=\"og:title\" content=\"Nuestros Coros y la Orquesta Sinf\u00f3nica se unieron a Un Mar de Voces - 2026\" \/>\n<meta property=\"og:description\" content=\"Nuestros grupos musicales siempre est\u00e1n presentes en los eventos culturales m\u00e1s importantes de la ciudad. En esta ocasi\u00f3n el\u202fCoro Infantil,\u202fel\u202fCoro Juvenil,\u202fdirigidos por\u202fJos\u00e9 Mej\u00eda,\u202fy la\u202fOrquesta Sinf\u00f3nica,\u202fliderada por\u202fCristian [\u2026]\" \/>\n<meta property=\"og:url\" content=\"https:\/\/ds-barranquilla.org\/de\/nuestros-coros-y-la-orquesta-sinfonica-se-unieron-a-un-mar-de-voces\/\" \/>\n<meta property=\"og:site_name\" content=\"Colegio Alem\u00e1n - Los Mejores Colegios de Colombia - Colegio Triling\u00fce\" \/>\n<meta property=\"article:publisher\" content=\"https:\/\/www.facebook.com\/ColegioAlemanBaq\/\" \/>\n<meta property=\"article:published_time\" content=\"2018-10-07T16:07:56+00:00\" \/>\n<meta property=\"article:modified_time\" content=\"2023-01-04T16:17:13+00:00\" \/>\n<meta property=\"og:image\" content=\"https:\/\/ds-barranquilla.org\/wp-content\/uploads\/2020\/07\/Nuestros-Coros-y-la-Orquesta-Sinf\u00f3nica-se-unieron-a-Un-Mar-de-Voces.jpg\" \/>\n\t<meta property=\"og:image:width\" content=\"606\" \/>\n\t<meta property=\"og:image:height\" content=\"263\" \/>\n\t<meta property=\"og:image:type\" content=\"image\/jpeg\" \/>\n<meta name=\"author\" content=\"Comunicaciones Comunicaciones\" \/>\n<meta name=\"twitter:card\" content=\"summary_large_image\" \/>\n<meta name=\"twitter:creator\" content=\"@ColegioAlemanBq\" \/>\n<meta name=\"twitter:site\" content=\"@ColegioAlemanBq\" \/>\n<meta name=\"twitter:label1\" content=\"Verfasst von\" \/>\n\t<meta name=\"twitter:data1\" content=\"Comunicaciones Comunicaciones\" \/>\n\t<meta name=\"twitter:label2\" content=\"Gesch\u00e4tzte Lesezeit\" \/>\n\t<meta name=\"twitter:data2\" content=\"1\u00a0Minute\" \/>\n<script type=\"application\/ld+json\" class=\"yoast-schema-graph\">{\"@context\":\"https:\/\/schema.org\",\"@graph\":[{\"@type\":\"Article\",\"@id\":\"https:\/\/ds-barranquilla.org\/nuestros-coros-y-la-orquesta-sinfonica-se-unieron-a-un-mar-de-voces\/#article\",\"isPartOf\":{\"@id\":\"https:\/\/ds-barranquilla.org\/nuestros-coros-y-la-orquesta-sinfonica-se-unieron-a-un-mar-de-voces\/\"},\"author\":{\"name\":\"Comunicaciones Comunicaciones\",\"@id\":\"https:\/\/ds-barranquilla.org\/#\/schema\/person\/7bf8790ba89d3480e0551241ccdc8d36\"},\"headline\":\"Nuestros Coros y la Orquesta Sinf\u00f3nica se unieron a Un Mar de Voces\",\"datePublished\":\"2018-10-07T16:07:56+00:00\",\"dateModified\":\"2023-01-04T16:17:13+00:00\",\"mainEntityOfPage\":{\"@id\":\"https:\/\/ds-barranquilla.org\/nuestros-coros-y-la-orquesta-sinfonica-se-unieron-a-un-mar-de-voces\/\"},\"wordCount\":268,\"commentCount\":0,\"publisher\":{\"@id\":\"https:\/\/ds-barranquilla.org\/#organization\"},\"image\":{\"@id\":\"https:\/\/ds-barranquilla.org\/nuestros-coros-y-la-orquesta-sinfonica-se-unieron-a-un-mar-de-voces\/#primaryimage\"},\"thumbnailUrl\":\"https:\/\/ds-barranquilla.org\/wp-content\/uploads\/2020\/07\/Nuestros-Coros-y-la-Orquesta-Sinf\u00f3nica-se-unieron-a-Un-Mar-de-Voces.jpg\",\"keywords\":[\"2018\",\"M\u00fasica\"],\"articleSection\":[\"2018\",\"\u00c1rea de Artes Visuales e Interpretativas\",\"Coro Infantil y Juvenil\",\"Orquesta Sinf\u00f3nica Juvenil\"],\"inLanguage\":\"de\",\"potentialAction\":[{\"@type\":\"CommentAction\",\"name\":\"Comment\",\"target\":[\"https:\/\/ds-barranquilla.org\/nuestros-coros-y-la-orquesta-sinfonica-se-unieron-a-un-mar-de-voces\/#respond\"]}]},{\"@type\":\"WebPage\",\"@id\":\"https:\/\/ds-barranquilla.org\/nuestros-coros-y-la-orquesta-sinfonica-se-unieron-a-un-mar-de-voces\/\",\"url\":\"https:\/\/ds-barranquilla.org\/nuestros-coros-y-la-orquesta-sinfonica-se-unieron-a-un-mar-de-voces\/\",\"name\":\"Nuestros Coros y la Orquesta Sinf\u00f3nica se unieron a Un Mar de Voces - 2026\",\"isPartOf\":{\"@id\":\"https:\/\/ds-barranquilla.org\/#website\"},\"primaryImageOfPage\":{\"@id\":\"https:\/\/ds-barranquilla.org\/nuestros-coros-y-la-orquesta-sinfonica-se-unieron-a-un-mar-de-voces\/#primaryimage\"},\"image\":{\"@id\":\"https:\/\/ds-barranquilla.org\/nuestros-coros-y-la-orquesta-sinfonica-se-unieron-a-un-mar-de-voces\/#primaryimage\"},\"thumbnailUrl\":\"https:\/\/ds-barranquilla.org\/wp-content\/uploads\/2020\/07\/Nuestros-Coros-y-la-Orquesta-Sinf\u00f3nica-se-unieron-a-Un-Mar-de-Voces.jpg\",\"datePublished\":\"2018-10-07T16:07:56+00:00\",\"dateModified\":\"2023-01-04T16:17:13+00:00\",\"breadcrumb\":{\"@id\":\"https:\/\/ds-barranquilla.org\/nuestros-coros-y-la-orquesta-sinfonica-se-unieron-a-un-mar-de-voces\/#breadcrumb\"},\"inLanguage\":\"de\",\"potentialAction\":[{\"@type\":\"ReadAction\",\"target\":[\"https:\/\/ds-barranquilla.org\/nuestros-coros-y-la-orquesta-sinfonica-se-unieron-a-un-mar-de-voces\/\"]}]},{\"@type\":\"ImageObject\",\"inLanguage\":\"de\",\"@id\":\"https:\/\/ds-barranquilla.org\/nuestros-coros-y-la-orquesta-sinfonica-se-unieron-a-un-mar-de-voces\/#primaryimage\",\"url\":\"https:\/\/ds-barranquilla.org\/wp-content\/uploads\/2020\/07\/Nuestros-Coros-y-la-Orquesta-Sinf\u00f3nica-se-unieron-a-Un-Mar-de-Voces.jpg\",\"contentUrl\":\"https:\/\/ds-barranquilla.org\/wp-content\/uploads\/2020\/07\/Nuestros-Coros-y-la-Orquesta-Sinf\u00f3nica-se-unieron-a-Un-Mar-de-Voces.jpg\",\"width\":606,\"height\":263},{\"@type\":\"BreadcrumbList\",\"@id\":\"https:\/\/ds-barranquilla.org\/nuestros-coros-y-la-orquesta-sinfonica-se-unieron-a-un-mar-de-voces\/#breadcrumb\",\"itemListElement\":[{\"@type\":\"ListItem\",\"position\":1,\"name\":\"Portada\",\"item\":\"https:\/\/ds-barranquilla.org\/\"},{\"@type\":\"ListItem\",\"position\":2,\"name\":\"Nuestros Coros y la Orquesta Sinf\u00f3nica se unieron a Un Mar de Voces\"}]},{\"@type\":\"WebSite\",\"@id\":\"https:\/\/ds-barranquilla.org\/#website\",\"url\":\"https:\/\/ds-barranquilla.org\/\",\"name\":\"Colegio Alem\u00e1n - Los Mejores Colegios de Colombia - Colegio Triling\u00fce\",\"description\":\"Colegio Alem\u00e1n  Barranquilla Colombia - Colegio Biling\u00fce - Triling\u00fce - El Mejor Colegio de Colombia\",\"publisher\":{\"@id\":\"https:\/\/ds-barranquilla.org\/#organization\"},\"potentialAction\":[{\"@type\":\"SearchAction\",\"target\":{\"@type\":\"EntryPoint\",\"urlTemplate\":\"https:\/\/ds-barranquilla.org\/?s={search_term_string}\"},\"query-input\":\"required name=search_term_string\"}],\"inLanguage\":\"de\"},{\"@type\":\"Organization\",\"@id\":\"https:\/\/ds-barranquilla.org\/#organization\",\"name\":\"Colegio Alem\u00e1n Barranquilla\",\"url\":\"https:\/\/ds-barranquilla.org\/\",\"logo\":{\"@type\":\"ImageObject\",\"inLanguage\":\"de\",\"@id\":\"https:\/\/ds-barranquilla.org\/#\/schema\/logo\/image\/\",\"url\":\"https:\/\/ds-barranquilla.org\/wp-content\/uploads\/2021\/05\/coleman_logo_2.png\",\"contentUrl\":\"https:\/\/ds-barranquilla.org\/wp-content\/uploads\/2021\/05\/coleman_logo_2.png\",\"width\":418,\"height\":307,\"caption\":\"Colegio Alem\u00e1n Barranquilla\"},\"image\":{\"@id\":\"https:\/\/ds-barranquilla.org\/#\/schema\/logo\/image\/\"},\"sameAs\":[\"https:\/\/www.facebook.com\/ColegioAlemanBaq\/\",\"https:\/\/x.com\/ColegioAlemanBq\",\"https:\/\/www.instagram.com\/colegioalemanbaq\/\",\"https:\/\/www.linkedin.com\/school\/deutsche-schule-barranquilla\/\",\"https:\/\/www.youtube.com\/channel\/UCOOGZQCVs6aYRqIWvSN5agQ\"]},{\"@type\":\"Person\",\"@id\":\"https:\/\/ds-barranquilla.org\/#\/schema\/person\/7bf8790ba89d3480e0551241ccdc8d36\",\"name\":\"Comunicaciones Comunicaciones\",\"image\":{\"@type\":\"ImageObject\",\"inLanguage\":\"de\",\"@id\":\"https:\/\/ds-barranquilla.org\/#\/schema\/person\/image\/\",\"url\":\"https:\/\/secure.gravatar.com\/avatar\/a66ba9484a4338d81d6bea750e595038?s=96&d=mm&r=g\",\"contentUrl\":\"https:\/\/secure.gravatar.com\/avatar\/a66ba9484a4338d81d6bea750e595038?s=96&d=mm&r=g\",\"caption\":\"Comunicaciones Comunicaciones\"}}]}<\/script>\n<!-- \/ Yoast SEO plugin. -->","yoast_head_json":{"title":"Nuestros Coros y la Orquesta Sinf\u00f3nica se unieron a Un Mar de Voces - 2026","robots":{"index":"noindex","follow":"follow","max-snippet":"max-snippet:-1","max-image-preview":"max-image-preview:large","max-video-preview":"max-video-preview:-1"},"og_locale":"de_DE","og_type":"article","og_title":"Nuestros Coros y la Orquesta Sinf\u00f3nica se unieron a Un Mar de Voces - 2026","og_description":"Nuestros grupos musicales siempre est\u00e1n presentes en los eventos culturales m\u00e1s importantes de la ciudad. En esta ocasi\u00f3n el\u202fCoro Infantil,\u202fel\u202fCoro Juvenil,\u202fdirigidos por\u202fJos\u00e9 Mej\u00eda,\u202fy la\u202fOrquesta Sinf\u00f3nica,\u202fliderada por\u202fCristian [\u2026]","og_url":"https:\/\/ds-barranquilla.org\/de\/nuestros-coros-y-la-orquesta-sinfonica-se-unieron-a-un-mar-de-voces\/","og_site_name":"Colegio Alem\u00e1n - Los Mejores Colegios de Colombia - Colegio Triling\u00fce","article_publisher":"https:\/\/www.facebook.com\/ColegioAlemanBaq\/","article_published_time":"2018-10-07T16:07:56+00:00","article_modified_time":"2023-01-04T16:17:13+00:00","og_image":[{"width":606,"height":263,"url":"https:\/\/ds-barranquilla.org\/wp-content\/uploads\/2020\/07\/Nuestros-Coros-y-la-Orquesta-Sinf\u00f3nica-se-unieron-a-Un-Mar-de-Voces.jpg","type":"image\/jpeg"}],"author":"Comunicaciones Comunicaciones","twitter_card":"summary_large_image","twitter_creator":"@ColegioAlemanBq","twitter_site":"@ColegioAlemanBq","twitter_misc":{"Verfasst von":"Comunicaciones Comunicaciones","Gesch\u00e4tzte Lesezeit":"1\u00a0Minute"},"schema":{"@context":"https:\/\/schema.org","@graph":[{"@type":"Article","@id":"https:\/\/ds-barranquilla.org\/nuestros-coros-y-la-orquesta-sinfonica-se-unieron-a-un-mar-de-voces\/#article","isPartOf":{"@id":"https:\/\/ds-barranquilla.org\/nuestros-coros-y-la-orquesta-sinfonica-se-unieron-a-un-mar-de-voces\/"},"author":{"name":"Comunicaciones Comunicaciones","@id":"https:\/\/ds-barranquilla.org\/#\/schema\/person\/7bf8790ba89d3480e0551241ccdc8d36"},"headline":"Nuestros Coros y la Orquesta Sinf\u00f3nica se unieron a Un Mar de Voces","datePublished":"2018-10-07T16:07:56+00:00","dateModified":"2023-01-04T16:17:13+00:00","mainEntityOfPage":{"@id":"https:\/\/ds-barranquilla.org\/nuestros-coros-y-la-orquesta-sinfonica-se-unieron-a-un-mar-de-voces\/"},"wordCount":268,"commentCount":0,"publisher":{"@id":"https:\/\/ds-barranquilla.org\/#organization"},"image":{"@id":"https:\/\/ds-barranquilla.org\/nuestros-coros-y-la-orquesta-sinfonica-se-unieron-a-un-mar-de-voces\/#primaryimage"},"thumbnailUrl":"https:\/\/ds-barranquilla.org\/wp-content\/uploads\/2020\/07\/Nuestros-Coros-y-la-Orquesta-Sinf\u00f3nica-se-unieron-a-Un-Mar-de-Voces.jpg","keywords":["2018","M\u00fasica"],"articleSection":["2018","\u00c1rea de Artes Visuales e Interpretativas","Coro Infantil y Juvenil","Orquesta Sinf\u00f3nica Juvenil"],"inLanguage":"de","potentialAction":[{"@type":"CommentAction","name":"Comment","target":["https:\/\/ds-barranquilla.org\/nuestros-coros-y-la-orquesta-sinfonica-se-unieron-a-un-mar-de-voces\/#respond"]}]},{"@type":"WebPage","@id":"https:\/\/ds-barranquilla.org\/nuestros-coros-y-la-orquesta-sinfonica-se-unieron-a-un-mar-de-voces\/","url":"https:\/\/ds-barranquilla.org\/nuestros-coros-y-la-orquesta-sinfonica-se-unieron-a-un-mar-de-voces\/","name":"Nuestros Coros y la Orquesta Sinf\u00f3nica se unieron a Un Mar de Voces - 2026","isPartOf":{"@id":"https:\/\/ds-barranquilla.org\/#website"},"primaryImageOfPage":{"@id":"https:\/\/ds-barranquilla.org\/nuestros-coros-y-la-orquesta-sinfonica-se-unieron-a-un-mar-de-voces\/#primaryimage"},"image":{"@id":"https:\/\/ds-barranquilla.org\/nuestros-coros-y-la-orquesta-sinfonica-se-unieron-a-un-mar-de-voces\/#primaryimage"},"thumbnailUrl":"https:\/\/ds-barranquilla.org\/wp-content\/uploads\/2020\/07\/Nuestros-Coros-y-la-Orquesta-Sinf\u00f3nica-se-unieron-a-Un-Mar-de-Voces.jpg","datePublished":"2018-10-07T16:07:56+00:00","dateModified":"2023-01-04T16:17:13+00:00","breadcrumb":{"@id":"https:\/\/ds-barranquilla.org\/nuestros-coros-y-la-orquesta-sinfonica-se-unieron-a-un-mar-de-voces\/#breadcrumb"},"inLanguage":"de","potentialAction":[{"@type":"ReadAction","target":["https:\/\/ds-barranquilla.org\/nuestros-coros-y-la-orquesta-sinfonica-se-unieron-a-un-mar-de-voces\/"]}]},{"@type":"ImageObject","inLanguage":"de","@id":"https:\/\/ds-barranquilla.org\/nuestros-coros-y-la-orquesta-sinfonica-se-unieron-a-un-mar-de-voces\/#primaryimage","url":"https:\/\/ds-barranquilla.org\/wp-content\/uploads\/2020\/07\/Nuestros-Coros-y-la-Orquesta-Sinf\u00f3nica-se-unieron-a-Un-Mar-de-Voces.jpg","contentUrl":"https:\/\/ds-barranquilla.org\/wp-content\/uploads\/2020\/07\/Nuestros-Coros-y-la-Orquesta-Sinf\u00f3nica-se-unieron-a-Un-Mar-de-Voces.jpg","width":606,"height":263},{"@type":"BreadcrumbList","@id":"https:\/\/ds-barranquilla.org\/nuestros-coros-y-la-orquesta-sinfonica-se-unieron-a-un-mar-de-voces\/#breadcrumb","itemListElement":[{"@type":"ListItem","position":1,"name":"Portada","item":"https:\/\/ds-barranquilla.org\/"},{"@type":"ListItem","position":2,"name":"Nuestros Coros y la Orquesta Sinf\u00f3nica se unieron a Un Mar de Voces"}]},{"@type":"WebSite","@id":"https:\/\/ds-barranquilla.org\/#website","url":"https:\/\/ds-barranquilla.org\/","name":"Colegio Alem\u00e1n - Los Mejores Colegios de Colombia - Colegio Triling\u00fce","description":"Colegio Alem\u00e1n  Barranquilla Colombia - Colegio Biling\u00fce - Triling\u00fce - El Mejor Colegio de Colombia","publisher":{"@id":"https:\/\/ds-barranquilla.org\/#organization"},"potentialAction":[{"@type":"SearchAction","target":{"@type":"EntryPoint","urlTemplate":"https:\/\/ds-barranquilla.org\/?s={search_term_string}"},"query-input":"required name=search_term_string"}],"inLanguage":"de"},{"@type":"Organization","@id":"https:\/\/ds-barranquilla.org\/#organization","name":"Colegio Alem\u00e1n Barranquilla","url":"https:\/\/ds-barranquilla.org\/","logo":{"@type":"ImageObject","inLanguage":"de","@id":"https:\/\/ds-barranquilla.org\/#\/schema\/logo\/image\/","url":"https:\/\/ds-barranquilla.org\/wp-content\/uploads\/2021\/05\/coleman_logo_2.png","contentUrl":"https:\/\/ds-barranquilla.org\/wp-content\/uploads\/2021\/05\/coleman_logo_2.png","width":418,"height":307,"caption":"Colegio Alem\u00e1n Barranquilla"},"image":{"@id":"https:\/\/ds-barranquilla.org\/#\/schema\/logo\/image\/"},"sameAs":["https:\/\/www.facebook.com\/ColegioAlemanBaq\/","https:\/\/x.com\/ColegioAlemanBq","https:\/\/www.instagram.com\/colegioalemanbaq\/","https:\/\/www.linkedin.com\/school\/deutsche-schule-barranquilla\/","https:\/\/www.youtube.com\/channel\/UCOOGZQCVs6aYRqIWvSN5agQ"]},{"@type":"Person","@id":"https:\/\/ds-barranquilla.org\/#\/schema\/person\/7bf8790ba89d3480e0551241ccdc8d36","name":"Comunicaciones Comunicaciones","image":{"@type":"ImageObject","inLanguage":"de","@id":"https:\/\/ds-barranquilla.org\/#\/schema\/person\/image\/","url":"https:\/\/secure.gravatar.com\/avatar\/a66ba9484a4338d81d6bea750e595038?s=96&d=mm&r=g","contentUrl":"https:\/\/secure.gravatar.com\/avatar\/a66ba9484a4338d81d6bea750e595038?s=96&d=mm&r=g","caption":"Comunicaciones Comunicaciones"}}]}},"_links":{"self":[{"href":"https:\/\/ds-barranquilla.org\/de\/wp-json\/wp\/v2\/posts\/4732"}],"collection":[{"href":"https:\/\/ds-barranquilla.org\/de\/wp-json\/wp\/v2\/posts"}],"about":[{"href":"https:\/\/ds-barranquilla.org\/de\/wp-json\/wp\/v2\/types\/post"}],"author":[{"embeddable":true,"href":"https:\/\/ds-barranquilla.org\/de\/wp-json\/wp\/v2\/users\/16"}],"replies":[{"embeddable":true,"href":"https:\/\/ds-barranquilla.org\/de\/wp-json\/wp\/v2\/comments?post=4732"}],"version-history":[{"count":1,"href":"https:\/\/ds-barranquilla.org\/de\/wp-json\/wp\/v2\/posts\/4732\/revisions"}],"predecessor-version":[{"id":4734,"href":"https:\/\/ds-barranquilla.org\/de\/wp-json\/wp\/v2\/posts\/4732\/revisions\/4734"}],"wp:featuredmedia":[{"embeddable":true,"href":"https:\/\/ds-barranquilla.org\/de\/wp-json\/wp\/v2\/media\/4733"}],"wp:attachment":[{"href":"https:\/\/ds-barranquilla.org\/de\/wp-json\/wp\/v2\/media?parent=4732"}],"wp:term":[{"taxonomy":"category","embeddable":true,"href":"https:\/\/ds-barranquilla.org\/de\/wp-json\/wp\/v2\/categories?post=4732"},{"taxonomy":"post_tag","embeddable":true,"href":"https:\/\/ds-barranquilla.org\/de\/wp-json\/wp\/v2\/tags?post=4732"}],"curies":[{"name":"wp","href":"https:\/\/api.w.org\/{rel}","templated":true}]}}