{"id":4743,"date":"2018-12-07T14:02:43","date_gmt":"2018-12-07T19:02:43","guid":{"rendered":"https:\/\/ds-barranquilla.org\/?p=4743"},"modified":"2023-01-04T13:13:34","modified_gmt":"2023-01-04T18:13:34","slug":"colegio-aleman-presente-en-encuentro-educativo-de-la-unesco","status":"publish","type":"post","link":"https:\/\/ds-barranquilla.org\/de\/colegio-aleman-presente-en-encuentro-educativo-de-la-unesco\/","title":{"rendered":"Colegio Alem\u00e1n, presente en encuentro educativo de la UNESCO"},"content":{"rendered":"<p>Nuestro profesor\u202fMauricio Acosta,\u202fdel \u00e1rea de MINT y Coordinador de CAS, particip\u00f3 durante la primera semana de diciembre en el primer encuentro de maestros de Latinoam\u00e9rica y del Caribe, convocado por la\u202fComisi\u00f3n Oceanogr\u00e1fica Intergubernamental de la UNESCO\u202fen la ciudad de San Jos\u00e9 de\u202fCosta Rica.<\/p>\n<p>A este prestigioso evento acad\u00e9mico solo asistieron dos colegios colombianos: el nuestro y la Instituci\u00f3n Educativa San Rafael del P\u00e1jaro de la comunidad way\u00fau.<\/p>\n<p>Es importante destacar que ambos colegios fueron seleccionados para desarrollar una prueba piloto para la implementaci\u00f3n de un proyecto que apunta al cuidado de los oc\u00e9anos con el uso de la tecnolog\u00eda.<\/p>\n<p>Acosta explica que estos d\u00edas de aprendizaje consistieron en el desarrollo del Taller de Capacitaci\u00f3n\u202f\u201cEscuela del Oc\u00e9ano\u201d,\u202fal que asistieron dos instituciones educativas por pa\u00eds. Durante las jornadas trabajaron diversos temas como cultura oce\u00e1nica, nuevas plataformas tecnol\u00f3gicas, realidad virtual y realidad aumentada, todo aplicado al cuidado y la conservaci\u00f3n de los oc\u00e9anos.<\/p>\n<p>\u00a1Felicitamos al profesor Mauricio por haber ganado su cupo en esta convocatoria y por ese proyecto que apenas est\u00e1 por comenzar!<\/p>\n<p>Esperen pronto m\u00e1s informaci\u00f3n sobre esta excelente noticia para nuestro colegio en esta secci\u00f3n.<\/p>","protected":false},"excerpt":{"rendered":"<p>Nuestro profesor\u202fMauricio Acosta,\u202fdel \u00e1rea de MINT y Coordinador de CAS, particip\u00f3 durante la primera semana de diciembre en el primer encuentro de maestros de Latinoam\u00e9rica y<span class=\"excerpt-hellip\"> [\u2026]<\/span><\/p>","protected":false},"author":16,"featured_media":4744,"comment_status":"open","ping_status":"open","sticky":false,"template":"","format":"standard","meta":{"_exactmetrics_skip_tracking":false,"_exactmetrics_sitenote_active":false,"_exactmetrics_sitenote_note":"","_exactmetrics_sitenote_category":0,"_joinchat":[],"footnotes":""},"categories":[678,682],"tags":[439,450],"class_list":["post-4743","post","type-post","status-publish","format-standard","has-post-thumbnail","hentry","category-678","category-acreditaciones-y-calidad","tag-439","tag-profesores"],"yoast_head":"<!-- This site is optimized with the Yoast SEO plugin v23.3 - https:\/\/yoast.com\/wordpress\/plugins\/seo\/ -->\n<title>Colegio Alem\u00e1n, presente en encuentro educativo de la UNESCO - 2026<\/title>\n<meta name=\"robots\" content=\"noindex, follow, max-snippet:-1, max-image-preview:large, max-video-preview:-1\" \/>\n<meta property=\"og:locale\" content=\"de_DE\" \/>\n<meta property=\"og:type\" content=\"article\" \/>\n<meta property=\"og:title\" content=\"Colegio Alem\u00e1n, presente en encuentro educativo de la UNESCO - 2026\" \/>\n<meta property=\"og:description\" content=\"Nuestro profesor\u202fMauricio Acosta,\u202fdel \u00e1rea de MINT y Coordinador de CAS, particip\u00f3 durante la primera semana de diciembre en el primer encuentro de maestros de Latinoam\u00e9rica y [\u2026]\" \/>\n<meta property=\"og:url\" content=\"https:\/\/ds-barranquilla.org\/de\/colegio-aleman-presente-en-encuentro-educativo-de-la-unesco\/\" \/>\n<meta property=\"og:site_name\" content=\"Colegio Alem\u00e1n - Los Mejores Colegios de Colombia - Colegio Triling\u00fce\" \/>\n<meta property=\"article:publisher\" content=\"https:\/\/www.facebook.com\/ColegioAlemanBaq\/\" \/>\n<meta property=\"article:published_time\" content=\"2018-12-07T19:02:43+00:00\" \/>\n<meta property=\"article:modified_time\" content=\"2023-01-04T18:13:34+00:00\" \/>\n<meta property=\"og:image\" content=\"https:\/\/ds-barranquilla.org\/wp-content\/uploads\/2020\/07\/Colegio-Alem\u00e1n-presente-en-encuentro-educativo-de-la-UNESCO.jpg\" \/>\n\t<meta property=\"og:image:width\" content=\"581\" \/>\n\t<meta property=\"og:image:height\" content=\"255\" \/>\n\t<meta property=\"og:image:type\" content=\"image\/jpeg\" \/>\n<meta name=\"author\" content=\"Comunicaciones Comunicaciones\" \/>\n<meta name=\"twitter:card\" content=\"summary_large_image\" \/>\n<meta name=\"twitter:creator\" content=\"@ColegioAlemanBq\" \/>\n<meta name=\"twitter:site\" content=\"@ColegioAlemanBq\" \/>\n<meta name=\"twitter:label1\" content=\"Verfasst von\" \/>\n\t<meta name=\"twitter:data1\" content=\"Comunicaciones Comunicaciones\" \/>\n\t<meta name=\"twitter:label2\" content=\"Gesch\u00e4tzte Lesezeit\" \/>\n\t<meta name=\"twitter:data2\" content=\"1\u00a0Minute\" \/>\n<script type=\"application\/ld+json\" class=\"yoast-schema-graph\">{\"@context\":\"https:\/\/schema.org\",\"@graph\":[{\"@type\":\"Article\",\"@id\":\"https:\/\/ds-barranquilla.org\/de\/colegio-aleman-presente-en-encuentro-educativo-de-la-unesco\/#article\",\"isPartOf\":{\"@id\":\"https:\/\/ds-barranquilla.org\/de\/colegio-aleman-presente-en-encuentro-educativo-de-la-unesco\/\"},\"author\":{\"name\":\"Comunicaciones Comunicaciones\",\"@id\":\"https:\/\/ds-barranquilla.org\/#\/schema\/person\/7bf8790ba89d3480e0551241ccdc8d36\"},\"headline\":\"Colegio Alem\u00e1n, presente en encuentro educativo de la UNESCO\",\"datePublished\":\"2018-12-07T19:02:43+00:00\",\"dateModified\":\"2023-01-04T18:13:34+00:00\",\"mainEntityOfPage\":{\"@id\":\"https:\/\/ds-barranquilla.org\/de\/colegio-aleman-presente-en-encuentro-educativo-de-la-unesco\/\"},\"wordCount\":223,\"commentCount\":0,\"publisher\":{\"@id\":\"https:\/\/ds-barranquilla.org\/#organization\"},\"image\":{\"@id\":\"https:\/\/ds-barranquilla.org\/de\/colegio-aleman-presente-en-encuentro-educativo-de-la-unesco\/#primaryimage\"},\"thumbnailUrl\":\"https:\/\/ds-barranquilla.org\/wp-content\/uploads\/2020\/07\/Colegio-Alem\u00e1n-presente-en-encuentro-educativo-de-la-UNESCO.jpg\",\"keywords\":[\"2018\",\"Profesores\"],\"articleSection\":[\"2018\",\"Acreditaciones y Calidad\"],\"inLanguage\":\"de\",\"potentialAction\":[{\"@type\":\"CommentAction\",\"name\":\"Comment\",\"target\":[\"https:\/\/ds-barranquilla.org\/de\/colegio-aleman-presente-en-encuentro-educativo-de-la-unesco\/#respond\"]}]},{\"@type\":\"WebPage\",\"@id\":\"https:\/\/ds-barranquilla.org\/de\/colegio-aleman-presente-en-encuentro-educativo-de-la-unesco\/\",\"url\":\"https:\/\/ds-barranquilla.org\/de\/colegio-aleman-presente-en-encuentro-educativo-de-la-unesco\/\",\"name\":\"Colegio Alem\u00e1n, presente en encuentro educativo de la UNESCO - 2026\",\"isPartOf\":{\"@id\":\"https:\/\/ds-barranquilla.org\/#website\"},\"primaryImageOfPage\":{\"@id\":\"https:\/\/ds-barranquilla.org\/de\/colegio-aleman-presente-en-encuentro-educativo-de-la-unesco\/#primaryimage\"},\"image\":{\"@id\":\"https:\/\/ds-barranquilla.org\/de\/colegio-aleman-presente-en-encuentro-educativo-de-la-unesco\/#primaryimage\"},\"thumbnailUrl\":\"https:\/\/ds-barranquilla.org\/wp-content\/uploads\/2020\/07\/Colegio-Alem\u00e1n-presente-en-encuentro-educativo-de-la-UNESCO.jpg\",\"datePublished\":\"2018-12-07T19:02:43+00:00\",\"dateModified\":\"2023-01-04T18:13:34+00:00\",\"breadcrumb\":{\"@id\":\"https:\/\/ds-barranquilla.org\/de\/colegio-aleman-presente-en-encuentro-educativo-de-la-unesco\/#breadcrumb\"},\"inLanguage\":\"de\",\"potentialAction\":[{\"@type\":\"ReadAction\",\"target\":[\"https:\/\/ds-barranquilla.org\/de\/colegio-aleman-presente-en-encuentro-educativo-de-la-unesco\/\"]}]},{\"@type\":\"ImageObject\",\"inLanguage\":\"de\",\"@id\":\"https:\/\/ds-barranquilla.org\/de\/colegio-aleman-presente-en-encuentro-educativo-de-la-unesco\/#primaryimage\",\"url\":\"https:\/\/ds-barranquilla.org\/wp-content\/uploads\/2020\/07\/Colegio-Alem\u00e1n-presente-en-encuentro-educativo-de-la-UNESCO.jpg\",\"contentUrl\":\"https:\/\/ds-barranquilla.org\/wp-content\/uploads\/2020\/07\/Colegio-Alem\u00e1n-presente-en-encuentro-educativo-de-la-UNESCO.jpg\",\"width\":581,\"height\":255},{\"@type\":\"BreadcrumbList\",\"@id\":\"https:\/\/ds-barranquilla.org\/de\/colegio-aleman-presente-en-encuentro-educativo-de-la-unesco\/#breadcrumb\",\"itemListElement\":[{\"@type\":\"ListItem\",\"position\":1,\"name\":\"Portada\",\"item\":\"https:\/\/ds-barranquilla.org\/\"},{\"@type\":\"ListItem\",\"position\":2,\"name\":\"Colegio Alem\u00e1n, presente en encuentro educativo de la UNESCO\"}]},{\"@type\":\"WebSite\",\"@id\":\"https:\/\/ds-barranquilla.org\/#website\",\"url\":\"https:\/\/ds-barranquilla.org\/\",\"name\":\"Colegio Alem\u00e1n - Los Mejores Colegios de Colombia - Colegio Triling\u00fce\",\"description\":\"Colegio Alem\u00e1n  Barranquilla Colombia - Colegio Biling\u00fce - Triling\u00fce - El Mejor Colegio de Colombia\",\"publisher\":{\"@id\":\"https:\/\/ds-barranquilla.org\/#organization\"},\"potentialAction\":[{\"@type\":\"SearchAction\",\"target\":{\"@type\":\"EntryPoint\",\"urlTemplate\":\"https:\/\/ds-barranquilla.org\/?s={search_term_string}\"},\"query-input\":\"required name=search_term_string\"}],\"inLanguage\":\"de\"},{\"@type\":\"Organization\",\"@id\":\"https:\/\/ds-barranquilla.org\/#organization\",\"name\":\"Colegio Alem\u00e1n Barranquilla\",\"url\":\"https:\/\/ds-barranquilla.org\/\",\"logo\":{\"@type\":\"ImageObject\",\"inLanguage\":\"de\",\"@id\":\"https:\/\/ds-barranquilla.org\/#\/schema\/logo\/image\/\",\"url\":\"https:\/\/ds-barranquilla.org\/wp-content\/uploads\/2021\/05\/coleman_logo_2.png\",\"contentUrl\":\"https:\/\/ds-barranquilla.org\/wp-content\/uploads\/2021\/05\/coleman_logo_2.png\",\"width\":418,\"height\":307,\"caption\":\"Colegio Alem\u00e1n Barranquilla\"},\"image\":{\"@id\":\"https:\/\/ds-barranquilla.org\/#\/schema\/logo\/image\/\"},\"sameAs\":[\"https:\/\/www.facebook.com\/ColegioAlemanBaq\/\",\"https:\/\/x.com\/ColegioAlemanBq\",\"https:\/\/www.instagram.com\/colegioalemanbaq\/\",\"https:\/\/www.linkedin.com\/school\/deutsche-schule-barranquilla\/\",\"https:\/\/www.youtube.com\/channel\/UCOOGZQCVs6aYRqIWvSN5agQ\"]},{\"@type\":\"Person\",\"@id\":\"https:\/\/ds-barranquilla.org\/#\/schema\/person\/7bf8790ba89d3480e0551241ccdc8d36\",\"name\":\"Comunicaciones Comunicaciones\",\"image\":{\"@type\":\"ImageObject\",\"inLanguage\":\"de\",\"@id\":\"https:\/\/ds-barranquilla.org\/#\/schema\/person\/image\/\",\"url\":\"https:\/\/secure.gravatar.com\/avatar\/a66ba9484a4338d81d6bea750e595038?s=96&d=mm&r=g\",\"contentUrl\":\"https:\/\/secure.gravatar.com\/avatar\/a66ba9484a4338d81d6bea750e595038?s=96&d=mm&r=g\",\"caption\":\"Comunicaciones Comunicaciones\"}}]}<\/script>\n<!-- \/ Yoast SEO plugin. -->","yoast_head_json":{"title":"Colegio Alem\u00e1n, presente en encuentro educativo de la UNESCO - 2026","robots":{"index":"noindex","follow":"follow","max-snippet":"max-snippet:-1","max-image-preview":"max-image-preview:large","max-video-preview":"max-video-preview:-1"},"og_locale":"de_DE","og_type":"article","og_title":"Colegio Alem\u00e1n, presente en encuentro educativo de la UNESCO - 2026","og_description":"Nuestro profesor\u202fMauricio Acosta,\u202fdel \u00e1rea de MINT y Coordinador de CAS, particip\u00f3 durante la primera semana de diciembre en el primer encuentro de maestros de Latinoam\u00e9rica y [\u2026]","og_url":"https:\/\/ds-barranquilla.org\/de\/colegio-aleman-presente-en-encuentro-educativo-de-la-unesco\/","og_site_name":"Colegio Alem\u00e1n - Los Mejores Colegios de Colombia - Colegio Triling\u00fce","article_publisher":"https:\/\/www.facebook.com\/ColegioAlemanBaq\/","article_published_time":"2018-12-07T19:02:43+00:00","article_modified_time":"2023-01-04T18:13:34+00:00","og_image":[{"width":581,"height":255,"url":"https:\/\/ds-barranquilla.org\/wp-content\/uploads\/2020\/07\/Colegio-Alem\u00e1n-presente-en-encuentro-educativo-de-la-UNESCO.jpg","type":"image\/jpeg"}],"author":"Comunicaciones Comunicaciones","twitter_card":"summary_large_image","twitter_creator":"@ColegioAlemanBq","twitter_site":"@ColegioAlemanBq","twitter_misc":{"Verfasst von":"Comunicaciones Comunicaciones","Gesch\u00e4tzte Lesezeit":"1\u00a0Minute"},"schema":{"@context":"https:\/\/schema.org","@graph":[{"@type":"Article","@id":"https:\/\/ds-barranquilla.org\/de\/colegio-aleman-presente-en-encuentro-educativo-de-la-unesco\/#article","isPartOf":{"@id":"https:\/\/ds-barranquilla.org\/de\/colegio-aleman-presente-en-encuentro-educativo-de-la-unesco\/"},"author":{"name":"Comunicaciones Comunicaciones","@id":"https:\/\/ds-barranquilla.org\/#\/schema\/person\/7bf8790ba89d3480e0551241ccdc8d36"},"headline":"Colegio Alem\u00e1n, presente en encuentro educativo de la UNESCO","datePublished":"2018-12-07T19:02:43+00:00","dateModified":"2023-01-04T18:13:34+00:00","mainEntityOfPage":{"@id":"https:\/\/ds-barranquilla.org\/de\/colegio-aleman-presente-en-encuentro-educativo-de-la-unesco\/"},"wordCount":223,"commentCount":0,"publisher":{"@id":"https:\/\/ds-barranquilla.org\/#organization"},"image":{"@id":"https:\/\/ds-barranquilla.org\/de\/colegio-aleman-presente-en-encuentro-educativo-de-la-unesco\/#primaryimage"},"thumbnailUrl":"https:\/\/ds-barranquilla.org\/wp-content\/uploads\/2020\/07\/Colegio-Alem\u00e1n-presente-en-encuentro-educativo-de-la-UNESCO.jpg","keywords":["2018","Profesores"],"articleSection":["2018","Acreditaciones y Calidad"],"inLanguage":"de","potentialAction":[{"@type":"CommentAction","name":"Comment","target":["https:\/\/ds-barranquilla.org\/de\/colegio-aleman-presente-en-encuentro-educativo-de-la-unesco\/#respond"]}]},{"@type":"WebPage","@id":"https:\/\/ds-barranquilla.org\/de\/colegio-aleman-presente-en-encuentro-educativo-de-la-unesco\/","url":"https:\/\/ds-barranquilla.org\/de\/colegio-aleman-presente-en-encuentro-educativo-de-la-unesco\/","name":"Colegio Alem\u00e1n, presente en encuentro educativo de la UNESCO - 2026","isPartOf":{"@id":"https:\/\/ds-barranquilla.org\/#website"},"primaryImageOfPage":{"@id":"https:\/\/ds-barranquilla.org\/de\/colegio-aleman-presente-en-encuentro-educativo-de-la-unesco\/#primaryimage"},"image":{"@id":"https:\/\/ds-barranquilla.org\/de\/colegio-aleman-presente-en-encuentro-educativo-de-la-unesco\/#primaryimage"},"thumbnailUrl":"https:\/\/ds-barranquilla.org\/wp-content\/uploads\/2020\/07\/Colegio-Alem\u00e1n-presente-en-encuentro-educativo-de-la-UNESCO.jpg","datePublished":"2018-12-07T19:02:43+00:00","dateModified":"2023-01-04T18:13:34+00:00","breadcrumb":{"@id":"https:\/\/ds-barranquilla.org\/de\/colegio-aleman-presente-en-encuentro-educativo-de-la-unesco\/#breadcrumb"},"inLanguage":"de","potentialAction":[{"@type":"ReadAction","target":["https:\/\/ds-barranquilla.org\/de\/colegio-aleman-presente-en-encuentro-educativo-de-la-unesco\/"]}]},{"@type":"ImageObject","inLanguage":"de","@id":"https:\/\/ds-barranquilla.org\/de\/colegio-aleman-presente-en-encuentro-educativo-de-la-unesco\/#primaryimage","url":"https:\/\/ds-barranquilla.org\/wp-content\/uploads\/2020\/07\/Colegio-Alem\u00e1n-presente-en-encuentro-educativo-de-la-UNESCO.jpg","contentUrl":"https:\/\/ds-barranquilla.org\/wp-content\/uploads\/2020\/07\/Colegio-Alem\u00e1n-presente-en-encuentro-educativo-de-la-UNESCO.jpg","width":581,"height":255},{"@type":"BreadcrumbList","@id":"https:\/\/ds-barranquilla.org\/de\/colegio-aleman-presente-en-encuentro-educativo-de-la-unesco\/#breadcrumb","itemListElement":[{"@type":"ListItem","position":1,"name":"Portada","item":"https:\/\/ds-barranquilla.org\/"},{"@type":"ListItem","position":2,"name":"Colegio Alem\u00e1n, presente en encuentro educativo de la UNESCO"}]},{"@type":"WebSite","@id":"https:\/\/ds-barranquilla.org\/#website","url":"https:\/\/ds-barranquilla.org\/","name":"Colegio Alem\u00e1n - Los Mejores Colegios de Colombia - Colegio Triling\u00fce","description":"Colegio Alem\u00e1n  Barranquilla Colombia - Colegio Biling\u00fce - Triling\u00fce - El Mejor Colegio de Colombia","publisher":{"@id":"https:\/\/ds-barranquilla.org\/#organization"},"potentialAction":[{"@type":"SearchAction","target":{"@type":"EntryPoint","urlTemplate":"https:\/\/ds-barranquilla.org\/?s={search_term_string}"},"query-input":"required name=search_term_string"}],"inLanguage":"de"},{"@type":"Organization","@id":"https:\/\/ds-barranquilla.org\/#organization","name":"Colegio Alem\u00e1n Barranquilla","url":"https:\/\/ds-barranquilla.org\/","logo":{"@type":"ImageObject","inLanguage":"de","@id":"https:\/\/ds-barranquilla.org\/#\/schema\/logo\/image\/","url":"https:\/\/ds-barranquilla.org\/wp-content\/uploads\/2021\/05\/coleman_logo_2.png","contentUrl":"https:\/\/ds-barranquilla.org\/wp-content\/uploads\/2021\/05\/coleman_logo_2.png","width":418,"height":307,"caption":"Colegio Alem\u00e1n Barranquilla"},"image":{"@id":"https:\/\/ds-barranquilla.org\/#\/schema\/logo\/image\/"},"sameAs":["https:\/\/www.facebook.com\/ColegioAlemanBaq\/","https:\/\/x.com\/ColegioAlemanBq","https:\/\/www.instagram.com\/colegioalemanbaq\/","https:\/\/www.linkedin.com\/school\/deutsche-schule-barranquilla\/","https:\/\/www.youtube.com\/channel\/UCOOGZQCVs6aYRqIWvSN5agQ"]},{"@type":"Person","@id":"https:\/\/ds-barranquilla.org\/#\/schema\/person\/7bf8790ba89d3480e0551241ccdc8d36","name":"Comunicaciones Comunicaciones","image":{"@type":"ImageObject","inLanguage":"de","@id":"https:\/\/ds-barranquilla.org\/#\/schema\/person\/image\/","url":"https:\/\/secure.gravatar.com\/avatar\/a66ba9484a4338d81d6bea750e595038?s=96&d=mm&r=g","contentUrl":"https:\/\/secure.gravatar.com\/avatar\/a66ba9484a4338d81d6bea750e595038?s=96&d=mm&r=g","caption":"Comunicaciones Comunicaciones"}}]}},"_links":{"self":[{"href":"https:\/\/ds-barranquilla.org\/de\/wp-json\/wp\/v2\/posts\/4743"}],"collection":[{"href":"https:\/\/ds-barranquilla.org\/de\/wp-json\/wp\/v2\/posts"}],"about":[{"href":"https:\/\/ds-barranquilla.org\/de\/wp-json\/wp\/v2\/types\/post"}],"author":[{"embeddable":true,"href":"https:\/\/ds-barranquilla.org\/de\/wp-json\/wp\/v2\/users\/16"}],"replies":[{"embeddable":true,"href":"https:\/\/ds-barranquilla.org\/de\/wp-json\/wp\/v2\/comments?post=4743"}],"version-history":[{"count":1,"href":"https:\/\/ds-barranquilla.org\/de\/wp-json\/wp\/v2\/posts\/4743\/revisions"}],"predecessor-version":[{"id":4745,"href":"https:\/\/ds-barranquilla.org\/de\/wp-json\/wp\/v2\/posts\/4743\/revisions\/4745"}],"wp:featuredmedia":[{"embeddable":true,"href":"https:\/\/ds-barranquilla.org\/de\/wp-json\/wp\/v2\/media\/4744"}],"wp:attachment":[{"href":"https:\/\/ds-barranquilla.org\/de\/wp-json\/wp\/v2\/media?parent=4743"}],"wp:term":[{"taxonomy":"category","embeddable":true,"href":"https:\/\/ds-barranquilla.org\/de\/wp-json\/wp\/v2\/categories?post=4743"},{"taxonomy":"post_tag","embeddable":true,"href":"https:\/\/ds-barranquilla.org\/de\/wp-json\/wp\/v2\/tags?post=4743"}],"curies":[{"name":"wp","href":"https:\/\/api.w.org\/{rel}","templated":true}]}}