{"id":4779,"date":"2018-11-08T08:03:49","date_gmt":"2018-11-08T13:03:49","guid":{"rendered":"https:\/\/ds-barranquilla.org\/?p=4779"},"modified":"2023-01-04T11:53:59","modified_gmt":"2023-01-04T16:53:59","slug":"colegio-aleman-se-une-a-catedra-europa-2019","status":"publish","type":"post","link":"https:\/\/ds-barranquilla.org\/de\/colegio-aleman-se-une-a-catedra-europa-2019\/","title":{"rendered":"Colegio Alem\u00e1n se une a C\u00e1tedra Europa 2019"},"content":{"rendered":"<p>El jueves 8 de noviembre se llev\u00f3 a cabo el lanzamiento de la XXII C\u00e1tedra Europa 2019 de la Universidad del Norte, con Alemania como pa\u00eds invitado de honor. El Colegio Alem\u00e1n de Barranquilla y la Fundaci\u00f3n Colombo Alemana de Barranquilla se unieron como aliados a este prometedor evento que traer\u00e1 para el 2019 un sinn\u00famero de actividades acad\u00e9micas y culturales en el marco de los 100 a\u00f1os de Scadta y de Bauhaus y de los 250 a\u00f1os del nacimiento de Alexander von Humboldt, el padre de la geograf\u00eda moderna.<\/p>\n<p>Como parte de la alianza del Colegio Alem\u00e1n de Barranquilla con la Universidad del Norte, el presidente de la Junta Directiva, se\u00f1or Carlos Lindemeyer, entreg\u00f3 un manuscrito de un ilustre aviador alem\u00e1n con fuerte arraigo familiar en Barranquilla, Otto Siefken, quien fue aviador de la Luftwaffe hasta el a\u00f1o 1945, cuando desapareci\u00f3 en el frente ruso. Gracias a los esfuerzos de Ewald Siefken se pudo recuperar este documento que se entreg\u00f3 a la universidad para ser publicado.<\/p>\n<p>As\u00ed mismo, los docentes del Colegio Alem\u00e1n Cristian Ferrer, Jos\u00e9 Mej\u00eda, Lina De Luque, Roy Sampayo, Jaleddys Lara y Hannah Busch, el estudiante Lucas Von Corvin y el tenor Eduardo Escolar interpretaron cinco obras de artistas alemanes:<\/p>\n<p>Im wundersch\u00f6nen Monat Mai (Robert Schumann)<\/p>\n<p>St\u00e4ndchen (Franz Schubert)<\/p>\n<p>Jesus Bleibet Meine Freude (Johann Sebastian Bach)<\/p>\n<p>Ave Maria (Franz Schubert)<\/p>\n<p>Bist du beir mir (Johann Sebastian Bach)<\/p>","protected":false},"excerpt":{"rendered":"<p>El jueves 8 de noviembre se llev\u00f3 a cabo el lanzamiento de la XXII C\u00e1tedra Europa 2019 de la Universidad del Norte, con Alemania como pa\u00eds<span class=\"excerpt-hellip\"> [\u2026]<\/span><\/p>","protected":false},"author":16,"featured_media":4780,"comment_status":"open","ping_status":"open","sticky":false,"template":"","format":"standard","meta":{"_exactmetrics_skip_tracking":false,"_exactmetrics_sitenote_active":false,"_exactmetrics_sitenote_note":"","_exactmetrics_sitenote_category":0,"_joinchat":[],"footnotes":""},"categories":[678,688,703,707],"tags":[439,449,441],"class_list":["post-4779","post","type-post","status-publish","format-standard","has-post-thumbnail","hentry","category-678","category-area-de-individuos-y-sociedades","category-junta-directiva","category-otras-noticias","tag-439","tag-individuos-y-sociedades","tag-proyectos-academicos"],"yoast_head":"<!-- This site is optimized with the Yoast SEO plugin v23.3 - https:\/\/yoast.com\/wordpress\/plugins\/seo\/ -->\n<title>Colegio Alem\u00e1n se une a C\u00e1tedra Europa 2019 - 2026<\/title>\n<meta name=\"robots\" content=\"noindex, follow, max-snippet:-1, max-image-preview:large, max-video-preview:-1\" \/>\n<meta property=\"og:locale\" content=\"de_DE\" \/>\n<meta property=\"og:type\" content=\"article\" \/>\n<meta property=\"og:title\" content=\"Colegio Alem\u00e1n se une a C\u00e1tedra Europa 2019 - 2026\" \/>\n<meta property=\"og:description\" content=\"El jueves 8 de noviembre se llev\u00f3 a cabo el lanzamiento de la XXII C\u00e1tedra Europa 2019 de la Universidad del Norte, con Alemania como pa\u00eds [\u2026]\" \/>\n<meta property=\"og:url\" content=\"https:\/\/ds-barranquilla.org\/de\/colegio-aleman-se-une-a-catedra-europa-2019\/\" \/>\n<meta property=\"og:site_name\" content=\"Colegio Alem\u00e1n - Los Mejores Colegios de Colombia - Colegio Triling\u00fce\" \/>\n<meta property=\"article:publisher\" content=\"https:\/\/www.facebook.com\/ColegioAlemanBaq\/\" \/>\n<meta property=\"article:published_time\" content=\"2018-11-08T13:03:49+00:00\" \/>\n<meta property=\"article:modified_time\" content=\"2023-01-04T16:53:59+00:00\" \/>\n<meta property=\"og:image\" content=\"https:\/\/ds-barranquilla.org\/wp-content\/uploads\/2020\/07\/Colegio-Alem\u00e1n-se-une-a-C\u00e1tedra-Europa-2019.jpg\" \/>\n\t<meta property=\"og:image:width\" content=\"569\" \/>\n\t<meta property=\"og:image:height\" content=\"249\" \/>\n\t<meta property=\"og:image:type\" content=\"image\/jpeg\" \/>\n<meta name=\"author\" content=\"Comunicaciones Comunicaciones\" \/>\n<meta name=\"twitter:card\" content=\"summary_large_image\" \/>\n<meta name=\"twitter:creator\" content=\"@ColegioAlemanBq\" \/>\n<meta name=\"twitter:site\" content=\"@ColegioAlemanBq\" \/>\n<meta name=\"twitter:label1\" content=\"Verfasst von\" \/>\n\t<meta name=\"twitter:data1\" content=\"Comunicaciones Comunicaciones\" \/>\n\t<meta name=\"twitter:label2\" content=\"Gesch\u00e4tzte Lesezeit\" \/>\n\t<meta name=\"twitter:data2\" content=\"1\u00a0Minute\" \/>\n<script type=\"application\/ld+json\" class=\"yoast-schema-graph\">{\"@context\":\"https:\/\/schema.org\",\"@graph\":[{\"@type\":\"Article\",\"@id\":\"https:\/\/ds-barranquilla.org\/de\/colegio-aleman-se-une-a-catedra-europa-2019\/#article\",\"isPartOf\":{\"@id\":\"https:\/\/ds-barranquilla.org\/de\/colegio-aleman-se-une-a-catedra-europa-2019\/\"},\"author\":{\"name\":\"Comunicaciones Comunicaciones\",\"@id\":\"https:\/\/ds-barranquilla.org\/#\/schema\/person\/7bf8790ba89d3480e0551241ccdc8d36\"},\"headline\":\"Colegio Alem\u00e1n se une a C\u00e1tedra Europa 2019\",\"datePublished\":\"2018-11-08T13:03:49+00:00\",\"dateModified\":\"2023-01-04T16:53:59+00:00\",\"mainEntityOfPage\":{\"@id\":\"https:\/\/ds-barranquilla.org\/de\/colegio-aleman-se-une-a-catedra-europa-2019\/\"},\"wordCount\":251,\"commentCount\":0,\"publisher\":{\"@id\":\"https:\/\/ds-barranquilla.org\/#organization\"},\"image\":{\"@id\":\"https:\/\/ds-barranquilla.org\/de\/colegio-aleman-se-une-a-catedra-europa-2019\/#primaryimage\"},\"thumbnailUrl\":\"https:\/\/ds-barranquilla.org\/wp-content\/uploads\/2020\/07\/Colegio-Alem\u00e1n-se-une-a-C\u00e1tedra-Europa-2019.jpg\",\"keywords\":[\"2018\",\"Individuos y Sociedades\",\"Proyectos acad\u00e9micos\"],\"articleSection\":[\"2018\",\"\u00c1rea de Individuos y Sociedades\",\"Junta Directiva\",\"Otras noticias\"],\"inLanguage\":\"de\",\"potentialAction\":[{\"@type\":\"CommentAction\",\"name\":\"Comment\",\"target\":[\"https:\/\/ds-barranquilla.org\/de\/colegio-aleman-se-une-a-catedra-europa-2019\/#respond\"]}]},{\"@type\":\"WebPage\",\"@id\":\"https:\/\/ds-barranquilla.org\/de\/colegio-aleman-se-une-a-catedra-europa-2019\/\",\"url\":\"https:\/\/ds-barranquilla.org\/de\/colegio-aleman-se-une-a-catedra-europa-2019\/\",\"name\":\"Colegio Alem\u00e1n se une a C\u00e1tedra Europa 2019 - 2026\",\"isPartOf\":{\"@id\":\"https:\/\/ds-barranquilla.org\/#website\"},\"primaryImageOfPage\":{\"@id\":\"https:\/\/ds-barranquilla.org\/de\/colegio-aleman-se-une-a-catedra-europa-2019\/#primaryimage\"},\"image\":{\"@id\":\"https:\/\/ds-barranquilla.org\/de\/colegio-aleman-se-une-a-catedra-europa-2019\/#primaryimage\"},\"thumbnailUrl\":\"https:\/\/ds-barranquilla.org\/wp-content\/uploads\/2020\/07\/Colegio-Alem\u00e1n-se-une-a-C\u00e1tedra-Europa-2019.jpg\",\"datePublished\":\"2018-11-08T13:03:49+00:00\",\"dateModified\":\"2023-01-04T16:53:59+00:00\",\"breadcrumb\":{\"@id\":\"https:\/\/ds-barranquilla.org\/de\/colegio-aleman-se-une-a-catedra-europa-2019\/#breadcrumb\"},\"inLanguage\":\"de\",\"potentialAction\":[{\"@type\":\"ReadAction\",\"target\":[\"https:\/\/ds-barranquilla.org\/de\/colegio-aleman-se-une-a-catedra-europa-2019\/\"]}]},{\"@type\":\"ImageObject\",\"inLanguage\":\"de\",\"@id\":\"https:\/\/ds-barranquilla.org\/de\/colegio-aleman-se-une-a-catedra-europa-2019\/#primaryimage\",\"url\":\"https:\/\/ds-barranquilla.org\/wp-content\/uploads\/2020\/07\/Colegio-Alem\u00e1n-se-une-a-C\u00e1tedra-Europa-2019.jpg\",\"contentUrl\":\"https:\/\/ds-barranquilla.org\/wp-content\/uploads\/2020\/07\/Colegio-Alem\u00e1n-se-une-a-C\u00e1tedra-Europa-2019.jpg\",\"width\":569,\"height\":249},{\"@type\":\"BreadcrumbList\",\"@id\":\"https:\/\/ds-barranquilla.org\/de\/colegio-aleman-se-une-a-catedra-europa-2019\/#breadcrumb\",\"itemListElement\":[{\"@type\":\"ListItem\",\"position\":1,\"name\":\"Portada\",\"item\":\"https:\/\/ds-barranquilla.org\/\"},{\"@type\":\"ListItem\",\"position\":2,\"name\":\"Colegio Alem\u00e1n se une a C\u00e1tedra Europa 2019\"}]},{\"@type\":\"WebSite\",\"@id\":\"https:\/\/ds-barranquilla.org\/#website\",\"url\":\"https:\/\/ds-barranquilla.org\/\",\"name\":\"Colegio Alem\u00e1n - Los Mejores Colegios de Colombia - Colegio Triling\u00fce\",\"description\":\"Colegio Alem\u00e1n  Barranquilla Colombia - Colegio Biling\u00fce - Triling\u00fce - El Mejor Colegio de Colombia\",\"publisher\":{\"@id\":\"https:\/\/ds-barranquilla.org\/#organization\"},\"potentialAction\":[{\"@type\":\"SearchAction\",\"target\":{\"@type\":\"EntryPoint\",\"urlTemplate\":\"https:\/\/ds-barranquilla.org\/?s={search_term_string}\"},\"query-input\":\"required name=search_term_string\"}],\"inLanguage\":\"de\"},{\"@type\":\"Organization\",\"@id\":\"https:\/\/ds-barranquilla.org\/#organization\",\"name\":\"Colegio Alem\u00e1n Barranquilla\",\"url\":\"https:\/\/ds-barranquilla.org\/\",\"logo\":{\"@type\":\"ImageObject\",\"inLanguage\":\"de\",\"@id\":\"https:\/\/ds-barranquilla.org\/#\/schema\/logo\/image\/\",\"url\":\"https:\/\/ds-barranquilla.org\/wp-content\/uploads\/2021\/05\/coleman_logo_2.png\",\"contentUrl\":\"https:\/\/ds-barranquilla.org\/wp-content\/uploads\/2021\/05\/coleman_logo_2.png\",\"width\":418,\"height\":307,\"caption\":\"Colegio Alem\u00e1n Barranquilla\"},\"image\":{\"@id\":\"https:\/\/ds-barranquilla.org\/#\/schema\/logo\/image\/\"},\"sameAs\":[\"https:\/\/www.facebook.com\/ColegioAlemanBaq\/\",\"https:\/\/x.com\/ColegioAlemanBq\",\"https:\/\/www.instagram.com\/colegioalemanbaq\/\",\"https:\/\/www.linkedin.com\/school\/deutsche-schule-barranquilla\/\",\"https:\/\/www.youtube.com\/channel\/UCOOGZQCVs6aYRqIWvSN5agQ\"]},{\"@type\":\"Person\",\"@id\":\"https:\/\/ds-barranquilla.org\/#\/schema\/person\/7bf8790ba89d3480e0551241ccdc8d36\",\"name\":\"Comunicaciones Comunicaciones\",\"image\":{\"@type\":\"ImageObject\",\"inLanguage\":\"de\",\"@id\":\"https:\/\/ds-barranquilla.org\/#\/schema\/person\/image\/\",\"url\":\"https:\/\/secure.gravatar.com\/avatar\/a66ba9484a4338d81d6bea750e595038?s=96&d=mm&r=g\",\"contentUrl\":\"https:\/\/secure.gravatar.com\/avatar\/a66ba9484a4338d81d6bea750e595038?s=96&d=mm&r=g\",\"caption\":\"Comunicaciones Comunicaciones\"}}]}<\/script>\n<!-- \/ Yoast SEO plugin. -->","yoast_head_json":{"title":"Colegio Alem\u00e1n se une a C\u00e1tedra Europa 2019 - 2026","robots":{"index":"noindex","follow":"follow","max-snippet":"max-snippet:-1","max-image-preview":"max-image-preview:large","max-video-preview":"max-video-preview:-1"},"og_locale":"de_DE","og_type":"article","og_title":"Colegio Alem\u00e1n se une a C\u00e1tedra Europa 2019 - 2026","og_description":"El jueves 8 de noviembre se llev\u00f3 a cabo el lanzamiento de la XXII C\u00e1tedra Europa 2019 de la Universidad del Norte, con Alemania como pa\u00eds [\u2026]","og_url":"https:\/\/ds-barranquilla.org\/de\/colegio-aleman-se-une-a-catedra-europa-2019\/","og_site_name":"Colegio Alem\u00e1n - Los Mejores Colegios de Colombia - Colegio Triling\u00fce","article_publisher":"https:\/\/www.facebook.com\/ColegioAlemanBaq\/","article_published_time":"2018-11-08T13:03:49+00:00","article_modified_time":"2023-01-04T16:53:59+00:00","og_image":[{"width":569,"height":249,"url":"https:\/\/ds-barranquilla.org\/wp-content\/uploads\/2020\/07\/Colegio-Alem\u00e1n-se-une-a-C\u00e1tedra-Europa-2019.jpg","type":"image\/jpeg"}],"author":"Comunicaciones Comunicaciones","twitter_card":"summary_large_image","twitter_creator":"@ColegioAlemanBq","twitter_site":"@ColegioAlemanBq","twitter_misc":{"Verfasst von":"Comunicaciones Comunicaciones","Gesch\u00e4tzte Lesezeit":"1\u00a0Minute"},"schema":{"@context":"https:\/\/schema.org","@graph":[{"@type":"Article","@id":"https:\/\/ds-barranquilla.org\/de\/colegio-aleman-se-une-a-catedra-europa-2019\/#article","isPartOf":{"@id":"https:\/\/ds-barranquilla.org\/de\/colegio-aleman-se-une-a-catedra-europa-2019\/"},"author":{"name":"Comunicaciones Comunicaciones","@id":"https:\/\/ds-barranquilla.org\/#\/schema\/person\/7bf8790ba89d3480e0551241ccdc8d36"},"headline":"Colegio Alem\u00e1n se une a C\u00e1tedra Europa 2019","datePublished":"2018-11-08T13:03:49+00:00","dateModified":"2023-01-04T16:53:59+00:00","mainEntityOfPage":{"@id":"https:\/\/ds-barranquilla.org\/de\/colegio-aleman-se-une-a-catedra-europa-2019\/"},"wordCount":251,"commentCount":0,"publisher":{"@id":"https:\/\/ds-barranquilla.org\/#organization"},"image":{"@id":"https:\/\/ds-barranquilla.org\/de\/colegio-aleman-se-une-a-catedra-europa-2019\/#primaryimage"},"thumbnailUrl":"https:\/\/ds-barranquilla.org\/wp-content\/uploads\/2020\/07\/Colegio-Alem\u00e1n-se-une-a-C\u00e1tedra-Europa-2019.jpg","keywords":["2018","Individuos y Sociedades","Proyectos acad\u00e9micos"],"articleSection":["2018","\u00c1rea de Individuos y Sociedades","Junta Directiva","Otras noticias"],"inLanguage":"de","potentialAction":[{"@type":"CommentAction","name":"Comment","target":["https:\/\/ds-barranquilla.org\/de\/colegio-aleman-se-une-a-catedra-europa-2019\/#respond"]}]},{"@type":"WebPage","@id":"https:\/\/ds-barranquilla.org\/de\/colegio-aleman-se-une-a-catedra-europa-2019\/","url":"https:\/\/ds-barranquilla.org\/de\/colegio-aleman-se-une-a-catedra-europa-2019\/","name":"Colegio Alem\u00e1n se une a C\u00e1tedra Europa 2019 - 2026","isPartOf":{"@id":"https:\/\/ds-barranquilla.org\/#website"},"primaryImageOfPage":{"@id":"https:\/\/ds-barranquilla.org\/de\/colegio-aleman-se-une-a-catedra-europa-2019\/#primaryimage"},"image":{"@id":"https:\/\/ds-barranquilla.org\/de\/colegio-aleman-se-une-a-catedra-europa-2019\/#primaryimage"},"thumbnailUrl":"https:\/\/ds-barranquilla.org\/wp-content\/uploads\/2020\/07\/Colegio-Alem\u00e1n-se-une-a-C\u00e1tedra-Europa-2019.jpg","datePublished":"2018-11-08T13:03:49+00:00","dateModified":"2023-01-04T16:53:59+00:00","breadcrumb":{"@id":"https:\/\/ds-barranquilla.org\/de\/colegio-aleman-se-une-a-catedra-europa-2019\/#breadcrumb"},"inLanguage":"de","potentialAction":[{"@type":"ReadAction","target":["https:\/\/ds-barranquilla.org\/de\/colegio-aleman-se-une-a-catedra-europa-2019\/"]}]},{"@type":"ImageObject","inLanguage":"de","@id":"https:\/\/ds-barranquilla.org\/de\/colegio-aleman-se-une-a-catedra-europa-2019\/#primaryimage","url":"https:\/\/ds-barranquilla.org\/wp-content\/uploads\/2020\/07\/Colegio-Alem\u00e1n-se-une-a-C\u00e1tedra-Europa-2019.jpg","contentUrl":"https:\/\/ds-barranquilla.org\/wp-content\/uploads\/2020\/07\/Colegio-Alem\u00e1n-se-une-a-C\u00e1tedra-Europa-2019.jpg","width":569,"height":249},{"@type":"BreadcrumbList","@id":"https:\/\/ds-barranquilla.org\/de\/colegio-aleman-se-une-a-catedra-europa-2019\/#breadcrumb","itemListElement":[{"@type":"ListItem","position":1,"name":"Portada","item":"https:\/\/ds-barranquilla.org\/"},{"@type":"ListItem","position":2,"name":"Colegio Alem\u00e1n se une a C\u00e1tedra Europa 2019"}]},{"@type":"WebSite","@id":"https:\/\/ds-barranquilla.org\/#website","url":"https:\/\/ds-barranquilla.org\/","name":"Colegio Alem\u00e1n - Los Mejores Colegios de Colombia - Colegio Triling\u00fce","description":"Colegio Alem\u00e1n  Barranquilla Colombia - Colegio Biling\u00fce - Triling\u00fce - El Mejor Colegio de Colombia","publisher":{"@id":"https:\/\/ds-barranquilla.org\/#organization"},"potentialAction":[{"@type":"SearchAction","target":{"@type":"EntryPoint","urlTemplate":"https:\/\/ds-barranquilla.org\/?s={search_term_string}"},"query-input":"required name=search_term_string"}],"inLanguage":"de"},{"@type":"Organization","@id":"https:\/\/ds-barranquilla.org\/#organization","name":"Colegio Alem\u00e1n Barranquilla","url":"https:\/\/ds-barranquilla.org\/","logo":{"@type":"ImageObject","inLanguage":"de","@id":"https:\/\/ds-barranquilla.org\/#\/schema\/logo\/image\/","url":"https:\/\/ds-barranquilla.org\/wp-content\/uploads\/2021\/05\/coleman_logo_2.png","contentUrl":"https:\/\/ds-barranquilla.org\/wp-content\/uploads\/2021\/05\/coleman_logo_2.png","width":418,"height":307,"caption":"Colegio Alem\u00e1n Barranquilla"},"image":{"@id":"https:\/\/ds-barranquilla.org\/#\/schema\/logo\/image\/"},"sameAs":["https:\/\/www.facebook.com\/ColegioAlemanBaq\/","https:\/\/x.com\/ColegioAlemanBq","https:\/\/www.instagram.com\/colegioalemanbaq\/","https:\/\/www.linkedin.com\/school\/deutsche-schule-barranquilla\/","https:\/\/www.youtube.com\/channel\/UCOOGZQCVs6aYRqIWvSN5agQ"]},{"@type":"Person","@id":"https:\/\/ds-barranquilla.org\/#\/schema\/person\/7bf8790ba89d3480e0551241ccdc8d36","name":"Comunicaciones Comunicaciones","image":{"@type":"ImageObject","inLanguage":"de","@id":"https:\/\/ds-barranquilla.org\/#\/schema\/person\/image\/","url":"https:\/\/secure.gravatar.com\/avatar\/a66ba9484a4338d81d6bea750e595038?s=96&d=mm&r=g","contentUrl":"https:\/\/secure.gravatar.com\/avatar\/a66ba9484a4338d81d6bea750e595038?s=96&d=mm&r=g","caption":"Comunicaciones Comunicaciones"}}]}},"_links":{"self":[{"href":"https:\/\/ds-barranquilla.org\/de\/wp-json\/wp\/v2\/posts\/4779"}],"collection":[{"href":"https:\/\/ds-barranquilla.org\/de\/wp-json\/wp\/v2\/posts"}],"about":[{"href":"https:\/\/ds-barranquilla.org\/de\/wp-json\/wp\/v2\/types\/post"}],"author":[{"embeddable":true,"href":"https:\/\/ds-barranquilla.org\/de\/wp-json\/wp\/v2\/users\/16"}],"replies":[{"embeddable":true,"href":"https:\/\/ds-barranquilla.org\/de\/wp-json\/wp\/v2\/comments?post=4779"}],"version-history":[{"count":1,"href":"https:\/\/ds-barranquilla.org\/de\/wp-json\/wp\/v2\/posts\/4779\/revisions"}],"predecessor-version":[{"id":4781,"href":"https:\/\/ds-barranquilla.org\/de\/wp-json\/wp\/v2\/posts\/4779\/revisions\/4781"}],"wp:featuredmedia":[{"embeddable":true,"href":"https:\/\/ds-barranquilla.org\/de\/wp-json\/wp\/v2\/media\/4780"}],"wp:attachment":[{"href":"https:\/\/ds-barranquilla.org\/de\/wp-json\/wp\/v2\/media?parent=4779"}],"wp:term":[{"taxonomy":"category","embeddable":true,"href":"https:\/\/ds-barranquilla.org\/de\/wp-json\/wp\/v2\/categories?post=4779"},{"taxonomy":"post_tag","embeddable":true,"href":"https:\/\/ds-barranquilla.org\/de\/wp-json\/wp\/v2\/tags?post=4779"}],"curies":[{"name":"wp","href":"https:\/\/api.w.org\/{rel}","templated":true}]}}