{"id":4786,"date":"2018-03-09T08:19:42","date_gmt":"2018-03-09T13:19:42","guid":{"rendered":"https:\/\/ds-barranquilla.org\/?p=4786"},"modified":"2022-12-21T08:11:10","modified_gmt":"2022-12-21T13:11:10","slug":"el-colegio-aleman-con-fiebre-de-estudios-en-alemania","status":"publish","type":"post","link":"https:\/\/ds-barranquilla.org\/de\/el-colegio-aleman-con-fiebre-de-estudios-en-alemania\/","title":{"rendered":"El Colegio Alem\u00e1n, \u00a1con fiebre de estudios en Alemania!"},"content":{"rendered":"<p>Den Abschluss in der Tasche, doch wie geht es nach der 12. Klasse weiter? F\u00fcr alle Sch\u00fclerinnen und Sch\u00fcler, die sich f\u00fcr ein Studium in Deutschland interessieren, fand heute die an der Deutschen Schule bekannte Unimesse statt, die von Anette Breiler organisiert wurde. Neben bekannten Austellerinnen und Ausstellern war dieses Jahr auch die Universit\u00e4t Kassel und die TU Berlin vertreten<\/p>\n<p>Unsere Sch\u00fclerinnen und Sch\u00fcler, Eltern und Interessierte von au\u00dferhalb, zum Beispiel vom Fremdsprachenstudiengang der Universidad del Atl\u00e1ntico, hatten die M\u00f6glichkeit sich von den Vertretern der deutschsprachigen Universit\u00e4ten beraten zu lassen.<\/p>","protected":false},"excerpt":{"rendered":"<p>El diploma en tus manos, pero \u00bfc\u00f3mo sigues despu\u00e9s de Klasse 12? Hoy se llev\u00f3 a cabo la muy conocida Feria de Universidades Alemanas en el<span class=\"excerpt-hellip\"> [\u2026]<\/span><\/p>","protected":false},"author":16,"featured_media":4787,"comment_status":"open","ping_status":"open","sticky":false,"template":"","format":"standard","meta":{"_exactmetrics_skip_tracking":false,"_exactmetrics_sitenote_active":false,"_exactmetrics_sitenote_note":"","_exactmetrics_sitenote_category":0,"_joinchat":[],"footnotes":""},"categories":[678,704],"tags":[439,432,443],"class_list":["post-4786","post","type-post","status-publish","format-standard","has-post-thumbnail","hentry","category-678","category-oficina-de-relaciones-internacionales","tag-439","tag-aleman","tag-secundaria"],"yoast_head":"<!-- This site is optimized with the Yoast SEO plugin v23.3 - https:\/\/yoast.com\/wordpress\/plugins\/seo\/ -->\n<title>El Colegio Alem\u00e1n, \u00a1con fiebre de estudios en Alemania! - 2026<\/title>\n<meta name=\"robots\" content=\"noindex, follow, max-snippet:-1, max-image-preview:large, max-video-preview:-1\" \/>\n<meta property=\"og:locale\" content=\"de_DE\" \/>\n<meta property=\"og:type\" content=\"article\" \/>\n<meta property=\"og:title\" content=\"El Colegio Alem\u00e1n, \u00a1con fiebre de estudios en Alemania! - 2026\" \/>\n<meta property=\"og:description\" content=\"El diploma en tus manos, pero \u00bfc\u00f3mo sigues despu\u00e9s de Klasse 12? Hoy se llev\u00f3 a cabo la muy conocida Feria de Universidades Alemanas en el [\u2026]\" \/>\n<meta property=\"og:url\" content=\"https:\/\/ds-barranquilla.org\/de\/el-colegio-aleman-con-fiebre-de-estudios-en-alemania\/\" \/>\n<meta property=\"og:site_name\" content=\"Colegio Alem\u00e1n - Los Mejores Colegios de Colombia - Colegio Triling\u00fce\" \/>\n<meta property=\"article:publisher\" content=\"https:\/\/www.facebook.com\/ColegioAlemanBaq\/\" \/>\n<meta property=\"article:published_time\" content=\"2018-03-09T13:19:42+00:00\" \/>\n<meta property=\"article:modified_time\" content=\"2022-12-21T13:11:10+00:00\" \/>\n<meta property=\"og:image\" content=\"https:\/\/ds-barranquilla.org\/wp-content\/uploads\/2020\/07\/El-Colegio-Alem\u00e1n-\u00a1con-fiebre-de-estudios-en-Alemania.jpg\" \/>\n\t<meta property=\"og:image:width\" content=\"581\" \/>\n\t<meta property=\"og:image:height\" content=\"251\" \/>\n\t<meta property=\"og:image:type\" content=\"image\/jpeg\" \/>\n<meta name=\"author\" content=\"Comunicaciones Comunicaciones\" \/>\n<meta name=\"twitter:card\" content=\"summary_large_image\" \/>\n<meta name=\"twitter:creator\" content=\"@ColegioAlemanBq\" \/>\n<meta name=\"twitter:site\" content=\"@ColegioAlemanBq\" \/>\n<meta name=\"twitter:label1\" content=\"Verfasst von\" \/>\n\t<meta name=\"twitter:data1\" content=\"Comunicaciones Comunicaciones\" \/>\n\t<meta name=\"twitter:label2\" content=\"Gesch\u00e4tzte Lesezeit\" \/>\n\t<meta name=\"twitter:data2\" content=\"1\u00a0Minute\" \/>\n<script type=\"application\/ld+json\" class=\"yoast-schema-graph\">{\"@context\":\"https:\/\/schema.org\",\"@graph\":[{\"@type\":\"Article\",\"@id\":\"https:\/\/ds-barranquilla.org\/de\/el-colegio-aleman-con-fiebre-de-estudios-en-alemania\/#article\",\"isPartOf\":{\"@id\":\"https:\/\/ds-barranquilla.org\/de\/el-colegio-aleman-con-fiebre-de-estudios-en-alemania\/\"},\"author\":{\"name\":\"Comunicaciones Comunicaciones\",\"@id\":\"https:\/\/ds-barranquilla.org\/#\/schema\/person\/7bf8790ba89d3480e0551241ccdc8d36\"},\"headline\":\"El Colegio Alem\u00e1n, \u00a1con fiebre de estudios en Alemania!\",\"datePublished\":\"2018-03-09T13:19:42+00:00\",\"dateModified\":\"2022-12-21T13:11:10+00:00\",\"mainEntityOfPage\":{\"@id\":\"https:\/\/ds-barranquilla.org\/de\/el-colegio-aleman-con-fiebre-de-estudios-en-alemania\/\"},\"wordCount\":110,\"commentCount\":0,\"publisher\":{\"@id\":\"https:\/\/ds-barranquilla.org\/#organization\"},\"image\":{\"@id\":\"https:\/\/ds-barranquilla.org\/de\/el-colegio-aleman-con-fiebre-de-estudios-en-alemania\/#primaryimage\"},\"thumbnailUrl\":\"https:\/\/ds-barranquilla.org\/wp-content\/uploads\/2020\/07\/El-Colegio-Alem\u00e1n-\u00a1con-fiebre-de-estudios-en-Alemania.jpg\",\"keywords\":[\"2018\",\"Alem\u00e1n\",\"secundaria\"],\"articleSection\":[\"2018\",\"Oficina de Relaciones Internacionales\"],\"inLanguage\":\"de\",\"potentialAction\":[{\"@type\":\"CommentAction\",\"name\":\"Comment\",\"target\":[\"https:\/\/ds-barranquilla.org\/de\/el-colegio-aleman-con-fiebre-de-estudios-en-alemania\/#respond\"]}]},{\"@type\":\"WebPage\",\"@id\":\"https:\/\/ds-barranquilla.org\/de\/el-colegio-aleman-con-fiebre-de-estudios-en-alemania\/\",\"url\":\"https:\/\/ds-barranquilla.org\/de\/el-colegio-aleman-con-fiebre-de-estudios-en-alemania\/\",\"name\":\"El Colegio Alem\u00e1n, \u00a1con fiebre de estudios en Alemania! - 2026\",\"isPartOf\":{\"@id\":\"https:\/\/ds-barranquilla.org\/#website\"},\"primaryImageOfPage\":{\"@id\":\"https:\/\/ds-barranquilla.org\/de\/el-colegio-aleman-con-fiebre-de-estudios-en-alemania\/#primaryimage\"},\"image\":{\"@id\":\"https:\/\/ds-barranquilla.org\/de\/el-colegio-aleman-con-fiebre-de-estudios-en-alemania\/#primaryimage\"},\"thumbnailUrl\":\"https:\/\/ds-barranquilla.org\/wp-content\/uploads\/2020\/07\/El-Colegio-Alem\u00e1n-\u00a1con-fiebre-de-estudios-en-Alemania.jpg\",\"datePublished\":\"2018-03-09T13:19:42+00:00\",\"dateModified\":\"2022-12-21T13:11:10+00:00\",\"breadcrumb\":{\"@id\":\"https:\/\/ds-barranquilla.org\/de\/el-colegio-aleman-con-fiebre-de-estudios-en-alemania\/#breadcrumb\"},\"inLanguage\":\"de\",\"potentialAction\":[{\"@type\":\"ReadAction\",\"target\":[\"https:\/\/ds-barranquilla.org\/de\/el-colegio-aleman-con-fiebre-de-estudios-en-alemania\/\"]}]},{\"@type\":\"ImageObject\",\"inLanguage\":\"de\",\"@id\":\"https:\/\/ds-barranquilla.org\/de\/el-colegio-aleman-con-fiebre-de-estudios-en-alemania\/#primaryimage\",\"url\":\"https:\/\/ds-barranquilla.org\/wp-content\/uploads\/2020\/07\/El-Colegio-Alem\u00e1n-\u00a1con-fiebre-de-estudios-en-Alemania.jpg\",\"contentUrl\":\"https:\/\/ds-barranquilla.org\/wp-content\/uploads\/2020\/07\/El-Colegio-Alem\u00e1n-\u00a1con-fiebre-de-estudios-en-Alemania.jpg\",\"width\":581,\"height\":251},{\"@type\":\"BreadcrumbList\",\"@id\":\"https:\/\/ds-barranquilla.org\/de\/el-colegio-aleman-con-fiebre-de-estudios-en-alemania\/#breadcrumb\",\"itemListElement\":[{\"@type\":\"ListItem\",\"position\":1,\"name\":\"Portada\",\"item\":\"https:\/\/ds-barranquilla.org\/\"},{\"@type\":\"ListItem\",\"position\":2,\"name\":\"El Colegio Alem\u00e1n, \u00a1con fiebre de estudios en Alemania!\"}]},{\"@type\":\"WebSite\",\"@id\":\"https:\/\/ds-barranquilla.org\/#website\",\"url\":\"https:\/\/ds-barranquilla.org\/\",\"name\":\"Colegio Alem\u00e1n - Los Mejores Colegios de Colombia - Colegio Triling\u00fce\",\"description\":\"Colegio Alem\u00e1n  Barranquilla Colombia - Colegio Biling\u00fce - Triling\u00fce - El Mejor Colegio de Colombia\",\"publisher\":{\"@id\":\"https:\/\/ds-barranquilla.org\/#organization\"},\"potentialAction\":[{\"@type\":\"SearchAction\",\"target\":{\"@type\":\"EntryPoint\",\"urlTemplate\":\"https:\/\/ds-barranquilla.org\/?s={search_term_string}\"},\"query-input\":\"required name=search_term_string\"}],\"inLanguage\":\"de\"},{\"@type\":\"Organization\",\"@id\":\"https:\/\/ds-barranquilla.org\/#organization\",\"name\":\"Colegio Alem\u00e1n Barranquilla\",\"url\":\"https:\/\/ds-barranquilla.org\/\",\"logo\":{\"@type\":\"ImageObject\",\"inLanguage\":\"de\",\"@id\":\"https:\/\/ds-barranquilla.org\/#\/schema\/logo\/image\/\",\"url\":\"https:\/\/ds-barranquilla.org\/wp-content\/uploads\/2021\/05\/coleman_logo_2.png\",\"contentUrl\":\"https:\/\/ds-barranquilla.org\/wp-content\/uploads\/2021\/05\/coleman_logo_2.png\",\"width\":418,\"height\":307,\"caption\":\"Colegio Alem\u00e1n Barranquilla\"},\"image\":{\"@id\":\"https:\/\/ds-barranquilla.org\/#\/schema\/logo\/image\/\"},\"sameAs\":[\"https:\/\/www.facebook.com\/ColegioAlemanBaq\/\",\"https:\/\/x.com\/ColegioAlemanBq\",\"https:\/\/www.instagram.com\/colegioalemanbaq\/\",\"https:\/\/www.linkedin.com\/school\/deutsche-schule-barranquilla\/\",\"https:\/\/www.youtube.com\/channel\/UCOOGZQCVs6aYRqIWvSN5agQ\"]},{\"@type\":\"Person\",\"@id\":\"https:\/\/ds-barranquilla.org\/#\/schema\/person\/7bf8790ba89d3480e0551241ccdc8d36\",\"name\":\"Comunicaciones Comunicaciones\",\"image\":{\"@type\":\"ImageObject\",\"inLanguage\":\"de\",\"@id\":\"https:\/\/ds-barranquilla.org\/#\/schema\/person\/image\/\",\"url\":\"https:\/\/secure.gravatar.com\/avatar\/a66ba9484a4338d81d6bea750e595038?s=96&d=mm&r=g\",\"contentUrl\":\"https:\/\/secure.gravatar.com\/avatar\/a66ba9484a4338d81d6bea750e595038?s=96&d=mm&r=g\",\"caption\":\"Comunicaciones Comunicaciones\"}}]}<\/script>\n<!-- \/ Yoast SEO plugin. -->","yoast_head_json":{"title":"El Colegio Alem\u00e1n, \u00a1con fiebre de estudios en Alemania! - 2026","robots":{"index":"noindex","follow":"follow","max-snippet":"max-snippet:-1","max-image-preview":"max-image-preview:large","max-video-preview":"max-video-preview:-1"},"og_locale":"de_DE","og_type":"article","og_title":"El Colegio Alem\u00e1n, \u00a1con fiebre de estudios en Alemania! - 2026","og_description":"El diploma en tus manos, pero \u00bfc\u00f3mo sigues despu\u00e9s de Klasse 12? Hoy se llev\u00f3 a cabo la muy conocida Feria de Universidades Alemanas en el [\u2026]","og_url":"https:\/\/ds-barranquilla.org\/de\/el-colegio-aleman-con-fiebre-de-estudios-en-alemania\/","og_site_name":"Colegio Alem\u00e1n - Los Mejores Colegios de Colombia - Colegio Triling\u00fce","article_publisher":"https:\/\/www.facebook.com\/ColegioAlemanBaq\/","article_published_time":"2018-03-09T13:19:42+00:00","article_modified_time":"2022-12-21T13:11:10+00:00","og_image":[{"width":581,"height":251,"url":"https:\/\/ds-barranquilla.org\/wp-content\/uploads\/2020\/07\/El-Colegio-Alem\u00e1n-\u00a1con-fiebre-de-estudios-en-Alemania.jpg","type":"image\/jpeg"}],"author":"Comunicaciones Comunicaciones","twitter_card":"summary_large_image","twitter_creator":"@ColegioAlemanBq","twitter_site":"@ColegioAlemanBq","twitter_misc":{"Verfasst von":"Comunicaciones Comunicaciones","Gesch\u00e4tzte Lesezeit":"1\u00a0Minute"},"schema":{"@context":"https:\/\/schema.org","@graph":[{"@type":"Article","@id":"https:\/\/ds-barranquilla.org\/de\/el-colegio-aleman-con-fiebre-de-estudios-en-alemania\/#article","isPartOf":{"@id":"https:\/\/ds-barranquilla.org\/de\/el-colegio-aleman-con-fiebre-de-estudios-en-alemania\/"},"author":{"name":"Comunicaciones Comunicaciones","@id":"https:\/\/ds-barranquilla.org\/#\/schema\/person\/7bf8790ba89d3480e0551241ccdc8d36"},"headline":"El Colegio Alem\u00e1n, \u00a1con fiebre de estudios en Alemania!","datePublished":"2018-03-09T13:19:42+00:00","dateModified":"2022-12-21T13:11:10+00:00","mainEntityOfPage":{"@id":"https:\/\/ds-barranquilla.org\/de\/el-colegio-aleman-con-fiebre-de-estudios-en-alemania\/"},"wordCount":110,"commentCount":0,"publisher":{"@id":"https:\/\/ds-barranquilla.org\/#organization"},"image":{"@id":"https:\/\/ds-barranquilla.org\/de\/el-colegio-aleman-con-fiebre-de-estudios-en-alemania\/#primaryimage"},"thumbnailUrl":"https:\/\/ds-barranquilla.org\/wp-content\/uploads\/2020\/07\/El-Colegio-Alem\u00e1n-\u00a1con-fiebre-de-estudios-en-Alemania.jpg","keywords":["2018","Alem\u00e1n","secundaria"],"articleSection":["2018","Oficina de Relaciones Internacionales"],"inLanguage":"de","potentialAction":[{"@type":"CommentAction","name":"Comment","target":["https:\/\/ds-barranquilla.org\/de\/el-colegio-aleman-con-fiebre-de-estudios-en-alemania\/#respond"]}]},{"@type":"WebPage","@id":"https:\/\/ds-barranquilla.org\/de\/el-colegio-aleman-con-fiebre-de-estudios-en-alemania\/","url":"https:\/\/ds-barranquilla.org\/de\/el-colegio-aleman-con-fiebre-de-estudios-en-alemania\/","name":"El Colegio Alem\u00e1n, \u00a1con fiebre de estudios en Alemania! - 2026","isPartOf":{"@id":"https:\/\/ds-barranquilla.org\/#website"},"primaryImageOfPage":{"@id":"https:\/\/ds-barranquilla.org\/de\/el-colegio-aleman-con-fiebre-de-estudios-en-alemania\/#primaryimage"},"image":{"@id":"https:\/\/ds-barranquilla.org\/de\/el-colegio-aleman-con-fiebre-de-estudios-en-alemania\/#primaryimage"},"thumbnailUrl":"https:\/\/ds-barranquilla.org\/wp-content\/uploads\/2020\/07\/El-Colegio-Alem\u00e1n-\u00a1con-fiebre-de-estudios-en-Alemania.jpg","datePublished":"2018-03-09T13:19:42+00:00","dateModified":"2022-12-21T13:11:10+00:00","breadcrumb":{"@id":"https:\/\/ds-barranquilla.org\/de\/el-colegio-aleman-con-fiebre-de-estudios-en-alemania\/#breadcrumb"},"inLanguage":"de","potentialAction":[{"@type":"ReadAction","target":["https:\/\/ds-barranquilla.org\/de\/el-colegio-aleman-con-fiebre-de-estudios-en-alemania\/"]}]},{"@type":"ImageObject","inLanguage":"de","@id":"https:\/\/ds-barranquilla.org\/de\/el-colegio-aleman-con-fiebre-de-estudios-en-alemania\/#primaryimage","url":"https:\/\/ds-barranquilla.org\/wp-content\/uploads\/2020\/07\/El-Colegio-Alem\u00e1n-\u00a1con-fiebre-de-estudios-en-Alemania.jpg","contentUrl":"https:\/\/ds-barranquilla.org\/wp-content\/uploads\/2020\/07\/El-Colegio-Alem\u00e1n-\u00a1con-fiebre-de-estudios-en-Alemania.jpg","width":581,"height":251},{"@type":"BreadcrumbList","@id":"https:\/\/ds-barranquilla.org\/de\/el-colegio-aleman-con-fiebre-de-estudios-en-alemania\/#breadcrumb","itemListElement":[{"@type":"ListItem","position":1,"name":"Portada","item":"https:\/\/ds-barranquilla.org\/"},{"@type":"ListItem","position":2,"name":"El Colegio Alem\u00e1n, \u00a1con fiebre de estudios en Alemania!"}]},{"@type":"WebSite","@id":"https:\/\/ds-barranquilla.org\/#website","url":"https:\/\/ds-barranquilla.org\/","name":"Colegio Alem\u00e1n - Los Mejores Colegios de Colombia - Colegio Triling\u00fce","description":"Colegio Alem\u00e1n  Barranquilla Colombia - Colegio Biling\u00fce - Triling\u00fce - El Mejor Colegio de Colombia","publisher":{"@id":"https:\/\/ds-barranquilla.org\/#organization"},"potentialAction":[{"@type":"SearchAction","target":{"@type":"EntryPoint","urlTemplate":"https:\/\/ds-barranquilla.org\/?s={search_term_string}"},"query-input":"required name=search_term_string"}],"inLanguage":"de"},{"@type":"Organization","@id":"https:\/\/ds-barranquilla.org\/#organization","name":"Colegio Alem\u00e1n Barranquilla","url":"https:\/\/ds-barranquilla.org\/","logo":{"@type":"ImageObject","inLanguage":"de","@id":"https:\/\/ds-barranquilla.org\/#\/schema\/logo\/image\/","url":"https:\/\/ds-barranquilla.org\/wp-content\/uploads\/2021\/05\/coleman_logo_2.png","contentUrl":"https:\/\/ds-barranquilla.org\/wp-content\/uploads\/2021\/05\/coleman_logo_2.png","width":418,"height":307,"caption":"Colegio Alem\u00e1n Barranquilla"},"image":{"@id":"https:\/\/ds-barranquilla.org\/#\/schema\/logo\/image\/"},"sameAs":["https:\/\/www.facebook.com\/ColegioAlemanBaq\/","https:\/\/x.com\/ColegioAlemanBq","https:\/\/www.instagram.com\/colegioalemanbaq\/","https:\/\/www.linkedin.com\/school\/deutsche-schule-barranquilla\/","https:\/\/www.youtube.com\/channel\/UCOOGZQCVs6aYRqIWvSN5agQ"]},{"@type":"Person","@id":"https:\/\/ds-barranquilla.org\/#\/schema\/person\/7bf8790ba89d3480e0551241ccdc8d36","name":"Comunicaciones Comunicaciones","image":{"@type":"ImageObject","inLanguage":"de","@id":"https:\/\/ds-barranquilla.org\/#\/schema\/person\/image\/","url":"https:\/\/secure.gravatar.com\/avatar\/a66ba9484a4338d81d6bea750e595038?s=96&d=mm&r=g","contentUrl":"https:\/\/secure.gravatar.com\/avatar\/a66ba9484a4338d81d6bea750e595038?s=96&d=mm&r=g","caption":"Comunicaciones Comunicaciones"}}]}},"_links":{"self":[{"href":"https:\/\/ds-barranquilla.org\/de\/wp-json\/wp\/v2\/posts\/4786"}],"collection":[{"href":"https:\/\/ds-barranquilla.org\/de\/wp-json\/wp\/v2\/posts"}],"about":[{"href":"https:\/\/ds-barranquilla.org\/de\/wp-json\/wp\/v2\/types\/post"}],"author":[{"embeddable":true,"href":"https:\/\/ds-barranquilla.org\/de\/wp-json\/wp\/v2\/users\/16"}],"replies":[{"embeddable":true,"href":"https:\/\/ds-barranquilla.org\/de\/wp-json\/wp\/v2\/comments?post=4786"}],"version-history":[{"count":1,"href":"https:\/\/ds-barranquilla.org\/de\/wp-json\/wp\/v2\/posts\/4786\/revisions"}],"predecessor-version":[{"id":4788,"href":"https:\/\/ds-barranquilla.org\/de\/wp-json\/wp\/v2\/posts\/4786\/revisions\/4788"}],"wp:featuredmedia":[{"embeddable":true,"href":"https:\/\/ds-barranquilla.org\/de\/wp-json\/wp\/v2\/media\/4787"}],"wp:attachment":[{"href":"https:\/\/ds-barranquilla.org\/de\/wp-json\/wp\/v2\/media?parent=4786"}],"wp:term":[{"taxonomy":"category","embeddable":true,"href":"https:\/\/ds-barranquilla.org\/de\/wp-json\/wp\/v2\/categories?post=4786"},{"taxonomy":"post_tag","embeddable":true,"href":"https:\/\/ds-barranquilla.org\/de\/wp-json\/wp\/v2\/tags?post=4786"}],"curies":[{"name":"wp","href":"https:\/\/api.w.org\/{rel}","templated":true}]}}