{"id":4792,"date":"2018-07-09T08:51:09","date_gmt":"2018-07-09T13:51:09","guid":{"rendered":"https:\/\/ds-barranquilla.org\/?p=4792"},"modified":"2022-12-21T08:34:29","modified_gmt":"2022-12-21T13:34:29","slug":"esteban-aparicio-mencion-de-honor-en-la-olimpiada-internacional-de-matematicas-en-rumania","status":"publish","type":"post","link":"https:\/\/ds-barranquilla.org\/de\/esteban-aparicio-mencion-de-honor-en-la-olimpiada-internacional-de-matematicas-en-rumania\/","title":{"rendered":"Esteban Aparicio, Menci\u00f3n de Honor en la Olimpiada Internacional de Matem\u00e1ticas en Rumania"},"content":{"rendered":"<p>Esteban Aparicio Hoyos, Sch\u00fcler der zehnten Klasse der Deutschen Schule Barranquilla wurde von der Universit\u00e4t Antonio Nari\u00f1o, Veranstalter der kolumbianischen Mathematik-Olympiade, ausgew\u00e4hlt um mit der Delegation Kolumbiens an der 59. Internationalen Mathematik-Olympiade (OIM) in Cluj-Napoca in Rum\u00e4nien, die vom dritten bis 14. Juli 2018 stattfand, teilzunehmen.<\/p>\n<p>Mit einem Alter von nur 14 Jahren ist er der J\u00fcngste der Gruppe, welche aus Sch\u00fclern aus den Orten Barranquilla, Bogot\u00e1, Medell\u00edn und Santander besteht. Um das zu erreichen musste er einen langen Weg auf sich nehmen<\/p>\n<p>Die kolumbianische Mathematik-Olympiade organisiert zwei Trainings im Jahr: Eines im Januar und das andere im Juni. Diese Veranstaltungen sind Arbeitstage in denen zwei w\u00f6chentliche Tests pr\u00e4sentiert werden, mit denen die Teilnehmer Punkte sammeln. Die Besten von ihnen erhalten die M\u00f6glichkeit das Land in verschiedenen internationalen Wettk\u00e4mpfen zu vertreten.<\/p>\n<p>Die OIM ist die Weltmeisterschaft der Mathematik f\u00fcr Sch\u00fcler der Oberstufe und somit der wichtigste dieser Wettbewerbe auf dem ganzen Planeten. Um an diesem Wettbewerb teilnehmen zu k\u00f6nnen musste Aparicio exzellente Ergebnisse in den zwei Jahrestrainings im Januar und Juni dieses Jahrs erzielen und zus\u00e4tzlich Medaillengewinner in der kolumbianischen Mathematik-Olympiade sein, das Finale hiervon fand im Mai in Bogot\u00e1 statt. In diesem Test gewann er Bronze in der h\u00f6chsten Stufe des Wettbewerbs, obwohl er laut seinem Alter in der mittleren Stufe h\u00e4tte antreten sollen.<\/p>\n<p>Aparicio nahm nicht zum ersten Mal bei einem internationalen Wettbewerb in Mathematik teil. Im Dezember 2016 kam er mit einer Goldmedaille von der 25. Mathematik-Olympiade in Rioplatense in Argentinien zur\u00fcck nach Barranquilla.\n\nIn 2017 gewann er eine Silbermedaille bei der XIX Mathematik-Olympiade Zentralamerikas und der Karibik, welche in El Salvador stattfand. Au\u00dferdem gewann er eine Bronzemedaille bei den 32. Olympischen Mathematik-Spielen Iberoamericano in Puerto Iguaz\u00fa in Argentinien. Aparicio ist einer der j\u00fcngsten Sch\u00fcler des Landes, der an einer OIM teilnimmt. Er hofft mit einer Medaille nach Hause zur\u00fcck zu kommen, sodass damit seine Hingabe und sein Engagement f\u00fcr die Mathematik belohnt wird. Gl\u00fcckwunsch zur Teilnahme Esteban! Wir w\u00fcnschen dir das Beste f\u00fcr diese Olympiade.<\/p>\n<p>Herzlichen Gl\u00fcckwunsch, Esteban, m\u00f6gest du weiterhin Triumphe ernten!<\/p>\n<p>Foto: @imo2018cluj<\/p>","protected":false},"excerpt":{"rendered":"<p>Esteban Aparicio Hoyos,\u202festudiante de Klasse 10 del\u202fColegio Alem\u00e1n de Barranquilla,\u202ffue seleccionado\u202fpor la Universidad Antonio Nari\u00f1o, el ente\u202forganizador de las Olimpiadas Colombianas de Matem\u00e1ticas,\u202fpara conformar la delegaci\u00f3n<span class=\"excerpt-hellip\"> [\u2026]<\/span><\/p>","protected":false},"author":16,"featured_media":4794,"comment_status":"open","ping_status":"open","sticky":false,"template":"","format":"standard","meta":{"_exactmetrics_skip_tracking":false,"_exactmetrics_sitenote_active":false,"_exactmetrics_sitenote_note":"","_exactmetrics_sitenote_category":0,"_joinchat":[],"footnotes":""},"categories":[678,691,704,707],"tags":[468,441],"class_list":["post-4792","post","type-post","status-publish","format-standard","has-post-thumbnail","hentry","category-678","category-area-de-matematicas-y-fisica","category-oficina-de-relaciones-internacionales","category-otras-noticias","tag-468","tag-proyectos-academicos"],"yoast_head":"<!-- This site is optimized with the Yoast SEO plugin v23.3 - https:\/\/yoast.com\/wordpress\/plugins\/seo\/ -->\n<title>Esteban Aparicio, Menci\u00f3n de Honor en la Olimpiada Internacional de Matem\u00e1ticas en Rumania - 2026<\/title>\n<meta name=\"robots\" content=\"noindex, follow, max-snippet:-1, max-image-preview:large, max-video-preview:-1\" \/>\n<meta property=\"og:locale\" content=\"de_DE\" \/>\n<meta property=\"og:type\" content=\"article\" \/>\n<meta property=\"og:title\" content=\"Esteban Aparicio, Menci\u00f3n de Honor en la Olimpiada Internacional de Matem\u00e1ticas en Rumania - 2026\" \/>\n<meta property=\"og:description\" content=\"Esteban Aparicio Hoyos,\u202festudiante de Klasse 10 del\u202fColegio Alem\u00e1n de Barranquilla,\u202ffue seleccionado\u202fpor la Universidad Antonio Nari\u00f1o, el ente\u202forganizador de las Olimpiadas Colombianas de Matem\u00e1ticas,\u202fpara conformar la delegaci\u00f3n [\u2026]\" \/>\n<meta property=\"og:url\" content=\"https:\/\/ds-barranquilla.org\/de\/esteban-aparicio-mencion-de-honor-en-la-olimpiada-internacional-de-matematicas-en-rumania\/\" \/>\n<meta property=\"og:site_name\" content=\"Colegio Alem\u00e1n - Los Mejores Colegios de Colombia - Colegio Triling\u00fce\" \/>\n<meta property=\"article:publisher\" content=\"https:\/\/www.facebook.com\/ColegioAlemanBaq\/\" \/>\n<meta property=\"article:published_time\" content=\"2018-07-09T13:51:09+00:00\" \/>\n<meta property=\"article:modified_time\" content=\"2022-12-21T13:34:29+00:00\" \/>\n<meta property=\"og:image\" content=\"https:\/\/ds-barranquilla.org\/wp-content\/uploads\/2020\/07\/Esteban-Aparicio-Menci\u00f3n-de-Honor-en-la-Olimpiada-Internacional-de-Matem\u00e1ticas-en-Rumania-1.jpg\" \/>\n\t<meta property=\"og:image:width\" content=\"612\" \/>\n\t<meta property=\"og:image:height\" content=\"271\" \/>\n\t<meta property=\"og:image:type\" content=\"image\/jpeg\" \/>\n<meta name=\"author\" content=\"Comunicaciones Comunicaciones\" \/>\n<meta name=\"twitter:card\" content=\"summary_large_image\" \/>\n<meta name=\"twitter:creator\" content=\"@ColegioAlemanBq\" \/>\n<meta name=\"twitter:site\" content=\"@ColegioAlemanBq\" \/>\n<meta name=\"twitter:label1\" content=\"Verfasst von\" \/>\n\t<meta name=\"twitter:data1\" content=\"Comunicaciones Comunicaciones\" \/>\n\t<meta name=\"twitter:label2\" content=\"Gesch\u00e4tzte Lesezeit\" \/>\n\t<meta name=\"twitter:data2\" content=\"2\u00a0Minuten\" \/>\n<script type=\"application\/ld+json\" class=\"yoast-schema-graph\">{\"@context\":\"https:\/\/schema.org\",\"@graph\":[{\"@type\":\"Article\",\"@id\":\"https:\/\/ds-barranquilla.org\/de\/esteban-aparicio-mencion-de-honor-en-la-olimpiada-internacional-de-matematicas-en-rumania\/#article\",\"isPartOf\":{\"@id\":\"https:\/\/ds-barranquilla.org\/de\/esteban-aparicio-mencion-de-honor-en-la-olimpiada-internacional-de-matematicas-en-rumania\/\"},\"author\":{\"name\":\"Comunicaciones Comunicaciones\",\"@id\":\"https:\/\/ds-barranquilla.org\/#\/schema\/person\/7bf8790ba89d3480e0551241ccdc8d36\"},\"headline\":\"Esteban Aparicio, Menci\u00f3n de Honor en la Olimpiada Internacional de Matem\u00e1ticas en Rumania\",\"datePublished\":\"2018-07-09T13:51:09+00:00\",\"dateModified\":\"2022-12-21T13:34:29+00:00\",\"mainEntityOfPage\":{\"@id\":\"https:\/\/ds-barranquilla.org\/de\/esteban-aparicio-mencion-de-honor-en-la-olimpiada-internacional-de-matematicas-en-rumania\/\"},\"wordCount\":334,\"commentCount\":0,\"publisher\":{\"@id\":\"https:\/\/ds-barranquilla.org\/#organization\"},\"image\":{\"@id\":\"https:\/\/ds-barranquilla.org\/de\/esteban-aparicio-mencion-de-honor-en-la-olimpiada-internacional-de-matematicas-en-rumania\/#primaryimage\"},\"thumbnailUrl\":\"https:\/\/ds-barranquilla.org\/wp-content\/uploads\/2020\/07\/Esteban-Aparicio-Menci\u00f3n-de-Honor-en-la-Olimpiada-Internacional-de-Matem\u00e1ticas-en-Rumania-1.jpg\",\"keywords\":[\"2019\",\"Proyectos acad\u00e9micos\"],\"articleSection\":[\"2018\",\"\u00c1rea de Matem\u00e1ticas y F\u00edsica\",\"Oficina de Relaciones Internacionales\",\"Otras noticias\"],\"inLanguage\":\"de\",\"potentialAction\":[{\"@type\":\"CommentAction\",\"name\":\"Comment\",\"target\":[\"https:\/\/ds-barranquilla.org\/de\/esteban-aparicio-mencion-de-honor-en-la-olimpiada-internacional-de-matematicas-en-rumania\/#respond\"]}]},{\"@type\":\"WebPage\",\"@id\":\"https:\/\/ds-barranquilla.org\/de\/esteban-aparicio-mencion-de-honor-en-la-olimpiada-internacional-de-matematicas-en-rumania\/\",\"url\":\"https:\/\/ds-barranquilla.org\/de\/esteban-aparicio-mencion-de-honor-en-la-olimpiada-internacional-de-matematicas-en-rumania\/\",\"name\":\"Esteban Aparicio, Menci\u00f3n de Honor en la Olimpiada Internacional de Matem\u00e1ticas en Rumania - 2026\",\"isPartOf\":{\"@id\":\"https:\/\/ds-barranquilla.org\/#website\"},\"primaryImageOfPage\":{\"@id\":\"https:\/\/ds-barranquilla.org\/de\/esteban-aparicio-mencion-de-honor-en-la-olimpiada-internacional-de-matematicas-en-rumania\/#primaryimage\"},\"image\":{\"@id\":\"https:\/\/ds-barranquilla.org\/de\/esteban-aparicio-mencion-de-honor-en-la-olimpiada-internacional-de-matematicas-en-rumania\/#primaryimage\"},\"thumbnailUrl\":\"https:\/\/ds-barranquilla.org\/wp-content\/uploads\/2020\/07\/Esteban-Aparicio-Menci\u00f3n-de-Honor-en-la-Olimpiada-Internacional-de-Matem\u00e1ticas-en-Rumania-1.jpg\",\"datePublished\":\"2018-07-09T13:51:09+00:00\",\"dateModified\":\"2022-12-21T13:34:29+00:00\",\"breadcrumb\":{\"@id\":\"https:\/\/ds-barranquilla.org\/de\/esteban-aparicio-mencion-de-honor-en-la-olimpiada-internacional-de-matematicas-en-rumania\/#breadcrumb\"},\"inLanguage\":\"de\",\"potentialAction\":[{\"@type\":\"ReadAction\",\"target\":[\"https:\/\/ds-barranquilla.org\/de\/esteban-aparicio-mencion-de-honor-en-la-olimpiada-internacional-de-matematicas-en-rumania\/\"]}]},{\"@type\":\"ImageObject\",\"inLanguage\":\"de\",\"@id\":\"https:\/\/ds-barranquilla.org\/de\/esteban-aparicio-mencion-de-honor-en-la-olimpiada-internacional-de-matematicas-en-rumania\/#primaryimage\",\"url\":\"https:\/\/ds-barranquilla.org\/wp-content\/uploads\/2020\/07\/Esteban-Aparicio-Menci\u00f3n-de-Honor-en-la-Olimpiada-Internacional-de-Matem\u00e1ticas-en-Rumania-1.jpg\",\"contentUrl\":\"https:\/\/ds-barranquilla.org\/wp-content\/uploads\/2020\/07\/Esteban-Aparicio-Menci\u00f3n-de-Honor-en-la-Olimpiada-Internacional-de-Matem\u00e1ticas-en-Rumania-1.jpg\",\"width\":612,\"height\":271},{\"@type\":\"BreadcrumbList\",\"@id\":\"https:\/\/ds-barranquilla.org\/de\/esteban-aparicio-mencion-de-honor-en-la-olimpiada-internacional-de-matematicas-en-rumania\/#breadcrumb\",\"itemListElement\":[{\"@type\":\"ListItem\",\"position\":1,\"name\":\"Portada\",\"item\":\"https:\/\/ds-barranquilla.org\/\"},{\"@type\":\"ListItem\",\"position\":2,\"name\":\"Esteban Aparicio, Menci\u00f3n de Honor en la Olimpiada Internacional de Matem\u00e1ticas en Rumania\"}]},{\"@type\":\"WebSite\",\"@id\":\"https:\/\/ds-barranquilla.org\/#website\",\"url\":\"https:\/\/ds-barranquilla.org\/\",\"name\":\"Colegio Alem\u00e1n - Los Mejores Colegios de Colombia - Colegio Triling\u00fce\",\"description\":\"Colegio Alem\u00e1n  Barranquilla Colombia - Colegio Biling\u00fce - Triling\u00fce - El Mejor Colegio de Colombia\",\"publisher\":{\"@id\":\"https:\/\/ds-barranquilla.org\/#organization\"},\"potentialAction\":[{\"@type\":\"SearchAction\",\"target\":{\"@type\":\"EntryPoint\",\"urlTemplate\":\"https:\/\/ds-barranquilla.org\/?s={search_term_string}\"},\"query-input\":\"required name=search_term_string\"}],\"inLanguage\":\"de\"},{\"@type\":\"Organization\",\"@id\":\"https:\/\/ds-barranquilla.org\/#organization\",\"name\":\"Colegio Alem\u00e1n Barranquilla\",\"url\":\"https:\/\/ds-barranquilla.org\/\",\"logo\":{\"@type\":\"ImageObject\",\"inLanguage\":\"de\",\"@id\":\"https:\/\/ds-barranquilla.org\/#\/schema\/logo\/image\/\",\"url\":\"https:\/\/ds-barranquilla.org\/wp-content\/uploads\/2021\/05\/coleman_logo_2.png\",\"contentUrl\":\"https:\/\/ds-barranquilla.org\/wp-content\/uploads\/2021\/05\/coleman_logo_2.png\",\"width\":418,\"height\":307,\"caption\":\"Colegio Alem\u00e1n Barranquilla\"},\"image\":{\"@id\":\"https:\/\/ds-barranquilla.org\/#\/schema\/logo\/image\/\"},\"sameAs\":[\"https:\/\/www.facebook.com\/ColegioAlemanBaq\/\",\"https:\/\/x.com\/ColegioAlemanBq\",\"https:\/\/www.instagram.com\/colegioalemanbaq\/\",\"https:\/\/www.linkedin.com\/school\/deutsche-schule-barranquilla\/\",\"https:\/\/www.youtube.com\/channel\/UCOOGZQCVs6aYRqIWvSN5agQ\"]},{\"@type\":\"Person\",\"@id\":\"https:\/\/ds-barranquilla.org\/#\/schema\/person\/7bf8790ba89d3480e0551241ccdc8d36\",\"name\":\"Comunicaciones Comunicaciones\",\"image\":{\"@type\":\"ImageObject\",\"inLanguage\":\"de\",\"@id\":\"https:\/\/ds-barranquilla.org\/#\/schema\/person\/image\/\",\"url\":\"https:\/\/secure.gravatar.com\/avatar\/a66ba9484a4338d81d6bea750e595038?s=96&d=mm&r=g\",\"contentUrl\":\"https:\/\/secure.gravatar.com\/avatar\/a66ba9484a4338d81d6bea750e595038?s=96&d=mm&r=g\",\"caption\":\"Comunicaciones Comunicaciones\"}}]}<\/script>\n<!-- \/ Yoast SEO plugin. -->","yoast_head_json":{"title":"Esteban Aparicio, Menci\u00f3n de Honor en la Olimpiada Internacional de Matem\u00e1ticas en Rumania - 2026","robots":{"index":"noindex","follow":"follow","max-snippet":"max-snippet:-1","max-image-preview":"max-image-preview:large","max-video-preview":"max-video-preview:-1"},"og_locale":"de_DE","og_type":"article","og_title":"Esteban Aparicio, Menci\u00f3n de Honor en la Olimpiada Internacional de Matem\u00e1ticas en Rumania - 2026","og_description":"Esteban Aparicio Hoyos,\u202festudiante de Klasse 10 del\u202fColegio Alem\u00e1n de Barranquilla,\u202ffue seleccionado\u202fpor la Universidad Antonio Nari\u00f1o, el ente\u202forganizador de las Olimpiadas Colombianas de Matem\u00e1ticas,\u202fpara conformar la delegaci\u00f3n [\u2026]","og_url":"https:\/\/ds-barranquilla.org\/de\/esteban-aparicio-mencion-de-honor-en-la-olimpiada-internacional-de-matematicas-en-rumania\/","og_site_name":"Colegio Alem\u00e1n - Los Mejores Colegios de Colombia - Colegio Triling\u00fce","article_publisher":"https:\/\/www.facebook.com\/ColegioAlemanBaq\/","article_published_time":"2018-07-09T13:51:09+00:00","article_modified_time":"2022-12-21T13:34:29+00:00","og_image":[{"width":612,"height":271,"url":"https:\/\/ds-barranquilla.org\/wp-content\/uploads\/2020\/07\/Esteban-Aparicio-Menci\u00f3n-de-Honor-en-la-Olimpiada-Internacional-de-Matem\u00e1ticas-en-Rumania-1.jpg","type":"image\/jpeg"}],"author":"Comunicaciones Comunicaciones","twitter_card":"summary_large_image","twitter_creator":"@ColegioAlemanBq","twitter_site":"@ColegioAlemanBq","twitter_misc":{"Verfasst von":"Comunicaciones Comunicaciones","Gesch\u00e4tzte Lesezeit":"2\u00a0Minuten"},"schema":{"@context":"https:\/\/schema.org","@graph":[{"@type":"Article","@id":"https:\/\/ds-barranquilla.org\/de\/esteban-aparicio-mencion-de-honor-en-la-olimpiada-internacional-de-matematicas-en-rumania\/#article","isPartOf":{"@id":"https:\/\/ds-barranquilla.org\/de\/esteban-aparicio-mencion-de-honor-en-la-olimpiada-internacional-de-matematicas-en-rumania\/"},"author":{"name":"Comunicaciones Comunicaciones","@id":"https:\/\/ds-barranquilla.org\/#\/schema\/person\/7bf8790ba89d3480e0551241ccdc8d36"},"headline":"Esteban Aparicio, Menci\u00f3n de Honor en la Olimpiada Internacional de Matem\u00e1ticas en Rumania","datePublished":"2018-07-09T13:51:09+00:00","dateModified":"2022-12-21T13:34:29+00:00","mainEntityOfPage":{"@id":"https:\/\/ds-barranquilla.org\/de\/esteban-aparicio-mencion-de-honor-en-la-olimpiada-internacional-de-matematicas-en-rumania\/"},"wordCount":334,"commentCount":0,"publisher":{"@id":"https:\/\/ds-barranquilla.org\/#organization"},"image":{"@id":"https:\/\/ds-barranquilla.org\/de\/esteban-aparicio-mencion-de-honor-en-la-olimpiada-internacional-de-matematicas-en-rumania\/#primaryimage"},"thumbnailUrl":"https:\/\/ds-barranquilla.org\/wp-content\/uploads\/2020\/07\/Esteban-Aparicio-Menci\u00f3n-de-Honor-en-la-Olimpiada-Internacional-de-Matem\u00e1ticas-en-Rumania-1.jpg","keywords":["2019","Proyectos acad\u00e9micos"],"articleSection":["2018","\u00c1rea de Matem\u00e1ticas y F\u00edsica","Oficina de Relaciones Internacionales","Otras noticias"],"inLanguage":"de","potentialAction":[{"@type":"CommentAction","name":"Comment","target":["https:\/\/ds-barranquilla.org\/de\/esteban-aparicio-mencion-de-honor-en-la-olimpiada-internacional-de-matematicas-en-rumania\/#respond"]}]},{"@type":"WebPage","@id":"https:\/\/ds-barranquilla.org\/de\/esteban-aparicio-mencion-de-honor-en-la-olimpiada-internacional-de-matematicas-en-rumania\/","url":"https:\/\/ds-barranquilla.org\/de\/esteban-aparicio-mencion-de-honor-en-la-olimpiada-internacional-de-matematicas-en-rumania\/","name":"Esteban Aparicio, Menci\u00f3n de Honor en la Olimpiada Internacional de Matem\u00e1ticas en Rumania - 2026","isPartOf":{"@id":"https:\/\/ds-barranquilla.org\/#website"},"primaryImageOfPage":{"@id":"https:\/\/ds-barranquilla.org\/de\/esteban-aparicio-mencion-de-honor-en-la-olimpiada-internacional-de-matematicas-en-rumania\/#primaryimage"},"image":{"@id":"https:\/\/ds-barranquilla.org\/de\/esteban-aparicio-mencion-de-honor-en-la-olimpiada-internacional-de-matematicas-en-rumania\/#primaryimage"},"thumbnailUrl":"https:\/\/ds-barranquilla.org\/wp-content\/uploads\/2020\/07\/Esteban-Aparicio-Menci\u00f3n-de-Honor-en-la-Olimpiada-Internacional-de-Matem\u00e1ticas-en-Rumania-1.jpg","datePublished":"2018-07-09T13:51:09+00:00","dateModified":"2022-12-21T13:34:29+00:00","breadcrumb":{"@id":"https:\/\/ds-barranquilla.org\/de\/esteban-aparicio-mencion-de-honor-en-la-olimpiada-internacional-de-matematicas-en-rumania\/#breadcrumb"},"inLanguage":"de","potentialAction":[{"@type":"ReadAction","target":["https:\/\/ds-barranquilla.org\/de\/esteban-aparicio-mencion-de-honor-en-la-olimpiada-internacional-de-matematicas-en-rumania\/"]}]},{"@type":"ImageObject","inLanguage":"de","@id":"https:\/\/ds-barranquilla.org\/de\/esteban-aparicio-mencion-de-honor-en-la-olimpiada-internacional-de-matematicas-en-rumania\/#primaryimage","url":"https:\/\/ds-barranquilla.org\/wp-content\/uploads\/2020\/07\/Esteban-Aparicio-Menci\u00f3n-de-Honor-en-la-Olimpiada-Internacional-de-Matem\u00e1ticas-en-Rumania-1.jpg","contentUrl":"https:\/\/ds-barranquilla.org\/wp-content\/uploads\/2020\/07\/Esteban-Aparicio-Menci\u00f3n-de-Honor-en-la-Olimpiada-Internacional-de-Matem\u00e1ticas-en-Rumania-1.jpg","width":612,"height":271},{"@type":"BreadcrumbList","@id":"https:\/\/ds-barranquilla.org\/de\/esteban-aparicio-mencion-de-honor-en-la-olimpiada-internacional-de-matematicas-en-rumania\/#breadcrumb","itemListElement":[{"@type":"ListItem","position":1,"name":"Portada","item":"https:\/\/ds-barranquilla.org\/"},{"@type":"ListItem","position":2,"name":"Esteban Aparicio, Menci\u00f3n de Honor en la Olimpiada Internacional de Matem\u00e1ticas en Rumania"}]},{"@type":"WebSite","@id":"https:\/\/ds-barranquilla.org\/#website","url":"https:\/\/ds-barranquilla.org\/","name":"Colegio Alem\u00e1n - Los Mejores Colegios de Colombia - Colegio Triling\u00fce","description":"Colegio Alem\u00e1n  Barranquilla Colombia - Colegio Biling\u00fce - Triling\u00fce - El Mejor Colegio de Colombia","publisher":{"@id":"https:\/\/ds-barranquilla.org\/#organization"},"potentialAction":[{"@type":"SearchAction","target":{"@type":"EntryPoint","urlTemplate":"https:\/\/ds-barranquilla.org\/?s={search_term_string}"},"query-input":"required name=search_term_string"}],"inLanguage":"de"},{"@type":"Organization","@id":"https:\/\/ds-barranquilla.org\/#organization","name":"Colegio Alem\u00e1n Barranquilla","url":"https:\/\/ds-barranquilla.org\/","logo":{"@type":"ImageObject","inLanguage":"de","@id":"https:\/\/ds-barranquilla.org\/#\/schema\/logo\/image\/","url":"https:\/\/ds-barranquilla.org\/wp-content\/uploads\/2021\/05\/coleman_logo_2.png","contentUrl":"https:\/\/ds-barranquilla.org\/wp-content\/uploads\/2021\/05\/coleman_logo_2.png","width":418,"height":307,"caption":"Colegio Alem\u00e1n Barranquilla"},"image":{"@id":"https:\/\/ds-barranquilla.org\/#\/schema\/logo\/image\/"},"sameAs":["https:\/\/www.facebook.com\/ColegioAlemanBaq\/","https:\/\/x.com\/ColegioAlemanBq","https:\/\/www.instagram.com\/colegioalemanbaq\/","https:\/\/www.linkedin.com\/school\/deutsche-schule-barranquilla\/","https:\/\/www.youtube.com\/channel\/UCOOGZQCVs6aYRqIWvSN5agQ"]},{"@type":"Person","@id":"https:\/\/ds-barranquilla.org\/#\/schema\/person\/7bf8790ba89d3480e0551241ccdc8d36","name":"Comunicaciones Comunicaciones","image":{"@type":"ImageObject","inLanguage":"de","@id":"https:\/\/ds-barranquilla.org\/#\/schema\/person\/image\/","url":"https:\/\/secure.gravatar.com\/avatar\/a66ba9484a4338d81d6bea750e595038?s=96&d=mm&r=g","contentUrl":"https:\/\/secure.gravatar.com\/avatar\/a66ba9484a4338d81d6bea750e595038?s=96&d=mm&r=g","caption":"Comunicaciones Comunicaciones"}}]}},"_links":{"self":[{"href":"https:\/\/ds-barranquilla.org\/de\/wp-json\/wp\/v2\/posts\/4792"}],"collection":[{"href":"https:\/\/ds-barranquilla.org\/de\/wp-json\/wp\/v2\/posts"}],"about":[{"href":"https:\/\/ds-barranquilla.org\/de\/wp-json\/wp\/v2\/types\/post"}],"author":[{"embeddable":true,"href":"https:\/\/ds-barranquilla.org\/de\/wp-json\/wp\/v2\/users\/16"}],"replies":[{"embeddable":true,"href":"https:\/\/ds-barranquilla.org\/de\/wp-json\/wp\/v2\/comments?post=4792"}],"version-history":[{"count":1,"href":"https:\/\/ds-barranquilla.org\/de\/wp-json\/wp\/v2\/posts\/4792\/revisions"}],"predecessor-version":[{"id":4795,"href":"https:\/\/ds-barranquilla.org\/de\/wp-json\/wp\/v2\/posts\/4792\/revisions\/4795"}],"wp:featuredmedia":[{"embeddable":true,"href":"https:\/\/ds-barranquilla.org\/de\/wp-json\/wp\/v2\/media\/4794"}],"wp:attachment":[{"href":"https:\/\/ds-barranquilla.org\/de\/wp-json\/wp\/v2\/media?parent=4792"}],"wp:term":[{"taxonomy":"category","embeddable":true,"href":"https:\/\/ds-barranquilla.org\/de\/wp-json\/wp\/v2\/categories?post=4792"},{"taxonomy":"post_tag","embeddable":true,"href":"https:\/\/ds-barranquilla.org\/de\/wp-json\/wp\/v2\/tags?post=4792"}],"curies":[{"name":"wp","href":"https:\/\/api.w.org\/{rel}","templated":true}]}}