{"id":4801,"date":"2018-11-09T09:46:23","date_gmt":"2018-11-09T14:46:23","guid":{"rendered":"https:\/\/ds-barranquilla.org\/?p=4801"},"modified":"2023-01-04T11:52:45","modified_gmt":"2023-01-04T16:52:45","slug":"desfile-de-sankt-martin","status":"publish","type":"post","link":"https:\/\/ds-barranquilla.org\/de\/desfile-de-sankt-martin\/","title":{"rendered":"Desfile de Sankt Martin"},"content":{"rendered":"<p>La noche del viernes 9 de noviembre se torn\u00f3 m\u00e1gica con las luces de los faroles de nuestros ni\u00f1os, que guiaban al ritmo de su canto el camino de Sankt Martin en el parqueadero del Colegio Alem\u00e1n.<\/p>\n<p>Nuestros estudiantes desde Kinder hasta Klasse 2 estuvieron prepar\u00e1ndose desde hace algunas semanas para este gran evento. Los mas peque\u00f1os elaboraron sus faroles, los cuales eran de diferentes motivos y tambi\u00e9n ensayaron las tradicionales canciones de Sankt Martin con sus profesores de alem\u00e1n.<\/p>\n<p>A la luz de esos faroles, los ni\u00f1os desfilaron acompa\u00f1ados de Sankt Martin en un caballo y sus cuatro soldados. Tras el desfile hubo una breve representaci\u00f3n de la historia de Sankt Martin y el mendigo, la cual fue caracterizada por deportistas de las delegaciones de los Juegos de la Amistad: Bogot\u00e1, Medell\u00edn, Cali y Barranquilla.<\/p>\n<p>Despu\u00e9s de la gran actuaci\u00f3n de los deportistas, cada uno de los ni\u00f1os recibi\u00f3 el tradicional pan de Sankt Martin.<\/p>\n<p>Esta tradici\u00f3n que mantenemos en el Colegio Alem\u00e1n de Barranquilla ense\u00f1a a los ni\u00f1os el valor de la humildad y la importancia de dar la mano a quien lo necesita.<\/p>\n<p>&gt;&gt; Weitere Fotos auf Facebook<\/p>","protected":false},"excerpt":{"rendered":"<p>La noche del viernes 9 de noviembre se torn\u00f3 m\u00e1gica con las luces de los faroles de nuestros ni\u00f1os, que guiaban al ritmo de su canto<span class=\"excerpt-hellip\"> [\u2026]<\/span><\/p>","protected":false},"author":16,"featured_media":4803,"comment_status":"open","ping_status":"open","sticky":false,"template":"","format":"standard","meta":{"_exactmetrics_skip_tracking":false,"_exactmetrics_sitenote_active":false,"_exactmetrics_sitenote_note":"","_exactmetrics_sitenote_category":0,"_joinchat":[],"footnotes":""},"categories":[678,673,677,674],"tags":[439,432,431,443],"class_list":["post-4801","post","type-post","status-publish","format-standard","has-post-thumbnail","hentry","category-678","category-area-de-aleman","category-kindergarten","category-lengua-y-cultura-alemana","tag-439","tag-aleman","tag-primaria","tag-secundaria"],"yoast_head":"<!-- This site is optimized with the Yoast SEO plugin v23.3 - https:\/\/yoast.com\/wordpress\/plugins\/seo\/ -->\n<title>Desfile de Sankt Martin - 2026<\/title>\n<meta name=\"robots\" content=\"noindex, follow, max-snippet:-1, max-image-preview:large, max-video-preview:-1\" \/>\n<meta property=\"og:locale\" content=\"de_DE\" \/>\n<meta property=\"og:type\" content=\"article\" \/>\n<meta property=\"og:title\" content=\"Desfile de Sankt Martin - 2026\" \/>\n<meta property=\"og:description\" content=\"La noche del viernes 9 de noviembre se torn\u00f3 m\u00e1gica con las luces de los faroles de nuestros ni\u00f1os, que guiaban al ritmo de su canto [\u2026]\" \/>\n<meta property=\"og:url\" content=\"https:\/\/ds-barranquilla.org\/de\/desfile-de-sankt-martin\/\" \/>\n<meta property=\"og:site_name\" content=\"Colegio Alem\u00e1n - Los Mejores Colegios de Colombia - Colegio Triling\u00fce\" \/>\n<meta property=\"article:publisher\" content=\"https:\/\/www.facebook.com\/ColegioAlemanBaq\/\" \/>\n<meta property=\"article:published_time\" content=\"2018-11-09T14:46:23+00:00\" \/>\n<meta property=\"article:modified_time\" content=\"2023-01-04T16:52:45+00:00\" \/>\n<meta property=\"og:image\" content=\"https:\/\/ds-barranquilla.org\/wp-content\/uploads\/2020\/07\/Desfile-de-Sankt-Martin.jpg\" \/>\n\t<meta property=\"og:image:width\" content=\"570\" \/>\n\t<meta property=\"og:image:height\" content=\"253\" \/>\n\t<meta property=\"og:image:type\" content=\"image\/jpeg\" \/>\n<meta name=\"author\" content=\"Comunicaciones Comunicaciones\" \/>\n<meta name=\"twitter:card\" content=\"summary_large_image\" \/>\n<meta name=\"twitter:creator\" content=\"@ColegioAlemanBq\" \/>\n<meta name=\"twitter:site\" content=\"@ColegioAlemanBq\" \/>\n<meta name=\"twitter:label1\" content=\"Verfasst von\" \/>\n\t<meta name=\"twitter:data1\" content=\"Comunicaciones Comunicaciones\" \/>\n\t<meta name=\"twitter:label2\" content=\"Gesch\u00e4tzte Lesezeit\" \/>\n\t<meta name=\"twitter:data2\" content=\"1\u00a0Minute\" \/>\n<script type=\"application\/ld+json\" class=\"yoast-schema-graph\">{\"@context\":\"https:\/\/schema.org\",\"@graph\":[{\"@type\":\"Article\",\"@id\":\"https:\/\/ds-barranquilla.org\/desfile-de-sankt-martin\/#article\",\"isPartOf\":{\"@id\":\"https:\/\/ds-barranquilla.org\/desfile-de-sankt-martin\/\"},\"author\":{\"name\":\"Comunicaciones Comunicaciones\",\"@id\":\"https:\/\/ds-barranquilla.org\/#\/schema\/person\/7bf8790ba89d3480e0551241ccdc8d36\"},\"headline\":\"Desfile de Sankt Martin\",\"datePublished\":\"2018-11-09T14:46:23+00:00\",\"dateModified\":\"2023-01-04T16:52:45+00:00\",\"mainEntityOfPage\":{\"@id\":\"https:\/\/ds-barranquilla.org\/desfile-de-sankt-martin\/\"},\"wordCount\":213,\"commentCount\":0,\"publisher\":{\"@id\":\"https:\/\/ds-barranquilla.org\/#organization\"},\"image\":{\"@id\":\"https:\/\/ds-barranquilla.org\/desfile-de-sankt-martin\/#primaryimage\"},\"thumbnailUrl\":\"https:\/\/ds-barranquilla.org\/wp-content\/uploads\/2020\/07\/Desfile-de-Sankt-Martin.jpg\",\"keywords\":[\"2018\",\"Alem\u00e1n\",\"Primaria\",\"secundaria\"],\"articleSection\":[\"2018\",\"\u00c1rea de Alem\u00e1n\",\"Kindergarten\",\"Lengua y Cultura Alemana\"],\"inLanguage\":\"de\",\"potentialAction\":[{\"@type\":\"CommentAction\",\"name\":\"Comment\",\"target\":[\"https:\/\/ds-barranquilla.org\/desfile-de-sankt-martin\/#respond\"]}]},{\"@type\":\"WebPage\",\"@id\":\"https:\/\/ds-barranquilla.org\/desfile-de-sankt-martin\/\",\"url\":\"https:\/\/ds-barranquilla.org\/desfile-de-sankt-martin\/\",\"name\":\"Desfile de Sankt Martin - 2026\",\"isPartOf\":{\"@id\":\"https:\/\/ds-barranquilla.org\/#website\"},\"primaryImageOfPage\":{\"@id\":\"https:\/\/ds-barranquilla.org\/desfile-de-sankt-martin\/#primaryimage\"},\"image\":{\"@id\":\"https:\/\/ds-barranquilla.org\/desfile-de-sankt-martin\/#primaryimage\"},\"thumbnailUrl\":\"https:\/\/ds-barranquilla.org\/wp-content\/uploads\/2020\/07\/Desfile-de-Sankt-Martin.jpg\",\"datePublished\":\"2018-11-09T14:46:23+00:00\",\"dateModified\":\"2023-01-04T16:52:45+00:00\",\"breadcrumb\":{\"@id\":\"https:\/\/ds-barranquilla.org\/desfile-de-sankt-martin\/#breadcrumb\"},\"inLanguage\":\"de\",\"potentialAction\":[{\"@type\":\"ReadAction\",\"target\":[\"https:\/\/ds-barranquilla.org\/desfile-de-sankt-martin\/\"]}]},{\"@type\":\"ImageObject\",\"inLanguage\":\"de\",\"@id\":\"https:\/\/ds-barranquilla.org\/desfile-de-sankt-martin\/#primaryimage\",\"url\":\"https:\/\/ds-barranquilla.org\/wp-content\/uploads\/2020\/07\/Desfile-de-Sankt-Martin.jpg\",\"contentUrl\":\"https:\/\/ds-barranquilla.org\/wp-content\/uploads\/2020\/07\/Desfile-de-Sankt-Martin.jpg\",\"width\":570,\"height\":253},{\"@type\":\"BreadcrumbList\",\"@id\":\"https:\/\/ds-barranquilla.org\/desfile-de-sankt-martin\/#breadcrumb\",\"itemListElement\":[{\"@type\":\"ListItem\",\"position\":1,\"name\":\"Portada\",\"item\":\"https:\/\/ds-barranquilla.org\/\"},{\"@type\":\"ListItem\",\"position\":2,\"name\":\"Desfile de Sankt Martin\"}]},{\"@type\":\"WebSite\",\"@id\":\"https:\/\/ds-barranquilla.org\/#website\",\"url\":\"https:\/\/ds-barranquilla.org\/\",\"name\":\"Colegio Alem\u00e1n - Los Mejores Colegios de Colombia - Colegio Triling\u00fce\",\"description\":\"Colegio Alem\u00e1n  Barranquilla Colombia - Colegio Biling\u00fce - Triling\u00fce - El Mejor Colegio de Colombia\",\"publisher\":{\"@id\":\"https:\/\/ds-barranquilla.org\/#organization\"},\"potentialAction\":[{\"@type\":\"SearchAction\",\"target\":{\"@type\":\"EntryPoint\",\"urlTemplate\":\"https:\/\/ds-barranquilla.org\/?s={search_term_string}\"},\"query-input\":\"required name=search_term_string\"}],\"inLanguage\":\"de\"},{\"@type\":\"Organization\",\"@id\":\"https:\/\/ds-barranquilla.org\/#organization\",\"name\":\"Colegio Alem\u00e1n Barranquilla\",\"url\":\"https:\/\/ds-barranquilla.org\/\",\"logo\":{\"@type\":\"ImageObject\",\"inLanguage\":\"de\",\"@id\":\"https:\/\/ds-barranquilla.org\/#\/schema\/logo\/image\/\",\"url\":\"https:\/\/ds-barranquilla.org\/wp-content\/uploads\/2021\/05\/coleman_logo_2.png\",\"contentUrl\":\"https:\/\/ds-barranquilla.org\/wp-content\/uploads\/2021\/05\/coleman_logo_2.png\",\"width\":418,\"height\":307,\"caption\":\"Colegio Alem\u00e1n Barranquilla\"},\"image\":{\"@id\":\"https:\/\/ds-barranquilla.org\/#\/schema\/logo\/image\/\"},\"sameAs\":[\"https:\/\/www.facebook.com\/ColegioAlemanBaq\/\",\"https:\/\/x.com\/ColegioAlemanBq\",\"https:\/\/www.instagram.com\/colegioalemanbaq\/\",\"https:\/\/www.linkedin.com\/school\/deutsche-schule-barranquilla\/\",\"https:\/\/www.youtube.com\/channel\/UCOOGZQCVs6aYRqIWvSN5agQ\"]},{\"@type\":\"Person\",\"@id\":\"https:\/\/ds-barranquilla.org\/#\/schema\/person\/7bf8790ba89d3480e0551241ccdc8d36\",\"name\":\"Comunicaciones Comunicaciones\",\"image\":{\"@type\":\"ImageObject\",\"inLanguage\":\"de\",\"@id\":\"https:\/\/ds-barranquilla.org\/#\/schema\/person\/image\/\",\"url\":\"https:\/\/secure.gravatar.com\/avatar\/a66ba9484a4338d81d6bea750e595038?s=96&d=mm&r=g\",\"contentUrl\":\"https:\/\/secure.gravatar.com\/avatar\/a66ba9484a4338d81d6bea750e595038?s=96&d=mm&r=g\",\"caption\":\"Comunicaciones Comunicaciones\"}}]}<\/script>\n<!-- \/ Yoast SEO plugin. -->","yoast_head_json":{"title":"Desfile de Sankt Martin - 2026","robots":{"index":"noindex","follow":"follow","max-snippet":"max-snippet:-1","max-image-preview":"max-image-preview:large","max-video-preview":"max-video-preview:-1"},"og_locale":"de_DE","og_type":"article","og_title":"Desfile de Sankt Martin - 2026","og_description":"La noche del viernes 9 de noviembre se torn\u00f3 m\u00e1gica con las luces de los faroles de nuestros ni\u00f1os, que guiaban al ritmo de su canto [\u2026]","og_url":"https:\/\/ds-barranquilla.org\/de\/desfile-de-sankt-martin\/","og_site_name":"Colegio Alem\u00e1n - Los Mejores Colegios de Colombia - Colegio Triling\u00fce","article_publisher":"https:\/\/www.facebook.com\/ColegioAlemanBaq\/","article_published_time":"2018-11-09T14:46:23+00:00","article_modified_time":"2023-01-04T16:52:45+00:00","og_image":[{"width":570,"height":253,"url":"https:\/\/ds-barranquilla.org\/wp-content\/uploads\/2020\/07\/Desfile-de-Sankt-Martin.jpg","type":"image\/jpeg"}],"author":"Comunicaciones Comunicaciones","twitter_card":"summary_large_image","twitter_creator":"@ColegioAlemanBq","twitter_site":"@ColegioAlemanBq","twitter_misc":{"Verfasst von":"Comunicaciones Comunicaciones","Gesch\u00e4tzte Lesezeit":"1\u00a0Minute"},"schema":{"@context":"https:\/\/schema.org","@graph":[{"@type":"Article","@id":"https:\/\/ds-barranquilla.org\/desfile-de-sankt-martin\/#article","isPartOf":{"@id":"https:\/\/ds-barranquilla.org\/desfile-de-sankt-martin\/"},"author":{"name":"Comunicaciones Comunicaciones","@id":"https:\/\/ds-barranquilla.org\/#\/schema\/person\/7bf8790ba89d3480e0551241ccdc8d36"},"headline":"Desfile de Sankt Martin","datePublished":"2018-11-09T14:46:23+00:00","dateModified":"2023-01-04T16:52:45+00:00","mainEntityOfPage":{"@id":"https:\/\/ds-barranquilla.org\/desfile-de-sankt-martin\/"},"wordCount":213,"commentCount":0,"publisher":{"@id":"https:\/\/ds-barranquilla.org\/#organization"},"image":{"@id":"https:\/\/ds-barranquilla.org\/desfile-de-sankt-martin\/#primaryimage"},"thumbnailUrl":"https:\/\/ds-barranquilla.org\/wp-content\/uploads\/2020\/07\/Desfile-de-Sankt-Martin.jpg","keywords":["2018","Alem\u00e1n","Primaria","secundaria"],"articleSection":["2018","\u00c1rea de Alem\u00e1n","Kindergarten","Lengua y Cultura Alemana"],"inLanguage":"de","potentialAction":[{"@type":"CommentAction","name":"Comment","target":["https:\/\/ds-barranquilla.org\/desfile-de-sankt-martin\/#respond"]}]},{"@type":"WebPage","@id":"https:\/\/ds-barranquilla.org\/desfile-de-sankt-martin\/","url":"https:\/\/ds-barranquilla.org\/desfile-de-sankt-martin\/","name":"Desfile de Sankt Martin - 2026","isPartOf":{"@id":"https:\/\/ds-barranquilla.org\/#website"},"primaryImageOfPage":{"@id":"https:\/\/ds-barranquilla.org\/desfile-de-sankt-martin\/#primaryimage"},"image":{"@id":"https:\/\/ds-barranquilla.org\/desfile-de-sankt-martin\/#primaryimage"},"thumbnailUrl":"https:\/\/ds-barranquilla.org\/wp-content\/uploads\/2020\/07\/Desfile-de-Sankt-Martin.jpg","datePublished":"2018-11-09T14:46:23+00:00","dateModified":"2023-01-04T16:52:45+00:00","breadcrumb":{"@id":"https:\/\/ds-barranquilla.org\/desfile-de-sankt-martin\/#breadcrumb"},"inLanguage":"de","potentialAction":[{"@type":"ReadAction","target":["https:\/\/ds-barranquilla.org\/desfile-de-sankt-martin\/"]}]},{"@type":"ImageObject","inLanguage":"de","@id":"https:\/\/ds-barranquilla.org\/desfile-de-sankt-martin\/#primaryimage","url":"https:\/\/ds-barranquilla.org\/wp-content\/uploads\/2020\/07\/Desfile-de-Sankt-Martin.jpg","contentUrl":"https:\/\/ds-barranquilla.org\/wp-content\/uploads\/2020\/07\/Desfile-de-Sankt-Martin.jpg","width":570,"height":253},{"@type":"BreadcrumbList","@id":"https:\/\/ds-barranquilla.org\/desfile-de-sankt-martin\/#breadcrumb","itemListElement":[{"@type":"ListItem","position":1,"name":"Portada","item":"https:\/\/ds-barranquilla.org\/"},{"@type":"ListItem","position":2,"name":"Desfile de Sankt Martin"}]},{"@type":"WebSite","@id":"https:\/\/ds-barranquilla.org\/#website","url":"https:\/\/ds-barranquilla.org\/","name":"Colegio Alem\u00e1n - Los Mejores Colegios de Colombia - Colegio Triling\u00fce","description":"Colegio Alem\u00e1n  Barranquilla Colombia - Colegio Biling\u00fce - Triling\u00fce - El Mejor Colegio de Colombia","publisher":{"@id":"https:\/\/ds-barranquilla.org\/#organization"},"potentialAction":[{"@type":"SearchAction","target":{"@type":"EntryPoint","urlTemplate":"https:\/\/ds-barranquilla.org\/?s={search_term_string}"},"query-input":"required name=search_term_string"}],"inLanguage":"de"},{"@type":"Organization","@id":"https:\/\/ds-barranquilla.org\/#organization","name":"Colegio Alem\u00e1n Barranquilla","url":"https:\/\/ds-barranquilla.org\/","logo":{"@type":"ImageObject","inLanguage":"de","@id":"https:\/\/ds-barranquilla.org\/#\/schema\/logo\/image\/","url":"https:\/\/ds-barranquilla.org\/wp-content\/uploads\/2021\/05\/coleman_logo_2.png","contentUrl":"https:\/\/ds-barranquilla.org\/wp-content\/uploads\/2021\/05\/coleman_logo_2.png","width":418,"height":307,"caption":"Colegio Alem\u00e1n Barranquilla"},"image":{"@id":"https:\/\/ds-barranquilla.org\/#\/schema\/logo\/image\/"},"sameAs":["https:\/\/www.facebook.com\/ColegioAlemanBaq\/","https:\/\/x.com\/ColegioAlemanBq","https:\/\/www.instagram.com\/colegioalemanbaq\/","https:\/\/www.linkedin.com\/school\/deutsche-schule-barranquilla\/","https:\/\/www.youtube.com\/channel\/UCOOGZQCVs6aYRqIWvSN5agQ"]},{"@type":"Person","@id":"https:\/\/ds-barranquilla.org\/#\/schema\/person\/7bf8790ba89d3480e0551241ccdc8d36","name":"Comunicaciones Comunicaciones","image":{"@type":"ImageObject","inLanguage":"de","@id":"https:\/\/ds-barranquilla.org\/#\/schema\/person\/image\/","url":"https:\/\/secure.gravatar.com\/avatar\/a66ba9484a4338d81d6bea750e595038?s=96&d=mm&r=g","contentUrl":"https:\/\/secure.gravatar.com\/avatar\/a66ba9484a4338d81d6bea750e595038?s=96&d=mm&r=g","caption":"Comunicaciones Comunicaciones"}}]}},"_links":{"self":[{"href":"https:\/\/ds-barranquilla.org\/de\/wp-json\/wp\/v2\/posts\/4801"}],"collection":[{"href":"https:\/\/ds-barranquilla.org\/de\/wp-json\/wp\/v2\/posts"}],"about":[{"href":"https:\/\/ds-barranquilla.org\/de\/wp-json\/wp\/v2\/types\/post"}],"author":[{"embeddable":true,"href":"https:\/\/ds-barranquilla.org\/de\/wp-json\/wp\/v2\/users\/16"}],"replies":[{"embeddable":true,"href":"https:\/\/ds-barranquilla.org\/de\/wp-json\/wp\/v2\/comments?post=4801"}],"version-history":[{"count":1,"href":"https:\/\/ds-barranquilla.org\/de\/wp-json\/wp\/v2\/posts\/4801\/revisions"}],"predecessor-version":[{"id":4804,"href":"https:\/\/ds-barranquilla.org\/de\/wp-json\/wp\/v2\/posts\/4801\/revisions\/4804"}],"wp:featuredmedia":[{"embeddable":true,"href":"https:\/\/ds-barranquilla.org\/de\/wp-json\/wp\/v2\/media\/4803"}],"wp:attachment":[{"href":"https:\/\/ds-barranquilla.org\/de\/wp-json\/wp\/v2\/media?parent=4801"}],"wp:term":[{"taxonomy":"category","embeddable":true,"href":"https:\/\/ds-barranquilla.org\/de\/wp-json\/wp\/v2\/categories?post=4801"},{"taxonomy":"post_tag","embeddable":true,"href":"https:\/\/ds-barranquilla.org\/de\/wp-json\/wp\/v2\/tags?post=4801"}],"curies":[{"name":"wp","href":"https:\/\/api.w.org\/{rel}","templated":true}]}}