{"id":4843,"date":"2018-05-11T09:54:46","date_gmt":"2018-05-11T14:54:46","guid":{"rendered":"https:\/\/ds-barranquilla.org\/?p=4843"},"modified":"2022-12-21T08:21:32","modified_gmt":"2022-12-21T13:21:32","slug":"abajo-el-calor-festival-de-natacion","status":"publish","type":"post","link":"https:\/\/ds-barranquilla.org\/de\/abajo-el-calor-festival-de-natacion\/","title":{"rendered":"Abajo el calor: \u00a1Festival de Nataci\u00f3n!"},"content":{"rendered":"<p>Der hei\u00dfe Morgen des 11. Mai war ein Sportfest f\u00fcr unsere Sch\u00fclerinnen und Sch\u00fcler der 3. und 4. Klasse, die sich \u00fcber das Schwimmfest unserer Sportfachschaft freuen konnten.<\/p>\n<p>Unsere Sch\u00fclerinnen und Sch\u00fcler traten in verschiedenen Kategorien an, w\u00e4hrend ihre Klassenkameradinnen und -kameraden und ihre Lehrerinnen und Lehrer sie von der Trib\u00fcne aus anfeuerten und die Musik des Augenblicks genossen.<\/p>\n<p>Am Ende erhielt jeder ein Teilnahmezertifikat, um einen nachhaltigen Anreiz f\u00fcr das Schwimmen zu geben und damit sie in die Fu\u00dfstapfen von jungen Sportlerinnen und Sportlern treten, wie sie an unserer Schule ausgebildet werden.<\/p>\n<p>Unsere Sch\u00fclerinnen und Sch\u00fcler sind bewusst, trainieren und konkurrieren auf eine gesunde Art und Weise!<\/p>\n<p>&nbsp;<\/p>","protected":false},"excerpt":{"rendered":"<p>La calurosa ma\u00f1ana del 11 de mayo fue una fiesta deportiva para nuestros estudiantes de\u202fKlasse 3\u202fy\u202fKlasse 4,\u202fquienes disfrutaron el\u202fFestival de Nataci\u00f3n\u202forganizado por el \u00e1rea de\u202fDeportes. Nuestros<span class=\"excerpt-hellip\"> [\u2026]<\/span><\/p>","protected":false},"author":16,"featured_media":4844,"comment_status":"open","ping_status":"open","sticky":false,"template":"","format":"standard","meta":{"_exactmetrics_skip_tracking":false,"_exactmetrics_sitenote_active":false,"_exactmetrics_sitenote_note":"","_exactmetrics_sitenote_category":0,"_joinchat":[],"footnotes":""},"categories":[678,687],"tags":[439,453,431],"class_list":["post-4843","post","type-post","status-publish","format-standard","has-post-thumbnail","hentry","category-678","category-area-de-deportes","tag-439","tag-deportes","tag-primaria"],"yoast_head":"<!-- This site is optimized with the Yoast SEO plugin v23.3 - https:\/\/yoast.com\/wordpress\/plugins\/seo\/ -->\n<title>Abajo el calor: \u00a1Festival de Nataci\u00f3n! - 2026<\/title>\n<meta name=\"robots\" content=\"noindex, follow, max-snippet:-1, max-image-preview:large, max-video-preview:-1\" \/>\n<meta property=\"og:locale\" content=\"de_DE\" \/>\n<meta property=\"og:type\" content=\"article\" \/>\n<meta property=\"og:title\" content=\"Abajo el calor: \u00a1Festival de Nataci\u00f3n! - 2026\" \/>\n<meta property=\"og:description\" content=\"La calurosa ma\u00f1ana del 11 de mayo fue una fiesta deportiva para nuestros estudiantes de\u202fKlasse 3\u202fy\u202fKlasse 4,\u202fquienes disfrutaron el\u202fFestival de Nataci\u00f3n\u202forganizado por el \u00e1rea de\u202fDeportes. Nuestros [\u2026]\" \/>\n<meta property=\"og:url\" content=\"https:\/\/ds-barranquilla.org\/de\/abajo-el-calor-festival-de-natacion\/\" \/>\n<meta property=\"og:site_name\" content=\"Colegio Alem\u00e1n - Los Mejores Colegios de Colombia - Colegio Triling\u00fce\" \/>\n<meta property=\"article:publisher\" content=\"https:\/\/www.facebook.com\/ColegioAlemanBaq\/\" \/>\n<meta property=\"article:published_time\" content=\"2018-05-11T14:54:46+00:00\" \/>\n<meta property=\"article:modified_time\" content=\"2022-12-21T13:21:32+00:00\" \/>\n<meta property=\"og:image\" content=\"https:\/\/ds-barranquilla.org\/wp-content\/uploads\/2020\/07\/Abajo-el-calor-\u00a1Festival-de-Nataci\u00f3n.jpg\" \/>\n\t<meta property=\"og:image:width\" content=\"509\" \/>\n\t<meta property=\"og:image:height\" content=\"221\" \/>\n\t<meta property=\"og:image:type\" content=\"image\/jpeg\" \/>\n<meta name=\"author\" content=\"Comunicaciones Comunicaciones\" \/>\n<meta name=\"twitter:card\" content=\"summary_large_image\" \/>\n<meta name=\"twitter:creator\" content=\"@ColegioAlemanBq\" \/>\n<meta name=\"twitter:site\" content=\"@ColegioAlemanBq\" \/>\n<meta name=\"twitter:label1\" content=\"Verfasst von\" \/>\n\t<meta name=\"twitter:data1\" content=\"Comunicaciones Comunicaciones\" \/>\n\t<meta name=\"twitter:label2\" content=\"Gesch\u00e4tzte Lesezeit\" \/>\n\t<meta name=\"twitter:data2\" content=\"1\u00a0Minute\" \/>\n<script type=\"application\/ld+json\" class=\"yoast-schema-graph\">{\"@context\":\"https:\/\/schema.org\",\"@graph\":[{\"@type\":\"Article\",\"@id\":\"https:\/\/ds-barranquilla.org\/abajo-el-calor-festival-de-natacion\/#article\",\"isPartOf\":{\"@id\":\"https:\/\/ds-barranquilla.org\/abajo-el-calor-festival-de-natacion\/\"},\"author\":{\"name\":\"Comunicaciones Comunicaciones\",\"@id\":\"https:\/\/ds-barranquilla.org\/#\/schema\/person\/7bf8790ba89d3480e0551241ccdc8d36\"},\"headline\":\"Abajo el calor: \u00a1Festival de Nataci\u00f3n!\",\"datePublished\":\"2018-05-11T14:54:46+00:00\",\"dateModified\":\"2022-12-21T13:21:32+00:00\",\"mainEntityOfPage\":{\"@id\":\"https:\/\/ds-barranquilla.org\/abajo-el-calor-festival-de-natacion\/\"},\"wordCount\":111,\"commentCount\":0,\"publisher\":{\"@id\":\"https:\/\/ds-barranquilla.org\/#organization\"},\"image\":{\"@id\":\"https:\/\/ds-barranquilla.org\/abajo-el-calor-festival-de-natacion\/#primaryimage\"},\"thumbnailUrl\":\"https:\/\/ds-barranquilla.org\/wp-content\/uploads\/2020\/07\/Abajo-el-calor-\u00a1Festival-de-Nataci\u00f3n.jpg\",\"keywords\":[\"2018\",\"Deportes\",\"Primaria\"],\"articleSection\":[\"2018\",\"\u00c1rea de Deportes\"],\"inLanguage\":\"de\",\"potentialAction\":[{\"@type\":\"CommentAction\",\"name\":\"Comment\",\"target\":[\"https:\/\/ds-barranquilla.org\/abajo-el-calor-festival-de-natacion\/#respond\"]}]},{\"@type\":\"WebPage\",\"@id\":\"https:\/\/ds-barranquilla.org\/abajo-el-calor-festival-de-natacion\/\",\"url\":\"https:\/\/ds-barranquilla.org\/abajo-el-calor-festival-de-natacion\/\",\"name\":\"Abajo el calor: \u00a1Festival de Nataci\u00f3n! - 2026\",\"isPartOf\":{\"@id\":\"https:\/\/ds-barranquilla.org\/#website\"},\"primaryImageOfPage\":{\"@id\":\"https:\/\/ds-barranquilla.org\/abajo-el-calor-festival-de-natacion\/#primaryimage\"},\"image\":{\"@id\":\"https:\/\/ds-barranquilla.org\/abajo-el-calor-festival-de-natacion\/#primaryimage\"},\"thumbnailUrl\":\"https:\/\/ds-barranquilla.org\/wp-content\/uploads\/2020\/07\/Abajo-el-calor-\u00a1Festival-de-Nataci\u00f3n.jpg\",\"datePublished\":\"2018-05-11T14:54:46+00:00\",\"dateModified\":\"2022-12-21T13:21:32+00:00\",\"breadcrumb\":{\"@id\":\"https:\/\/ds-barranquilla.org\/abajo-el-calor-festival-de-natacion\/#breadcrumb\"},\"inLanguage\":\"de\",\"potentialAction\":[{\"@type\":\"ReadAction\",\"target\":[\"https:\/\/ds-barranquilla.org\/abajo-el-calor-festival-de-natacion\/\"]}]},{\"@type\":\"ImageObject\",\"inLanguage\":\"de\",\"@id\":\"https:\/\/ds-barranquilla.org\/abajo-el-calor-festival-de-natacion\/#primaryimage\",\"url\":\"https:\/\/ds-barranquilla.org\/wp-content\/uploads\/2020\/07\/Abajo-el-calor-\u00a1Festival-de-Nataci\u00f3n.jpg\",\"contentUrl\":\"https:\/\/ds-barranquilla.org\/wp-content\/uploads\/2020\/07\/Abajo-el-calor-\u00a1Festival-de-Nataci\u00f3n.jpg\",\"width\":509,\"height\":221},{\"@type\":\"BreadcrumbList\",\"@id\":\"https:\/\/ds-barranquilla.org\/abajo-el-calor-festival-de-natacion\/#breadcrumb\",\"itemListElement\":[{\"@type\":\"ListItem\",\"position\":1,\"name\":\"Portada\",\"item\":\"https:\/\/ds-barranquilla.org\/\"},{\"@type\":\"ListItem\",\"position\":2,\"name\":\"Abajo el calor: \u00a1Festival de Nataci\u00f3n!\"}]},{\"@type\":\"WebSite\",\"@id\":\"https:\/\/ds-barranquilla.org\/#website\",\"url\":\"https:\/\/ds-barranquilla.org\/\",\"name\":\"Colegio Alem\u00e1n - Los Mejores Colegios de Colombia - Colegio Triling\u00fce\",\"description\":\"Colegio Alem\u00e1n  Barranquilla Colombia - Colegio Biling\u00fce - Triling\u00fce - El Mejor Colegio de Colombia\",\"publisher\":{\"@id\":\"https:\/\/ds-barranquilla.org\/#organization\"},\"potentialAction\":[{\"@type\":\"SearchAction\",\"target\":{\"@type\":\"EntryPoint\",\"urlTemplate\":\"https:\/\/ds-barranquilla.org\/?s={search_term_string}\"},\"query-input\":\"required name=search_term_string\"}],\"inLanguage\":\"de\"},{\"@type\":\"Organization\",\"@id\":\"https:\/\/ds-barranquilla.org\/#organization\",\"name\":\"Colegio Alem\u00e1n Barranquilla\",\"url\":\"https:\/\/ds-barranquilla.org\/\",\"logo\":{\"@type\":\"ImageObject\",\"inLanguage\":\"de\",\"@id\":\"https:\/\/ds-barranquilla.org\/#\/schema\/logo\/image\/\",\"url\":\"https:\/\/ds-barranquilla.org\/wp-content\/uploads\/2021\/05\/coleman_logo_2.png\",\"contentUrl\":\"https:\/\/ds-barranquilla.org\/wp-content\/uploads\/2021\/05\/coleman_logo_2.png\",\"width\":418,\"height\":307,\"caption\":\"Colegio Alem\u00e1n Barranquilla\"},\"image\":{\"@id\":\"https:\/\/ds-barranquilla.org\/#\/schema\/logo\/image\/\"},\"sameAs\":[\"https:\/\/www.facebook.com\/ColegioAlemanBaq\/\",\"https:\/\/x.com\/ColegioAlemanBq\",\"https:\/\/www.instagram.com\/colegioalemanbaq\/\",\"https:\/\/www.linkedin.com\/school\/deutsche-schule-barranquilla\/\",\"https:\/\/www.youtube.com\/channel\/UCOOGZQCVs6aYRqIWvSN5agQ\"]},{\"@type\":\"Person\",\"@id\":\"https:\/\/ds-barranquilla.org\/#\/schema\/person\/7bf8790ba89d3480e0551241ccdc8d36\",\"name\":\"Comunicaciones Comunicaciones\",\"image\":{\"@type\":\"ImageObject\",\"inLanguage\":\"de\",\"@id\":\"https:\/\/ds-barranquilla.org\/#\/schema\/person\/image\/\",\"url\":\"https:\/\/secure.gravatar.com\/avatar\/a66ba9484a4338d81d6bea750e595038?s=96&d=mm&r=g\",\"contentUrl\":\"https:\/\/secure.gravatar.com\/avatar\/a66ba9484a4338d81d6bea750e595038?s=96&d=mm&r=g\",\"caption\":\"Comunicaciones Comunicaciones\"}}]}<\/script>\n<!-- \/ Yoast SEO plugin. -->","yoast_head_json":{"title":"Abajo el calor: \u00a1Festival de Nataci\u00f3n! - 2026","robots":{"index":"noindex","follow":"follow","max-snippet":"max-snippet:-1","max-image-preview":"max-image-preview:large","max-video-preview":"max-video-preview:-1"},"og_locale":"de_DE","og_type":"article","og_title":"Abajo el calor: \u00a1Festival de Nataci\u00f3n! - 2026","og_description":"La calurosa ma\u00f1ana del 11 de mayo fue una fiesta deportiva para nuestros estudiantes de\u202fKlasse 3\u202fy\u202fKlasse 4,\u202fquienes disfrutaron el\u202fFestival de Nataci\u00f3n\u202forganizado por el \u00e1rea de\u202fDeportes. Nuestros [\u2026]","og_url":"https:\/\/ds-barranquilla.org\/de\/abajo-el-calor-festival-de-natacion\/","og_site_name":"Colegio Alem\u00e1n - Los Mejores Colegios de Colombia - Colegio Triling\u00fce","article_publisher":"https:\/\/www.facebook.com\/ColegioAlemanBaq\/","article_published_time":"2018-05-11T14:54:46+00:00","article_modified_time":"2022-12-21T13:21:32+00:00","og_image":[{"width":509,"height":221,"url":"https:\/\/ds-barranquilla.org\/wp-content\/uploads\/2020\/07\/Abajo-el-calor-\u00a1Festival-de-Nataci\u00f3n.jpg","type":"image\/jpeg"}],"author":"Comunicaciones Comunicaciones","twitter_card":"summary_large_image","twitter_creator":"@ColegioAlemanBq","twitter_site":"@ColegioAlemanBq","twitter_misc":{"Verfasst von":"Comunicaciones Comunicaciones","Gesch\u00e4tzte Lesezeit":"1\u00a0Minute"},"schema":{"@context":"https:\/\/schema.org","@graph":[{"@type":"Article","@id":"https:\/\/ds-barranquilla.org\/abajo-el-calor-festival-de-natacion\/#article","isPartOf":{"@id":"https:\/\/ds-barranquilla.org\/abajo-el-calor-festival-de-natacion\/"},"author":{"name":"Comunicaciones Comunicaciones","@id":"https:\/\/ds-barranquilla.org\/#\/schema\/person\/7bf8790ba89d3480e0551241ccdc8d36"},"headline":"Abajo el calor: \u00a1Festival de Nataci\u00f3n!","datePublished":"2018-05-11T14:54:46+00:00","dateModified":"2022-12-21T13:21:32+00:00","mainEntityOfPage":{"@id":"https:\/\/ds-barranquilla.org\/abajo-el-calor-festival-de-natacion\/"},"wordCount":111,"commentCount":0,"publisher":{"@id":"https:\/\/ds-barranquilla.org\/#organization"},"image":{"@id":"https:\/\/ds-barranquilla.org\/abajo-el-calor-festival-de-natacion\/#primaryimage"},"thumbnailUrl":"https:\/\/ds-barranquilla.org\/wp-content\/uploads\/2020\/07\/Abajo-el-calor-\u00a1Festival-de-Nataci\u00f3n.jpg","keywords":["2018","Deportes","Primaria"],"articleSection":["2018","\u00c1rea de Deportes"],"inLanguage":"de","potentialAction":[{"@type":"CommentAction","name":"Comment","target":["https:\/\/ds-barranquilla.org\/abajo-el-calor-festival-de-natacion\/#respond"]}]},{"@type":"WebPage","@id":"https:\/\/ds-barranquilla.org\/abajo-el-calor-festival-de-natacion\/","url":"https:\/\/ds-barranquilla.org\/abajo-el-calor-festival-de-natacion\/","name":"Abajo el calor: \u00a1Festival de Nataci\u00f3n! - 2026","isPartOf":{"@id":"https:\/\/ds-barranquilla.org\/#website"},"primaryImageOfPage":{"@id":"https:\/\/ds-barranquilla.org\/abajo-el-calor-festival-de-natacion\/#primaryimage"},"image":{"@id":"https:\/\/ds-barranquilla.org\/abajo-el-calor-festival-de-natacion\/#primaryimage"},"thumbnailUrl":"https:\/\/ds-barranquilla.org\/wp-content\/uploads\/2020\/07\/Abajo-el-calor-\u00a1Festival-de-Nataci\u00f3n.jpg","datePublished":"2018-05-11T14:54:46+00:00","dateModified":"2022-12-21T13:21:32+00:00","breadcrumb":{"@id":"https:\/\/ds-barranquilla.org\/abajo-el-calor-festival-de-natacion\/#breadcrumb"},"inLanguage":"de","potentialAction":[{"@type":"ReadAction","target":["https:\/\/ds-barranquilla.org\/abajo-el-calor-festival-de-natacion\/"]}]},{"@type":"ImageObject","inLanguage":"de","@id":"https:\/\/ds-barranquilla.org\/abajo-el-calor-festival-de-natacion\/#primaryimage","url":"https:\/\/ds-barranquilla.org\/wp-content\/uploads\/2020\/07\/Abajo-el-calor-\u00a1Festival-de-Nataci\u00f3n.jpg","contentUrl":"https:\/\/ds-barranquilla.org\/wp-content\/uploads\/2020\/07\/Abajo-el-calor-\u00a1Festival-de-Nataci\u00f3n.jpg","width":509,"height":221},{"@type":"BreadcrumbList","@id":"https:\/\/ds-barranquilla.org\/abajo-el-calor-festival-de-natacion\/#breadcrumb","itemListElement":[{"@type":"ListItem","position":1,"name":"Portada","item":"https:\/\/ds-barranquilla.org\/"},{"@type":"ListItem","position":2,"name":"Abajo el calor: \u00a1Festival de Nataci\u00f3n!"}]},{"@type":"WebSite","@id":"https:\/\/ds-barranquilla.org\/#website","url":"https:\/\/ds-barranquilla.org\/","name":"Colegio Alem\u00e1n - Los Mejores Colegios de Colombia - Colegio Triling\u00fce","description":"Colegio Alem\u00e1n  Barranquilla Colombia - Colegio Biling\u00fce - Triling\u00fce - El Mejor Colegio de Colombia","publisher":{"@id":"https:\/\/ds-barranquilla.org\/#organization"},"potentialAction":[{"@type":"SearchAction","target":{"@type":"EntryPoint","urlTemplate":"https:\/\/ds-barranquilla.org\/?s={search_term_string}"},"query-input":"required name=search_term_string"}],"inLanguage":"de"},{"@type":"Organization","@id":"https:\/\/ds-barranquilla.org\/#organization","name":"Colegio Alem\u00e1n Barranquilla","url":"https:\/\/ds-barranquilla.org\/","logo":{"@type":"ImageObject","inLanguage":"de","@id":"https:\/\/ds-barranquilla.org\/#\/schema\/logo\/image\/","url":"https:\/\/ds-barranquilla.org\/wp-content\/uploads\/2021\/05\/coleman_logo_2.png","contentUrl":"https:\/\/ds-barranquilla.org\/wp-content\/uploads\/2021\/05\/coleman_logo_2.png","width":418,"height":307,"caption":"Colegio Alem\u00e1n Barranquilla"},"image":{"@id":"https:\/\/ds-barranquilla.org\/#\/schema\/logo\/image\/"},"sameAs":["https:\/\/www.facebook.com\/ColegioAlemanBaq\/","https:\/\/x.com\/ColegioAlemanBq","https:\/\/www.instagram.com\/colegioalemanbaq\/","https:\/\/www.linkedin.com\/school\/deutsche-schule-barranquilla\/","https:\/\/www.youtube.com\/channel\/UCOOGZQCVs6aYRqIWvSN5agQ"]},{"@type":"Person","@id":"https:\/\/ds-barranquilla.org\/#\/schema\/person\/7bf8790ba89d3480e0551241ccdc8d36","name":"Comunicaciones Comunicaciones","image":{"@type":"ImageObject","inLanguage":"de","@id":"https:\/\/ds-barranquilla.org\/#\/schema\/person\/image\/","url":"https:\/\/secure.gravatar.com\/avatar\/a66ba9484a4338d81d6bea750e595038?s=96&d=mm&r=g","contentUrl":"https:\/\/secure.gravatar.com\/avatar\/a66ba9484a4338d81d6bea750e595038?s=96&d=mm&r=g","caption":"Comunicaciones Comunicaciones"}}]}},"_links":{"self":[{"href":"https:\/\/ds-barranquilla.org\/de\/wp-json\/wp\/v2\/posts\/4843"}],"collection":[{"href":"https:\/\/ds-barranquilla.org\/de\/wp-json\/wp\/v2\/posts"}],"about":[{"href":"https:\/\/ds-barranquilla.org\/de\/wp-json\/wp\/v2\/types\/post"}],"author":[{"embeddable":true,"href":"https:\/\/ds-barranquilla.org\/de\/wp-json\/wp\/v2\/users\/16"}],"replies":[{"embeddable":true,"href":"https:\/\/ds-barranquilla.org\/de\/wp-json\/wp\/v2\/comments?post=4843"}],"version-history":[{"count":1,"href":"https:\/\/ds-barranquilla.org\/de\/wp-json\/wp\/v2\/posts\/4843\/revisions"}],"predecessor-version":[{"id":4845,"href":"https:\/\/ds-barranquilla.org\/de\/wp-json\/wp\/v2\/posts\/4843\/revisions\/4845"}],"wp:featuredmedia":[{"embeddable":true,"href":"https:\/\/ds-barranquilla.org\/de\/wp-json\/wp\/v2\/media\/4844"}],"wp:attachment":[{"href":"https:\/\/ds-barranquilla.org\/de\/wp-json\/wp\/v2\/media?parent=4843"}],"wp:term":[{"taxonomy":"category","embeddable":true,"href":"https:\/\/ds-barranquilla.org\/de\/wp-json\/wp\/v2\/categories?post=4843"},{"taxonomy":"post_tag","embeddable":true,"href":"https:\/\/ds-barranquilla.org\/de\/wp-json\/wp\/v2\/tags?post=4843"}],"curies":[{"name":"wp","href":"https:\/\/api.w.org\/{rel}","templated":true}]}}