{"id":4846,"date":"2018-06-12T10:07:54","date_gmt":"2018-06-12T15:07:54","guid":{"rendered":"https:\/\/ds-barranquilla.org\/?p=4846"},"modified":"2022-12-21T08:32:26","modified_gmt":"2022-12-21T13:32:26","slug":"ceremonia-de-graduacion-2018","status":"publish","type":"post","link":"https:\/\/ds-barranquilla.org\/de\/ceremonia-de-graduacion-2018\/","title":{"rendered":"Ceremonia de Graduaci\u00f3n 2018"},"content":{"rendered":"<p>Am Sonntag, den 10. Juni, fand die Abschlussfeier des Abiturjahrgangs 2018 statt<\/p>\n<p>Auf dieser Feier hielten Rub\u00e9n Arrieta, Mitglied des Vorstands, Miriam Hoffmann, Leitung der Deutschabteilung, und Heidy Navarro, Leitung der Abteilung International Baccalaureate eine Rede. Die Abschiedsreden der  Sch\u00fcler wurden von Gabriella Fama, Mauricio Ropain und Juan Miguel Barreto gehalten.<\/p>\n<p>Au\u00dferdem gab es eine Vorf\u00fchrung der Kindergartenkinder des Abschlussjahrgangs 2032, welche den Abiturienten durch eine emotionale Abschiedsauff\u00fchrung Tribut zollten. Das Jugendsinfonieorchester spielte die Hymnen \u201eLa Comparsa\u201c und \u201eRecu\u00e9rdame\u201c.<\/p>\n<p>Wir w\u00fcnschen unseren Abiturienten des Jahrgangs 2018 viel Erfolg in ihrer Zukunft!<\/p>\n<p>&gt;&gt; Weitere Fotos auf flickr<\/p>","protected":false},"excerpt":{"rendered":"<p>El pasado domingo 10 de junio se llev\u00f3 a cabo la\u202fCeremonia de Graduaci\u00f3n\u202fde la\u202fPromoci\u00f3n 2018. Este evento cont\u00f3 con las palabras iniciales de\u202fRub\u00e9n Arrieta,\u202fMiembro de la<span class=\"excerpt-hellip\"> [\u2026]<\/span><\/p>","protected":false},"author":16,"featured_media":4847,"comment_status":"open","ping_status":"open","sticky":false,"template":"","format":"standard","meta":{"_exactmetrics_skip_tracking":false,"_exactmetrics_sitenote_active":false,"_exactmetrics_sitenote_note":"","_exactmetrics_sitenote_category":0,"_joinchat":[],"footnotes":""},"categories":[678,703,709,710],"tags":[439,481],"class_list":["post-4846","post","type-post","status-publish","format-standard","has-post-thumbnail","hentry","category-678","category-junta-directiva","category-rectoria","category-secundaria","tag-439","tag-alumni"],"yoast_head":"<!-- This site is optimized with the Yoast SEO plugin v23.3 - https:\/\/yoast.com\/wordpress\/plugins\/seo\/ -->\n<title>Ceremonia de Graduaci\u00f3n 2018 - 2026<\/title>\n<meta name=\"robots\" content=\"noindex, follow, max-snippet:-1, max-image-preview:large, max-video-preview:-1\" \/>\n<meta property=\"og:locale\" content=\"de_DE\" \/>\n<meta property=\"og:type\" content=\"article\" \/>\n<meta property=\"og:title\" content=\"Ceremonia de Graduaci\u00f3n 2018 - 2026\" \/>\n<meta property=\"og:description\" content=\"El pasado domingo 10 de junio se llev\u00f3 a cabo la\u202fCeremonia de Graduaci\u00f3n\u202fde la\u202fPromoci\u00f3n 2018. Este evento cont\u00f3 con las palabras iniciales de\u202fRub\u00e9n Arrieta,\u202fMiembro de la [\u2026]\" \/>\n<meta property=\"og:url\" content=\"https:\/\/ds-barranquilla.org\/de\/ceremonia-de-graduacion-2018\/\" \/>\n<meta property=\"og:site_name\" content=\"Colegio Alem\u00e1n - Los Mejores Colegios de Colombia - Colegio Triling\u00fce\" \/>\n<meta property=\"article:publisher\" content=\"https:\/\/www.facebook.com\/ColegioAlemanBaq\/\" \/>\n<meta property=\"article:published_time\" content=\"2018-06-12T15:07:54+00:00\" \/>\n<meta property=\"article:modified_time\" content=\"2022-12-21T13:32:26+00:00\" \/>\n<meta property=\"og:image\" content=\"https:\/\/ds-barranquilla.org\/wp-content\/uploads\/2020\/07\/Ceremonia-de-Graduaci\u00f3n-2018.jpg\" \/>\n\t<meta property=\"og:image:width\" content=\"501\" \/>\n\t<meta property=\"og:image:height\" content=\"221\" \/>\n\t<meta property=\"og:image:type\" content=\"image\/jpeg\" \/>\n<meta name=\"author\" content=\"Comunicaciones Comunicaciones\" \/>\n<meta name=\"twitter:card\" content=\"summary_large_image\" \/>\n<meta name=\"twitter:creator\" content=\"@ColegioAlemanBq\" \/>\n<meta name=\"twitter:site\" content=\"@ColegioAlemanBq\" \/>\n<meta name=\"twitter:label1\" content=\"Verfasst von\" \/>\n\t<meta name=\"twitter:data1\" content=\"Comunicaciones Comunicaciones\" \/>\n\t<meta name=\"twitter:label2\" content=\"Gesch\u00e4tzte Lesezeit\" \/>\n\t<meta name=\"twitter:data2\" content=\"1\u00a0Minute\" \/>\n<script type=\"application\/ld+json\" class=\"yoast-schema-graph\">{\"@context\":\"https:\/\/schema.org\",\"@graph\":[{\"@type\":\"Article\",\"@id\":\"https:\/\/ds-barranquilla.org\/de\/ceremonia-de-graduacion-2018\/#article\",\"isPartOf\":{\"@id\":\"https:\/\/ds-barranquilla.org\/de\/ceremonia-de-graduacion-2018\/\"},\"author\":{\"name\":\"Comunicaciones Comunicaciones\",\"@id\":\"https:\/\/ds-barranquilla.org\/#\/schema\/person\/7bf8790ba89d3480e0551241ccdc8d36\"},\"headline\":\"Ceremonia de Graduaci\u00f3n 2018\",\"datePublished\":\"2018-06-12T15:07:54+00:00\",\"dateModified\":\"2022-12-21T13:32:26+00:00\",\"mainEntityOfPage\":{\"@id\":\"https:\/\/ds-barranquilla.org\/de\/ceremonia-de-graduacion-2018\/\"},\"wordCount\":129,\"commentCount\":0,\"publisher\":{\"@id\":\"https:\/\/ds-barranquilla.org\/#organization\"},\"image\":{\"@id\":\"https:\/\/ds-barranquilla.org\/de\/ceremonia-de-graduacion-2018\/#primaryimage\"},\"thumbnailUrl\":\"https:\/\/ds-barranquilla.org\/wp-content\/uploads\/2020\/07\/Ceremonia-de-Graduaci\u00f3n-2018.jpg\",\"keywords\":[\"2018\",\"Alumni\"],\"articleSection\":[\"2018\",\"Junta Directiva\",\"Rector\u00eda\",\"Secundaria\"],\"inLanguage\":\"de\",\"potentialAction\":[{\"@type\":\"CommentAction\",\"name\":\"Comment\",\"target\":[\"https:\/\/ds-barranquilla.org\/de\/ceremonia-de-graduacion-2018\/#respond\"]}]},{\"@type\":\"WebPage\",\"@id\":\"https:\/\/ds-barranquilla.org\/de\/ceremonia-de-graduacion-2018\/\",\"url\":\"https:\/\/ds-barranquilla.org\/de\/ceremonia-de-graduacion-2018\/\",\"name\":\"Ceremonia de Graduaci\u00f3n 2018 - 2026\",\"isPartOf\":{\"@id\":\"https:\/\/ds-barranquilla.org\/#website\"},\"primaryImageOfPage\":{\"@id\":\"https:\/\/ds-barranquilla.org\/de\/ceremonia-de-graduacion-2018\/#primaryimage\"},\"image\":{\"@id\":\"https:\/\/ds-barranquilla.org\/de\/ceremonia-de-graduacion-2018\/#primaryimage\"},\"thumbnailUrl\":\"https:\/\/ds-barranquilla.org\/wp-content\/uploads\/2020\/07\/Ceremonia-de-Graduaci\u00f3n-2018.jpg\",\"datePublished\":\"2018-06-12T15:07:54+00:00\",\"dateModified\":\"2022-12-21T13:32:26+00:00\",\"breadcrumb\":{\"@id\":\"https:\/\/ds-barranquilla.org\/de\/ceremonia-de-graduacion-2018\/#breadcrumb\"},\"inLanguage\":\"de\",\"potentialAction\":[{\"@type\":\"ReadAction\",\"target\":[\"https:\/\/ds-barranquilla.org\/de\/ceremonia-de-graduacion-2018\/\"]}]},{\"@type\":\"ImageObject\",\"inLanguage\":\"de\",\"@id\":\"https:\/\/ds-barranquilla.org\/de\/ceremonia-de-graduacion-2018\/#primaryimage\",\"url\":\"https:\/\/ds-barranquilla.org\/wp-content\/uploads\/2020\/07\/Ceremonia-de-Graduaci\u00f3n-2018.jpg\",\"contentUrl\":\"https:\/\/ds-barranquilla.org\/wp-content\/uploads\/2020\/07\/Ceremonia-de-Graduaci\u00f3n-2018.jpg\",\"width\":501,\"height\":221},{\"@type\":\"BreadcrumbList\",\"@id\":\"https:\/\/ds-barranquilla.org\/de\/ceremonia-de-graduacion-2018\/#breadcrumb\",\"itemListElement\":[{\"@type\":\"ListItem\",\"position\":1,\"name\":\"Portada\",\"item\":\"https:\/\/ds-barranquilla.org\/\"},{\"@type\":\"ListItem\",\"position\":2,\"name\":\"Ceremonia de Graduaci\u00f3n 2018\"}]},{\"@type\":\"WebSite\",\"@id\":\"https:\/\/ds-barranquilla.org\/#website\",\"url\":\"https:\/\/ds-barranquilla.org\/\",\"name\":\"Colegio Alem\u00e1n - Los Mejores Colegios de Colombia - Colegio Triling\u00fce\",\"description\":\"Colegio Alem\u00e1n  Barranquilla Colombia - Colegio Biling\u00fce - Triling\u00fce - El Mejor Colegio de Colombia\",\"publisher\":{\"@id\":\"https:\/\/ds-barranquilla.org\/#organization\"},\"potentialAction\":[{\"@type\":\"SearchAction\",\"target\":{\"@type\":\"EntryPoint\",\"urlTemplate\":\"https:\/\/ds-barranquilla.org\/?s={search_term_string}\"},\"query-input\":\"required name=search_term_string\"}],\"inLanguage\":\"de\"},{\"@type\":\"Organization\",\"@id\":\"https:\/\/ds-barranquilla.org\/#organization\",\"name\":\"Colegio Alem\u00e1n Barranquilla\",\"url\":\"https:\/\/ds-barranquilla.org\/\",\"logo\":{\"@type\":\"ImageObject\",\"inLanguage\":\"de\",\"@id\":\"https:\/\/ds-barranquilla.org\/#\/schema\/logo\/image\/\",\"url\":\"https:\/\/ds-barranquilla.org\/wp-content\/uploads\/2021\/05\/coleman_logo_2.png\",\"contentUrl\":\"https:\/\/ds-barranquilla.org\/wp-content\/uploads\/2021\/05\/coleman_logo_2.png\",\"width\":418,\"height\":307,\"caption\":\"Colegio Alem\u00e1n Barranquilla\"},\"image\":{\"@id\":\"https:\/\/ds-barranquilla.org\/#\/schema\/logo\/image\/\"},\"sameAs\":[\"https:\/\/www.facebook.com\/ColegioAlemanBaq\/\",\"https:\/\/x.com\/ColegioAlemanBq\",\"https:\/\/www.instagram.com\/colegioalemanbaq\/\",\"https:\/\/www.linkedin.com\/school\/deutsche-schule-barranquilla\/\",\"https:\/\/www.youtube.com\/channel\/UCOOGZQCVs6aYRqIWvSN5agQ\"]},{\"@type\":\"Person\",\"@id\":\"https:\/\/ds-barranquilla.org\/#\/schema\/person\/7bf8790ba89d3480e0551241ccdc8d36\",\"name\":\"Comunicaciones Comunicaciones\",\"image\":{\"@type\":\"ImageObject\",\"inLanguage\":\"de\",\"@id\":\"https:\/\/ds-barranquilla.org\/#\/schema\/person\/image\/\",\"url\":\"https:\/\/secure.gravatar.com\/avatar\/a66ba9484a4338d81d6bea750e595038?s=96&d=mm&r=g\",\"contentUrl\":\"https:\/\/secure.gravatar.com\/avatar\/a66ba9484a4338d81d6bea750e595038?s=96&d=mm&r=g\",\"caption\":\"Comunicaciones Comunicaciones\"}}]}<\/script>\n<!-- \/ Yoast SEO plugin. -->","yoast_head_json":{"title":"Ceremonia de Graduaci\u00f3n 2018 - 2026","robots":{"index":"noindex","follow":"follow","max-snippet":"max-snippet:-1","max-image-preview":"max-image-preview:large","max-video-preview":"max-video-preview:-1"},"og_locale":"de_DE","og_type":"article","og_title":"Ceremonia de Graduaci\u00f3n 2018 - 2026","og_description":"El pasado domingo 10 de junio se llev\u00f3 a cabo la\u202fCeremonia de Graduaci\u00f3n\u202fde la\u202fPromoci\u00f3n 2018. Este evento cont\u00f3 con las palabras iniciales de\u202fRub\u00e9n Arrieta,\u202fMiembro de la [\u2026]","og_url":"https:\/\/ds-barranquilla.org\/de\/ceremonia-de-graduacion-2018\/","og_site_name":"Colegio Alem\u00e1n - Los Mejores Colegios de Colombia - Colegio Triling\u00fce","article_publisher":"https:\/\/www.facebook.com\/ColegioAlemanBaq\/","article_published_time":"2018-06-12T15:07:54+00:00","article_modified_time":"2022-12-21T13:32:26+00:00","og_image":[{"width":501,"height":221,"url":"https:\/\/ds-barranquilla.org\/wp-content\/uploads\/2020\/07\/Ceremonia-de-Graduaci\u00f3n-2018.jpg","type":"image\/jpeg"}],"author":"Comunicaciones Comunicaciones","twitter_card":"summary_large_image","twitter_creator":"@ColegioAlemanBq","twitter_site":"@ColegioAlemanBq","twitter_misc":{"Verfasst von":"Comunicaciones Comunicaciones","Gesch\u00e4tzte Lesezeit":"1\u00a0Minute"},"schema":{"@context":"https:\/\/schema.org","@graph":[{"@type":"Article","@id":"https:\/\/ds-barranquilla.org\/de\/ceremonia-de-graduacion-2018\/#article","isPartOf":{"@id":"https:\/\/ds-barranquilla.org\/de\/ceremonia-de-graduacion-2018\/"},"author":{"name":"Comunicaciones Comunicaciones","@id":"https:\/\/ds-barranquilla.org\/#\/schema\/person\/7bf8790ba89d3480e0551241ccdc8d36"},"headline":"Ceremonia de Graduaci\u00f3n 2018","datePublished":"2018-06-12T15:07:54+00:00","dateModified":"2022-12-21T13:32:26+00:00","mainEntityOfPage":{"@id":"https:\/\/ds-barranquilla.org\/de\/ceremonia-de-graduacion-2018\/"},"wordCount":129,"commentCount":0,"publisher":{"@id":"https:\/\/ds-barranquilla.org\/#organization"},"image":{"@id":"https:\/\/ds-barranquilla.org\/de\/ceremonia-de-graduacion-2018\/#primaryimage"},"thumbnailUrl":"https:\/\/ds-barranquilla.org\/wp-content\/uploads\/2020\/07\/Ceremonia-de-Graduaci\u00f3n-2018.jpg","keywords":["2018","Alumni"],"articleSection":["2018","Junta Directiva","Rector\u00eda","Secundaria"],"inLanguage":"de","potentialAction":[{"@type":"CommentAction","name":"Comment","target":["https:\/\/ds-barranquilla.org\/de\/ceremonia-de-graduacion-2018\/#respond"]}]},{"@type":"WebPage","@id":"https:\/\/ds-barranquilla.org\/de\/ceremonia-de-graduacion-2018\/","url":"https:\/\/ds-barranquilla.org\/de\/ceremonia-de-graduacion-2018\/","name":"Ceremonia de Graduaci\u00f3n 2018 - 2026","isPartOf":{"@id":"https:\/\/ds-barranquilla.org\/#website"},"primaryImageOfPage":{"@id":"https:\/\/ds-barranquilla.org\/de\/ceremonia-de-graduacion-2018\/#primaryimage"},"image":{"@id":"https:\/\/ds-barranquilla.org\/de\/ceremonia-de-graduacion-2018\/#primaryimage"},"thumbnailUrl":"https:\/\/ds-barranquilla.org\/wp-content\/uploads\/2020\/07\/Ceremonia-de-Graduaci\u00f3n-2018.jpg","datePublished":"2018-06-12T15:07:54+00:00","dateModified":"2022-12-21T13:32:26+00:00","breadcrumb":{"@id":"https:\/\/ds-barranquilla.org\/de\/ceremonia-de-graduacion-2018\/#breadcrumb"},"inLanguage":"de","potentialAction":[{"@type":"ReadAction","target":["https:\/\/ds-barranquilla.org\/de\/ceremonia-de-graduacion-2018\/"]}]},{"@type":"ImageObject","inLanguage":"de","@id":"https:\/\/ds-barranquilla.org\/de\/ceremonia-de-graduacion-2018\/#primaryimage","url":"https:\/\/ds-barranquilla.org\/wp-content\/uploads\/2020\/07\/Ceremonia-de-Graduaci\u00f3n-2018.jpg","contentUrl":"https:\/\/ds-barranquilla.org\/wp-content\/uploads\/2020\/07\/Ceremonia-de-Graduaci\u00f3n-2018.jpg","width":501,"height":221},{"@type":"BreadcrumbList","@id":"https:\/\/ds-barranquilla.org\/de\/ceremonia-de-graduacion-2018\/#breadcrumb","itemListElement":[{"@type":"ListItem","position":1,"name":"Portada","item":"https:\/\/ds-barranquilla.org\/"},{"@type":"ListItem","position":2,"name":"Ceremonia de Graduaci\u00f3n 2018"}]},{"@type":"WebSite","@id":"https:\/\/ds-barranquilla.org\/#website","url":"https:\/\/ds-barranquilla.org\/","name":"Colegio Alem\u00e1n - Los Mejores Colegios de Colombia - Colegio Triling\u00fce","description":"Colegio Alem\u00e1n  Barranquilla Colombia - Colegio Biling\u00fce - Triling\u00fce - El Mejor Colegio de Colombia","publisher":{"@id":"https:\/\/ds-barranquilla.org\/#organization"},"potentialAction":[{"@type":"SearchAction","target":{"@type":"EntryPoint","urlTemplate":"https:\/\/ds-barranquilla.org\/?s={search_term_string}"},"query-input":"required name=search_term_string"}],"inLanguage":"de"},{"@type":"Organization","@id":"https:\/\/ds-barranquilla.org\/#organization","name":"Colegio Alem\u00e1n Barranquilla","url":"https:\/\/ds-barranquilla.org\/","logo":{"@type":"ImageObject","inLanguage":"de","@id":"https:\/\/ds-barranquilla.org\/#\/schema\/logo\/image\/","url":"https:\/\/ds-barranquilla.org\/wp-content\/uploads\/2021\/05\/coleman_logo_2.png","contentUrl":"https:\/\/ds-barranquilla.org\/wp-content\/uploads\/2021\/05\/coleman_logo_2.png","width":418,"height":307,"caption":"Colegio Alem\u00e1n Barranquilla"},"image":{"@id":"https:\/\/ds-barranquilla.org\/#\/schema\/logo\/image\/"},"sameAs":["https:\/\/www.facebook.com\/ColegioAlemanBaq\/","https:\/\/x.com\/ColegioAlemanBq","https:\/\/www.instagram.com\/colegioalemanbaq\/","https:\/\/www.linkedin.com\/school\/deutsche-schule-barranquilla\/","https:\/\/www.youtube.com\/channel\/UCOOGZQCVs6aYRqIWvSN5agQ"]},{"@type":"Person","@id":"https:\/\/ds-barranquilla.org\/#\/schema\/person\/7bf8790ba89d3480e0551241ccdc8d36","name":"Comunicaciones Comunicaciones","image":{"@type":"ImageObject","inLanguage":"de","@id":"https:\/\/ds-barranquilla.org\/#\/schema\/person\/image\/","url":"https:\/\/secure.gravatar.com\/avatar\/a66ba9484a4338d81d6bea750e595038?s=96&d=mm&r=g","contentUrl":"https:\/\/secure.gravatar.com\/avatar\/a66ba9484a4338d81d6bea750e595038?s=96&d=mm&r=g","caption":"Comunicaciones Comunicaciones"}}]}},"_links":{"self":[{"href":"https:\/\/ds-barranquilla.org\/de\/wp-json\/wp\/v2\/posts\/4846"}],"collection":[{"href":"https:\/\/ds-barranquilla.org\/de\/wp-json\/wp\/v2\/posts"}],"about":[{"href":"https:\/\/ds-barranquilla.org\/de\/wp-json\/wp\/v2\/types\/post"}],"author":[{"embeddable":true,"href":"https:\/\/ds-barranquilla.org\/de\/wp-json\/wp\/v2\/users\/16"}],"replies":[{"embeddable":true,"href":"https:\/\/ds-barranquilla.org\/de\/wp-json\/wp\/v2\/comments?post=4846"}],"version-history":[{"count":1,"href":"https:\/\/ds-barranquilla.org\/de\/wp-json\/wp\/v2\/posts\/4846\/revisions"}],"predecessor-version":[{"id":4848,"href":"https:\/\/ds-barranquilla.org\/de\/wp-json\/wp\/v2\/posts\/4846\/revisions\/4848"}],"wp:featuredmedia":[{"embeddable":true,"href":"https:\/\/ds-barranquilla.org\/de\/wp-json\/wp\/v2\/media\/4847"}],"wp:attachment":[{"href":"https:\/\/ds-barranquilla.org\/de\/wp-json\/wp\/v2\/media?parent=4846"}],"wp:term":[{"taxonomy":"category","embeddable":true,"href":"https:\/\/ds-barranquilla.org\/de\/wp-json\/wp\/v2\/categories?post=4846"},{"taxonomy":"post_tag","embeddable":true,"href":"https:\/\/ds-barranquilla.org\/de\/wp-json\/wp\/v2\/tags?post=4846"}],"curies":[{"name":"wp","href":"https:\/\/api.w.org\/{rel}","templated":true}]}}