{"id":4852,"date":"2018-08-13T11:04:43","date_gmt":"2018-08-13T16:04:43","guid":{"rendered":"https:\/\/ds-barranquilla.org\/?p=4852"},"modified":"2022-12-21T08:39:05","modified_gmt":"2022-12-21T13:39:05","slug":"un-movido-inicio-de-ano-escolar","status":"publish","type":"post","link":"https:\/\/ds-barranquilla.org\/de\/un-movido-inicio-de-ano-escolar\/","title":{"rendered":"Un movido inicio de a\u00f1o escolar"},"content":{"rendered":"<p>Am 13. Und 14. August 2018 empfing die Deutsche Schule alle Sch\u00fcler in einer Atmosph\u00e4re des Umbruchs und der Ver\u00e4nderung. Diese ersten Tage begannen traditionell mit der \u00dcbergabe der Schult\u00fcten an die Kinder der 1. Klasse, welche durch eine Ehrenstra\u00dfe von Mitsch\u00fclern in diese neue Etappe ihres Lebens traten.<\/p>\n<p>Die Kinder des Kindergartens hingegen genossen die neuen, speziell f\u00fcr sie entworfenen R\u00e4ume mit innovativen Spielen aus Deutschland. Viele von ihnen wollten nach einem Morgen voller Spa\u00df und Spiel gar nicht mehr zur\u00fcck nach Hause gehen.<\/p>\n<p>Schlie\u00dflich zeigten die Sch\u00fclerinnen und Sch\u00fcler der Klasse 12 in den Sozialisationstagen der Primar- und Sekundarstufe, dass sie mehr als vorbereitet f\u00fcr ihren letzten Kampf an der Deutschen Schule sind: \u201eAbiarmee\u201c ist das Thema, welches sie gew\u00e4hlt haben, basierend auf den Werten guter Soldaten \u2013 Teamarbeit, Disziplin und Respekt.<\/p>\n<p>Wir hoffen auf ein weiteres gemeinsames gro\u00dfartiges Schuljahr!<\/p>","protected":false},"excerpt":{"rendered":"<p>El Colegio Alem\u00e1n recibi\u00f3 a sus estudiantes el 13 y 14 de agosto de 2018, en un ambiente de cambios y renovaci\u00f3n. Estas primeras jornadas iniciaron<span class=\"excerpt-hellip\"> [\u2026]<\/span><\/p>","protected":false},"author":16,"featured_media":4853,"comment_status":"open","ping_status":"open","sticky":false,"template":"","format":"standard","meta":{"_exactmetrics_skip_tracking":false,"_exactmetrics_sitenote_active":false,"_exactmetrics_sitenote_note":"","_exactmetrics_sitenote_category":0,"_joinchat":[],"footnotes":""},"categories":[678,675,677,676,710],"tags":[468,459,431,443],"class_list":["post-4852","post","type-post","status-publish","format-standard","has-post-thumbnail","hentry","category-678","category-eventos","category-kindergarten","category-primaria","category-secundaria","tag-468","tag-kindergarten","tag-primaria","tag-secundaria"],"yoast_head":"<!-- This site is optimized with the Yoast SEO plugin v23.3 - https:\/\/yoast.com\/wordpress\/plugins\/seo\/ -->\n<title>Un movido inicio de a\u00f1o escolar - 2026<\/title>\n<meta name=\"robots\" content=\"noindex, follow, max-snippet:-1, max-image-preview:large, max-video-preview:-1\" \/>\n<meta property=\"og:locale\" content=\"de_DE\" \/>\n<meta property=\"og:type\" content=\"article\" \/>\n<meta property=\"og:title\" content=\"Un movido inicio de a\u00f1o escolar - 2026\" \/>\n<meta property=\"og:description\" content=\"El Colegio Alem\u00e1n recibi\u00f3 a sus estudiantes el 13 y 14 de agosto de 2018, en un ambiente de cambios y renovaci\u00f3n. Estas primeras jornadas iniciaron [\u2026]\" \/>\n<meta property=\"og:url\" content=\"https:\/\/ds-barranquilla.org\/de\/un-movido-inicio-de-ano-escolar\/\" \/>\n<meta property=\"og:site_name\" content=\"Colegio Alem\u00e1n - Los Mejores Colegios de Colombia - Colegio Triling\u00fce\" \/>\n<meta property=\"article:publisher\" content=\"https:\/\/www.facebook.com\/ColegioAlemanBaq\/\" \/>\n<meta property=\"article:published_time\" content=\"2018-08-13T16:04:43+00:00\" \/>\n<meta property=\"article:modified_time\" content=\"2022-12-21T13:39:05+00:00\" \/>\n<meta property=\"og:image\" content=\"https:\/\/ds-barranquilla.org\/wp-content\/uploads\/2020\/07\/Un-movido-inicio-de-a\u00f1o-escolar.jpg\" \/>\n\t<meta property=\"og:image:width\" content=\"546\" \/>\n\t<meta property=\"og:image:height\" content=\"243\" \/>\n\t<meta property=\"og:image:type\" content=\"image\/jpeg\" \/>\n<meta name=\"author\" content=\"Comunicaciones Comunicaciones\" \/>\n<meta name=\"twitter:card\" content=\"summary_large_image\" \/>\n<meta name=\"twitter:creator\" content=\"@ColegioAlemanBq\" \/>\n<meta name=\"twitter:site\" content=\"@ColegioAlemanBq\" \/>\n<meta name=\"twitter:label1\" content=\"Verfasst von\" \/>\n\t<meta name=\"twitter:data1\" content=\"Comunicaciones Comunicaciones\" \/>\n\t<meta name=\"twitter:label2\" content=\"Gesch\u00e4tzte Lesezeit\" \/>\n\t<meta name=\"twitter:data2\" content=\"1\u00a0Minute\" \/>\n<script type=\"application\/ld+json\" class=\"yoast-schema-graph\">{\"@context\":\"https:\/\/schema.org\",\"@graph\":[{\"@type\":\"Article\",\"@id\":\"https:\/\/ds-barranquilla.org\/un-movido-inicio-de-ano-escolar\/#article\",\"isPartOf\":{\"@id\":\"https:\/\/ds-barranquilla.org\/un-movido-inicio-de-ano-escolar\/\"},\"author\":{\"name\":\"Comunicaciones Comunicaciones\",\"@id\":\"https:\/\/ds-barranquilla.org\/#\/schema\/person\/7bf8790ba89d3480e0551241ccdc8d36\"},\"headline\":\"Un movido inicio de a\u00f1o escolar\",\"datePublished\":\"2018-08-13T16:04:43+00:00\",\"dateModified\":\"2022-12-21T13:39:05+00:00\",\"mainEntityOfPage\":{\"@id\":\"https:\/\/ds-barranquilla.org\/un-movido-inicio-de-ano-escolar\/\"},\"wordCount\":183,\"commentCount\":0,\"publisher\":{\"@id\":\"https:\/\/ds-barranquilla.org\/#organization\"},\"image\":{\"@id\":\"https:\/\/ds-barranquilla.org\/un-movido-inicio-de-ano-escolar\/#primaryimage\"},\"thumbnailUrl\":\"https:\/\/ds-barranquilla.org\/wp-content\/uploads\/2020\/07\/Un-movido-inicio-de-a\u00f1o-escolar.jpg\",\"keywords\":[\"2019\",\"Kindergarten\",\"Primaria\",\"secundaria\"],\"articleSection\":[\"2018\",\"Eventos\",\"Kindergarten\",\"Primaria\",\"Secundaria\"],\"inLanguage\":\"de\",\"potentialAction\":[{\"@type\":\"CommentAction\",\"name\":\"Comment\",\"target\":[\"https:\/\/ds-barranquilla.org\/un-movido-inicio-de-ano-escolar\/#respond\"]}]},{\"@type\":\"WebPage\",\"@id\":\"https:\/\/ds-barranquilla.org\/un-movido-inicio-de-ano-escolar\/\",\"url\":\"https:\/\/ds-barranquilla.org\/un-movido-inicio-de-ano-escolar\/\",\"name\":\"Un movido inicio de a\u00f1o escolar - 2026\",\"isPartOf\":{\"@id\":\"https:\/\/ds-barranquilla.org\/#website\"},\"primaryImageOfPage\":{\"@id\":\"https:\/\/ds-barranquilla.org\/un-movido-inicio-de-ano-escolar\/#primaryimage\"},\"image\":{\"@id\":\"https:\/\/ds-barranquilla.org\/un-movido-inicio-de-ano-escolar\/#primaryimage\"},\"thumbnailUrl\":\"https:\/\/ds-barranquilla.org\/wp-content\/uploads\/2020\/07\/Un-movido-inicio-de-a\u00f1o-escolar.jpg\",\"datePublished\":\"2018-08-13T16:04:43+00:00\",\"dateModified\":\"2022-12-21T13:39:05+00:00\",\"breadcrumb\":{\"@id\":\"https:\/\/ds-barranquilla.org\/un-movido-inicio-de-ano-escolar\/#breadcrumb\"},\"inLanguage\":\"de\",\"potentialAction\":[{\"@type\":\"ReadAction\",\"target\":[\"https:\/\/ds-barranquilla.org\/un-movido-inicio-de-ano-escolar\/\"]}]},{\"@type\":\"ImageObject\",\"inLanguage\":\"de\",\"@id\":\"https:\/\/ds-barranquilla.org\/un-movido-inicio-de-ano-escolar\/#primaryimage\",\"url\":\"https:\/\/ds-barranquilla.org\/wp-content\/uploads\/2020\/07\/Un-movido-inicio-de-a\u00f1o-escolar.jpg\",\"contentUrl\":\"https:\/\/ds-barranquilla.org\/wp-content\/uploads\/2020\/07\/Un-movido-inicio-de-a\u00f1o-escolar.jpg\",\"width\":546,\"height\":243},{\"@type\":\"BreadcrumbList\",\"@id\":\"https:\/\/ds-barranquilla.org\/un-movido-inicio-de-ano-escolar\/#breadcrumb\",\"itemListElement\":[{\"@type\":\"ListItem\",\"position\":1,\"name\":\"Portada\",\"item\":\"https:\/\/ds-barranquilla.org\/\"},{\"@type\":\"ListItem\",\"position\":2,\"name\":\"Un movido inicio de a\u00f1o escolar\"}]},{\"@type\":\"WebSite\",\"@id\":\"https:\/\/ds-barranquilla.org\/#website\",\"url\":\"https:\/\/ds-barranquilla.org\/\",\"name\":\"Colegio Alem\u00e1n - Los Mejores Colegios de Colombia - Colegio Triling\u00fce\",\"description\":\"Colegio Alem\u00e1n  Barranquilla Colombia - Colegio Biling\u00fce - Triling\u00fce - El Mejor Colegio de Colombia\",\"publisher\":{\"@id\":\"https:\/\/ds-barranquilla.org\/#organization\"},\"potentialAction\":[{\"@type\":\"SearchAction\",\"target\":{\"@type\":\"EntryPoint\",\"urlTemplate\":\"https:\/\/ds-barranquilla.org\/?s={search_term_string}\"},\"query-input\":\"required name=search_term_string\"}],\"inLanguage\":\"de\"},{\"@type\":\"Organization\",\"@id\":\"https:\/\/ds-barranquilla.org\/#organization\",\"name\":\"Colegio Alem\u00e1n Barranquilla\",\"url\":\"https:\/\/ds-barranquilla.org\/\",\"logo\":{\"@type\":\"ImageObject\",\"inLanguage\":\"de\",\"@id\":\"https:\/\/ds-barranquilla.org\/#\/schema\/logo\/image\/\",\"url\":\"https:\/\/ds-barranquilla.org\/wp-content\/uploads\/2021\/05\/coleman_logo_2.png\",\"contentUrl\":\"https:\/\/ds-barranquilla.org\/wp-content\/uploads\/2021\/05\/coleman_logo_2.png\",\"width\":418,\"height\":307,\"caption\":\"Colegio Alem\u00e1n Barranquilla\"},\"image\":{\"@id\":\"https:\/\/ds-barranquilla.org\/#\/schema\/logo\/image\/\"},\"sameAs\":[\"https:\/\/www.facebook.com\/ColegioAlemanBaq\/\",\"https:\/\/x.com\/ColegioAlemanBq\",\"https:\/\/www.instagram.com\/colegioalemanbaq\/\",\"https:\/\/www.linkedin.com\/school\/deutsche-schule-barranquilla\/\",\"https:\/\/www.youtube.com\/channel\/UCOOGZQCVs6aYRqIWvSN5agQ\"]},{\"@type\":\"Person\",\"@id\":\"https:\/\/ds-barranquilla.org\/#\/schema\/person\/7bf8790ba89d3480e0551241ccdc8d36\",\"name\":\"Comunicaciones Comunicaciones\",\"image\":{\"@type\":\"ImageObject\",\"inLanguage\":\"de\",\"@id\":\"https:\/\/ds-barranquilla.org\/#\/schema\/person\/image\/\",\"url\":\"https:\/\/secure.gravatar.com\/avatar\/a66ba9484a4338d81d6bea750e595038?s=96&d=mm&r=g\",\"contentUrl\":\"https:\/\/secure.gravatar.com\/avatar\/a66ba9484a4338d81d6bea750e595038?s=96&d=mm&r=g\",\"caption\":\"Comunicaciones Comunicaciones\"}}]}<\/script>\n<!-- \/ Yoast SEO plugin. -->","yoast_head_json":{"title":"Un movido inicio de a\u00f1o escolar - 2026","robots":{"index":"noindex","follow":"follow","max-snippet":"max-snippet:-1","max-image-preview":"max-image-preview:large","max-video-preview":"max-video-preview:-1"},"og_locale":"de_DE","og_type":"article","og_title":"Un movido inicio de a\u00f1o escolar - 2026","og_description":"El Colegio Alem\u00e1n recibi\u00f3 a sus estudiantes el 13 y 14 de agosto de 2018, en un ambiente de cambios y renovaci\u00f3n. Estas primeras jornadas iniciaron [\u2026]","og_url":"https:\/\/ds-barranquilla.org\/de\/un-movido-inicio-de-ano-escolar\/","og_site_name":"Colegio Alem\u00e1n - Los Mejores Colegios de Colombia - Colegio Triling\u00fce","article_publisher":"https:\/\/www.facebook.com\/ColegioAlemanBaq\/","article_published_time":"2018-08-13T16:04:43+00:00","article_modified_time":"2022-12-21T13:39:05+00:00","og_image":[{"width":546,"height":243,"url":"https:\/\/ds-barranquilla.org\/wp-content\/uploads\/2020\/07\/Un-movido-inicio-de-a\u00f1o-escolar.jpg","type":"image\/jpeg"}],"author":"Comunicaciones Comunicaciones","twitter_card":"summary_large_image","twitter_creator":"@ColegioAlemanBq","twitter_site":"@ColegioAlemanBq","twitter_misc":{"Verfasst von":"Comunicaciones Comunicaciones","Gesch\u00e4tzte Lesezeit":"1\u00a0Minute"},"schema":{"@context":"https:\/\/schema.org","@graph":[{"@type":"Article","@id":"https:\/\/ds-barranquilla.org\/un-movido-inicio-de-ano-escolar\/#article","isPartOf":{"@id":"https:\/\/ds-barranquilla.org\/un-movido-inicio-de-ano-escolar\/"},"author":{"name":"Comunicaciones Comunicaciones","@id":"https:\/\/ds-barranquilla.org\/#\/schema\/person\/7bf8790ba89d3480e0551241ccdc8d36"},"headline":"Un movido inicio de a\u00f1o escolar","datePublished":"2018-08-13T16:04:43+00:00","dateModified":"2022-12-21T13:39:05+00:00","mainEntityOfPage":{"@id":"https:\/\/ds-barranquilla.org\/un-movido-inicio-de-ano-escolar\/"},"wordCount":183,"commentCount":0,"publisher":{"@id":"https:\/\/ds-barranquilla.org\/#organization"},"image":{"@id":"https:\/\/ds-barranquilla.org\/un-movido-inicio-de-ano-escolar\/#primaryimage"},"thumbnailUrl":"https:\/\/ds-barranquilla.org\/wp-content\/uploads\/2020\/07\/Un-movido-inicio-de-a\u00f1o-escolar.jpg","keywords":["2019","Kindergarten","Primaria","secundaria"],"articleSection":["2018","Eventos","Kindergarten","Primaria","Secundaria"],"inLanguage":"de","potentialAction":[{"@type":"CommentAction","name":"Comment","target":["https:\/\/ds-barranquilla.org\/un-movido-inicio-de-ano-escolar\/#respond"]}]},{"@type":"WebPage","@id":"https:\/\/ds-barranquilla.org\/un-movido-inicio-de-ano-escolar\/","url":"https:\/\/ds-barranquilla.org\/un-movido-inicio-de-ano-escolar\/","name":"Un movido inicio de a\u00f1o escolar - 2026","isPartOf":{"@id":"https:\/\/ds-barranquilla.org\/#website"},"primaryImageOfPage":{"@id":"https:\/\/ds-barranquilla.org\/un-movido-inicio-de-ano-escolar\/#primaryimage"},"image":{"@id":"https:\/\/ds-barranquilla.org\/un-movido-inicio-de-ano-escolar\/#primaryimage"},"thumbnailUrl":"https:\/\/ds-barranquilla.org\/wp-content\/uploads\/2020\/07\/Un-movido-inicio-de-a\u00f1o-escolar.jpg","datePublished":"2018-08-13T16:04:43+00:00","dateModified":"2022-12-21T13:39:05+00:00","breadcrumb":{"@id":"https:\/\/ds-barranquilla.org\/un-movido-inicio-de-ano-escolar\/#breadcrumb"},"inLanguage":"de","potentialAction":[{"@type":"ReadAction","target":["https:\/\/ds-barranquilla.org\/un-movido-inicio-de-ano-escolar\/"]}]},{"@type":"ImageObject","inLanguage":"de","@id":"https:\/\/ds-barranquilla.org\/un-movido-inicio-de-ano-escolar\/#primaryimage","url":"https:\/\/ds-barranquilla.org\/wp-content\/uploads\/2020\/07\/Un-movido-inicio-de-a\u00f1o-escolar.jpg","contentUrl":"https:\/\/ds-barranquilla.org\/wp-content\/uploads\/2020\/07\/Un-movido-inicio-de-a\u00f1o-escolar.jpg","width":546,"height":243},{"@type":"BreadcrumbList","@id":"https:\/\/ds-barranquilla.org\/un-movido-inicio-de-ano-escolar\/#breadcrumb","itemListElement":[{"@type":"ListItem","position":1,"name":"Portada","item":"https:\/\/ds-barranquilla.org\/"},{"@type":"ListItem","position":2,"name":"Un movido inicio de a\u00f1o escolar"}]},{"@type":"WebSite","@id":"https:\/\/ds-barranquilla.org\/#website","url":"https:\/\/ds-barranquilla.org\/","name":"Colegio Alem\u00e1n - Los Mejores Colegios de Colombia - Colegio Triling\u00fce","description":"Colegio Alem\u00e1n  Barranquilla Colombia - Colegio Biling\u00fce - Triling\u00fce - El Mejor Colegio de Colombia","publisher":{"@id":"https:\/\/ds-barranquilla.org\/#organization"},"potentialAction":[{"@type":"SearchAction","target":{"@type":"EntryPoint","urlTemplate":"https:\/\/ds-barranquilla.org\/?s={search_term_string}"},"query-input":"required name=search_term_string"}],"inLanguage":"de"},{"@type":"Organization","@id":"https:\/\/ds-barranquilla.org\/#organization","name":"Colegio Alem\u00e1n Barranquilla","url":"https:\/\/ds-barranquilla.org\/","logo":{"@type":"ImageObject","inLanguage":"de","@id":"https:\/\/ds-barranquilla.org\/#\/schema\/logo\/image\/","url":"https:\/\/ds-barranquilla.org\/wp-content\/uploads\/2021\/05\/coleman_logo_2.png","contentUrl":"https:\/\/ds-barranquilla.org\/wp-content\/uploads\/2021\/05\/coleman_logo_2.png","width":418,"height":307,"caption":"Colegio Alem\u00e1n Barranquilla"},"image":{"@id":"https:\/\/ds-barranquilla.org\/#\/schema\/logo\/image\/"},"sameAs":["https:\/\/www.facebook.com\/ColegioAlemanBaq\/","https:\/\/x.com\/ColegioAlemanBq","https:\/\/www.instagram.com\/colegioalemanbaq\/","https:\/\/www.linkedin.com\/school\/deutsche-schule-barranquilla\/","https:\/\/www.youtube.com\/channel\/UCOOGZQCVs6aYRqIWvSN5agQ"]},{"@type":"Person","@id":"https:\/\/ds-barranquilla.org\/#\/schema\/person\/7bf8790ba89d3480e0551241ccdc8d36","name":"Comunicaciones Comunicaciones","image":{"@type":"ImageObject","inLanguage":"de","@id":"https:\/\/ds-barranquilla.org\/#\/schema\/person\/image\/","url":"https:\/\/secure.gravatar.com\/avatar\/a66ba9484a4338d81d6bea750e595038?s=96&d=mm&r=g","contentUrl":"https:\/\/secure.gravatar.com\/avatar\/a66ba9484a4338d81d6bea750e595038?s=96&d=mm&r=g","caption":"Comunicaciones Comunicaciones"}}]}},"_links":{"self":[{"href":"https:\/\/ds-barranquilla.org\/de\/wp-json\/wp\/v2\/posts\/4852"}],"collection":[{"href":"https:\/\/ds-barranquilla.org\/de\/wp-json\/wp\/v2\/posts"}],"about":[{"href":"https:\/\/ds-barranquilla.org\/de\/wp-json\/wp\/v2\/types\/post"}],"author":[{"embeddable":true,"href":"https:\/\/ds-barranquilla.org\/de\/wp-json\/wp\/v2\/users\/16"}],"replies":[{"embeddable":true,"href":"https:\/\/ds-barranquilla.org\/de\/wp-json\/wp\/v2\/comments?post=4852"}],"version-history":[{"count":1,"href":"https:\/\/ds-barranquilla.org\/de\/wp-json\/wp\/v2\/posts\/4852\/revisions"}],"predecessor-version":[{"id":4854,"href":"https:\/\/ds-barranquilla.org\/de\/wp-json\/wp\/v2\/posts\/4852\/revisions\/4854"}],"wp:featuredmedia":[{"embeddable":true,"href":"https:\/\/ds-barranquilla.org\/de\/wp-json\/wp\/v2\/media\/4853"}],"wp:attachment":[{"href":"https:\/\/ds-barranquilla.org\/de\/wp-json\/wp\/v2\/media?parent=4852"}],"wp:term":[{"taxonomy":"category","embeddable":true,"href":"https:\/\/ds-barranquilla.org\/de\/wp-json\/wp\/v2\/categories?post=4852"},{"taxonomy":"post_tag","embeddable":true,"href":"https:\/\/ds-barranquilla.org\/de\/wp-json\/wp\/v2\/tags?post=4852"}],"curies":[{"name":"wp","href":"https:\/\/api.w.org\/{rel}","templated":true}]}}