{"id":4855,"date":"2018-09-14T11:10:40","date_gmt":"2018-09-14T16:10:40","guid":{"rendered":"https:\/\/ds-barranquilla.org\/?p=4855"},"modified":"2023-01-04T11:05:40","modified_gmt":"2023-01-04T16:05:40","slug":"felicitamos-a-nuestros-bachilleres-internacionales","status":"publish","type":"post","link":"https:\/\/ds-barranquilla.org\/de\/felicitamos-a-nuestros-bachilleres-internacionales\/","title":{"rendered":"\u00a1Felicitamos a nuestros bachilleres internacionales!"},"content":{"rendered":"<p>Heute beendeten unsere Absolventen der Abschlussklasse 2017\/18 ihr International Baccalaureate Programm mit einer Veranstaltung, auf der ihnen ihr Diplom und die Zertifikate verliehen wurden.<\/p>\n<p>An dieser Veranstaltung nahmen Michael H\u00f6fig (Schulleiter), Heidy Navarro (Leitung International Baccalaureat), Miriam Hoffmann (Leitung Deutsche Abteilung) undVictoria Esguerra (Absolventin) teil, die diese Abschlussfeier durchgef\u00fchrt haben.<\/p>\n<p>Die Absolventin Valerie Bris Moreno erhielt eine Auszeichnung f\u00fcr die maximal erreichbare Punktzahl im International Baccalaureate, neben ihr erhielten noch Juan Miguel Barreto Moncaleano sowie Gustavo Alberto G\u00f3mez Mar\u00eda jeweils eine Auszeichnung f\u00fcr die zweitbeste Punktzahl<\/p>\n<p>Einige der Preistr\u00e4ger konnten ihre Auszeichnung leider nicht pers\u00f6nlich entgegennehmen, da sie mittlerweile an anderen Orten im In- oder Ausland studieren.<\/p>\n<p>Einen kulturellen Moment w\u00e4hrend der Zeremonie verdanken wir der Sch\u00fclerin Stella G\u00f3mez aus Klasse 12, sie sang in musikalischer Begleitung von Lucas von Corvin, ebenfalls aus Klasse 12, und Professor Jos\u00e9 Mej\u00eda ein besonderes und von ihr selbst verfasstes Lied.<\/p>\n<p>Am Ende unterhielten sich die G\u00e4ste, unter Ihnen die Absolventen, Eltern, Direktoren, Lehrer und weitere besondere geladene G\u00e4ste, lie\u00dfen ihre gemeinsame Zeit an der Schule Revue passieren und freuen sich, dass sie immer ein Teil der Deutschen Schule sein werden.<\/p>\n<p>Gratulation an unsere Absolventen des International Baccalaureat!<\/p>\n<p>&gt;&gt; Weitere Fotos auf Facebook<\/p>","protected":false},"excerpt":{"rendered":"<p>Hoy culmin\u00f3 oficialmente el programa del\u202fBachillerato Internacional\u202fpara nuestros egresados de la promoci\u00f3n 2017-2018 con la\u202fceremonia\u202fde entrega de Diplomas y Certificados. Este evento cont\u00f3 con la participaci\u00f3n<span class=\"excerpt-hellip\"> [\u2026]<\/span><\/p>","protected":false},"author":16,"featured_media":4856,"comment_status":"open","ping_status":"open","sticky":false,"template":"","format":"standard","meta":{"_exactmetrics_skip_tracking":false,"_exactmetrics_sitenote_active":false,"_exactmetrics_sitenote_note":"","_exactmetrics_sitenote_category":0,"_joinchat":[],"footnotes":""},"categories":[678,684,694],"tags":[439,482],"class_list":["post-4855","post","type-post","status-publish","format-standard","has-post-thumbnail","hentry","category-678","category-alumni","category-bachillerato-internacional","tag-439","tag-bachillerato-internacional"],"yoast_head":"<!-- This site is optimized with the Yoast SEO plugin v23.3 - https:\/\/yoast.com\/wordpress\/plugins\/seo\/ -->\n<title>\u00a1Felicitamos a nuestros bachilleres internacionales! - 2026<\/title>\n<meta name=\"robots\" content=\"noindex, follow, max-snippet:-1, max-image-preview:large, max-video-preview:-1\" \/>\n<meta property=\"og:locale\" content=\"de_DE\" \/>\n<meta property=\"og:type\" content=\"article\" \/>\n<meta property=\"og:title\" content=\"\u00a1Felicitamos a nuestros bachilleres internacionales! - 2026\" \/>\n<meta property=\"og:description\" content=\"Hoy culmin\u00f3 oficialmente el programa del\u202fBachillerato Internacional\u202fpara nuestros egresados de la promoci\u00f3n 2017-2018 con la\u202fceremonia\u202fde entrega de Diplomas y Certificados. Este evento cont\u00f3 con la participaci\u00f3n [\u2026]\" \/>\n<meta property=\"og:url\" content=\"https:\/\/ds-barranquilla.org\/de\/felicitamos-a-nuestros-bachilleres-internacionales\/\" \/>\n<meta property=\"og:site_name\" content=\"Colegio Alem\u00e1n - Los Mejores Colegios de Colombia - Colegio Triling\u00fce\" \/>\n<meta property=\"article:publisher\" content=\"https:\/\/www.facebook.com\/ColegioAlemanBaq\/\" \/>\n<meta property=\"article:published_time\" content=\"2018-09-14T16:10:40+00:00\" \/>\n<meta property=\"article:modified_time\" content=\"2023-01-04T16:05:40+00:00\" \/>\n<meta property=\"og:image\" content=\"https:\/\/ds-barranquilla.org\/wp-content\/uploads\/2020\/07\/\u00a1Felicitamos-a-nuestros-bachilleres-internacionales.jpg\" \/>\n\t<meta property=\"og:image:width\" content=\"618\" \/>\n\t<meta property=\"og:image:height\" content=\"146\" \/>\n\t<meta property=\"og:image:type\" content=\"image\/jpeg\" \/>\n<meta name=\"author\" content=\"Comunicaciones Comunicaciones\" \/>\n<meta name=\"twitter:card\" content=\"summary_large_image\" \/>\n<meta name=\"twitter:creator\" content=\"@ColegioAlemanBq\" \/>\n<meta name=\"twitter:site\" content=\"@ColegioAlemanBq\" \/>\n<meta name=\"twitter:label1\" content=\"Verfasst von\" \/>\n\t<meta name=\"twitter:data1\" content=\"Comunicaciones Comunicaciones\" \/>\n\t<meta name=\"twitter:label2\" content=\"Gesch\u00e4tzte Lesezeit\" \/>\n\t<meta name=\"twitter:data2\" content=\"1\u00a0Minute\" \/>\n<script type=\"application\/ld+json\" class=\"yoast-schema-graph\">{\"@context\":\"https:\/\/schema.org\",\"@graph\":[{\"@type\":\"Article\",\"@id\":\"https:\/\/ds-barranquilla.org\/felicitamos-a-nuestros-bachilleres-internacionales\/#article\",\"isPartOf\":{\"@id\":\"https:\/\/ds-barranquilla.org\/felicitamos-a-nuestros-bachilleres-internacionales\/\"},\"author\":{\"name\":\"Comunicaciones Comunicaciones\",\"@id\":\"https:\/\/ds-barranquilla.org\/#\/schema\/person\/7bf8790ba89d3480e0551241ccdc8d36\"},\"headline\":\"\u00a1Felicitamos a nuestros bachilleres internacionales!\",\"datePublished\":\"2018-09-14T16:10:40+00:00\",\"dateModified\":\"2023-01-04T16:05:40+00:00\",\"mainEntityOfPage\":{\"@id\":\"https:\/\/ds-barranquilla.org\/felicitamos-a-nuestros-bachilleres-internacionales\/\"},\"wordCount\":212,\"commentCount\":0,\"publisher\":{\"@id\":\"https:\/\/ds-barranquilla.org\/#organization\"},\"image\":{\"@id\":\"https:\/\/ds-barranquilla.org\/felicitamos-a-nuestros-bachilleres-internacionales\/#primaryimage\"},\"thumbnailUrl\":\"https:\/\/ds-barranquilla.org\/wp-content\/uploads\/2020\/07\/\u00a1Felicitamos-a-nuestros-bachilleres-internacionales.jpg\",\"keywords\":[\"2018\",\"Bachillerato internacional\"],\"articleSection\":[\"2018\",\"Alumni\",\"Bachillerato Internacional\"],\"inLanguage\":\"de\",\"potentialAction\":[{\"@type\":\"CommentAction\",\"name\":\"Comment\",\"target\":[\"https:\/\/ds-barranquilla.org\/felicitamos-a-nuestros-bachilleres-internacionales\/#respond\"]}]},{\"@type\":\"WebPage\",\"@id\":\"https:\/\/ds-barranquilla.org\/felicitamos-a-nuestros-bachilleres-internacionales\/\",\"url\":\"https:\/\/ds-barranquilla.org\/felicitamos-a-nuestros-bachilleres-internacionales\/\",\"name\":\"\u00a1Felicitamos a nuestros bachilleres internacionales! - 2026\",\"isPartOf\":{\"@id\":\"https:\/\/ds-barranquilla.org\/#website\"},\"primaryImageOfPage\":{\"@id\":\"https:\/\/ds-barranquilla.org\/felicitamos-a-nuestros-bachilleres-internacionales\/#primaryimage\"},\"image\":{\"@id\":\"https:\/\/ds-barranquilla.org\/felicitamos-a-nuestros-bachilleres-internacionales\/#primaryimage\"},\"thumbnailUrl\":\"https:\/\/ds-barranquilla.org\/wp-content\/uploads\/2020\/07\/\u00a1Felicitamos-a-nuestros-bachilleres-internacionales.jpg\",\"datePublished\":\"2018-09-14T16:10:40+00:00\",\"dateModified\":\"2023-01-04T16:05:40+00:00\",\"breadcrumb\":{\"@id\":\"https:\/\/ds-barranquilla.org\/felicitamos-a-nuestros-bachilleres-internacionales\/#breadcrumb\"},\"inLanguage\":\"de\",\"potentialAction\":[{\"@type\":\"ReadAction\",\"target\":[\"https:\/\/ds-barranquilla.org\/felicitamos-a-nuestros-bachilleres-internacionales\/\"]}]},{\"@type\":\"ImageObject\",\"inLanguage\":\"de\",\"@id\":\"https:\/\/ds-barranquilla.org\/felicitamos-a-nuestros-bachilleres-internacionales\/#primaryimage\",\"url\":\"https:\/\/ds-barranquilla.org\/wp-content\/uploads\/2020\/07\/\u00a1Felicitamos-a-nuestros-bachilleres-internacionales.jpg\",\"contentUrl\":\"https:\/\/ds-barranquilla.org\/wp-content\/uploads\/2020\/07\/\u00a1Felicitamos-a-nuestros-bachilleres-internacionales.jpg\",\"width\":618,\"height\":146},{\"@type\":\"BreadcrumbList\",\"@id\":\"https:\/\/ds-barranquilla.org\/felicitamos-a-nuestros-bachilleres-internacionales\/#breadcrumb\",\"itemListElement\":[{\"@type\":\"ListItem\",\"position\":1,\"name\":\"Portada\",\"item\":\"https:\/\/ds-barranquilla.org\/\"},{\"@type\":\"ListItem\",\"position\":2,\"name\":\"\u00a1Felicitamos a nuestros bachilleres internacionales!\"}]},{\"@type\":\"WebSite\",\"@id\":\"https:\/\/ds-barranquilla.org\/#website\",\"url\":\"https:\/\/ds-barranquilla.org\/\",\"name\":\"Colegio Alem\u00e1n - Los Mejores Colegios de Colombia - Colegio Triling\u00fce\",\"description\":\"Colegio Alem\u00e1n  Barranquilla Colombia - Colegio Biling\u00fce - Triling\u00fce - El Mejor Colegio de Colombia\",\"publisher\":{\"@id\":\"https:\/\/ds-barranquilla.org\/#organization\"},\"potentialAction\":[{\"@type\":\"SearchAction\",\"target\":{\"@type\":\"EntryPoint\",\"urlTemplate\":\"https:\/\/ds-barranquilla.org\/?s={search_term_string}\"},\"query-input\":\"required name=search_term_string\"}],\"inLanguage\":\"de\"},{\"@type\":\"Organization\",\"@id\":\"https:\/\/ds-barranquilla.org\/#organization\",\"name\":\"Colegio Alem\u00e1n Barranquilla\",\"url\":\"https:\/\/ds-barranquilla.org\/\",\"logo\":{\"@type\":\"ImageObject\",\"inLanguage\":\"de\",\"@id\":\"https:\/\/ds-barranquilla.org\/#\/schema\/logo\/image\/\",\"url\":\"https:\/\/ds-barranquilla.org\/wp-content\/uploads\/2021\/05\/coleman_logo_2.png\",\"contentUrl\":\"https:\/\/ds-barranquilla.org\/wp-content\/uploads\/2021\/05\/coleman_logo_2.png\",\"width\":418,\"height\":307,\"caption\":\"Colegio Alem\u00e1n Barranquilla\"},\"image\":{\"@id\":\"https:\/\/ds-barranquilla.org\/#\/schema\/logo\/image\/\"},\"sameAs\":[\"https:\/\/www.facebook.com\/ColegioAlemanBaq\/\",\"https:\/\/x.com\/ColegioAlemanBq\",\"https:\/\/www.instagram.com\/colegioalemanbaq\/\",\"https:\/\/www.linkedin.com\/school\/deutsche-schule-barranquilla\/\",\"https:\/\/www.youtube.com\/channel\/UCOOGZQCVs6aYRqIWvSN5agQ\"]},{\"@type\":\"Person\",\"@id\":\"https:\/\/ds-barranquilla.org\/#\/schema\/person\/7bf8790ba89d3480e0551241ccdc8d36\",\"name\":\"Comunicaciones Comunicaciones\",\"image\":{\"@type\":\"ImageObject\",\"inLanguage\":\"de\",\"@id\":\"https:\/\/ds-barranquilla.org\/#\/schema\/person\/image\/\",\"url\":\"https:\/\/secure.gravatar.com\/avatar\/a66ba9484a4338d81d6bea750e595038?s=96&d=mm&r=g\",\"contentUrl\":\"https:\/\/secure.gravatar.com\/avatar\/a66ba9484a4338d81d6bea750e595038?s=96&d=mm&r=g\",\"caption\":\"Comunicaciones Comunicaciones\"}}]}<\/script>\n<!-- \/ Yoast SEO plugin. -->","yoast_head_json":{"title":"\u00a1Felicitamos a nuestros bachilleres internacionales! - 2026","robots":{"index":"noindex","follow":"follow","max-snippet":"max-snippet:-1","max-image-preview":"max-image-preview:large","max-video-preview":"max-video-preview:-1"},"og_locale":"de_DE","og_type":"article","og_title":"\u00a1Felicitamos a nuestros bachilleres internacionales! - 2026","og_description":"Hoy culmin\u00f3 oficialmente el programa del\u202fBachillerato Internacional\u202fpara nuestros egresados de la promoci\u00f3n 2017-2018 con la\u202fceremonia\u202fde entrega de Diplomas y Certificados. Este evento cont\u00f3 con la participaci\u00f3n [\u2026]","og_url":"https:\/\/ds-barranquilla.org\/de\/felicitamos-a-nuestros-bachilleres-internacionales\/","og_site_name":"Colegio Alem\u00e1n - Los Mejores Colegios de Colombia - Colegio Triling\u00fce","article_publisher":"https:\/\/www.facebook.com\/ColegioAlemanBaq\/","article_published_time":"2018-09-14T16:10:40+00:00","article_modified_time":"2023-01-04T16:05:40+00:00","og_image":[{"width":618,"height":146,"url":"https:\/\/ds-barranquilla.org\/wp-content\/uploads\/2020\/07\/\u00a1Felicitamos-a-nuestros-bachilleres-internacionales.jpg","type":"image\/jpeg"}],"author":"Comunicaciones Comunicaciones","twitter_card":"summary_large_image","twitter_creator":"@ColegioAlemanBq","twitter_site":"@ColegioAlemanBq","twitter_misc":{"Verfasst von":"Comunicaciones Comunicaciones","Gesch\u00e4tzte Lesezeit":"1\u00a0Minute"},"schema":{"@context":"https:\/\/schema.org","@graph":[{"@type":"Article","@id":"https:\/\/ds-barranquilla.org\/felicitamos-a-nuestros-bachilleres-internacionales\/#article","isPartOf":{"@id":"https:\/\/ds-barranquilla.org\/felicitamos-a-nuestros-bachilleres-internacionales\/"},"author":{"name":"Comunicaciones Comunicaciones","@id":"https:\/\/ds-barranquilla.org\/#\/schema\/person\/7bf8790ba89d3480e0551241ccdc8d36"},"headline":"\u00a1Felicitamos a nuestros bachilleres internacionales!","datePublished":"2018-09-14T16:10:40+00:00","dateModified":"2023-01-04T16:05:40+00:00","mainEntityOfPage":{"@id":"https:\/\/ds-barranquilla.org\/felicitamos-a-nuestros-bachilleres-internacionales\/"},"wordCount":212,"commentCount":0,"publisher":{"@id":"https:\/\/ds-barranquilla.org\/#organization"},"image":{"@id":"https:\/\/ds-barranquilla.org\/felicitamos-a-nuestros-bachilleres-internacionales\/#primaryimage"},"thumbnailUrl":"https:\/\/ds-barranquilla.org\/wp-content\/uploads\/2020\/07\/\u00a1Felicitamos-a-nuestros-bachilleres-internacionales.jpg","keywords":["2018","Bachillerato internacional"],"articleSection":["2018","Alumni","Bachillerato Internacional"],"inLanguage":"de","potentialAction":[{"@type":"CommentAction","name":"Comment","target":["https:\/\/ds-barranquilla.org\/felicitamos-a-nuestros-bachilleres-internacionales\/#respond"]}]},{"@type":"WebPage","@id":"https:\/\/ds-barranquilla.org\/felicitamos-a-nuestros-bachilleres-internacionales\/","url":"https:\/\/ds-barranquilla.org\/felicitamos-a-nuestros-bachilleres-internacionales\/","name":"\u00a1Felicitamos a nuestros bachilleres internacionales! - 2026","isPartOf":{"@id":"https:\/\/ds-barranquilla.org\/#website"},"primaryImageOfPage":{"@id":"https:\/\/ds-barranquilla.org\/felicitamos-a-nuestros-bachilleres-internacionales\/#primaryimage"},"image":{"@id":"https:\/\/ds-barranquilla.org\/felicitamos-a-nuestros-bachilleres-internacionales\/#primaryimage"},"thumbnailUrl":"https:\/\/ds-barranquilla.org\/wp-content\/uploads\/2020\/07\/\u00a1Felicitamos-a-nuestros-bachilleres-internacionales.jpg","datePublished":"2018-09-14T16:10:40+00:00","dateModified":"2023-01-04T16:05:40+00:00","breadcrumb":{"@id":"https:\/\/ds-barranquilla.org\/felicitamos-a-nuestros-bachilleres-internacionales\/#breadcrumb"},"inLanguage":"de","potentialAction":[{"@type":"ReadAction","target":["https:\/\/ds-barranquilla.org\/felicitamos-a-nuestros-bachilleres-internacionales\/"]}]},{"@type":"ImageObject","inLanguage":"de","@id":"https:\/\/ds-barranquilla.org\/felicitamos-a-nuestros-bachilleres-internacionales\/#primaryimage","url":"https:\/\/ds-barranquilla.org\/wp-content\/uploads\/2020\/07\/\u00a1Felicitamos-a-nuestros-bachilleres-internacionales.jpg","contentUrl":"https:\/\/ds-barranquilla.org\/wp-content\/uploads\/2020\/07\/\u00a1Felicitamos-a-nuestros-bachilleres-internacionales.jpg","width":618,"height":146},{"@type":"BreadcrumbList","@id":"https:\/\/ds-barranquilla.org\/felicitamos-a-nuestros-bachilleres-internacionales\/#breadcrumb","itemListElement":[{"@type":"ListItem","position":1,"name":"Portada","item":"https:\/\/ds-barranquilla.org\/"},{"@type":"ListItem","position":2,"name":"\u00a1Felicitamos a nuestros bachilleres internacionales!"}]},{"@type":"WebSite","@id":"https:\/\/ds-barranquilla.org\/#website","url":"https:\/\/ds-barranquilla.org\/","name":"Colegio Alem\u00e1n - Los Mejores Colegios de Colombia - Colegio Triling\u00fce","description":"Colegio Alem\u00e1n  Barranquilla Colombia - Colegio Biling\u00fce - Triling\u00fce - El Mejor Colegio de Colombia","publisher":{"@id":"https:\/\/ds-barranquilla.org\/#organization"},"potentialAction":[{"@type":"SearchAction","target":{"@type":"EntryPoint","urlTemplate":"https:\/\/ds-barranquilla.org\/?s={search_term_string}"},"query-input":"required name=search_term_string"}],"inLanguage":"de"},{"@type":"Organization","@id":"https:\/\/ds-barranquilla.org\/#organization","name":"Colegio Alem\u00e1n Barranquilla","url":"https:\/\/ds-barranquilla.org\/","logo":{"@type":"ImageObject","inLanguage":"de","@id":"https:\/\/ds-barranquilla.org\/#\/schema\/logo\/image\/","url":"https:\/\/ds-barranquilla.org\/wp-content\/uploads\/2021\/05\/coleman_logo_2.png","contentUrl":"https:\/\/ds-barranquilla.org\/wp-content\/uploads\/2021\/05\/coleman_logo_2.png","width":418,"height":307,"caption":"Colegio Alem\u00e1n Barranquilla"},"image":{"@id":"https:\/\/ds-barranquilla.org\/#\/schema\/logo\/image\/"},"sameAs":["https:\/\/www.facebook.com\/ColegioAlemanBaq\/","https:\/\/x.com\/ColegioAlemanBq","https:\/\/www.instagram.com\/colegioalemanbaq\/","https:\/\/www.linkedin.com\/school\/deutsche-schule-barranquilla\/","https:\/\/www.youtube.com\/channel\/UCOOGZQCVs6aYRqIWvSN5agQ"]},{"@type":"Person","@id":"https:\/\/ds-barranquilla.org\/#\/schema\/person\/7bf8790ba89d3480e0551241ccdc8d36","name":"Comunicaciones Comunicaciones","image":{"@type":"ImageObject","inLanguage":"de","@id":"https:\/\/ds-barranquilla.org\/#\/schema\/person\/image\/","url":"https:\/\/secure.gravatar.com\/avatar\/a66ba9484a4338d81d6bea750e595038?s=96&d=mm&r=g","contentUrl":"https:\/\/secure.gravatar.com\/avatar\/a66ba9484a4338d81d6bea750e595038?s=96&d=mm&r=g","caption":"Comunicaciones Comunicaciones"}}]}},"_links":{"self":[{"href":"https:\/\/ds-barranquilla.org\/de\/wp-json\/wp\/v2\/posts\/4855"}],"collection":[{"href":"https:\/\/ds-barranquilla.org\/de\/wp-json\/wp\/v2\/posts"}],"about":[{"href":"https:\/\/ds-barranquilla.org\/de\/wp-json\/wp\/v2\/types\/post"}],"author":[{"embeddable":true,"href":"https:\/\/ds-barranquilla.org\/de\/wp-json\/wp\/v2\/users\/16"}],"replies":[{"embeddable":true,"href":"https:\/\/ds-barranquilla.org\/de\/wp-json\/wp\/v2\/comments?post=4855"}],"version-history":[{"count":1,"href":"https:\/\/ds-barranquilla.org\/de\/wp-json\/wp\/v2\/posts\/4855\/revisions"}],"predecessor-version":[{"id":4857,"href":"https:\/\/ds-barranquilla.org\/de\/wp-json\/wp\/v2\/posts\/4855\/revisions\/4857"}],"wp:featuredmedia":[{"embeddable":true,"href":"https:\/\/ds-barranquilla.org\/de\/wp-json\/wp\/v2\/media\/4856"}],"wp:attachment":[{"href":"https:\/\/ds-barranquilla.org\/de\/wp-json\/wp\/v2\/media?parent=4855"}],"wp:term":[{"taxonomy":"category","embeddable":true,"href":"https:\/\/ds-barranquilla.org\/de\/wp-json\/wp\/v2\/categories?post=4855"},{"taxonomy":"post_tag","embeddable":true,"href":"https:\/\/ds-barranquilla.org\/de\/wp-json\/wp\/v2\/tags?post=4855"}],"curies":[{"name":"wp","href":"https:\/\/api.w.org\/{rel}","templated":true}]}}