{"id":4858,"date":"2018-03-13T11:16:29","date_gmt":"2018-03-13T16:16:29","guid":{"rendered":"https:\/\/ds-barranquilla.org\/?p=4858"},"modified":"2022-12-21T08:12:21","modified_gmt":"2022-12-21T13:12:21","slug":"don-quijote-de-la-mancha-visto-a-traves-de-dioramas","status":"publish","type":"post","link":"https:\/\/ds-barranquilla.org\/de\/don-quijote-de-la-mancha-visto-a-traves-de-dioramas\/","title":{"rendered":"Don Quijote de la Mancha visto a trav\u00e9s de dioramas"},"content":{"rendered":"<p>Los estudiantes de Klasse 5 conocieron de una manera distinta el complejo universo de\u202fDon Quijote de la Mancha\u202fde Miguel de Cervantes Saavedra, la obra cumbre de la literatura en espa\u00f1ol, en un proyecto correspondiente al Examen Coordinado Creativo del \u00e1rea de Espa\u00f1ol, liderado por el profesor\u202fEdinson Ayala Mendoza.<\/p>\n<p>&#8220;Fue un proceso de casi tres semanas durante las cuales hubo que explicarles a los estudiantes qu\u00e9 era un\u202fdiorama\u202fy cu\u00e1les son sus clases, que pod\u00edan escoger los materiales libremente, pero siguiendo la tem\u00e1tica que quer\u00edan construir, adem\u00e1s del paso a paso para su elaboraci\u00f3n y posterior decoraci\u00f3n con los m\u00faltiples detalles que ello requer\u00eda\u201d, explica el profesor Ayala.<\/p>\n<p>Tras este proceso creativo, los estudiantes organizaron sus grupos de dos o tres integrantes, escogieron el cap\u00edtulo que m\u00e1s les gust\u00f3 para elaborar su diorama y lo presentaron ante los estudiantes de la Klasse 4, que el pr\u00f3ximo a\u00f1o tendr\u00e1n que leer este gran libro.<\/p>\n<p>Todos hicieron trabajos muy creativos, coloridos y con materiales reciclados y, durante sus presentaciones, leyeron partes de la obra a sus compa\u00f1eros m\u00e1s peque\u00f1os. Cabe destacar que este examen tuvo en cuenta la filosof\u00eda del colegio y las estrategias y herramientas con las que contamos actualmente, como el trabajo cooperativo, el aprendizaje diferenciado y la ense\u00f1anza significativa.<\/p>\n<p>&gt;&gt; Weitere Fotos auf flickr<\/p>","protected":false},"excerpt":{"rendered":"<p>Los estudiantes de Klasse 5 conocieron de una manera distinta el complejo universo de\u202fDon Quijote de la Mancha\u202fde Miguel de Cervantes Saavedra, la obra cumbre de<span class=\"excerpt-hellip\"> [\u2026]<\/span><\/p>","protected":false},"author":16,"featured_media":4859,"comment_status":"open","ping_status":"open","sticky":false,"template":"","format":"standard","meta":{"_exactmetrics_skip_tracking":false,"_exactmetrics_sitenote_active":false,"_exactmetrics_sitenote_note":"","_exactmetrics_sitenote_category":0,"_joinchat":[],"footnotes":""},"categories":[678,690,676],"tags":[],"class_list":["post-4858","post","type-post","status-publish","format-standard","has-post-thumbnail","hentry","category-678","category-area-de-lengua-y-literatura","category-primaria"],"yoast_head":"<!-- This site is optimized with the Yoast SEO plugin v23.3 - https:\/\/yoast.com\/wordpress\/plugins\/seo\/ -->\n<title>Don Quijote de la Mancha visto a trav\u00e9s de dioramas - 2026<\/title>\n<meta name=\"robots\" content=\"noindex, follow, max-snippet:-1, max-image-preview:large, max-video-preview:-1\" \/>\n<meta property=\"og:locale\" content=\"de_DE\" \/>\n<meta property=\"og:type\" content=\"article\" \/>\n<meta property=\"og:title\" content=\"Don Quijote de la Mancha visto a trav\u00e9s de dioramas - 2026\" \/>\n<meta property=\"og:description\" content=\"Los estudiantes de Klasse 5 conocieron de una manera distinta el complejo universo de\u202fDon Quijote de la Mancha\u202fde Miguel de Cervantes Saavedra, la obra cumbre de [\u2026]\" \/>\n<meta property=\"og:url\" content=\"https:\/\/ds-barranquilla.org\/de\/don-quijote-de-la-mancha-visto-a-traves-de-dioramas\/\" \/>\n<meta property=\"og:site_name\" content=\"Colegio Alem\u00e1n - Los Mejores Colegios de Colombia - Colegio Triling\u00fce\" \/>\n<meta property=\"article:publisher\" content=\"https:\/\/www.facebook.com\/ColegioAlemanBaq\/\" \/>\n<meta property=\"article:published_time\" content=\"2018-03-13T16:16:29+00:00\" \/>\n<meta property=\"article:modified_time\" content=\"2022-12-21T13:12:21+00:00\" \/>\n<meta property=\"og:image\" content=\"https:\/\/ds-barranquilla.org\/wp-content\/uploads\/2020\/07\/Don-Quijote-de-la-Mancha-visto-a-trav\u00e9s-de-dioramas.jpg\" \/>\n\t<meta property=\"og:image:width\" content=\"558\" \/>\n\t<meta property=\"og:image:height\" content=\"248\" \/>\n\t<meta property=\"og:image:type\" content=\"image\/jpeg\" \/>\n<meta name=\"author\" content=\"Comunicaciones Comunicaciones\" \/>\n<meta name=\"twitter:card\" content=\"summary_large_image\" \/>\n<meta name=\"twitter:creator\" content=\"@ColegioAlemanBq\" \/>\n<meta name=\"twitter:site\" content=\"@ColegioAlemanBq\" \/>\n<meta name=\"twitter:label1\" content=\"Verfasst von\" \/>\n\t<meta name=\"twitter:data1\" content=\"Comunicaciones Comunicaciones\" \/>\n\t<meta name=\"twitter:label2\" content=\"Gesch\u00e4tzte Lesezeit\" \/>\n\t<meta name=\"twitter:data2\" content=\"1\u00a0Minute\" \/>\n<script type=\"application\/ld+json\" class=\"yoast-schema-graph\">{\"@context\":\"https:\/\/schema.org\",\"@graph\":[{\"@type\":\"Article\",\"@id\":\"https:\/\/ds-barranquilla.org\/don-quijote-de-la-mancha-visto-a-traves-de-dioramas\/#article\",\"isPartOf\":{\"@id\":\"https:\/\/ds-barranquilla.org\/don-quijote-de-la-mancha-visto-a-traves-de-dioramas\/\"},\"author\":{\"name\":\"Comunicaciones Comunicaciones\",\"@id\":\"https:\/\/ds-barranquilla.org\/#\/schema\/person\/7bf8790ba89d3480e0551241ccdc8d36\"},\"headline\":\"Don Quijote de la Mancha visto a trav\u00e9s de dioramas\",\"datePublished\":\"2018-03-13T16:16:29+00:00\",\"dateModified\":\"2022-12-21T13:12:21+00:00\",\"mainEntityOfPage\":{\"@id\":\"https:\/\/ds-barranquilla.org\/don-quijote-de-la-mancha-visto-a-traves-de-dioramas\/\"},\"wordCount\":250,\"commentCount\":0,\"publisher\":{\"@id\":\"https:\/\/ds-barranquilla.org\/#organization\"},\"image\":{\"@id\":\"https:\/\/ds-barranquilla.org\/don-quijote-de-la-mancha-visto-a-traves-de-dioramas\/#primaryimage\"},\"thumbnailUrl\":\"https:\/\/ds-barranquilla.org\/wp-content\/uploads\/2020\/07\/Don-Quijote-de-la-Mancha-visto-a-trav\u00e9s-de-dioramas.jpg\",\"articleSection\":[\"2018\",\"\u00c1rea de Lengua y Literatura\",\"Primaria\"],\"inLanguage\":\"de\",\"potentialAction\":[{\"@type\":\"CommentAction\",\"name\":\"Comment\",\"target\":[\"https:\/\/ds-barranquilla.org\/don-quijote-de-la-mancha-visto-a-traves-de-dioramas\/#respond\"]}]},{\"@type\":\"WebPage\",\"@id\":\"https:\/\/ds-barranquilla.org\/don-quijote-de-la-mancha-visto-a-traves-de-dioramas\/\",\"url\":\"https:\/\/ds-barranquilla.org\/don-quijote-de-la-mancha-visto-a-traves-de-dioramas\/\",\"name\":\"Don Quijote de la Mancha visto a trav\u00e9s de dioramas - 2026\",\"isPartOf\":{\"@id\":\"https:\/\/ds-barranquilla.org\/#website\"},\"primaryImageOfPage\":{\"@id\":\"https:\/\/ds-barranquilla.org\/don-quijote-de-la-mancha-visto-a-traves-de-dioramas\/#primaryimage\"},\"image\":{\"@id\":\"https:\/\/ds-barranquilla.org\/don-quijote-de-la-mancha-visto-a-traves-de-dioramas\/#primaryimage\"},\"thumbnailUrl\":\"https:\/\/ds-barranquilla.org\/wp-content\/uploads\/2020\/07\/Don-Quijote-de-la-Mancha-visto-a-trav\u00e9s-de-dioramas.jpg\",\"datePublished\":\"2018-03-13T16:16:29+00:00\",\"dateModified\":\"2022-12-21T13:12:21+00:00\",\"breadcrumb\":{\"@id\":\"https:\/\/ds-barranquilla.org\/don-quijote-de-la-mancha-visto-a-traves-de-dioramas\/#breadcrumb\"},\"inLanguage\":\"de\",\"potentialAction\":[{\"@type\":\"ReadAction\",\"target\":[\"https:\/\/ds-barranquilla.org\/don-quijote-de-la-mancha-visto-a-traves-de-dioramas\/\"]}]},{\"@type\":\"ImageObject\",\"inLanguage\":\"de\",\"@id\":\"https:\/\/ds-barranquilla.org\/don-quijote-de-la-mancha-visto-a-traves-de-dioramas\/#primaryimage\",\"url\":\"https:\/\/ds-barranquilla.org\/wp-content\/uploads\/2020\/07\/Don-Quijote-de-la-Mancha-visto-a-trav\u00e9s-de-dioramas.jpg\",\"contentUrl\":\"https:\/\/ds-barranquilla.org\/wp-content\/uploads\/2020\/07\/Don-Quijote-de-la-Mancha-visto-a-trav\u00e9s-de-dioramas.jpg\",\"width\":558,\"height\":248},{\"@type\":\"BreadcrumbList\",\"@id\":\"https:\/\/ds-barranquilla.org\/don-quijote-de-la-mancha-visto-a-traves-de-dioramas\/#breadcrumb\",\"itemListElement\":[{\"@type\":\"ListItem\",\"position\":1,\"name\":\"Portada\",\"item\":\"https:\/\/ds-barranquilla.org\/\"},{\"@type\":\"ListItem\",\"position\":2,\"name\":\"Don Quijote de la Mancha visto a trav\u00e9s de dioramas\"}]},{\"@type\":\"WebSite\",\"@id\":\"https:\/\/ds-barranquilla.org\/#website\",\"url\":\"https:\/\/ds-barranquilla.org\/\",\"name\":\"Colegio Alem\u00e1n - Los Mejores Colegios de Colombia - Colegio Triling\u00fce\",\"description\":\"Colegio Alem\u00e1n  Barranquilla Colombia - Colegio Biling\u00fce - Triling\u00fce - El Mejor Colegio de Colombia\",\"publisher\":{\"@id\":\"https:\/\/ds-barranquilla.org\/#organization\"},\"potentialAction\":[{\"@type\":\"SearchAction\",\"target\":{\"@type\":\"EntryPoint\",\"urlTemplate\":\"https:\/\/ds-barranquilla.org\/?s={search_term_string}\"},\"query-input\":\"required name=search_term_string\"}],\"inLanguage\":\"de\"},{\"@type\":\"Organization\",\"@id\":\"https:\/\/ds-barranquilla.org\/#organization\",\"name\":\"Colegio Alem\u00e1n Barranquilla\",\"url\":\"https:\/\/ds-barranquilla.org\/\",\"logo\":{\"@type\":\"ImageObject\",\"inLanguage\":\"de\",\"@id\":\"https:\/\/ds-barranquilla.org\/#\/schema\/logo\/image\/\",\"url\":\"https:\/\/ds-barranquilla.org\/wp-content\/uploads\/2021\/05\/coleman_logo_2.png\",\"contentUrl\":\"https:\/\/ds-barranquilla.org\/wp-content\/uploads\/2021\/05\/coleman_logo_2.png\",\"width\":418,\"height\":307,\"caption\":\"Colegio Alem\u00e1n Barranquilla\"},\"image\":{\"@id\":\"https:\/\/ds-barranquilla.org\/#\/schema\/logo\/image\/\"},\"sameAs\":[\"https:\/\/www.facebook.com\/ColegioAlemanBaq\/\",\"https:\/\/x.com\/ColegioAlemanBq\",\"https:\/\/www.instagram.com\/colegioalemanbaq\/\",\"https:\/\/www.linkedin.com\/school\/deutsche-schule-barranquilla\/\",\"https:\/\/www.youtube.com\/channel\/UCOOGZQCVs6aYRqIWvSN5agQ\"]},{\"@type\":\"Person\",\"@id\":\"https:\/\/ds-barranquilla.org\/#\/schema\/person\/7bf8790ba89d3480e0551241ccdc8d36\",\"name\":\"Comunicaciones Comunicaciones\",\"image\":{\"@type\":\"ImageObject\",\"inLanguage\":\"de\",\"@id\":\"https:\/\/ds-barranquilla.org\/#\/schema\/person\/image\/\",\"url\":\"https:\/\/secure.gravatar.com\/avatar\/a66ba9484a4338d81d6bea750e595038?s=96&d=mm&r=g\",\"contentUrl\":\"https:\/\/secure.gravatar.com\/avatar\/a66ba9484a4338d81d6bea750e595038?s=96&d=mm&r=g\",\"caption\":\"Comunicaciones Comunicaciones\"}}]}<\/script>\n<!-- \/ Yoast SEO plugin. -->","yoast_head_json":{"title":"Don Quijote de la Mancha visto a trav\u00e9s de dioramas - 2026","robots":{"index":"noindex","follow":"follow","max-snippet":"max-snippet:-1","max-image-preview":"max-image-preview:large","max-video-preview":"max-video-preview:-1"},"og_locale":"de_DE","og_type":"article","og_title":"Don Quijote de la Mancha visto a trav\u00e9s de dioramas - 2026","og_description":"Los estudiantes de Klasse 5 conocieron de una manera distinta el complejo universo de\u202fDon Quijote de la Mancha\u202fde Miguel de Cervantes Saavedra, la obra cumbre de [\u2026]","og_url":"https:\/\/ds-barranquilla.org\/de\/don-quijote-de-la-mancha-visto-a-traves-de-dioramas\/","og_site_name":"Colegio Alem\u00e1n - Los Mejores Colegios de Colombia - Colegio Triling\u00fce","article_publisher":"https:\/\/www.facebook.com\/ColegioAlemanBaq\/","article_published_time":"2018-03-13T16:16:29+00:00","article_modified_time":"2022-12-21T13:12:21+00:00","og_image":[{"width":558,"height":248,"url":"https:\/\/ds-barranquilla.org\/wp-content\/uploads\/2020\/07\/Don-Quijote-de-la-Mancha-visto-a-trav\u00e9s-de-dioramas.jpg","type":"image\/jpeg"}],"author":"Comunicaciones Comunicaciones","twitter_card":"summary_large_image","twitter_creator":"@ColegioAlemanBq","twitter_site":"@ColegioAlemanBq","twitter_misc":{"Verfasst von":"Comunicaciones Comunicaciones","Gesch\u00e4tzte Lesezeit":"1\u00a0Minute"},"schema":{"@context":"https:\/\/schema.org","@graph":[{"@type":"Article","@id":"https:\/\/ds-barranquilla.org\/don-quijote-de-la-mancha-visto-a-traves-de-dioramas\/#article","isPartOf":{"@id":"https:\/\/ds-barranquilla.org\/don-quijote-de-la-mancha-visto-a-traves-de-dioramas\/"},"author":{"name":"Comunicaciones Comunicaciones","@id":"https:\/\/ds-barranquilla.org\/#\/schema\/person\/7bf8790ba89d3480e0551241ccdc8d36"},"headline":"Don Quijote de la Mancha visto a trav\u00e9s de dioramas","datePublished":"2018-03-13T16:16:29+00:00","dateModified":"2022-12-21T13:12:21+00:00","mainEntityOfPage":{"@id":"https:\/\/ds-barranquilla.org\/don-quijote-de-la-mancha-visto-a-traves-de-dioramas\/"},"wordCount":250,"commentCount":0,"publisher":{"@id":"https:\/\/ds-barranquilla.org\/#organization"},"image":{"@id":"https:\/\/ds-barranquilla.org\/don-quijote-de-la-mancha-visto-a-traves-de-dioramas\/#primaryimage"},"thumbnailUrl":"https:\/\/ds-barranquilla.org\/wp-content\/uploads\/2020\/07\/Don-Quijote-de-la-Mancha-visto-a-trav\u00e9s-de-dioramas.jpg","articleSection":["2018","\u00c1rea de Lengua y Literatura","Primaria"],"inLanguage":"de","potentialAction":[{"@type":"CommentAction","name":"Comment","target":["https:\/\/ds-barranquilla.org\/don-quijote-de-la-mancha-visto-a-traves-de-dioramas\/#respond"]}]},{"@type":"WebPage","@id":"https:\/\/ds-barranquilla.org\/don-quijote-de-la-mancha-visto-a-traves-de-dioramas\/","url":"https:\/\/ds-barranquilla.org\/don-quijote-de-la-mancha-visto-a-traves-de-dioramas\/","name":"Don Quijote de la Mancha visto a trav\u00e9s de dioramas - 2026","isPartOf":{"@id":"https:\/\/ds-barranquilla.org\/#website"},"primaryImageOfPage":{"@id":"https:\/\/ds-barranquilla.org\/don-quijote-de-la-mancha-visto-a-traves-de-dioramas\/#primaryimage"},"image":{"@id":"https:\/\/ds-barranquilla.org\/don-quijote-de-la-mancha-visto-a-traves-de-dioramas\/#primaryimage"},"thumbnailUrl":"https:\/\/ds-barranquilla.org\/wp-content\/uploads\/2020\/07\/Don-Quijote-de-la-Mancha-visto-a-trav\u00e9s-de-dioramas.jpg","datePublished":"2018-03-13T16:16:29+00:00","dateModified":"2022-12-21T13:12:21+00:00","breadcrumb":{"@id":"https:\/\/ds-barranquilla.org\/don-quijote-de-la-mancha-visto-a-traves-de-dioramas\/#breadcrumb"},"inLanguage":"de","potentialAction":[{"@type":"ReadAction","target":["https:\/\/ds-barranquilla.org\/don-quijote-de-la-mancha-visto-a-traves-de-dioramas\/"]}]},{"@type":"ImageObject","inLanguage":"de","@id":"https:\/\/ds-barranquilla.org\/don-quijote-de-la-mancha-visto-a-traves-de-dioramas\/#primaryimage","url":"https:\/\/ds-barranquilla.org\/wp-content\/uploads\/2020\/07\/Don-Quijote-de-la-Mancha-visto-a-trav\u00e9s-de-dioramas.jpg","contentUrl":"https:\/\/ds-barranquilla.org\/wp-content\/uploads\/2020\/07\/Don-Quijote-de-la-Mancha-visto-a-trav\u00e9s-de-dioramas.jpg","width":558,"height":248},{"@type":"BreadcrumbList","@id":"https:\/\/ds-barranquilla.org\/don-quijote-de-la-mancha-visto-a-traves-de-dioramas\/#breadcrumb","itemListElement":[{"@type":"ListItem","position":1,"name":"Portada","item":"https:\/\/ds-barranquilla.org\/"},{"@type":"ListItem","position":2,"name":"Don Quijote de la Mancha visto a trav\u00e9s de dioramas"}]},{"@type":"WebSite","@id":"https:\/\/ds-barranquilla.org\/#website","url":"https:\/\/ds-barranquilla.org\/","name":"Colegio Alem\u00e1n - Los Mejores Colegios de Colombia - Colegio Triling\u00fce","description":"Colegio Alem\u00e1n  Barranquilla Colombia - Colegio Biling\u00fce - Triling\u00fce - El Mejor Colegio de Colombia","publisher":{"@id":"https:\/\/ds-barranquilla.org\/#organization"},"potentialAction":[{"@type":"SearchAction","target":{"@type":"EntryPoint","urlTemplate":"https:\/\/ds-barranquilla.org\/?s={search_term_string}"},"query-input":"required name=search_term_string"}],"inLanguage":"de"},{"@type":"Organization","@id":"https:\/\/ds-barranquilla.org\/#organization","name":"Colegio Alem\u00e1n Barranquilla","url":"https:\/\/ds-barranquilla.org\/","logo":{"@type":"ImageObject","inLanguage":"de","@id":"https:\/\/ds-barranquilla.org\/#\/schema\/logo\/image\/","url":"https:\/\/ds-barranquilla.org\/wp-content\/uploads\/2021\/05\/coleman_logo_2.png","contentUrl":"https:\/\/ds-barranquilla.org\/wp-content\/uploads\/2021\/05\/coleman_logo_2.png","width":418,"height":307,"caption":"Colegio Alem\u00e1n Barranquilla"},"image":{"@id":"https:\/\/ds-barranquilla.org\/#\/schema\/logo\/image\/"},"sameAs":["https:\/\/www.facebook.com\/ColegioAlemanBaq\/","https:\/\/x.com\/ColegioAlemanBq","https:\/\/www.instagram.com\/colegioalemanbaq\/","https:\/\/www.linkedin.com\/school\/deutsche-schule-barranquilla\/","https:\/\/www.youtube.com\/channel\/UCOOGZQCVs6aYRqIWvSN5agQ"]},{"@type":"Person","@id":"https:\/\/ds-barranquilla.org\/#\/schema\/person\/7bf8790ba89d3480e0551241ccdc8d36","name":"Comunicaciones Comunicaciones","image":{"@type":"ImageObject","inLanguage":"de","@id":"https:\/\/ds-barranquilla.org\/#\/schema\/person\/image\/","url":"https:\/\/secure.gravatar.com\/avatar\/a66ba9484a4338d81d6bea750e595038?s=96&d=mm&r=g","contentUrl":"https:\/\/secure.gravatar.com\/avatar\/a66ba9484a4338d81d6bea750e595038?s=96&d=mm&r=g","caption":"Comunicaciones Comunicaciones"}}]}},"_links":{"self":[{"href":"https:\/\/ds-barranquilla.org\/de\/wp-json\/wp\/v2\/posts\/4858"}],"collection":[{"href":"https:\/\/ds-barranquilla.org\/de\/wp-json\/wp\/v2\/posts"}],"about":[{"href":"https:\/\/ds-barranquilla.org\/de\/wp-json\/wp\/v2\/types\/post"}],"author":[{"embeddable":true,"href":"https:\/\/ds-barranquilla.org\/de\/wp-json\/wp\/v2\/users\/16"}],"replies":[{"embeddable":true,"href":"https:\/\/ds-barranquilla.org\/de\/wp-json\/wp\/v2\/comments?post=4858"}],"version-history":[{"count":1,"href":"https:\/\/ds-barranquilla.org\/de\/wp-json\/wp\/v2\/posts\/4858\/revisions"}],"predecessor-version":[{"id":4860,"href":"https:\/\/ds-barranquilla.org\/de\/wp-json\/wp\/v2\/posts\/4858\/revisions\/4860"}],"wp:featuredmedia":[{"embeddable":true,"href":"https:\/\/ds-barranquilla.org\/de\/wp-json\/wp\/v2\/media\/4859"}],"wp:attachment":[{"href":"https:\/\/ds-barranquilla.org\/de\/wp-json\/wp\/v2\/media?parent=4858"}],"wp:term":[{"taxonomy":"category","embeddable":true,"href":"https:\/\/ds-barranquilla.org\/de\/wp-json\/wp\/v2\/categories?post=4858"},{"taxonomy":"post_tag","embeddable":true,"href":"https:\/\/ds-barranquilla.org\/de\/wp-json\/wp\/v2\/tags?post=4858"}],"curies":[{"name":"wp","href":"https:\/\/api.w.org\/{rel}","templated":true}]}}