{"id":4861,"date":"2018-03-15T11:22:10","date_gmt":"2018-03-15T16:22:10","guid":{"rendered":"https:\/\/ds-barranquilla.org\/?p=4861"},"modified":"2022-12-21T08:12:34","modified_gmt":"2022-12-21T13:12:34","slug":"encuentro-de-coros","status":"publish","type":"post","link":"https:\/\/ds-barranquilla.org\/de\/encuentro-de-coros\/","title":{"rendered":"Encuentro de coros"},"content":{"rendered":"<p>Im Rahmen des Chorfestivals Alberto Carbonell entwickeln Alba Pupo von der Schule Nuestra Se\u00f1ora De Las Misericordias Soledad und Jos\u00e9 Mej\u00eda von der Deutschen Schule Barranquilla eine Reihe kreativer Workshops mit Kinder- und Jugendch\u00f6ren in der Region Atl\u00e1ntico.<\/p>\n<p>\u201eDie Idee dieser Initiative ist neben dem Musizieren auch die soziale Gemeinschaft des Chors zu st\u00e4rken und die Aktivit\u00e4ten auch auf andere Einrichtungen, die mitmachen wollen, auszudehnen.\u201c, sagt Mej\u00eda.<\/p>\n<p>Aus diesem Grund besuchten uns am Mittwoch, den 14. M\u00e4rz, die Kinder- und Jugendch\u00f6re von Nuestra Se\u00f1ora De Las Misericordias Soledad und der Chor der Schule Normal de F\u00e1tima Sabanagrande, der von Javier Jim\u00e9nez geleitet wird.<\/p>\n<p>W\u00e4hrend dieser Veranstaltung f\u00fchrten die eingeladenen Ch\u00f6re und der Gastgeber mehrere St\u00fccke auf und studierten gegen Ende eines gemeinsam ein, wodurch sie sich integrierten und einen echten kulturellen Austausch erleben konnten.<\/p>\n<p>Die Veranstaltung wird heute in der Schule Nuestra Se\u00f1ora De Las Misericordias fortgesetzt, wo die gleichen Ziele verfolgt werden: Begegnung, gemeinsames Musizieren und eine Botschaft der Einheit und des Friedens vermitteln.<\/p>\n<p>&gt;&gt; Weitere Fotos auf Facebook<\/p>\n<p>https:\/\/www.facebook.com\/pg\/ColegioAlemanBaq\/photos\/?tab=album&#038;album_id=2092642624326550<\/p>","protected":false},"excerpt":{"rendered":"<p>En el marco del\u202fFestival de Coros Alberto Carbonell,\u202flos profesores\u202fAlba Pupo,\u202fde la\u202fInstituci\u00f3n Educativa Comercial Nuestra Se\u00f1ora De Las Misericordias de Soledad,\u202fy\u202fJos\u00e9 Mej\u00eda,\u202fdel Colegio Alem\u00e1n de Barranquilla, est\u00e1n<span class=\"excerpt-hellip\"> [\u2026]<\/span><\/p>","protected":false},"author":16,"featured_media":4862,"comment_status":"open","ping_status":"open","sticky":false,"template":"","format":"standard","meta":{"_exactmetrics_skip_tracking":false,"_exactmetrics_sitenote_active":false,"_exactmetrics_sitenote_note":"","_exactmetrics_sitenote_category":0,"_joinchat":[],"footnotes":""},"categories":[678,685,701],"tags":[439,483],"class_list":["post-4861","post","type-post","status-publish","format-standard","has-post-thumbnail","hentry","category-678","category-area-de-artes-visuales-e-interpretativas","category-coro-infantil-y-juvenil","tag-439","tag-muisca"],"yoast_head":"<!-- This site is optimized with the Yoast SEO plugin v23.3 - https:\/\/yoast.com\/wordpress\/plugins\/seo\/ -->\n<title>Encuentro de coros - 2026<\/title>\n<meta name=\"robots\" content=\"noindex, follow, max-snippet:-1, max-image-preview:large, max-video-preview:-1\" \/>\n<meta property=\"og:locale\" content=\"de_DE\" \/>\n<meta property=\"og:type\" content=\"article\" \/>\n<meta property=\"og:title\" content=\"Encuentro de coros - 2026\" \/>\n<meta property=\"og:description\" content=\"En el marco del\u202fFestival de Coros Alberto Carbonell,\u202flos profesores\u202fAlba Pupo,\u202fde la\u202fInstituci\u00f3n Educativa Comercial Nuestra Se\u00f1ora De Las Misericordias de Soledad,\u202fy\u202fJos\u00e9 Mej\u00eda,\u202fdel Colegio Alem\u00e1n de Barranquilla, est\u00e1n [\u2026]\" \/>\n<meta property=\"og:url\" content=\"https:\/\/ds-barranquilla.org\/de\/encuentro-de-coros\/\" \/>\n<meta property=\"og:site_name\" content=\"Colegio Alem\u00e1n - Los Mejores Colegios de Colombia - Colegio Triling\u00fce\" \/>\n<meta property=\"article:publisher\" content=\"https:\/\/www.facebook.com\/ColegioAlemanBaq\/\" \/>\n<meta property=\"article:published_time\" content=\"2018-03-15T16:22:10+00:00\" \/>\n<meta property=\"article:modified_time\" content=\"2022-12-21T13:12:34+00:00\" \/>\n<meta property=\"og:image\" content=\"https:\/\/ds-barranquilla.org\/wp-content\/uploads\/2020\/07\/Encuentro-de-coros.jpg\" \/>\n\t<meta property=\"og:image:width\" content=\"531\" \/>\n\t<meta property=\"og:image:height\" content=\"234\" \/>\n\t<meta property=\"og:image:type\" content=\"image\/jpeg\" \/>\n<meta name=\"author\" content=\"Comunicaciones Comunicaciones\" \/>\n<meta name=\"twitter:card\" content=\"summary_large_image\" \/>\n<meta name=\"twitter:creator\" content=\"@ColegioAlemanBq\" \/>\n<meta name=\"twitter:site\" content=\"@ColegioAlemanBq\" \/>\n<meta name=\"twitter:label1\" content=\"Verfasst von\" \/>\n\t<meta name=\"twitter:data1\" content=\"Comunicaciones Comunicaciones\" \/>\n\t<meta name=\"twitter:label2\" content=\"Gesch\u00e4tzte Lesezeit\" \/>\n\t<meta name=\"twitter:data2\" content=\"1\u00a0Minute\" \/>\n<script type=\"application\/ld+json\" class=\"yoast-schema-graph\">{\"@context\":\"https:\/\/schema.org\",\"@graph\":[{\"@type\":\"Article\",\"@id\":\"https:\/\/ds-barranquilla.org\/de\/encuentro-de-coros\/#article\",\"isPartOf\":{\"@id\":\"https:\/\/ds-barranquilla.org\/de\/encuentro-de-coros\/\"},\"author\":{\"name\":\"Comunicaciones Comunicaciones\",\"@id\":\"https:\/\/ds-barranquilla.org\/#\/schema\/person\/7bf8790ba89d3480e0551241ccdc8d36\"},\"headline\":\"Encuentro de coros\",\"datePublished\":\"2018-03-15T16:22:10+00:00\",\"dateModified\":\"2022-12-21T13:12:34+00:00\",\"mainEntityOfPage\":{\"@id\":\"https:\/\/ds-barranquilla.org\/de\/encuentro-de-coros\/\"},\"wordCount\":229,\"commentCount\":0,\"publisher\":{\"@id\":\"https:\/\/ds-barranquilla.org\/#organization\"},\"image\":{\"@id\":\"https:\/\/ds-barranquilla.org\/de\/encuentro-de-coros\/#primaryimage\"},\"thumbnailUrl\":\"https:\/\/ds-barranquilla.org\/wp-content\/uploads\/2020\/07\/Encuentro-de-coros.jpg\",\"keywords\":[\"2018\",\"Muisca\"],\"articleSection\":[\"2018\",\"\u00c1rea de Artes Visuales e Interpretativas\",\"Coro Infantil y Juvenil\"],\"inLanguage\":\"de\",\"potentialAction\":[{\"@type\":\"CommentAction\",\"name\":\"Comment\",\"target\":[\"https:\/\/ds-barranquilla.org\/de\/encuentro-de-coros\/#respond\"]}]},{\"@type\":\"WebPage\",\"@id\":\"https:\/\/ds-barranquilla.org\/de\/encuentro-de-coros\/\",\"url\":\"https:\/\/ds-barranquilla.org\/de\/encuentro-de-coros\/\",\"name\":\"Encuentro de coros - 2026\",\"isPartOf\":{\"@id\":\"https:\/\/ds-barranquilla.org\/#website\"},\"primaryImageOfPage\":{\"@id\":\"https:\/\/ds-barranquilla.org\/de\/encuentro-de-coros\/#primaryimage\"},\"image\":{\"@id\":\"https:\/\/ds-barranquilla.org\/de\/encuentro-de-coros\/#primaryimage\"},\"thumbnailUrl\":\"https:\/\/ds-barranquilla.org\/wp-content\/uploads\/2020\/07\/Encuentro-de-coros.jpg\",\"datePublished\":\"2018-03-15T16:22:10+00:00\",\"dateModified\":\"2022-12-21T13:12:34+00:00\",\"breadcrumb\":{\"@id\":\"https:\/\/ds-barranquilla.org\/de\/encuentro-de-coros\/#breadcrumb\"},\"inLanguage\":\"de\",\"potentialAction\":[{\"@type\":\"ReadAction\",\"target\":[\"https:\/\/ds-barranquilla.org\/de\/encuentro-de-coros\/\"]}]},{\"@type\":\"ImageObject\",\"inLanguage\":\"de\",\"@id\":\"https:\/\/ds-barranquilla.org\/de\/encuentro-de-coros\/#primaryimage\",\"url\":\"https:\/\/ds-barranquilla.org\/wp-content\/uploads\/2020\/07\/Encuentro-de-coros.jpg\",\"contentUrl\":\"https:\/\/ds-barranquilla.org\/wp-content\/uploads\/2020\/07\/Encuentro-de-coros.jpg\",\"width\":531,\"height\":234},{\"@type\":\"BreadcrumbList\",\"@id\":\"https:\/\/ds-barranquilla.org\/de\/encuentro-de-coros\/#breadcrumb\",\"itemListElement\":[{\"@type\":\"ListItem\",\"position\":1,\"name\":\"Portada\",\"item\":\"https:\/\/ds-barranquilla.org\/\"},{\"@type\":\"ListItem\",\"position\":2,\"name\":\"Encuentro de coros\"}]},{\"@type\":\"WebSite\",\"@id\":\"https:\/\/ds-barranquilla.org\/#website\",\"url\":\"https:\/\/ds-barranquilla.org\/\",\"name\":\"Colegio Alem\u00e1n - Los Mejores Colegios de Colombia - Colegio Triling\u00fce\",\"description\":\"Colegio Alem\u00e1n  Barranquilla Colombia - Colegio Biling\u00fce - Triling\u00fce - El Mejor Colegio de Colombia\",\"publisher\":{\"@id\":\"https:\/\/ds-barranquilla.org\/#organization\"},\"potentialAction\":[{\"@type\":\"SearchAction\",\"target\":{\"@type\":\"EntryPoint\",\"urlTemplate\":\"https:\/\/ds-barranquilla.org\/?s={search_term_string}\"},\"query-input\":\"required name=search_term_string\"}],\"inLanguage\":\"de\"},{\"@type\":\"Organization\",\"@id\":\"https:\/\/ds-barranquilla.org\/#organization\",\"name\":\"Colegio Alem\u00e1n Barranquilla\",\"url\":\"https:\/\/ds-barranquilla.org\/\",\"logo\":{\"@type\":\"ImageObject\",\"inLanguage\":\"de\",\"@id\":\"https:\/\/ds-barranquilla.org\/#\/schema\/logo\/image\/\",\"url\":\"https:\/\/ds-barranquilla.org\/wp-content\/uploads\/2021\/05\/coleman_logo_2.png\",\"contentUrl\":\"https:\/\/ds-barranquilla.org\/wp-content\/uploads\/2021\/05\/coleman_logo_2.png\",\"width\":418,\"height\":307,\"caption\":\"Colegio Alem\u00e1n Barranquilla\"},\"image\":{\"@id\":\"https:\/\/ds-barranquilla.org\/#\/schema\/logo\/image\/\"},\"sameAs\":[\"https:\/\/www.facebook.com\/ColegioAlemanBaq\/\",\"https:\/\/x.com\/ColegioAlemanBq\",\"https:\/\/www.instagram.com\/colegioalemanbaq\/\",\"https:\/\/www.linkedin.com\/school\/deutsche-schule-barranquilla\/\",\"https:\/\/www.youtube.com\/channel\/UCOOGZQCVs6aYRqIWvSN5agQ\"]},{\"@type\":\"Person\",\"@id\":\"https:\/\/ds-barranquilla.org\/#\/schema\/person\/7bf8790ba89d3480e0551241ccdc8d36\",\"name\":\"Comunicaciones Comunicaciones\",\"image\":{\"@type\":\"ImageObject\",\"inLanguage\":\"de\",\"@id\":\"https:\/\/ds-barranquilla.org\/#\/schema\/person\/image\/\",\"url\":\"https:\/\/secure.gravatar.com\/avatar\/a66ba9484a4338d81d6bea750e595038?s=96&d=mm&r=g\",\"contentUrl\":\"https:\/\/secure.gravatar.com\/avatar\/a66ba9484a4338d81d6bea750e595038?s=96&d=mm&r=g\",\"caption\":\"Comunicaciones Comunicaciones\"}}]}<\/script>\n<!-- \/ Yoast SEO plugin. -->","yoast_head_json":{"title":"Encuentro de coros - 2026","robots":{"index":"noindex","follow":"follow","max-snippet":"max-snippet:-1","max-image-preview":"max-image-preview:large","max-video-preview":"max-video-preview:-1"},"og_locale":"de_DE","og_type":"article","og_title":"Encuentro de coros - 2026","og_description":"En el marco del\u202fFestival de Coros Alberto Carbonell,\u202flos profesores\u202fAlba Pupo,\u202fde la\u202fInstituci\u00f3n Educativa Comercial Nuestra Se\u00f1ora De Las Misericordias de Soledad,\u202fy\u202fJos\u00e9 Mej\u00eda,\u202fdel Colegio Alem\u00e1n de Barranquilla, est\u00e1n [\u2026]","og_url":"https:\/\/ds-barranquilla.org\/de\/encuentro-de-coros\/","og_site_name":"Colegio Alem\u00e1n - Los Mejores Colegios de Colombia - Colegio Triling\u00fce","article_publisher":"https:\/\/www.facebook.com\/ColegioAlemanBaq\/","article_published_time":"2018-03-15T16:22:10+00:00","article_modified_time":"2022-12-21T13:12:34+00:00","og_image":[{"width":531,"height":234,"url":"https:\/\/ds-barranquilla.org\/wp-content\/uploads\/2020\/07\/Encuentro-de-coros.jpg","type":"image\/jpeg"}],"author":"Comunicaciones Comunicaciones","twitter_card":"summary_large_image","twitter_creator":"@ColegioAlemanBq","twitter_site":"@ColegioAlemanBq","twitter_misc":{"Verfasst von":"Comunicaciones Comunicaciones","Gesch\u00e4tzte Lesezeit":"1\u00a0Minute"},"schema":{"@context":"https:\/\/schema.org","@graph":[{"@type":"Article","@id":"https:\/\/ds-barranquilla.org\/de\/encuentro-de-coros\/#article","isPartOf":{"@id":"https:\/\/ds-barranquilla.org\/de\/encuentro-de-coros\/"},"author":{"name":"Comunicaciones Comunicaciones","@id":"https:\/\/ds-barranquilla.org\/#\/schema\/person\/7bf8790ba89d3480e0551241ccdc8d36"},"headline":"Encuentro de coros","datePublished":"2018-03-15T16:22:10+00:00","dateModified":"2022-12-21T13:12:34+00:00","mainEntityOfPage":{"@id":"https:\/\/ds-barranquilla.org\/de\/encuentro-de-coros\/"},"wordCount":229,"commentCount":0,"publisher":{"@id":"https:\/\/ds-barranquilla.org\/#organization"},"image":{"@id":"https:\/\/ds-barranquilla.org\/de\/encuentro-de-coros\/#primaryimage"},"thumbnailUrl":"https:\/\/ds-barranquilla.org\/wp-content\/uploads\/2020\/07\/Encuentro-de-coros.jpg","keywords":["2018","Muisca"],"articleSection":["2018","\u00c1rea de Artes Visuales e Interpretativas","Coro Infantil y Juvenil"],"inLanguage":"de","potentialAction":[{"@type":"CommentAction","name":"Comment","target":["https:\/\/ds-barranquilla.org\/de\/encuentro-de-coros\/#respond"]}]},{"@type":"WebPage","@id":"https:\/\/ds-barranquilla.org\/de\/encuentro-de-coros\/","url":"https:\/\/ds-barranquilla.org\/de\/encuentro-de-coros\/","name":"Encuentro de coros - 2026","isPartOf":{"@id":"https:\/\/ds-barranquilla.org\/#website"},"primaryImageOfPage":{"@id":"https:\/\/ds-barranquilla.org\/de\/encuentro-de-coros\/#primaryimage"},"image":{"@id":"https:\/\/ds-barranquilla.org\/de\/encuentro-de-coros\/#primaryimage"},"thumbnailUrl":"https:\/\/ds-barranquilla.org\/wp-content\/uploads\/2020\/07\/Encuentro-de-coros.jpg","datePublished":"2018-03-15T16:22:10+00:00","dateModified":"2022-12-21T13:12:34+00:00","breadcrumb":{"@id":"https:\/\/ds-barranquilla.org\/de\/encuentro-de-coros\/#breadcrumb"},"inLanguage":"de","potentialAction":[{"@type":"ReadAction","target":["https:\/\/ds-barranquilla.org\/de\/encuentro-de-coros\/"]}]},{"@type":"ImageObject","inLanguage":"de","@id":"https:\/\/ds-barranquilla.org\/de\/encuentro-de-coros\/#primaryimage","url":"https:\/\/ds-barranquilla.org\/wp-content\/uploads\/2020\/07\/Encuentro-de-coros.jpg","contentUrl":"https:\/\/ds-barranquilla.org\/wp-content\/uploads\/2020\/07\/Encuentro-de-coros.jpg","width":531,"height":234},{"@type":"BreadcrumbList","@id":"https:\/\/ds-barranquilla.org\/de\/encuentro-de-coros\/#breadcrumb","itemListElement":[{"@type":"ListItem","position":1,"name":"Portada","item":"https:\/\/ds-barranquilla.org\/"},{"@type":"ListItem","position":2,"name":"Encuentro de coros"}]},{"@type":"WebSite","@id":"https:\/\/ds-barranquilla.org\/#website","url":"https:\/\/ds-barranquilla.org\/","name":"Colegio Alem\u00e1n - Los Mejores Colegios de Colombia - Colegio Triling\u00fce","description":"Colegio Alem\u00e1n  Barranquilla Colombia - Colegio Biling\u00fce - Triling\u00fce - El Mejor Colegio de Colombia","publisher":{"@id":"https:\/\/ds-barranquilla.org\/#organization"},"potentialAction":[{"@type":"SearchAction","target":{"@type":"EntryPoint","urlTemplate":"https:\/\/ds-barranquilla.org\/?s={search_term_string}"},"query-input":"required name=search_term_string"}],"inLanguage":"de"},{"@type":"Organization","@id":"https:\/\/ds-barranquilla.org\/#organization","name":"Colegio Alem\u00e1n Barranquilla","url":"https:\/\/ds-barranquilla.org\/","logo":{"@type":"ImageObject","inLanguage":"de","@id":"https:\/\/ds-barranquilla.org\/#\/schema\/logo\/image\/","url":"https:\/\/ds-barranquilla.org\/wp-content\/uploads\/2021\/05\/coleman_logo_2.png","contentUrl":"https:\/\/ds-barranquilla.org\/wp-content\/uploads\/2021\/05\/coleman_logo_2.png","width":418,"height":307,"caption":"Colegio Alem\u00e1n Barranquilla"},"image":{"@id":"https:\/\/ds-barranquilla.org\/#\/schema\/logo\/image\/"},"sameAs":["https:\/\/www.facebook.com\/ColegioAlemanBaq\/","https:\/\/x.com\/ColegioAlemanBq","https:\/\/www.instagram.com\/colegioalemanbaq\/","https:\/\/www.linkedin.com\/school\/deutsche-schule-barranquilla\/","https:\/\/www.youtube.com\/channel\/UCOOGZQCVs6aYRqIWvSN5agQ"]},{"@type":"Person","@id":"https:\/\/ds-barranquilla.org\/#\/schema\/person\/7bf8790ba89d3480e0551241ccdc8d36","name":"Comunicaciones Comunicaciones","image":{"@type":"ImageObject","inLanguage":"de","@id":"https:\/\/ds-barranquilla.org\/#\/schema\/person\/image\/","url":"https:\/\/secure.gravatar.com\/avatar\/a66ba9484a4338d81d6bea750e595038?s=96&d=mm&r=g","contentUrl":"https:\/\/secure.gravatar.com\/avatar\/a66ba9484a4338d81d6bea750e595038?s=96&d=mm&r=g","caption":"Comunicaciones Comunicaciones"}}]}},"_links":{"self":[{"href":"https:\/\/ds-barranquilla.org\/de\/wp-json\/wp\/v2\/posts\/4861"}],"collection":[{"href":"https:\/\/ds-barranquilla.org\/de\/wp-json\/wp\/v2\/posts"}],"about":[{"href":"https:\/\/ds-barranquilla.org\/de\/wp-json\/wp\/v2\/types\/post"}],"author":[{"embeddable":true,"href":"https:\/\/ds-barranquilla.org\/de\/wp-json\/wp\/v2\/users\/16"}],"replies":[{"embeddable":true,"href":"https:\/\/ds-barranquilla.org\/de\/wp-json\/wp\/v2\/comments?post=4861"}],"version-history":[{"count":1,"href":"https:\/\/ds-barranquilla.org\/de\/wp-json\/wp\/v2\/posts\/4861\/revisions"}],"predecessor-version":[{"id":4863,"href":"https:\/\/ds-barranquilla.org\/de\/wp-json\/wp\/v2\/posts\/4861\/revisions\/4863"}],"wp:featuredmedia":[{"embeddable":true,"href":"https:\/\/ds-barranquilla.org\/de\/wp-json\/wp\/v2\/media\/4862"}],"wp:attachment":[{"href":"https:\/\/ds-barranquilla.org\/de\/wp-json\/wp\/v2\/media?parent=4861"}],"wp:term":[{"taxonomy":"category","embeddable":true,"href":"https:\/\/ds-barranquilla.org\/de\/wp-json\/wp\/v2\/categories?post=4861"},{"taxonomy":"post_tag","embeddable":true,"href":"https:\/\/ds-barranquilla.org\/de\/wp-json\/wp\/v2\/tags?post=4861"}],"curies":[{"name":"wp","href":"https:\/\/api.w.org\/{rel}","templated":true}]}}