{"id":4864,"date":"2018-05-15T11:36:54","date_gmt":"2018-05-15T16:36:54","guid":{"rendered":"https:\/\/ds-barranquilla.org\/?p=4864"},"modified":"2022-12-21T08:22:52","modified_gmt":"2022-12-21T13:22:52","slug":"trabajando-por-la-educacion-y-el-desarrollo","status":"publish","type":"post","link":"https:\/\/ds-barranquilla.org\/de\/trabajando-por-la-educacion-y-el-desarrollo\/","title":{"rendered":"Trabajando por la educaci\u00f3n y el desarrollo"},"content":{"rendered":"<p>El Colegio Alem\u00e1n de Barranquilla forma ciudadanos del mundo. Nuestros egresados brillan m\u00e1s all\u00e1 de nuestras fronteras y se involucran o emprenden proyectos relevantes, innovadores y del m\u00e1s alto nivel acad\u00e9mico. Compartiremos en nuestro blog\u202f&#8221;Est\u00e1 pasando&#8230;&#8221;\u202flas historias de estos miembros de nuestra comunidad educativa que est\u00e1n dejando huella.<\/p>\n<p>Christian Osorio Mart\u00ednez, promoci\u00f3n 2008,\u202fa\u00fan no cumple los 30 a\u00f1os y en febrero fue asignado como gerente de proyectos en la Universidad de Oldenburg para\u202fCENIT@EA (Centro de Excelencia para las TIC en \u00c1frica Oriental).\u202fTrabaja en el departamento de Ciencias de la Computaci\u00f3n y ha adquirido gran experiencia en la gesti\u00f3n de proyectos de investigaci\u00f3n internacionales.<\/p>\n<p>Cuando estaba en el colegio y disfrutaba los actos c\u00edvicos, los Festivales del Rasgu\u00f1ao, los deditos de queso de Damaris y las clases con los profesores Iv\u00e1n D&#8217;Onofrio, Isabel Boh\u00f3rquez o Carmen Andrade, Christian so\u00f1aba con estudiar cine o televisi\u00f3n. Ese deseo lo llev\u00f3 a Alemania, a la Universidad de Bremen, donde curs\u00f3 Estudios Culturales y, posteriormente, termin\u00f3 su maestr\u00eda en Cultura de Medios, centrada en la gesti\u00f3n de proyectos.<\/p>\n<p>En el 2014, el destino lo llev\u00f3 a trabajar como asistente en la Facultad de Inform\u00e1tica y Econom\u00eda de la Universidad de Oldenburg y su talento, capaci-dades y visi\u00f3n para coordinar no s\u00f3lo le permitieron destacarse, sino que le abrieron el camino para participar en iniciativas cada vez m\u00e1s relevantes para la instituci\u00f3n. Una de \u00e9stas se trata de una escuela de verano que consiste en una serie de seminarios en Alemania donde se re\u00fanen expertos de diversos campos para reflexionar sobre temas definitivos para el mundo de hoy como la energ\u00eda eficiente, la gesti\u00f3n de residuos, la sostenibilidad y el desarrollo de emprendimientos culturales: en resumen, un evento acad\u00e9mico de primer nivel donde se buscan grandes soluciones a los grandes problemas que estamos enfrentando hoy.<\/p>\n<p>Despu\u00e9s de haber contribuido a la gesti\u00f3n de este proyecto y de vincularse a otros, pens\u00f3 que le hab\u00eda llegado su hora de regresar a su amada Barranquilla, de la cual extra\u00f1a mil cosas, pero en febrero, pensando en hacer las maletas e imaginando c\u00f3mo ser\u00eda su futuro en Colombia, el destino le demostr\u00f3 nuevamente que a\u00fan tiene mucho por hacer en Alemania: fue nombrado gerente de proyectos en la Universidad de Oldenburg para CENIT@EA.<\/p>\n<p>Desde ese ascenso, que ha vuelto a cambiar su vida, est\u00e1 dirigiendo, junto con dos instituciones socias sudafricanas, la Universidad Nelson Mandela y la Universidad de Ciudad del Cabo, un proyecto sobre &#8220;Educaci\u00f3n en TIC para la Sostenibilidad&#8221;. No obstante, sus aspiraciones van m\u00e1s all\u00e1; tambi\u00e9n sue\u00f1a con desarrollar otras dos iniciativas, que sean completamente sostenibles: una maestr\u00eda dirigida a Tanzania, que funcione con un sistema de becas, y un Centro de Investigaci\u00f3n especializado en sistemas embebidos.<\/p>\n<p>En marzo estuvo en Bonn y, junto a su equipo, particip\u00f3 en una exitosa reuni\u00f3n con el Servicio Alem\u00e1n de Intercambio Acad\u00e9mico (DAAD) que tuvo como finalidad tratar diversos temas encaminados a facilitar la cooperaci\u00f3n en futuros proyectos acad\u00e9micos.<\/p>\n<p>Mientras la maestr\u00eda y el centro de investigaci\u00f3n se convierten en una realidad, nuestro egresado, amante de la academia gracias a sus padres, quiere iniciar un doctorado y trabajar en muchos m\u00e1s proyectos que faciliten el acceso a la educaci\u00f3n. Nosotros deseamos que siga destac\u00e1ndose en el CENIT@EA, proponiendo ideas de alto impacto y gestionando proyectos cada vez m\u00e1s innovadores.<\/p>","protected":false},"excerpt":{"rendered":"<p>El Colegio Alem\u00e1n de Barranquilla forma ciudadanos del mundo. Nuestros egresados brillan m\u00e1s all\u00e1 de nuestras fronteras y se involucran o emprenden proyectos relevantes, innovadores y<span class=\"excerpt-hellip\"> [\u2026]<\/span><\/p>","protected":false},"author":16,"featured_media":4865,"comment_status":"open","ping_status":"open","sticky":false,"template":"","format":"standard","meta":{"_exactmetrics_skip_tracking":false,"_exactmetrics_sitenote_active":false,"_exactmetrics_sitenote_note":"","_exactmetrics_sitenote_category":0,"_joinchat":[],"footnotes":""},"categories":[678,673,688],"tags":[439,432,449],"class_list":["post-4864","post","type-post","status-publish","format-standard","has-post-thumbnail","hentry","category-678","category-area-de-aleman","category-area-de-individuos-y-sociedades","tag-439","tag-aleman","tag-individuos-y-sociedades"],"yoast_head":"<!-- This site is optimized with the Yoast SEO plugin v23.3 - https:\/\/yoast.com\/wordpress\/plugins\/seo\/ -->\n<title>Trabajando por la educaci\u00f3n y el desarrollo - 2026<\/title>\n<meta name=\"robots\" content=\"noindex, follow, max-snippet:-1, max-image-preview:large, max-video-preview:-1\" \/>\n<meta property=\"og:locale\" content=\"de_DE\" \/>\n<meta property=\"og:type\" content=\"article\" \/>\n<meta property=\"og:title\" content=\"Trabajando por la educaci\u00f3n y el desarrollo - 2026\" \/>\n<meta property=\"og:description\" content=\"El Colegio Alem\u00e1n de Barranquilla forma ciudadanos del mundo. Nuestros egresados brillan m\u00e1s all\u00e1 de nuestras fronteras y se involucran o emprenden proyectos relevantes, innovadores y [\u2026]\" \/>\n<meta property=\"og:url\" content=\"https:\/\/ds-barranquilla.org\/de\/trabajando-por-la-educacion-y-el-desarrollo\/\" \/>\n<meta property=\"og:site_name\" content=\"Colegio Alem\u00e1n - Los Mejores Colegios de Colombia - Colegio Triling\u00fce\" \/>\n<meta property=\"article:publisher\" content=\"https:\/\/www.facebook.com\/ColegioAlemanBaq\/\" \/>\n<meta property=\"article:published_time\" content=\"2018-05-15T16:36:54+00:00\" \/>\n<meta property=\"article:modified_time\" content=\"2022-12-21T13:22:52+00:00\" \/>\n<meta property=\"og:image\" content=\"https:\/\/ds-barranquilla.org\/wp-content\/uploads\/2020\/07\/Trabajando-por-la-educaci\u00f3n-y-el-desarrollo.jpg\" \/>\n\t<meta property=\"og:image:width\" content=\"532\" \/>\n\t<meta property=\"og:image:height\" content=\"225\" \/>\n\t<meta property=\"og:image:type\" content=\"image\/jpeg\" \/>\n<meta name=\"author\" content=\"Comunicaciones Comunicaciones\" \/>\n<meta name=\"twitter:card\" content=\"summary_large_image\" \/>\n<meta name=\"twitter:creator\" content=\"@ColegioAlemanBq\" \/>\n<meta name=\"twitter:site\" content=\"@ColegioAlemanBq\" \/>\n<meta name=\"twitter:label1\" content=\"Verfasst von\" \/>\n\t<meta name=\"twitter:data1\" content=\"Comunicaciones Comunicaciones\" \/>\n\t<meta name=\"twitter:label2\" content=\"Gesch\u00e4tzte Lesezeit\" \/>\n\t<meta name=\"twitter:data2\" content=\"3\u00a0Minuten\" \/>\n<script type=\"application\/ld+json\" class=\"yoast-schema-graph\">{\"@context\":\"https:\/\/schema.org\",\"@graph\":[{\"@type\":\"Article\",\"@id\":\"https:\/\/ds-barranquilla.org\/trabajando-por-la-educacion-y-el-desarrollo\/#article\",\"isPartOf\":{\"@id\":\"https:\/\/ds-barranquilla.org\/trabajando-por-la-educacion-y-el-desarrollo\/\"},\"author\":{\"name\":\"Comunicaciones Comunicaciones\",\"@id\":\"https:\/\/ds-barranquilla.org\/#\/schema\/person\/7bf8790ba89d3480e0551241ccdc8d36\"},\"headline\":\"Trabajando por la educaci\u00f3n y el desarrollo\",\"datePublished\":\"2018-05-15T16:36:54+00:00\",\"dateModified\":\"2022-12-21T13:22:52+00:00\",\"mainEntityOfPage\":{\"@id\":\"https:\/\/ds-barranquilla.org\/trabajando-por-la-educacion-y-el-desarrollo\/\"},\"wordCount\":617,\"commentCount\":0,\"publisher\":{\"@id\":\"https:\/\/ds-barranquilla.org\/#organization\"},\"image\":{\"@id\":\"https:\/\/ds-barranquilla.org\/trabajando-por-la-educacion-y-el-desarrollo\/#primaryimage\"},\"thumbnailUrl\":\"https:\/\/ds-barranquilla.org\/wp-content\/uploads\/2020\/07\/Trabajando-por-la-educaci\u00f3n-y-el-desarrollo.jpg\",\"keywords\":[\"2018\",\"Alem\u00e1n\",\"Individuos y Sociedades\"],\"articleSection\":[\"2018\",\"\u00c1rea de Alem\u00e1n\",\"\u00c1rea de Individuos y Sociedades\"],\"inLanguage\":\"de\",\"potentialAction\":[{\"@type\":\"CommentAction\",\"name\":\"Comment\",\"target\":[\"https:\/\/ds-barranquilla.org\/trabajando-por-la-educacion-y-el-desarrollo\/#respond\"]}]},{\"@type\":\"WebPage\",\"@id\":\"https:\/\/ds-barranquilla.org\/trabajando-por-la-educacion-y-el-desarrollo\/\",\"url\":\"https:\/\/ds-barranquilla.org\/trabajando-por-la-educacion-y-el-desarrollo\/\",\"name\":\"Trabajando por la educaci\u00f3n y el desarrollo - 2026\",\"isPartOf\":{\"@id\":\"https:\/\/ds-barranquilla.org\/#website\"},\"primaryImageOfPage\":{\"@id\":\"https:\/\/ds-barranquilla.org\/trabajando-por-la-educacion-y-el-desarrollo\/#primaryimage\"},\"image\":{\"@id\":\"https:\/\/ds-barranquilla.org\/trabajando-por-la-educacion-y-el-desarrollo\/#primaryimage\"},\"thumbnailUrl\":\"https:\/\/ds-barranquilla.org\/wp-content\/uploads\/2020\/07\/Trabajando-por-la-educaci\u00f3n-y-el-desarrollo.jpg\",\"datePublished\":\"2018-05-15T16:36:54+00:00\",\"dateModified\":\"2022-12-21T13:22:52+00:00\",\"breadcrumb\":{\"@id\":\"https:\/\/ds-barranquilla.org\/trabajando-por-la-educacion-y-el-desarrollo\/#breadcrumb\"},\"inLanguage\":\"de\",\"potentialAction\":[{\"@type\":\"ReadAction\",\"target\":[\"https:\/\/ds-barranquilla.org\/trabajando-por-la-educacion-y-el-desarrollo\/\"]}]},{\"@type\":\"ImageObject\",\"inLanguage\":\"de\",\"@id\":\"https:\/\/ds-barranquilla.org\/trabajando-por-la-educacion-y-el-desarrollo\/#primaryimage\",\"url\":\"https:\/\/ds-barranquilla.org\/wp-content\/uploads\/2020\/07\/Trabajando-por-la-educaci\u00f3n-y-el-desarrollo.jpg\",\"contentUrl\":\"https:\/\/ds-barranquilla.org\/wp-content\/uploads\/2020\/07\/Trabajando-por-la-educaci\u00f3n-y-el-desarrollo.jpg\",\"width\":532,\"height\":225},{\"@type\":\"BreadcrumbList\",\"@id\":\"https:\/\/ds-barranquilla.org\/trabajando-por-la-educacion-y-el-desarrollo\/#breadcrumb\",\"itemListElement\":[{\"@type\":\"ListItem\",\"position\":1,\"name\":\"Portada\",\"item\":\"https:\/\/ds-barranquilla.org\/\"},{\"@type\":\"ListItem\",\"position\":2,\"name\":\"Trabajando por la educaci\u00f3n y el desarrollo\"}]},{\"@type\":\"WebSite\",\"@id\":\"https:\/\/ds-barranquilla.org\/#website\",\"url\":\"https:\/\/ds-barranquilla.org\/\",\"name\":\"Colegio Alem\u00e1n - Los Mejores Colegios de Colombia - Colegio Triling\u00fce\",\"description\":\"Colegio Alem\u00e1n  Barranquilla Colombia - Colegio Biling\u00fce - Triling\u00fce - El Mejor Colegio de Colombia\",\"publisher\":{\"@id\":\"https:\/\/ds-barranquilla.org\/#organization\"},\"potentialAction\":[{\"@type\":\"SearchAction\",\"target\":{\"@type\":\"EntryPoint\",\"urlTemplate\":\"https:\/\/ds-barranquilla.org\/?s={search_term_string}\"},\"query-input\":\"required name=search_term_string\"}],\"inLanguage\":\"de\"},{\"@type\":\"Organization\",\"@id\":\"https:\/\/ds-barranquilla.org\/#organization\",\"name\":\"Colegio Alem\u00e1n Barranquilla\",\"url\":\"https:\/\/ds-barranquilla.org\/\",\"logo\":{\"@type\":\"ImageObject\",\"inLanguage\":\"de\",\"@id\":\"https:\/\/ds-barranquilla.org\/#\/schema\/logo\/image\/\",\"url\":\"https:\/\/ds-barranquilla.org\/wp-content\/uploads\/2021\/05\/coleman_logo_2.png\",\"contentUrl\":\"https:\/\/ds-barranquilla.org\/wp-content\/uploads\/2021\/05\/coleman_logo_2.png\",\"width\":418,\"height\":307,\"caption\":\"Colegio Alem\u00e1n Barranquilla\"},\"image\":{\"@id\":\"https:\/\/ds-barranquilla.org\/#\/schema\/logo\/image\/\"},\"sameAs\":[\"https:\/\/www.facebook.com\/ColegioAlemanBaq\/\",\"https:\/\/x.com\/ColegioAlemanBq\",\"https:\/\/www.instagram.com\/colegioalemanbaq\/\",\"https:\/\/www.linkedin.com\/school\/deutsche-schule-barranquilla\/\",\"https:\/\/www.youtube.com\/channel\/UCOOGZQCVs6aYRqIWvSN5agQ\"]},{\"@type\":\"Person\",\"@id\":\"https:\/\/ds-barranquilla.org\/#\/schema\/person\/7bf8790ba89d3480e0551241ccdc8d36\",\"name\":\"Comunicaciones Comunicaciones\",\"image\":{\"@type\":\"ImageObject\",\"inLanguage\":\"de\",\"@id\":\"https:\/\/ds-barranquilla.org\/#\/schema\/person\/image\/\",\"url\":\"https:\/\/secure.gravatar.com\/avatar\/a66ba9484a4338d81d6bea750e595038?s=96&d=mm&r=g\",\"contentUrl\":\"https:\/\/secure.gravatar.com\/avatar\/a66ba9484a4338d81d6bea750e595038?s=96&d=mm&r=g\",\"caption\":\"Comunicaciones Comunicaciones\"}}]}<\/script>\n<!-- \/ Yoast SEO plugin. -->","yoast_head_json":{"title":"Trabajando por la educaci\u00f3n y el desarrollo - 2026","robots":{"index":"noindex","follow":"follow","max-snippet":"max-snippet:-1","max-image-preview":"max-image-preview:large","max-video-preview":"max-video-preview:-1"},"og_locale":"de_DE","og_type":"article","og_title":"Trabajando por la educaci\u00f3n y el desarrollo - 2026","og_description":"El Colegio Alem\u00e1n de Barranquilla forma ciudadanos del mundo. Nuestros egresados brillan m\u00e1s all\u00e1 de nuestras fronteras y se involucran o emprenden proyectos relevantes, innovadores y [\u2026]","og_url":"https:\/\/ds-barranquilla.org\/de\/trabajando-por-la-educacion-y-el-desarrollo\/","og_site_name":"Colegio Alem\u00e1n - Los Mejores Colegios de Colombia - Colegio Triling\u00fce","article_publisher":"https:\/\/www.facebook.com\/ColegioAlemanBaq\/","article_published_time":"2018-05-15T16:36:54+00:00","article_modified_time":"2022-12-21T13:22:52+00:00","og_image":[{"width":532,"height":225,"url":"https:\/\/ds-barranquilla.org\/wp-content\/uploads\/2020\/07\/Trabajando-por-la-educaci\u00f3n-y-el-desarrollo.jpg","type":"image\/jpeg"}],"author":"Comunicaciones Comunicaciones","twitter_card":"summary_large_image","twitter_creator":"@ColegioAlemanBq","twitter_site":"@ColegioAlemanBq","twitter_misc":{"Verfasst von":"Comunicaciones Comunicaciones","Gesch\u00e4tzte Lesezeit":"3\u00a0Minuten"},"schema":{"@context":"https:\/\/schema.org","@graph":[{"@type":"Article","@id":"https:\/\/ds-barranquilla.org\/trabajando-por-la-educacion-y-el-desarrollo\/#article","isPartOf":{"@id":"https:\/\/ds-barranquilla.org\/trabajando-por-la-educacion-y-el-desarrollo\/"},"author":{"name":"Comunicaciones Comunicaciones","@id":"https:\/\/ds-barranquilla.org\/#\/schema\/person\/7bf8790ba89d3480e0551241ccdc8d36"},"headline":"Trabajando por la educaci\u00f3n y el desarrollo","datePublished":"2018-05-15T16:36:54+00:00","dateModified":"2022-12-21T13:22:52+00:00","mainEntityOfPage":{"@id":"https:\/\/ds-barranquilla.org\/trabajando-por-la-educacion-y-el-desarrollo\/"},"wordCount":617,"commentCount":0,"publisher":{"@id":"https:\/\/ds-barranquilla.org\/#organization"},"image":{"@id":"https:\/\/ds-barranquilla.org\/trabajando-por-la-educacion-y-el-desarrollo\/#primaryimage"},"thumbnailUrl":"https:\/\/ds-barranquilla.org\/wp-content\/uploads\/2020\/07\/Trabajando-por-la-educaci\u00f3n-y-el-desarrollo.jpg","keywords":["2018","Alem\u00e1n","Individuos y Sociedades"],"articleSection":["2018","\u00c1rea de Alem\u00e1n","\u00c1rea de Individuos y Sociedades"],"inLanguage":"de","potentialAction":[{"@type":"CommentAction","name":"Comment","target":["https:\/\/ds-barranquilla.org\/trabajando-por-la-educacion-y-el-desarrollo\/#respond"]}]},{"@type":"WebPage","@id":"https:\/\/ds-barranquilla.org\/trabajando-por-la-educacion-y-el-desarrollo\/","url":"https:\/\/ds-barranquilla.org\/trabajando-por-la-educacion-y-el-desarrollo\/","name":"Trabajando por la educaci\u00f3n y el desarrollo - 2026","isPartOf":{"@id":"https:\/\/ds-barranquilla.org\/#website"},"primaryImageOfPage":{"@id":"https:\/\/ds-barranquilla.org\/trabajando-por-la-educacion-y-el-desarrollo\/#primaryimage"},"image":{"@id":"https:\/\/ds-barranquilla.org\/trabajando-por-la-educacion-y-el-desarrollo\/#primaryimage"},"thumbnailUrl":"https:\/\/ds-barranquilla.org\/wp-content\/uploads\/2020\/07\/Trabajando-por-la-educaci\u00f3n-y-el-desarrollo.jpg","datePublished":"2018-05-15T16:36:54+00:00","dateModified":"2022-12-21T13:22:52+00:00","breadcrumb":{"@id":"https:\/\/ds-barranquilla.org\/trabajando-por-la-educacion-y-el-desarrollo\/#breadcrumb"},"inLanguage":"de","potentialAction":[{"@type":"ReadAction","target":["https:\/\/ds-barranquilla.org\/trabajando-por-la-educacion-y-el-desarrollo\/"]}]},{"@type":"ImageObject","inLanguage":"de","@id":"https:\/\/ds-barranquilla.org\/trabajando-por-la-educacion-y-el-desarrollo\/#primaryimage","url":"https:\/\/ds-barranquilla.org\/wp-content\/uploads\/2020\/07\/Trabajando-por-la-educaci\u00f3n-y-el-desarrollo.jpg","contentUrl":"https:\/\/ds-barranquilla.org\/wp-content\/uploads\/2020\/07\/Trabajando-por-la-educaci\u00f3n-y-el-desarrollo.jpg","width":532,"height":225},{"@type":"BreadcrumbList","@id":"https:\/\/ds-barranquilla.org\/trabajando-por-la-educacion-y-el-desarrollo\/#breadcrumb","itemListElement":[{"@type":"ListItem","position":1,"name":"Portada","item":"https:\/\/ds-barranquilla.org\/"},{"@type":"ListItem","position":2,"name":"Trabajando por la educaci\u00f3n y el desarrollo"}]},{"@type":"WebSite","@id":"https:\/\/ds-barranquilla.org\/#website","url":"https:\/\/ds-barranquilla.org\/","name":"Colegio Alem\u00e1n - Los Mejores Colegios de Colombia - Colegio Triling\u00fce","description":"Colegio Alem\u00e1n  Barranquilla Colombia - Colegio Biling\u00fce - Triling\u00fce - El Mejor Colegio de Colombia","publisher":{"@id":"https:\/\/ds-barranquilla.org\/#organization"},"potentialAction":[{"@type":"SearchAction","target":{"@type":"EntryPoint","urlTemplate":"https:\/\/ds-barranquilla.org\/?s={search_term_string}"},"query-input":"required name=search_term_string"}],"inLanguage":"de"},{"@type":"Organization","@id":"https:\/\/ds-barranquilla.org\/#organization","name":"Colegio Alem\u00e1n Barranquilla","url":"https:\/\/ds-barranquilla.org\/","logo":{"@type":"ImageObject","inLanguage":"de","@id":"https:\/\/ds-barranquilla.org\/#\/schema\/logo\/image\/","url":"https:\/\/ds-barranquilla.org\/wp-content\/uploads\/2021\/05\/coleman_logo_2.png","contentUrl":"https:\/\/ds-barranquilla.org\/wp-content\/uploads\/2021\/05\/coleman_logo_2.png","width":418,"height":307,"caption":"Colegio Alem\u00e1n Barranquilla"},"image":{"@id":"https:\/\/ds-barranquilla.org\/#\/schema\/logo\/image\/"},"sameAs":["https:\/\/www.facebook.com\/ColegioAlemanBaq\/","https:\/\/x.com\/ColegioAlemanBq","https:\/\/www.instagram.com\/colegioalemanbaq\/","https:\/\/www.linkedin.com\/school\/deutsche-schule-barranquilla\/","https:\/\/www.youtube.com\/channel\/UCOOGZQCVs6aYRqIWvSN5agQ"]},{"@type":"Person","@id":"https:\/\/ds-barranquilla.org\/#\/schema\/person\/7bf8790ba89d3480e0551241ccdc8d36","name":"Comunicaciones Comunicaciones","image":{"@type":"ImageObject","inLanguage":"de","@id":"https:\/\/ds-barranquilla.org\/#\/schema\/person\/image\/","url":"https:\/\/secure.gravatar.com\/avatar\/a66ba9484a4338d81d6bea750e595038?s=96&d=mm&r=g","contentUrl":"https:\/\/secure.gravatar.com\/avatar\/a66ba9484a4338d81d6bea750e595038?s=96&d=mm&r=g","caption":"Comunicaciones Comunicaciones"}}]}},"_links":{"self":[{"href":"https:\/\/ds-barranquilla.org\/de\/wp-json\/wp\/v2\/posts\/4864"}],"collection":[{"href":"https:\/\/ds-barranquilla.org\/de\/wp-json\/wp\/v2\/posts"}],"about":[{"href":"https:\/\/ds-barranquilla.org\/de\/wp-json\/wp\/v2\/types\/post"}],"author":[{"embeddable":true,"href":"https:\/\/ds-barranquilla.org\/de\/wp-json\/wp\/v2\/users\/16"}],"replies":[{"embeddable":true,"href":"https:\/\/ds-barranquilla.org\/de\/wp-json\/wp\/v2\/comments?post=4864"}],"version-history":[{"count":1,"href":"https:\/\/ds-barranquilla.org\/de\/wp-json\/wp\/v2\/posts\/4864\/revisions"}],"predecessor-version":[{"id":4866,"href":"https:\/\/ds-barranquilla.org\/de\/wp-json\/wp\/v2\/posts\/4864\/revisions\/4866"}],"wp:featuredmedia":[{"embeddable":true,"href":"https:\/\/ds-barranquilla.org\/de\/wp-json\/wp\/v2\/media\/4865"}],"wp:attachment":[{"href":"https:\/\/ds-barranquilla.org\/de\/wp-json\/wp\/v2\/media?parent=4864"}],"wp:term":[{"taxonomy":"category","embeddable":true,"href":"https:\/\/ds-barranquilla.org\/de\/wp-json\/wp\/v2\/categories?post=4864"},{"taxonomy":"post_tag","embeddable":true,"href":"https:\/\/ds-barranquilla.org\/de\/wp-json\/wp\/v2\/tags?post=4864"}],"curies":[{"name":"wp","href":"https:\/\/api.w.org\/{rel}","templated":true}]}}