{"id":4876,"date":"2018-09-17T14:09:57","date_gmt":"2018-09-17T19:09:57","guid":{"rendered":"https:\/\/ds-barranquilla.org\/?p=4876"},"modified":"2023-01-04T11:06:07","modified_gmt":"2023-01-04T16:06:07","slug":"el-sistema-tandem-llega-a-la-primaria","status":"publish","type":"post","link":"https:\/\/ds-barranquilla.org\/de\/el-sistema-tandem-llega-a-la-primaria\/","title":{"rendered":"El sistema T\u00e1ndem llega a la Primaria"},"content":{"rendered":"<p>Jeden Morgen betreten sie gemeinsam das Klassenzimmer der Klasse 1 und Lehrerin Gavina Cesta begr\u00fc\u00dft die Sch\u00fcler mit \u201cbuenos d\u00edas\u201d, worauf der Deutschlehrer Andreas Sadeger zufrieden \u201eGuten Morgen\u201c an die Sch\u00fcler richtet, was die Kinder gemeinsam wiederholen. Schon durch diese einfache Szene bekommen wir einen guten Einblick darin, worum es beim Tandem-System an der Deutschen Schule in Barranquilla geht. Dieses neue System gibt es seit Beginn des Schuljahrs und es reicht vom Kindergarten bis zur 2. Klasse.<\/p>\n<p>Man muss sich dieses System wie bei einem Tandem-Fahrrad vorstellen: es gibt zwei Sitze und vier Pedale und beide Fahrer m\u00fcssen im gleichen Rhythmus in die Pedale treten um vorw\u00e4rts zu kommen. Im Unterricht funktioniert dieses System so, dass beide Lehrer gemeinsam den Unterricht abhalten, aber mit dem Unterschied, dass ein Lehrer nur Spanisch spricht und der andere nur Deutsch. Somit haben die Sch\u00fcler die M\u00f6glichkeit und den Vorteil sich von klein auf an beide Sprachen zu gew\u00f6hnen, ihre Muttersprache zu st\u00e4rken und gleichzeitig eine andere Sprache zu lernen.<\/p>\n<p>Lourdes Garc\u00eda, deutsche Tandemlehrerin in Klasse 2 erkl\u00e4rt uns, dass es die Idee des Projekts ist, die Kinder mehr der Sprache auszusetzen und somit die Arbeit im Kindergarten zu verfolgen und fortzusetzen. Als Basis wird hier eine zweisprachige Familie genommen, bei der z.B. der Vater eine andere Sprache als die Mutter spricht. Indem die Sch\u00fclerinnen und Sch\u00fcler jederzeit beiden Sprachen ausgesetzt sind k\u00f6nnen sie ein besseres Verst\u00e4ndnis im H\u00f6rverstehen entwickeln.<\/p>\n<p>Die Deutschlehrerin aus Klasse 2, Chantal Kelner, erg\u00e4nzt, dass das Tandem eine ausgezeichnete Idee ist, denn die Kinder k\u00f6nnen sich dadurch leicht an den Klang der deutschen Sprache gew\u00f6hnen. Sie haben somit die M\u00f6glichkeit die Aussprache den ganzen Tag zu h\u00f6ren und k\u00f6nnen schon nach einer Zeit viel schneller und besser, im Vergleich zum normalen Deutschunterricht, das Gesagte wiederholen.<\/p>\n<p>Viel Teamarbeit<\/p>\n<p>Ligia Ib\u00e1\u00f1ez, Lehrerin in Klasse 2, weist darauf hin, dass Tandem eine bereichernde Erfahrung in Sachen Teamarbeit mit sich bringt. Denn sie arbeitet mit Ihrer Tandem-Partnerin gemeinsam in den Schulf\u00e4chern Mathematik, Naturwissenschaften und Kunst, aber ihre deutsche Partnerin \u00fcbernimmt alleine den Deutschunterricht und sie selbst unterrichtet Spanisch und Individuen und Gesellschaften in ihrer Klasse. Somit hat also jeder eine eigene Sicht der Gruppe, aber sie werden gemeinsam die Bewertungen der Sch\u00fcler machen.<\/p>\n<p>Diese Komponente einer zweisprachigen Familie, mit der in jedem Tandem-Klassenzimmer gelehrt wird, wurde auf die institutionelle Kultur ausgedehnt. F\u00fcr Lorena Rojas, Lehrerin in der 2. Klasse, ist das eine neue Erfahrung f\u00fcr die Grundschule, da es erm\u00f6glicht, die Multikulturalit\u00e4t zweier L\u00e4nder im Unterricht zusammenwachsen zu lassen und n\u00e4her zu erleben. Somit wird die kolumbianisch-deutsche Kultur den Kindern auf nat\u00fcrliche Weise sichtbarer gemacht und die Lehrer leben den Kindern ein harmonisches Umfeld in zwei Kulturen vor.\nF\u00fcr Ib\u00e1\u00f1ez ist das Tandem-System eine gro\u00dfe Erfahrung f\u00fcr Lernen und Wachstum, aber gleichzeitig auch eine Herausforderung, denn zwei Lehrer unterschiedlicher Kulturen m\u00fcssen sich t\u00e4glich zum Wohle der Allgemeinheit austauschen.<\/p>\n<p>F\u00fcr Ib\u00e1\u00f1ez ist das Tandem-System eine gro\u00dfe Erfahrung f\u00fcr Lernen und Wachstum, aber gleichzeitig auch eine Herausforderung, denn zwei Lehrer unterschiedlicher Kulturen m\u00fcssen sich t\u00e4glich zum Wohle der Allgemeinheit austauschen.<\/p>\n<p>Garc\u00eda sagt, dass es eine beidseitige Herausforderung ist, denn jeder hat seine eigene Vorstellung von seiner Rolle als Lehrer, aber sie sind motiviert und erwartungsvoll in diesem Umsetzungsprozess des Tandem-Projekts, bei dem sie immer offen f\u00fcr Kritik und Reflexion \u00fcber die Arbeit im Klassenzimmer sein m\u00fcssen, um sich kontinuierlich verbessern zu k\u00f6nnen.\n\nGloria Grimaldo, Lehrerin in der 1. Klasse, betont, dass das Tandem auch f\u00fcr Lehrer sehr wertvoll ist, da sie in der 1. Klasse den Vorteil haben, Kindergartenkinder zu empfangen, die bereits an das Tandem gew\u00f6hnt sind und es somit auch eine wunderbare Erfahrung f\u00fcr alle Lehrer ist, denn diese k\u00f6nnen ebenfalls von der Erfahrung der Kindern lernen.<\/p>\n<p>Die im Tandem arbeitenden Lehrer denken \u00fcber diesen Prozess des gemeinsamen Unterrichtens und Lernens als Ganzes nach und zur gleichen Zeit st\u00e4rken die kleinsten unserer Gemeinschaft ihre Grundlagen, um eine Zweitsprache so nat\u00fcrlich wie m\u00f6glich zu lernen, n\u00e4mlich so, als ob sie in einer zweisprachigen und multikulturellen Familie aufwachsen w\u00fcrden.<\/p>","protected":false},"excerpt":{"rendered":"<p>Cualquier ma\u00f1ana entras a un sal\u00f3n de Klasse 1, la profesora Gavina Cuesta dice \u201cbuenos d\u00edas\u201d y el profesor alem\u00e1n Andreas Sadeger lanza, al segundo siguiente,<span class=\"excerpt-hellip\"> [\u2026]<\/span><\/p>","protected":false},"author":16,"featured_media":4877,"comment_status":"open","ping_status":"open","sticky":false,"template":"","format":"standard","meta":{"_exactmetrics_skip_tracking":false,"_exactmetrics_sitenote_active":false,"_exactmetrics_sitenote_note":"","_exactmetrics_sitenote_category":0,"_joinchat":[],"footnotes":""},"categories":[678,673,676],"tags":[439,432,472,431],"class_list":["post-4876","post","type-post","status-publish","format-standard","has-post-thumbnail","hentry","category-678","category-area-de-aleman","category-primaria","tag-439","tag-aleman","tag-kindergaten","tag-primaria"],"yoast_head":"<!-- This site is optimized with the Yoast SEO plugin v23.3 - https:\/\/yoast.com\/wordpress\/plugins\/seo\/ -->\n<title>El sistema T\u00e1ndem llega a la Primaria - 2026<\/title>\n<meta name=\"robots\" content=\"noindex, follow, max-snippet:-1, max-image-preview:large, max-video-preview:-1\" \/>\n<meta property=\"og:locale\" content=\"de_DE\" \/>\n<meta property=\"og:type\" content=\"article\" \/>\n<meta property=\"og:title\" content=\"El sistema T\u00e1ndem llega a la Primaria - 2026\" \/>\n<meta property=\"og:description\" content=\"Cualquier ma\u00f1ana entras a un sal\u00f3n de Klasse 1, la profesora Gavina Cuesta dice \u201cbuenos d\u00edas\u201d y el profesor alem\u00e1n Andreas Sadeger lanza, al segundo siguiente, [\u2026]\" \/>\n<meta property=\"og:url\" content=\"https:\/\/ds-barranquilla.org\/de\/el-sistema-tandem-llega-a-la-primaria\/\" \/>\n<meta property=\"og:site_name\" content=\"Colegio Alem\u00e1n - Los Mejores Colegios de Colombia - Colegio Triling\u00fce\" \/>\n<meta property=\"article:publisher\" content=\"https:\/\/www.facebook.com\/ColegioAlemanBaq\/\" \/>\n<meta property=\"article:published_time\" content=\"2018-09-17T19:09:57+00:00\" \/>\n<meta property=\"article:modified_time\" content=\"2023-01-04T16:06:07+00:00\" \/>\n<meta property=\"og:image\" content=\"https:\/\/ds-barranquilla.org\/wp-content\/uploads\/2020\/07\/El-sistema-T\u00e1ndem-llega-a-la-Primaria.jpg\" \/>\n\t<meta property=\"og:image:width\" content=\"546\" \/>\n\t<meta property=\"og:image:height\" content=\"239\" \/>\n\t<meta property=\"og:image:type\" content=\"image\/jpeg\" \/>\n<meta name=\"author\" content=\"Comunicaciones Comunicaciones\" \/>\n<meta name=\"twitter:card\" content=\"summary_large_image\" \/>\n<meta name=\"twitter:creator\" content=\"@ColegioAlemanBq\" \/>\n<meta name=\"twitter:site\" content=\"@ColegioAlemanBq\" \/>\n<meta name=\"twitter:label1\" content=\"Verfasst von\" \/>\n\t<meta name=\"twitter:data1\" content=\"Comunicaciones Comunicaciones\" \/>\n\t<meta name=\"twitter:label2\" content=\"Gesch\u00e4tzte Lesezeit\" \/>\n\t<meta name=\"twitter:data2\" content=\"3\u00a0Minuten\" \/>\n<script type=\"application\/ld+json\" class=\"yoast-schema-graph\">{\"@context\":\"https:\/\/schema.org\",\"@graph\":[{\"@type\":\"Article\",\"@id\":\"https:\/\/ds-barranquilla.org\/de\/el-sistema-tandem-llega-a-la-primaria\/#article\",\"isPartOf\":{\"@id\":\"https:\/\/ds-barranquilla.org\/de\/el-sistema-tandem-llega-a-la-primaria\/\"},\"author\":{\"name\":\"Comunicaciones Comunicaciones\",\"@id\":\"https:\/\/ds-barranquilla.org\/#\/schema\/person\/7bf8790ba89d3480e0551241ccdc8d36\"},\"headline\":\"El sistema T\u00e1ndem llega a la Primaria\",\"datePublished\":\"2018-09-17T19:09:57+00:00\",\"dateModified\":\"2023-01-04T16:06:07+00:00\",\"mainEntityOfPage\":{\"@id\":\"https:\/\/ds-barranquilla.org\/de\/el-sistema-tandem-llega-a-la-primaria\/\"},\"wordCount\":694,\"commentCount\":0,\"publisher\":{\"@id\":\"https:\/\/ds-barranquilla.org\/#organization\"},\"image\":{\"@id\":\"https:\/\/ds-barranquilla.org\/de\/el-sistema-tandem-llega-a-la-primaria\/#primaryimage\"},\"thumbnailUrl\":\"https:\/\/ds-barranquilla.org\/wp-content\/uploads\/2020\/07\/El-sistema-T\u00e1ndem-llega-a-la-Primaria.jpg\",\"keywords\":[\"2018\",\"Alem\u00e1n\",\"Kindergaten\",\"Primaria\"],\"articleSection\":[\"2018\",\"\u00c1rea de Alem\u00e1n\",\"Primaria\"],\"inLanguage\":\"de\",\"potentialAction\":[{\"@type\":\"CommentAction\",\"name\":\"Comment\",\"target\":[\"https:\/\/ds-barranquilla.org\/de\/el-sistema-tandem-llega-a-la-primaria\/#respond\"]}]},{\"@type\":\"WebPage\",\"@id\":\"https:\/\/ds-barranquilla.org\/de\/el-sistema-tandem-llega-a-la-primaria\/\",\"url\":\"https:\/\/ds-barranquilla.org\/de\/el-sistema-tandem-llega-a-la-primaria\/\",\"name\":\"El sistema T\u00e1ndem llega a la Primaria - 2026\",\"isPartOf\":{\"@id\":\"https:\/\/ds-barranquilla.org\/#website\"},\"primaryImageOfPage\":{\"@id\":\"https:\/\/ds-barranquilla.org\/de\/el-sistema-tandem-llega-a-la-primaria\/#primaryimage\"},\"image\":{\"@id\":\"https:\/\/ds-barranquilla.org\/de\/el-sistema-tandem-llega-a-la-primaria\/#primaryimage\"},\"thumbnailUrl\":\"https:\/\/ds-barranquilla.org\/wp-content\/uploads\/2020\/07\/El-sistema-T\u00e1ndem-llega-a-la-Primaria.jpg\",\"datePublished\":\"2018-09-17T19:09:57+00:00\",\"dateModified\":\"2023-01-04T16:06:07+00:00\",\"breadcrumb\":{\"@id\":\"https:\/\/ds-barranquilla.org\/de\/el-sistema-tandem-llega-a-la-primaria\/#breadcrumb\"},\"inLanguage\":\"de\",\"potentialAction\":[{\"@type\":\"ReadAction\",\"target\":[\"https:\/\/ds-barranquilla.org\/de\/el-sistema-tandem-llega-a-la-primaria\/\"]}]},{\"@type\":\"ImageObject\",\"inLanguage\":\"de\",\"@id\":\"https:\/\/ds-barranquilla.org\/de\/el-sistema-tandem-llega-a-la-primaria\/#primaryimage\",\"url\":\"https:\/\/ds-barranquilla.org\/wp-content\/uploads\/2020\/07\/El-sistema-T\u00e1ndem-llega-a-la-Primaria.jpg\",\"contentUrl\":\"https:\/\/ds-barranquilla.org\/wp-content\/uploads\/2020\/07\/El-sistema-T\u00e1ndem-llega-a-la-Primaria.jpg\",\"width\":546,\"height\":239},{\"@type\":\"BreadcrumbList\",\"@id\":\"https:\/\/ds-barranquilla.org\/de\/el-sistema-tandem-llega-a-la-primaria\/#breadcrumb\",\"itemListElement\":[{\"@type\":\"ListItem\",\"position\":1,\"name\":\"Portada\",\"item\":\"https:\/\/ds-barranquilla.org\/\"},{\"@type\":\"ListItem\",\"position\":2,\"name\":\"El sistema T\u00e1ndem llega a la Primaria\"}]},{\"@type\":\"WebSite\",\"@id\":\"https:\/\/ds-barranquilla.org\/#website\",\"url\":\"https:\/\/ds-barranquilla.org\/\",\"name\":\"Colegio Alem\u00e1n - Los Mejores Colegios de Colombia - Colegio Triling\u00fce\",\"description\":\"Colegio Alem\u00e1n  Barranquilla Colombia - Colegio Biling\u00fce - Triling\u00fce - El Mejor Colegio de Colombia\",\"publisher\":{\"@id\":\"https:\/\/ds-barranquilla.org\/#organization\"},\"potentialAction\":[{\"@type\":\"SearchAction\",\"target\":{\"@type\":\"EntryPoint\",\"urlTemplate\":\"https:\/\/ds-barranquilla.org\/?s={search_term_string}\"},\"query-input\":\"required name=search_term_string\"}],\"inLanguage\":\"de\"},{\"@type\":\"Organization\",\"@id\":\"https:\/\/ds-barranquilla.org\/#organization\",\"name\":\"Colegio Alem\u00e1n Barranquilla\",\"url\":\"https:\/\/ds-barranquilla.org\/\",\"logo\":{\"@type\":\"ImageObject\",\"inLanguage\":\"de\",\"@id\":\"https:\/\/ds-barranquilla.org\/#\/schema\/logo\/image\/\",\"url\":\"https:\/\/ds-barranquilla.org\/wp-content\/uploads\/2021\/05\/coleman_logo_2.png\",\"contentUrl\":\"https:\/\/ds-barranquilla.org\/wp-content\/uploads\/2021\/05\/coleman_logo_2.png\",\"width\":418,\"height\":307,\"caption\":\"Colegio Alem\u00e1n Barranquilla\"},\"image\":{\"@id\":\"https:\/\/ds-barranquilla.org\/#\/schema\/logo\/image\/\"},\"sameAs\":[\"https:\/\/www.facebook.com\/ColegioAlemanBaq\/\",\"https:\/\/x.com\/ColegioAlemanBq\",\"https:\/\/www.instagram.com\/colegioalemanbaq\/\",\"https:\/\/www.linkedin.com\/school\/deutsche-schule-barranquilla\/\",\"https:\/\/www.youtube.com\/channel\/UCOOGZQCVs6aYRqIWvSN5agQ\"]},{\"@type\":\"Person\",\"@id\":\"https:\/\/ds-barranquilla.org\/#\/schema\/person\/7bf8790ba89d3480e0551241ccdc8d36\",\"name\":\"Comunicaciones Comunicaciones\",\"image\":{\"@type\":\"ImageObject\",\"inLanguage\":\"de\",\"@id\":\"https:\/\/ds-barranquilla.org\/#\/schema\/person\/image\/\",\"url\":\"https:\/\/secure.gravatar.com\/avatar\/a66ba9484a4338d81d6bea750e595038?s=96&d=mm&r=g\",\"contentUrl\":\"https:\/\/secure.gravatar.com\/avatar\/a66ba9484a4338d81d6bea750e595038?s=96&d=mm&r=g\",\"caption\":\"Comunicaciones Comunicaciones\"}}]}<\/script>\n<!-- \/ Yoast SEO plugin. -->","yoast_head_json":{"title":"El sistema T\u00e1ndem llega a la Primaria - 2026","robots":{"index":"noindex","follow":"follow","max-snippet":"max-snippet:-1","max-image-preview":"max-image-preview:large","max-video-preview":"max-video-preview:-1"},"og_locale":"de_DE","og_type":"article","og_title":"El sistema T\u00e1ndem llega a la Primaria - 2026","og_description":"Cualquier ma\u00f1ana entras a un sal\u00f3n de Klasse 1, la profesora Gavina Cuesta dice \u201cbuenos d\u00edas\u201d y el profesor alem\u00e1n Andreas Sadeger lanza, al segundo siguiente, [\u2026]","og_url":"https:\/\/ds-barranquilla.org\/de\/el-sistema-tandem-llega-a-la-primaria\/","og_site_name":"Colegio Alem\u00e1n - Los Mejores Colegios de Colombia - Colegio Triling\u00fce","article_publisher":"https:\/\/www.facebook.com\/ColegioAlemanBaq\/","article_published_time":"2018-09-17T19:09:57+00:00","article_modified_time":"2023-01-04T16:06:07+00:00","og_image":[{"width":546,"height":239,"url":"https:\/\/ds-barranquilla.org\/wp-content\/uploads\/2020\/07\/El-sistema-T\u00e1ndem-llega-a-la-Primaria.jpg","type":"image\/jpeg"}],"author":"Comunicaciones Comunicaciones","twitter_card":"summary_large_image","twitter_creator":"@ColegioAlemanBq","twitter_site":"@ColegioAlemanBq","twitter_misc":{"Verfasst von":"Comunicaciones Comunicaciones","Gesch\u00e4tzte Lesezeit":"3\u00a0Minuten"},"schema":{"@context":"https:\/\/schema.org","@graph":[{"@type":"Article","@id":"https:\/\/ds-barranquilla.org\/de\/el-sistema-tandem-llega-a-la-primaria\/#article","isPartOf":{"@id":"https:\/\/ds-barranquilla.org\/de\/el-sistema-tandem-llega-a-la-primaria\/"},"author":{"name":"Comunicaciones Comunicaciones","@id":"https:\/\/ds-barranquilla.org\/#\/schema\/person\/7bf8790ba89d3480e0551241ccdc8d36"},"headline":"El sistema T\u00e1ndem llega a la Primaria","datePublished":"2018-09-17T19:09:57+00:00","dateModified":"2023-01-04T16:06:07+00:00","mainEntityOfPage":{"@id":"https:\/\/ds-barranquilla.org\/de\/el-sistema-tandem-llega-a-la-primaria\/"},"wordCount":694,"commentCount":0,"publisher":{"@id":"https:\/\/ds-barranquilla.org\/#organization"},"image":{"@id":"https:\/\/ds-barranquilla.org\/de\/el-sistema-tandem-llega-a-la-primaria\/#primaryimage"},"thumbnailUrl":"https:\/\/ds-barranquilla.org\/wp-content\/uploads\/2020\/07\/El-sistema-T\u00e1ndem-llega-a-la-Primaria.jpg","keywords":["2018","Alem\u00e1n","Kindergaten","Primaria"],"articleSection":["2018","\u00c1rea de Alem\u00e1n","Primaria"],"inLanguage":"de","potentialAction":[{"@type":"CommentAction","name":"Comment","target":["https:\/\/ds-barranquilla.org\/de\/el-sistema-tandem-llega-a-la-primaria\/#respond"]}]},{"@type":"WebPage","@id":"https:\/\/ds-barranquilla.org\/de\/el-sistema-tandem-llega-a-la-primaria\/","url":"https:\/\/ds-barranquilla.org\/de\/el-sistema-tandem-llega-a-la-primaria\/","name":"El sistema T\u00e1ndem llega a la Primaria - 2026","isPartOf":{"@id":"https:\/\/ds-barranquilla.org\/#website"},"primaryImageOfPage":{"@id":"https:\/\/ds-barranquilla.org\/de\/el-sistema-tandem-llega-a-la-primaria\/#primaryimage"},"image":{"@id":"https:\/\/ds-barranquilla.org\/de\/el-sistema-tandem-llega-a-la-primaria\/#primaryimage"},"thumbnailUrl":"https:\/\/ds-barranquilla.org\/wp-content\/uploads\/2020\/07\/El-sistema-T\u00e1ndem-llega-a-la-Primaria.jpg","datePublished":"2018-09-17T19:09:57+00:00","dateModified":"2023-01-04T16:06:07+00:00","breadcrumb":{"@id":"https:\/\/ds-barranquilla.org\/de\/el-sistema-tandem-llega-a-la-primaria\/#breadcrumb"},"inLanguage":"de","potentialAction":[{"@type":"ReadAction","target":["https:\/\/ds-barranquilla.org\/de\/el-sistema-tandem-llega-a-la-primaria\/"]}]},{"@type":"ImageObject","inLanguage":"de","@id":"https:\/\/ds-barranquilla.org\/de\/el-sistema-tandem-llega-a-la-primaria\/#primaryimage","url":"https:\/\/ds-barranquilla.org\/wp-content\/uploads\/2020\/07\/El-sistema-T\u00e1ndem-llega-a-la-Primaria.jpg","contentUrl":"https:\/\/ds-barranquilla.org\/wp-content\/uploads\/2020\/07\/El-sistema-T\u00e1ndem-llega-a-la-Primaria.jpg","width":546,"height":239},{"@type":"BreadcrumbList","@id":"https:\/\/ds-barranquilla.org\/de\/el-sistema-tandem-llega-a-la-primaria\/#breadcrumb","itemListElement":[{"@type":"ListItem","position":1,"name":"Portada","item":"https:\/\/ds-barranquilla.org\/"},{"@type":"ListItem","position":2,"name":"El sistema T\u00e1ndem llega a la Primaria"}]},{"@type":"WebSite","@id":"https:\/\/ds-barranquilla.org\/#website","url":"https:\/\/ds-barranquilla.org\/","name":"Colegio Alem\u00e1n - Los Mejores Colegios de Colombia - Colegio Triling\u00fce","description":"Colegio Alem\u00e1n  Barranquilla Colombia - Colegio Biling\u00fce - Triling\u00fce - El Mejor Colegio de Colombia","publisher":{"@id":"https:\/\/ds-barranquilla.org\/#organization"},"potentialAction":[{"@type":"SearchAction","target":{"@type":"EntryPoint","urlTemplate":"https:\/\/ds-barranquilla.org\/?s={search_term_string}"},"query-input":"required name=search_term_string"}],"inLanguage":"de"},{"@type":"Organization","@id":"https:\/\/ds-barranquilla.org\/#organization","name":"Colegio Alem\u00e1n Barranquilla","url":"https:\/\/ds-barranquilla.org\/","logo":{"@type":"ImageObject","inLanguage":"de","@id":"https:\/\/ds-barranquilla.org\/#\/schema\/logo\/image\/","url":"https:\/\/ds-barranquilla.org\/wp-content\/uploads\/2021\/05\/coleman_logo_2.png","contentUrl":"https:\/\/ds-barranquilla.org\/wp-content\/uploads\/2021\/05\/coleman_logo_2.png","width":418,"height":307,"caption":"Colegio Alem\u00e1n Barranquilla"},"image":{"@id":"https:\/\/ds-barranquilla.org\/#\/schema\/logo\/image\/"},"sameAs":["https:\/\/www.facebook.com\/ColegioAlemanBaq\/","https:\/\/x.com\/ColegioAlemanBq","https:\/\/www.instagram.com\/colegioalemanbaq\/","https:\/\/www.linkedin.com\/school\/deutsche-schule-barranquilla\/","https:\/\/www.youtube.com\/channel\/UCOOGZQCVs6aYRqIWvSN5agQ"]},{"@type":"Person","@id":"https:\/\/ds-barranquilla.org\/#\/schema\/person\/7bf8790ba89d3480e0551241ccdc8d36","name":"Comunicaciones Comunicaciones","image":{"@type":"ImageObject","inLanguage":"de","@id":"https:\/\/ds-barranquilla.org\/#\/schema\/person\/image\/","url":"https:\/\/secure.gravatar.com\/avatar\/a66ba9484a4338d81d6bea750e595038?s=96&d=mm&r=g","contentUrl":"https:\/\/secure.gravatar.com\/avatar\/a66ba9484a4338d81d6bea750e595038?s=96&d=mm&r=g","caption":"Comunicaciones Comunicaciones"}}]}},"_links":{"self":[{"href":"https:\/\/ds-barranquilla.org\/de\/wp-json\/wp\/v2\/posts\/4876"}],"collection":[{"href":"https:\/\/ds-barranquilla.org\/de\/wp-json\/wp\/v2\/posts"}],"about":[{"href":"https:\/\/ds-barranquilla.org\/de\/wp-json\/wp\/v2\/types\/post"}],"author":[{"embeddable":true,"href":"https:\/\/ds-barranquilla.org\/de\/wp-json\/wp\/v2\/users\/16"}],"replies":[{"embeddable":true,"href":"https:\/\/ds-barranquilla.org\/de\/wp-json\/wp\/v2\/comments?post=4876"}],"version-history":[{"count":1,"href":"https:\/\/ds-barranquilla.org\/de\/wp-json\/wp\/v2\/posts\/4876\/revisions"}],"predecessor-version":[{"id":4878,"href":"https:\/\/ds-barranquilla.org\/de\/wp-json\/wp\/v2\/posts\/4876\/revisions\/4878"}],"wp:featuredmedia":[{"embeddable":true,"href":"https:\/\/ds-barranquilla.org\/de\/wp-json\/wp\/v2\/media\/4877"}],"wp:attachment":[{"href":"https:\/\/ds-barranquilla.org\/de\/wp-json\/wp\/v2\/media?parent=4876"}],"wp:term":[{"taxonomy":"category","embeddable":true,"href":"https:\/\/ds-barranquilla.org\/de\/wp-json\/wp\/v2\/categories?post=4876"},{"taxonomy":"post_tag","embeddable":true,"href":"https:\/\/ds-barranquilla.org\/de\/wp-json\/wp\/v2\/tags?post=4876"}],"curies":[{"name":"wp","href":"https:\/\/api.w.org\/{rel}","templated":true}]}}