{"id":4879,"date":"2018-04-18T14:41:36","date_gmt":"2018-04-18T19:41:36","guid":{"rendered":"https:\/\/ds-barranquilla.org\/?p=4879"},"modified":"2022-12-21T08:20:06","modified_gmt":"2022-12-21T13:20:06","slug":"inauguracion-euromodell-2018","status":"publish","type":"post","link":"https:\/\/ds-barranquilla.org\/de\/inauguracion-euromodell-2018\/","title":{"rendered":"Inauguraci\u00f3n Euromodell 2018"},"content":{"rendered":"<p>Bewusste B\u00fcrger ausbilden\u201c ist das gro\u00dfe Motto des Euromodells 2018. Die Er\u00f6ffnung startete mit der kolumbianischen, deutschen und europ\u00e4ischen Hymne, die vom Jugendsymphonieorchester gespielt und vom Tenors\u00e4nger Eduardo Escolar gesungen wurden.<\/p>\n<p>Die Deutsche Schule Barranquilla hat sich das Ziel gesetzt, sogenannte Weltb\u00fcrger auszubilden und ihr Schulleiter Michael H\u00f6fig stellte heraus, dass ein Weltb\u00fcrger sich durch seine an Werten orientierenden Handlungen auszeichne.<\/p>\n<p>Der Ehrengast Dr. Christian B\u00fchring-Uhle, Botschafter der Freien Hansestadt Hamburg in Kolumbien, erz\u00e4hlte w\u00e4hrend seiner Rede von seinen eigenen Erfahrungen mit der deutschen Teilung und sprach von der Idee Europas. Er beendete seinen Vortrag mit einem Rat an alle Teilnehmenden des Euromodells, dass das gegenseitige Zuh\u00f6ren das Wichtigste sei.<\/p>\n<p>Der Sch\u00fclersprecher der Deutschen Schule und Pr\u00e4sident des Euromodells Mauricio Ropain ging n\u00e4her auf das diesj\u00e4hrige Motto ein und forderte die Jugendlichen dazu auf, unternehmerisch und mutig zu sein und den Glauben daran, dass sie sich f\u00fcr unser Land einsetzen k\u00f6nnen, nicht zu verlieren.<\/p>\n<p>Nach der musikalischen Darbietung unserer Sch\u00fclerin Gaby Rose klang die Er\u00f6ffnung des Euromodells mit einer Cocktailparty aus.<\/p>\n<p>Hei\u00dfen wir noch einmal alle teilnehmenden Schulen zum diesj\u00e4hrigen Modell, das am 18. und 19. April im Dann Carlton Hotel stattfinden und seinen H\u00f6hepunkt am Freitag haben wird, herzlich willkommen!<\/p>\n<p>In K\u00fcrze gibt es weitere Informationen \u00fcber dieses gro\u00dfartige Projekt. Folgen Sie unseren Profilen in Instagram und Twitter: @euromodell_baq<\/p>\n<p>&gt;&gt; Weitere Fotos auf flickr<\/p>","protected":false},"excerpt":{"rendered":"<p>&#8220;Formando ciudadanos conscientes&#8221; es el gran lema del\u202fEuromodell 2018.\u202fLa inauguraci\u00f3n empez\u00f3 con los himnos de Colombia, Alemania y Europa, interpretados por la\u202fOrquesta Sinf\u00f3nica Juvenil\u202fen compa\u00f1\u00eda del<span class=\"excerpt-hellip\"> [\u2026]<\/span><\/p>","protected":false},"author":16,"featured_media":4880,"comment_status":"open","ping_status":"open","sticky":false,"template":"","format":"standard","meta":{"_exactmetrics_skip_tracking":false,"_exactmetrics_sitenote_active":false,"_exactmetrics_sitenote_note":"","_exactmetrics_sitenote_category":0,"_joinchat":[],"footnotes":""},"categories":[678,673,688,689,708],"tags":[439,437],"class_list":["post-4879","post","type-post","status-publish","format-standard","has-post-thumbnail","hentry","category-678","category-area-de-aleman","category-area-de-individuos-y-sociedades","category-area-de-ingles","category-proyectos-academicos","tag-439","tag-musica"],"yoast_head":"<!-- This site is optimized with the Yoast SEO plugin v23.3 - https:\/\/yoast.com\/wordpress\/plugins\/seo\/ -->\n<title>Inauguraci\u00f3n Euromodell 2018 - 2026<\/title>\n<meta name=\"robots\" content=\"noindex, follow, max-snippet:-1, max-image-preview:large, max-video-preview:-1\" \/>\n<meta property=\"og:locale\" content=\"de_DE\" \/>\n<meta property=\"og:type\" content=\"article\" \/>\n<meta property=\"og:title\" content=\"Inauguraci\u00f3n Euromodell 2018 - 2026\" \/>\n<meta property=\"og:description\" content=\"&#8220;Formando ciudadanos conscientes&#8221; es el gran lema del\u202fEuromodell 2018.\u202fLa inauguraci\u00f3n empez\u00f3 con los himnos de Colombia, Alemania y Europa, interpretados por la\u202fOrquesta Sinf\u00f3nica Juvenil\u202fen compa\u00f1\u00eda del [\u2026]\" \/>\n<meta property=\"og:url\" content=\"https:\/\/ds-barranquilla.org\/de\/inauguracion-euromodell-2018\/\" \/>\n<meta property=\"og:site_name\" content=\"Colegio Alem\u00e1n - Los Mejores Colegios de Colombia - Colegio Triling\u00fce\" \/>\n<meta property=\"article:publisher\" content=\"https:\/\/www.facebook.com\/ColegioAlemanBaq\/\" \/>\n<meta property=\"article:published_time\" content=\"2018-04-18T19:41:36+00:00\" \/>\n<meta property=\"article:modified_time\" content=\"2022-12-21T13:20:06+00:00\" \/>\n<meta property=\"og:image\" content=\"https:\/\/ds-barranquilla.org\/wp-content\/uploads\/2020\/07\/Inauguraci\u00f3n-Euromodell-2018.jpg\" \/>\n\t<meta property=\"og:image:width\" content=\"586\" \/>\n\t<meta property=\"og:image:height\" content=\"257\" \/>\n\t<meta property=\"og:image:type\" content=\"image\/jpeg\" \/>\n<meta name=\"author\" content=\"Comunicaciones Comunicaciones\" \/>\n<meta name=\"twitter:card\" content=\"summary_large_image\" \/>\n<meta name=\"twitter:creator\" content=\"@ColegioAlemanBq\" \/>\n<meta name=\"twitter:site\" content=\"@ColegioAlemanBq\" \/>\n<meta name=\"twitter:label1\" content=\"Verfasst von\" \/>\n\t<meta name=\"twitter:data1\" content=\"Comunicaciones Comunicaciones\" \/>\n\t<meta name=\"twitter:label2\" content=\"Gesch\u00e4tzte Lesezeit\" \/>\n\t<meta name=\"twitter:data2\" content=\"1\u00a0Minute\" \/>\n<script type=\"application\/ld+json\" class=\"yoast-schema-graph\">{\"@context\":\"https:\/\/schema.org\",\"@graph\":[{\"@type\":\"Article\",\"@id\":\"https:\/\/ds-barranquilla.org\/de\/inauguracion-euromodell-2018\/#article\",\"isPartOf\":{\"@id\":\"https:\/\/ds-barranquilla.org\/de\/inauguracion-euromodell-2018\/\"},\"author\":{\"name\":\"Comunicaciones Comunicaciones\",\"@id\":\"https:\/\/ds-barranquilla.org\/#\/schema\/person\/7bf8790ba89d3480e0551241ccdc8d36\"},\"headline\":\"Inauguraci\u00f3n Euromodell 2018\",\"datePublished\":\"2018-04-18T19:41:36+00:00\",\"dateModified\":\"2022-12-21T13:20:06+00:00\",\"mainEntityOfPage\":{\"@id\":\"https:\/\/ds-barranquilla.org\/de\/inauguracion-euromodell-2018\/\"},\"wordCount\":274,\"commentCount\":0,\"publisher\":{\"@id\":\"https:\/\/ds-barranquilla.org\/#organization\"},\"image\":{\"@id\":\"https:\/\/ds-barranquilla.org\/de\/inauguracion-euromodell-2018\/#primaryimage\"},\"thumbnailUrl\":\"https:\/\/ds-barranquilla.org\/wp-content\/uploads\/2020\/07\/Inauguraci\u00f3n-Euromodell-2018.jpg\",\"keywords\":[\"2018\",\"M\u00fasica\"],\"articleSection\":[\"2018\",\"\u00c1rea de Alem\u00e1n\",\"\u00c1rea de Individuos y Sociedades\",\"\u00c1rea de Ingl\u00e9s\",\"Proyectos acad\u00e9micos\"],\"inLanguage\":\"de\",\"potentialAction\":[{\"@type\":\"CommentAction\",\"name\":\"Comment\",\"target\":[\"https:\/\/ds-barranquilla.org\/de\/inauguracion-euromodell-2018\/#respond\"]}]},{\"@type\":\"WebPage\",\"@id\":\"https:\/\/ds-barranquilla.org\/de\/inauguracion-euromodell-2018\/\",\"url\":\"https:\/\/ds-barranquilla.org\/de\/inauguracion-euromodell-2018\/\",\"name\":\"Inauguraci\u00f3n Euromodell 2018 - 2026\",\"isPartOf\":{\"@id\":\"https:\/\/ds-barranquilla.org\/#website\"},\"primaryImageOfPage\":{\"@id\":\"https:\/\/ds-barranquilla.org\/de\/inauguracion-euromodell-2018\/#primaryimage\"},\"image\":{\"@id\":\"https:\/\/ds-barranquilla.org\/de\/inauguracion-euromodell-2018\/#primaryimage\"},\"thumbnailUrl\":\"https:\/\/ds-barranquilla.org\/wp-content\/uploads\/2020\/07\/Inauguraci\u00f3n-Euromodell-2018.jpg\",\"datePublished\":\"2018-04-18T19:41:36+00:00\",\"dateModified\":\"2022-12-21T13:20:06+00:00\",\"breadcrumb\":{\"@id\":\"https:\/\/ds-barranquilla.org\/de\/inauguracion-euromodell-2018\/#breadcrumb\"},\"inLanguage\":\"de\",\"potentialAction\":[{\"@type\":\"ReadAction\",\"target\":[\"https:\/\/ds-barranquilla.org\/de\/inauguracion-euromodell-2018\/\"]}]},{\"@type\":\"ImageObject\",\"inLanguage\":\"de\",\"@id\":\"https:\/\/ds-barranquilla.org\/de\/inauguracion-euromodell-2018\/#primaryimage\",\"url\":\"https:\/\/ds-barranquilla.org\/wp-content\/uploads\/2020\/07\/Inauguraci\u00f3n-Euromodell-2018.jpg\",\"contentUrl\":\"https:\/\/ds-barranquilla.org\/wp-content\/uploads\/2020\/07\/Inauguraci\u00f3n-Euromodell-2018.jpg\",\"width\":586,\"height\":257},{\"@type\":\"BreadcrumbList\",\"@id\":\"https:\/\/ds-barranquilla.org\/de\/inauguracion-euromodell-2018\/#breadcrumb\",\"itemListElement\":[{\"@type\":\"ListItem\",\"position\":1,\"name\":\"Portada\",\"item\":\"https:\/\/ds-barranquilla.org\/\"},{\"@type\":\"ListItem\",\"position\":2,\"name\":\"Inauguraci\u00f3n Euromodell 2018\"}]},{\"@type\":\"WebSite\",\"@id\":\"https:\/\/ds-barranquilla.org\/#website\",\"url\":\"https:\/\/ds-barranquilla.org\/\",\"name\":\"Colegio Alem\u00e1n - Los Mejores Colegios de Colombia - Colegio Triling\u00fce\",\"description\":\"Colegio Alem\u00e1n  Barranquilla Colombia - Colegio Biling\u00fce - Triling\u00fce - El Mejor Colegio de Colombia\",\"publisher\":{\"@id\":\"https:\/\/ds-barranquilla.org\/#organization\"},\"potentialAction\":[{\"@type\":\"SearchAction\",\"target\":{\"@type\":\"EntryPoint\",\"urlTemplate\":\"https:\/\/ds-barranquilla.org\/?s={search_term_string}\"},\"query-input\":\"required name=search_term_string\"}],\"inLanguage\":\"de\"},{\"@type\":\"Organization\",\"@id\":\"https:\/\/ds-barranquilla.org\/#organization\",\"name\":\"Colegio Alem\u00e1n Barranquilla\",\"url\":\"https:\/\/ds-barranquilla.org\/\",\"logo\":{\"@type\":\"ImageObject\",\"inLanguage\":\"de\",\"@id\":\"https:\/\/ds-barranquilla.org\/#\/schema\/logo\/image\/\",\"url\":\"https:\/\/ds-barranquilla.org\/wp-content\/uploads\/2021\/05\/coleman_logo_2.png\",\"contentUrl\":\"https:\/\/ds-barranquilla.org\/wp-content\/uploads\/2021\/05\/coleman_logo_2.png\",\"width\":418,\"height\":307,\"caption\":\"Colegio Alem\u00e1n Barranquilla\"},\"image\":{\"@id\":\"https:\/\/ds-barranquilla.org\/#\/schema\/logo\/image\/\"},\"sameAs\":[\"https:\/\/www.facebook.com\/ColegioAlemanBaq\/\",\"https:\/\/x.com\/ColegioAlemanBq\",\"https:\/\/www.instagram.com\/colegioalemanbaq\/\",\"https:\/\/www.linkedin.com\/school\/deutsche-schule-barranquilla\/\",\"https:\/\/www.youtube.com\/channel\/UCOOGZQCVs6aYRqIWvSN5agQ\"]},{\"@type\":\"Person\",\"@id\":\"https:\/\/ds-barranquilla.org\/#\/schema\/person\/7bf8790ba89d3480e0551241ccdc8d36\",\"name\":\"Comunicaciones Comunicaciones\",\"image\":{\"@type\":\"ImageObject\",\"inLanguage\":\"de\",\"@id\":\"https:\/\/ds-barranquilla.org\/#\/schema\/person\/image\/\",\"url\":\"https:\/\/secure.gravatar.com\/avatar\/a66ba9484a4338d81d6bea750e595038?s=96&d=mm&r=g\",\"contentUrl\":\"https:\/\/secure.gravatar.com\/avatar\/a66ba9484a4338d81d6bea750e595038?s=96&d=mm&r=g\",\"caption\":\"Comunicaciones Comunicaciones\"}}]}<\/script>\n<!-- \/ Yoast SEO plugin. -->","yoast_head_json":{"title":"Inauguraci\u00f3n Euromodell 2018 - 2026","robots":{"index":"noindex","follow":"follow","max-snippet":"max-snippet:-1","max-image-preview":"max-image-preview:large","max-video-preview":"max-video-preview:-1"},"og_locale":"de_DE","og_type":"article","og_title":"Inauguraci\u00f3n Euromodell 2018 - 2026","og_description":"&#8220;Formando ciudadanos conscientes&#8221; es el gran lema del\u202fEuromodell 2018.\u202fLa inauguraci\u00f3n empez\u00f3 con los himnos de Colombia, Alemania y Europa, interpretados por la\u202fOrquesta Sinf\u00f3nica Juvenil\u202fen compa\u00f1\u00eda del [\u2026]","og_url":"https:\/\/ds-barranquilla.org\/de\/inauguracion-euromodell-2018\/","og_site_name":"Colegio Alem\u00e1n - Los Mejores Colegios de Colombia - Colegio Triling\u00fce","article_publisher":"https:\/\/www.facebook.com\/ColegioAlemanBaq\/","article_published_time":"2018-04-18T19:41:36+00:00","article_modified_time":"2022-12-21T13:20:06+00:00","og_image":[{"width":586,"height":257,"url":"https:\/\/ds-barranquilla.org\/wp-content\/uploads\/2020\/07\/Inauguraci\u00f3n-Euromodell-2018.jpg","type":"image\/jpeg"}],"author":"Comunicaciones Comunicaciones","twitter_card":"summary_large_image","twitter_creator":"@ColegioAlemanBq","twitter_site":"@ColegioAlemanBq","twitter_misc":{"Verfasst von":"Comunicaciones Comunicaciones","Gesch\u00e4tzte Lesezeit":"1\u00a0Minute"},"schema":{"@context":"https:\/\/schema.org","@graph":[{"@type":"Article","@id":"https:\/\/ds-barranquilla.org\/de\/inauguracion-euromodell-2018\/#article","isPartOf":{"@id":"https:\/\/ds-barranquilla.org\/de\/inauguracion-euromodell-2018\/"},"author":{"name":"Comunicaciones Comunicaciones","@id":"https:\/\/ds-barranquilla.org\/#\/schema\/person\/7bf8790ba89d3480e0551241ccdc8d36"},"headline":"Inauguraci\u00f3n Euromodell 2018","datePublished":"2018-04-18T19:41:36+00:00","dateModified":"2022-12-21T13:20:06+00:00","mainEntityOfPage":{"@id":"https:\/\/ds-barranquilla.org\/de\/inauguracion-euromodell-2018\/"},"wordCount":274,"commentCount":0,"publisher":{"@id":"https:\/\/ds-barranquilla.org\/#organization"},"image":{"@id":"https:\/\/ds-barranquilla.org\/de\/inauguracion-euromodell-2018\/#primaryimage"},"thumbnailUrl":"https:\/\/ds-barranquilla.org\/wp-content\/uploads\/2020\/07\/Inauguraci\u00f3n-Euromodell-2018.jpg","keywords":["2018","M\u00fasica"],"articleSection":["2018","\u00c1rea de Alem\u00e1n","\u00c1rea de Individuos y Sociedades","\u00c1rea de Ingl\u00e9s","Proyectos acad\u00e9micos"],"inLanguage":"de","potentialAction":[{"@type":"CommentAction","name":"Comment","target":["https:\/\/ds-barranquilla.org\/de\/inauguracion-euromodell-2018\/#respond"]}]},{"@type":"WebPage","@id":"https:\/\/ds-barranquilla.org\/de\/inauguracion-euromodell-2018\/","url":"https:\/\/ds-barranquilla.org\/de\/inauguracion-euromodell-2018\/","name":"Inauguraci\u00f3n Euromodell 2018 - 2026","isPartOf":{"@id":"https:\/\/ds-barranquilla.org\/#website"},"primaryImageOfPage":{"@id":"https:\/\/ds-barranquilla.org\/de\/inauguracion-euromodell-2018\/#primaryimage"},"image":{"@id":"https:\/\/ds-barranquilla.org\/de\/inauguracion-euromodell-2018\/#primaryimage"},"thumbnailUrl":"https:\/\/ds-barranquilla.org\/wp-content\/uploads\/2020\/07\/Inauguraci\u00f3n-Euromodell-2018.jpg","datePublished":"2018-04-18T19:41:36+00:00","dateModified":"2022-12-21T13:20:06+00:00","breadcrumb":{"@id":"https:\/\/ds-barranquilla.org\/de\/inauguracion-euromodell-2018\/#breadcrumb"},"inLanguage":"de","potentialAction":[{"@type":"ReadAction","target":["https:\/\/ds-barranquilla.org\/de\/inauguracion-euromodell-2018\/"]}]},{"@type":"ImageObject","inLanguage":"de","@id":"https:\/\/ds-barranquilla.org\/de\/inauguracion-euromodell-2018\/#primaryimage","url":"https:\/\/ds-barranquilla.org\/wp-content\/uploads\/2020\/07\/Inauguraci\u00f3n-Euromodell-2018.jpg","contentUrl":"https:\/\/ds-barranquilla.org\/wp-content\/uploads\/2020\/07\/Inauguraci\u00f3n-Euromodell-2018.jpg","width":586,"height":257},{"@type":"BreadcrumbList","@id":"https:\/\/ds-barranquilla.org\/de\/inauguracion-euromodell-2018\/#breadcrumb","itemListElement":[{"@type":"ListItem","position":1,"name":"Portada","item":"https:\/\/ds-barranquilla.org\/"},{"@type":"ListItem","position":2,"name":"Inauguraci\u00f3n Euromodell 2018"}]},{"@type":"WebSite","@id":"https:\/\/ds-barranquilla.org\/#website","url":"https:\/\/ds-barranquilla.org\/","name":"Colegio Alem\u00e1n - Los Mejores Colegios de Colombia - Colegio Triling\u00fce","description":"Colegio Alem\u00e1n  Barranquilla Colombia - Colegio Biling\u00fce - Triling\u00fce - El Mejor Colegio de Colombia","publisher":{"@id":"https:\/\/ds-barranquilla.org\/#organization"},"potentialAction":[{"@type":"SearchAction","target":{"@type":"EntryPoint","urlTemplate":"https:\/\/ds-barranquilla.org\/?s={search_term_string}"},"query-input":"required name=search_term_string"}],"inLanguage":"de"},{"@type":"Organization","@id":"https:\/\/ds-barranquilla.org\/#organization","name":"Colegio Alem\u00e1n Barranquilla","url":"https:\/\/ds-barranquilla.org\/","logo":{"@type":"ImageObject","inLanguage":"de","@id":"https:\/\/ds-barranquilla.org\/#\/schema\/logo\/image\/","url":"https:\/\/ds-barranquilla.org\/wp-content\/uploads\/2021\/05\/coleman_logo_2.png","contentUrl":"https:\/\/ds-barranquilla.org\/wp-content\/uploads\/2021\/05\/coleman_logo_2.png","width":418,"height":307,"caption":"Colegio Alem\u00e1n Barranquilla"},"image":{"@id":"https:\/\/ds-barranquilla.org\/#\/schema\/logo\/image\/"},"sameAs":["https:\/\/www.facebook.com\/ColegioAlemanBaq\/","https:\/\/x.com\/ColegioAlemanBq","https:\/\/www.instagram.com\/colegioalemanbaq\/","https:\/\/www.linkedin.com\/school\/deutsche-schule-barranquilla\/","https:\/\/www.youtube.com\/channel\/UCOOGZQCVs6aYRqIWvSN5agQ"]},{"@type":"Person","@id":"https:\/\/ds-barranquilla.org\/#\/schema\/person\/7bf8790ba89d3480e0551241ccdc8d36","name":"Comunicaciones Comunicaciones","image":{"@type":"ImageObject","inLanguage":"de","@id":"https:\/\/ds-barranquilla.org\/#\/schema\/person\/image\/","url":"https:\/\/secure.gravatar.com\/avatar\/a66ba9484a4338d81d6bea750e595038?s=96&d=mm&r=g","contentUrl":"https:\/\/secure.gravatar.com\/avatar\/a66ba9484a4338d81d6bea750e595038?s=96&d=mm&r=g","caption":"Comunicaciones Comunicaciones"}}]}},"_links":{"self":[{"href":"https:\/\/ds-barranquilla.org\/de\/wp-json\/wp\/v2\/posts\/4879"}],"collection":[{"href":"https:\/\/ds-barranquilla.org\/de\/wp-json\/wp\/v2\/posts"}],"about":[{"href":"https:\/\/ds-barranquilla.org\/de\/wp-json\/wp\/v2\/types\/post"}],"author":[{"embeddable":true,"href":"https:\/\/ds-barranquilla.org\/de\/wp-json\/wp\/v2\/users\/16"}],"replies":[{"embeddable":true,"href":"https:\/\/ds-barranquilla.org\/de\/wp-json\/wp\/v2\/comments?post=4879"}],"version-history":[{"count":1,"href":"https:\/\/ds-barranquilla.org\/de\/wp-json\/wp\/v2\/posts\/4879\/revisions"}],"predecessor-version":[{"id":4881,"href":"https:\/\/ds-barranquilla.org\/de\/wp-json\/wp\/v2\/posts\/4879\/revisions\/4881"}],"wp:featuredmedia":[{"embeddable":true,"href":"https:\/\/ds-barranquilla.org\/de\/wp-json\/wp\/v2\/media\/4880"}],"wp:attachment":[{"href":"https:\/\/ds-barranquilla.org\/de\/wp-json\/wp\/v2\/media?parent=4879"}],"wp:term":[{"taxonomy":"category","embeddable":true,"href":"https:\/\/ds-barranquilla.org\/de\/wp-json\/wp\/v2\/categories?post=4879"},{"taxonomy":"post_tag","embeddable":true,"href":"https:\/\/ds-barranquilla.org\/de\/wp-json\/wp\/v2\/tags?post=4879"}],"curies":[{"name":"wp","href":"https:\/\/api.w.org\/{rel}","templated":true}]}}