{"id":4882,"date":"2018-04-19T14:55:51","date_gmt":"2018-04-19T19:55:51","guid":{"rendered":"https:\/\/ds-barranquilla.org\/?p=4882"},"modified":"2022-12-21T08:20:21","modified_gmt":"2022-12-21T13:20:21","slug":"un-proyecto-emprendedores-jovenes-y-el-paw","status":"publish","type":"post","link":"https:\/\/ds-barranquilla.org\/de\/un-proyecto-emprendedores-jovenes-y-el-paw\/","title":{"rendered":"Un proyecto, emprendedores j\u00f3venes y el PAW"},"content":{"rendered":"<p><span class=\"TextRun SCXW53477369 BCX0\" lang=\"ES-CO\" xml:lang=\"ES-CO\" data-contrast=\"none\"><span class=\"NormalTextRun SCXW53477369 BCX0\">creado por Roc\u00edo Pl\u00faas<\/span><\/span><\/p>\n<p>\u201eEs gibt keine Entwicklung ohne Bildung und keinen Fortschritt ohne Kultur.\u201d Alberto Assa.<\/p>\n<p>Wir haben vor einigen Monaten mit einem Projekt begonnen, das unm\u00f6glich schien, aber heute Realit\u00e4t ist: Die Prinz August Wilhelm (PAW), ein deutsches Dampfschiff, das in den Gew\u00e4ssern der kolumbianischen Karibik untergetaucht ist, wird diesen Monat zum UNESCO-Weltkulturerbe erkl\u00e4rt oder zumindest das, was davon \u00fcbriggeblieben ist, nachdem es so viele Pl\u00fcnderungen erleiden musste.<\/p>\n<p>Viele der aus dem deutschen Dampf gewonnenen St\u00fccke, die seit Jahren in dunklen Kisten gelagert werden, kommen nun ans Licht. Dank einer Spende von Enrique Yidi beherbergt das PAW-Museum, innerhalb der R\u00e4umlichkeiten der Deutschen Schule Barranquilla, eine arch\u00e4ologische (Keramik, Porzellan und Metall), numismatische (antike M\u00fcnzen) und malakologische (Weichtiere) Ausstellung, die in K\u00fcrze unserer Gemeinschaft zug\u00e4nglich gemacht wird.<\/p>\n<p>Am Donnerstag, den 19. April, tauchte die Kulturabteilung Espacio D. und die Stiftung \u201eColombo Alemana\u201c in die faszinierende Geschichte dieses Schiffes ein und er\u00f6ffneten die Ausstellung mit einem Gespr\u00e4ch, an dem Carlos Lindemeyer, Pr\u00e4sident des Vorstandes der Deutschen Schule und der Stiftung \u201eColombo Alemana\u201c, Andr\u00e9s Berm\u00fadez, Kapit\u00e4n des Fregattenschiffes, Enrique Yidi, Mitautor des Buches \u201cVom Ruhm in die Vergessenheit\u201d, Jos\u00e9 Manuel Espinosa, Leiter der Abteilung f\u00fcr Geschichte der Universit\u00e4t Norte, Hermann Le\u00f3n, Schiffskapit\u00e4n und Leiter des ozeanographischen und hydrographischen Forschungszentrum (CIOH) der Karibik und Roc\u00edo Pl\u00faas, Leiterin der Kulturabteilung, teilnahmen.<\/p>\n<p>Bei diesem Treffen, an dem auch der Verteidigungsattach\u00e9 der Botschaft der Bundesrepublik Deutschland in Bogot\u00e1 Oberstleutnant Christian Rauwolf anwesend war, sprachen die Teilnehmer \u00fcber den Prozess der Schaffung dieses Museums, erz\u00e4hlten einzigartige Anekdoten \u00fcber die PAW und analysierten die gro\u00dfen Beitr\u00e4ge, die die deutschen Einwanderer zur Geschichte und Entwicklung von Barranquilla geleistet haben.<\/p>\n<p>Die Konservierung der arch\u00e4ologischen St\u00fccke war keine leichte Aufgabe und wir geben nicht vor Museumsfachleute oder Experten auf diesem Gebiet zu sein. Man handelt nach dem gesunden Menschenverstand mit viel Geduld, mit Neugier, mit Lust zu lernen, informiert sich, h\u00f6rt denen zu, die das Wissen haben, entdeckt und experimentiert, wie die Sch\u00fclerinnen und Sch\u00fcler von CAS Lina Lara, Luisa Machuca, Pablo Cotes und Gabriel Su\u00e1rez, die von Anfang an, flei\u00dfig wie die Ameisen, in die Vorbereitungen der PAW eingetaucht sind und dabei von ihrem Lehrer, Mauricio Acosta, unter der Leitung von Roc\u00edo Pl\u00faas, unterst\u00fctzt wurden.<\/p>\n<p>Die Schaffung dieses Projekts, das von und f\u00fcr die Schule durchgef\u00fchrt wird, bietet jungen Menschen die M\u00f6glichkeit, eine neue Erfahrung zu machen. Lernen durch Handeln wir zu einer Verantwortung, einem Bewusstsein und einem nat\u00fcrlichen Lernen, das ihnen den Geschmack gibt, Teil der H\u00fcter des historischen Ged\u00e4chtnisses ihrer Umgebung zu sein.<\/p>\n<p>Einen gro\u00dfen Dank an die Lernenden, weiter geht es mit der PAW, wir haben noch einen langen Weg vor uns!<\/p>\n<p>&gt;&gt; M\u00e1s informaci\u00f3n<\/p>","protected":false},"excerpt":{"rendered":"<p>creado por Roc\u00edo Pl\u00faas &#8220;No hay desarrollo sin educaci\u00f3n ni progreso sin cultura\u201d. Alberto Assa. Empezamos hace algunos meses con un proyecto que parec\u00eda imposible, pero<span class=\"excerpt-hellip\"> [\u2026]<\/span><\/p>","protected":false},"author":16,"featured_media":4883,"comment_status":"open","ping_status":"open","sticky":false,"template":"","format":"standard","meta":{"_exactmetrics_skip_tracking":false,"_exactmetrics_sitenote_active":false,"_exactmetrics_sitenote_note":"","_exactmetrics_sitenote_category":0,"_joinchat":[],"footnotes":""},"categories":[678,697,710],"tags":[439,457,441],"class_list":["post-4882","post","type-post","status-publish","format-standard","has-post-thumbnail","hentry","category-678","category-cas","category-secundaria","tag-439","tag-cas","tag-proyectos-academicos"],"yoast_head":"<!-- This site is optimized with the Yoast SEO plugin v23.3 - https:\/\/yoast.com\/wordpress\/plugins\/seo\/ -->\n<title>Un proyecto, emprendedores j\u00f3venes y el PAW - 2026<\/title>\n<meta name=\"robots\" content=\"noindex, follow, max-snippet:-1, max-image-preview:large, max-video-preview:-1\" \/>\n<meta property=\"og:locale\" content=\"de_DE\" \/>\n<meta property=\"og:type\" content=\"article\" \/>\n<meta property=\"og:title\" content=\"Un proyecto, emprendedores j\u00f3venes y el PAW - 2026\" \/>\n<meta property=\"og:description\" content=\"creado por Roc\u00edo Pl\u00faas &#8220;No hay desarrollo sin educaci\u00f3n ni progreso sin cultura\u201d. Alberto Assa. Empezamos hace algunos meses con un proyecto que parec\u00eda imposible, pero [\u2026]\" \/>\n<meta property=\"og:url\" content=\"https:\/\/ds-barranquilla.org\/de\/un-proyecto-emprendedores-jovenes-y-el-paw\/\" \/>\n<meta property=\"og:site_name\" content=\"Colegio Alem\u00e1n - Los Mejores Colegios de Colombia - Colegio Triling\u00fce\" \/>\n<meta property=\"article:publisher\" content=\"https:\/\/www.facebook.com\/ColegioAlemanBaq\/\" \/>\n<meta property=\"article:published_time\" content=\"2018-04-19T19:55:51+00:00\" \/>\n<meta property=\"article:modified_time\" content=\"2022-12-21T13:20:21+00:00\" \/>\n<meta property=\"og:image\" content=\"https:\/\/ds-barranquilla.org\/wp-content\/uploads\/2020\/07\/Un-proyecto-emprendedores-j\u00f3venes-y-el-PAW.jpg\" \/>\n\t<meta property=\"og:image:width\" content=\"576\" \/>\n\t<meta property=\"og:image:height\" content=\"256\" \/>\n\t<meta property=\"og:image:type\" content=\"image\/jpeg\" \/>\n<meta name=\"author\" content=\"Comunicaciones Comunicaciones\" \/>\n<meta name=\"twitter:card\" content=\"summary_large_image\" \/>\n<meta name=\"twitter:creator\" content=\"@ColegioAlemanBq\" \/>\n<meta name=\"twitter:site\" content=\"@ColegioAlemanBq\" \/>\n<meta name=\"twitter:label1\" content=\"Verfasst von\" \/>\n\t<meta name=\"twitter:data1\" content=\"Comunicaciones Comunicaciones\" \/>\n\t<meta name=\"twitter:label2\" content=\"Gesch\u00e4tzte Lesezeit\" \/>\n\t<meta name=\"twitter:data2\" content=\"3\u00a0Minuten\" \/>\n<script type=\"application\/ld+json\" class=\"yoast-schema-graph\">{\"@context\":\"https:\/\/schema.org\",\"@graph\":[{\"@type\":\"Article\",\"@id\":\"https:\/\/ds-barranquilla.org\/de\/un-proyecto-emprendedores-jovenes-y-el-paw\/#article\",\"isPartOf\":{\"@id\":\"https:\/\/ds-barranquilla.org\/de\/un-proyecto-emprendedores-jovenes-y-el-paw\/\"},\"author\":{\"name\":\"Comunicaciones Comunicaciones\",\"@id\":\"https:\/\/ds-barranquilla.org\/#\/schema\/person\/7bf8790ba89d3480e0551241ccdc8d36\"},\"headline\":\"Un proyecto, emprendedores j\u00f3venes y el PAW\",\"datePublished\":\"2018-04-19T19:55:51+00:00\",\"dateModified\":\"2022-12-21T13:20:21+00:00\",\"mainEntityOfPage\":{\"@id\":\"https:\/\/ds-barranquilla.org\/de\/un-proyecto-emprendedores-jovenes-y-el-paw\/\"},\"wordCount\":520,\"commentCount\":0,\"publisher\":{\"@id\":\"https:\/\/ds-barranquilla.org\/#organization\"},\"image\":{\"@id\":\"https:\/\/ds-barranquilla.org\/de\/un-proyecto-emprendedores-jovenes-y-el-paw\/#primaryimage\"},\"thumbnailUrl\":\"https:\/\/ds-barranquilla.org\/wp-content\/uploads\/2020\/07\/Un-proyecto-emprendedores-j\u00f3venes-y-el-PAW.jpg\",\"keywords\":[\"2018\",\"CAS\",\"Proyectos acad\u00e9micos\"],\"articleSection\":[\"2018\",\"CAS\",\"Secundaria\"],\"inLanguage\":\"de\",\"potentialAction\":[{\"@type\":\"CommentAction\",\"name\":\"Comment\",\"target\":[\"https:\/\/ds-barranquilla.org\/de\/un-proyecto-emprendedores-jovenes-y-el-paw\/#respond\"]}]},{\"@type\":\"WebPage\",\"@id\":\"https:\/\/ds-barranquilla.org\/de\/un-proyecto-emprendedores-jovenes-y-el-paw\/\",\"url\":\"https:\/\/ds-barranquilla.org\/de\/un-proyecto-emprendedores-jovenes-y-el-paw\/\",\"name\":\"Un proyecto, emprendedores j\u00f3venes y el PAW - 2026\",\"isPartOf\":{\"@id\":\"https:\/\/ds-barranquilla.org\/#website\"},\"primaryImageOfPage\":{\"@id\":\"https:\/\/ds-barranquilla.org\/de\/un-proyecto-emprendedores-jovenes-y-el-paw\/#primaryimage\"},\"image\":{\"@id\":\"https:\/\/ds-barranquilla.org\/de\/un-proyecto-emprendedores-jovenes-y-el-paw\/#primaryimage\"},\"thumbnailUrl\":\"https:\/\/ds-barranquilla.org\/wp-content\/uploads\/2020\/07\/Un-proyecto-emprendedores-j\u00f3venes-y-el-PAW.jpg\",\"datePublished\":\"2018-04-19T19:55:51+00:00\",\"dateModified\":\"2022-12-21T13:20:21+00:00\",\"breadcrumb\":{\"@id\":\"https:\/\/ds-barranquilla.org\/de\/un-proyecto-emprendedores-jovenes-y-el-paw\/#breadcrumb\"},\"inLanguage\":\"de\",\"potentialAction\":[{\"@type\":\"ReadAction\",\"target\":[\"https:\/\/ds-barranquilla.org\/de\/un-proyecto-emprendedores-jovenes-y-el-paw\/\"]}]},{\"@type\":\"ImageObject\",\"inLanguage\":\"de\",\"@id\":\"https:\/\/ds-barranquilla.org\/de\/un-proyecto-emprendedores-jovenes-y-el-paw\/#primaryimage\",\"url\":\"https:\/\/ds-barranquilla.org\/wp-content\/uploads\/2020\/07\/Un-proyecto-emprendedores-j\u00f3venes-y-el-PAW.jpg\",\"contentUrl\":\"https:\/\/ds-barranquilla.org\/wp-content\/uploads\/2020\/07\/Un-proyecto-emprendedores-j\u00f3venes-y-el-PAW.jpg\",\"width\":576,\"height\":256},{\"@type\":\"BreadcrumbList\",\"@id\":\"https:\/\/ds-barranquilla.org\/de\/un-proyecto-emprendedores-jovenes-y-el-paw\/#breadcrumb\",\"itemListElement\":[{\"@type\":\"ListItem\",\"position\":1,\"name\":\"Portada\",\"item\":\"https:\/\/ds-barranquilla.org\/\"},{\"@type\":\"ListItem\",\"position\":2,\"name\":\"Un proyecto, emprendedores j\u00f3venes y el PAW\"}]},{\"@type\":\"WebSite\",\"@id\":\"https:\/\/ds-barranquilla.org\/#website\",\"url\":\"https:\/\/ds-barranquilla.org\/\",\"name\":\"Colegio Alem\u00e1n - Los Mejores Colegios de Colombia - Colegio Triling\u00fce\",\"description\":\"Colegio Alem\u00e1n  Barranquilla Colombia - Colegio Biling\u00fce - Triling\u00fce - El Mejor Colegio de Colombia\",\"publisher\":{\"@id\":\"https:\/\/ds-barranquilla.org\/#organization\"},\"potentialAction\":[{\"@type\":\"SearchAction\",\"target\":{\"@type\":\"EntryPoint\",\"urlTemplate\":\"https:\/\/ds-barranquilla.org\/?s={search_term_string}\"},\"query-input\":\"required name=search_term_string\"}],\"inLanguage\":\"de\"},{\"@type\":\"Organization\",\"@id\":\"https:\/\/ds-barranquilla.org\/#organization\",\"name\":\"Colegio Alem\u00e1n Barranquilla\",\"url\":\"https:\/\/ds-barranquilla.org\/\",\"logo\":{\"@type\":\"ImageObject\",\"inLanguage\":\"de\",\"@id\":\"https:\/\/ds-barranquilla.org\/#\/schema\/logo\/image\/\",\"url\":\"https:\/\/ds-barranquilla.org\/wp-content\/uploads\/2021\/05\/coleman_logo_2.png\",\"contentUrl\":\"https:\/\/ds-barranquilla.org\/wp-content\/uploads\/2021\/05\/coleman_logo_2.png\",\"width\":418,\"height\":307,\"caption\":\"Colegio Alem\u00e1n Barranquilla\"},\"image\":{\"@id\":\"https:\/\/ds-barranquilla.org\/#\/schema\/logo\/image\/\"},\"sameAs\":[\"https:\/\/www.facebook.com\/ColegioAlemanBaq\/\",\"https:\/\/x.com\/ColegioAlemanBq\",\"https:\/\/www.instagram.com\/colegioalemanbaq\/\",\"https:\/\/www.linkedin.com\/school\/deutsche-schule-barranquilla\/\",\"https:\/\/www.youtube.com\/channel\/UCOOGZQCVs6aYRqIWvSN5agQ\"]},{\"@type\":\"Person\",\"@id\":\"https:\/\/ds-barranquilla.org\/#\/schema\/person\/7bf8790ba89d3480e0551241ccdc8d36\",\"name\":\"Comunicaciones Comunicaciones\",\"image\":{\"@type\":\"ImageObject\",\"inLanguage\":\"de\",\"@id\":\"https:\/\/ds-barranquilla.org\/#\/schema\/person\/image\/\",\"url\":\"https:\/\/secure.gravatar.com\/avatar\/a66ba9484a4338d81d6bea750e595038?s=96&d=mm&r=g\",\"contentUrl\":\"https:\/\/secure.gravatar.com\/avatar\/a66ba9484a4338d81d6bea750e595038?s=96&d=mm&r=g\",\"caption\":\"Comunicaciones Comunicaciones\"}}]}<\/script>\n<!-- \/ Yoast SEO plugin. -->","yoast_head_json":{"title":"Un proyecto, emprendedores j\u00f3venes y el PAW - 2026","robots":{"index":"noindex","follow":"follow","max-snippet":"max-snippet:-1","max-image-preview":"max-image-preview:large","max-video-preview":"max-video-preview:-1"},"og_locale":"de_DE","og_type":"article","og_title":"Un proyecto, emprendedores j\u00f3venes y el PAW - 2026","og_description":"creado por Roc\u00edo Pl\u00faas &#8220;No hay desarrollo sin educaci\u00f3n ni progreso sin cultura\u201d. Alberto Assa. Empezamos hace algunos meses con un proyecto que parec\u00eda imposible, pero [\u2026]","og_url":"https:\/\/ds-barranquilla.org\/de\/un-proyecto-emprendedores-jovenes-y-el-paw\/","og_site_name":"Colegio Alem\u00e1n - Los Mejores Colegios de Colombia - Colegio Triling\u00fce","article_publisher":"https:\/\/www.facebook.com\/ColegioAlemanBaq\/","article_published_time":"2018-04-19T19:55:51+00:00","article_modified_time":"2022-12-21T13:20:21+00:00","og_image":[{"width":576,"height":256,"url":"https:\/\/ds-barranquilla.org\/wp-content\/uploads\/2020\/07\/Un-proyecto-emprendedores-j\u00f3venes-y-el-PAW.jpg","type":"image\/jpeg"}],"author":"Comunicaciones Comunicaciones","twitter_card":"summary_large_image","twitter_creator":"@ColegioAlemanBq","twitter_site":"@ColegioAlemanBq","twitter_misc":{"Verfasst von":"Comunicaciones Comunicaciones","Gesch\u00e4tzte Lesezeit":"3\u00a0Minuten"},"schema":{"@context":"https:\/\/schema.org","@graph":[{"@type":"Article","@id":"https:\/\/ds-barranquilla.org\/de\/un-proyecto-emprendedores-jovenes-y-el-paw\/#article","isPartOf":{"@id":"https:\/\/ds-barranquilla.org\/de\/un-proyecto-emprendedores-jovenes-y-el-paw\/"},"author":{"name":"Comunicaciones Comunicaciones","@id":"https:\/\/ds-barranquilla.org\/#\/schema\/person\/7bf8790ba89d3480e0551241ccdc8d36"},"headline":"Un proyecto, emprendedores j\u00f3venes y el PAW","datePublished":"2018-04-19T19:55:51+00:00","dateModified":"2022-12-21T13:20:21+00:00","mainEntityOfPage":{"@id":"https:\/\/ds-barranquilla.org\/de\/un-proyecto-emprendedores-jovenes-y-el-paw\/"},"wordCount":520,"commentCount":0,"publisher":{"@id":"https:\/\/ds-barranquilla.org\/#organization"},"image":{"@id":"https:\/\/ds-barranquilla.org\/de\/un-proyecto-emprendedores-jovenes-y-el-paw\/#primaryimage"},"thumbnailUrl":"https:\/\/ds-barranquilla.org\/wp-content\/uploads\/2020\/07\/Un-proyecto-emprendedores-j\u00f3venes-y-el-PAW.jpg","keywords":["2018","CAS","Proyectos acad\u00e9micos"],"articleSection":["2018","CAS","Secundaria"],"inLanguage":"de","potentialAction":[{"@type":"CommentAction","name":"Comment","target":["https:\/\/ds-barranquilla.org\/de\/un-proyecto-emprendedores-jovenes-y-el-paw\/#respond"]}]},{"@type":"WebPage","@id":"https:\/\/ds-barranquilla.org\/de\/un-proyecto-emprendedores-jovenes-y-el-paw\/","url":"https:\/\/ds-barranquilla.org\/de\/un-proyecto-emprendedores-jovenes-y-el-paw\/","name":"Un proyecto, emprendedores j\u00f3venes y el PAW - 2026","isPartOf":{"@id":"https:\/\/ds-barranquilla.org\/#website"},"primaryImageOfPage":{"@id":"https:\/\/ds-barranquilla.org\/de\/un-proyecto-emprendedores-jovenes-y-el-paw\/#primaryimage"},"image":{"@id":"https:\/\/ds-barranquilla.org\/de\/un-proyecto-emprendedores-jovenes-y-el-paw\/#primaryimage"},"thumbnailUrl":"https:\/\/ds-barranquilla.org\/wp-content\/uploads\/2020\/07\/Un-proyecto-emprendedores-j\u00f3venes-y-el-PAW.jpg","datePublished":"2018-04-19T19:55:51+00:00","dateModified":"2022-12-21T13:20:21+00:00","breadcrumb":{"@id":"https:\/\/ds-barranquilla.org\/de\/un-proyecto-emprendedores-jovenes-y-el-paw\/#breadcrumb"},"inLanguage":"de","potentialAction":[{"@type":"ReadAction","target":["https:\/\/ds-barranquilla.org\/de\/un-proyecto-emprendedores-jovenes-y-el-paw\/"]}]},{"@type":"ImageObject","inLanguage":"de","@id":"https:\/\/ds-barranquilla.org\/de\/un-proyecto-emprendedores-jovenes-y-el-paw\/#primaryimage","url":"https:\/\/ds-barranquilla.org\/wp-content\/uploads\/2020\/07\/Un-proyecto-emprendedores-j\u00f3venes-y-el-PAW.jpg","contentUrl":"https:\/\/ds-barranquilla.org\/wp-content\/uploads\/2020\/07\/Un-proyecto-emprendedores-j\u00f3venes-y-el-PAW.jpg","width":576,"height":256},{"@type":"BreadcrumbList","@id":"https:\/\/ds-barranquilla.org\/de\/un-proyecto-emprendedores-jovenes-y-el-paw\/#breadcrumb","itemListElement":[{"@type":"ListItem","position":1,"name":"Portada","item":"https:\/\/ds-barranquilla.org\/"},{"@type":"ListItem","position":2,"name":"Un proyecto, emprendedores j\u00f3venes y el PAW"}]},{"@type":"WebSite","@id":"https:\/\/ds-barranquilla.org\/#website","url":"https:\/\/ds-barranquilla.org\/","name":"Colegio Alem\u00e1n - Los Mejores Colegios de Colombia - Colegio Triling\u00fce","description":"Colegio Alem\u00e1n  Barranquilla Colombia - Colegio Biling\u00fce - Triling\u00fce - El Mejor Colegio de Colombia","publisher":{"@id":"https:\/\/ds-barranquilla.org\/#organization"},"potentialAction":[{"@type":"SearchAction","target":{"@type":"EntryPoint","urlTemplate":"https:\/\/ds-barranquilla.org\/?s={search_term_string}"},"query-input":"required name=search_term_string"}],"inLanguage":"de"},{"@type":"Organization","@id":"https:\/\/ds-barranquilla.org\/#organization","name":"Colegio Alem\u00e1n Barranquilla","url":"https:\/\/ds-barranquilla.org\/","logo":{"@type":"ImageObject","inLanguage":"de","@id":"https:\/\/ds-barranquilla.org\/#\/schema\/logo\/image\/","url":"https:\/\/ds-barranquilla.org\/wp-content\/uploads\/2021\/05\/coleman_logo_2.png","contentUrl":"https:\/\/ds-barranquilla.org\/wp-content\/uploads\/2021\/05\/coleman_logo_2.png","width":418,"height":307,"caption":"Colegio Alem\u00e1n Barranquilla"},"image":{"@id":"https:\/\/ds-barranquilla.org\/#\/schema\/logo\/image\/"},"sameAs":["https:\/\/www.facebook.com\/ColegioAlemanBaq\/","https:\/\/x.com\/ColegioAlemanBq","https:\/\/www.instagram.com\/colegioalemanbaq\/","https:\/\/www.linkedin.com\/school\/deutsche-schule-barranquilla\/","https:\/\/www.youtube.com\/channel\/UCOOGZQCVs6aYRqIWvSN5agQ"]},{"@type":"Person","@id":"https:\/\/ds-barranquilla.org\/#\/schema\/person\/7bf8790ba89d3480e0551241ccdc8d36","name":"Comunicaciones Comunicaciones","image":{"@type":"ImageObject","inLanguage":"de","@id":"https:\/\/ds-barranquilla.org\/#\/schema\/person\/image\/","url":"https:\/\/secure.gravatar.com\/avatar\/a66ba9484a4338d81d6bea750e595038?s=96&d=mm&r=g","contentUrl":"https:\/\/secure.gravatar.com\/avatar\/a66ba9484a4338d81d6bea750e595038?s=96&d=mm&r=g","caption":"Comunicaciones Comunicaciones"}}]}},"_links":{"self":[{"href":"https:\/\/ds-barranquilla.org\/de\/wp-json\/wp\/v2\/posts\/4882"}],"collection":[{"href":"https:\/\/ds-barranquilla.org\/de\/wp-json\/wp\/v2\/posts"}],"about":[{"href":"https:\/\/ds-barranquilla.org\/de\/wp-json\/wp\/v2\/types\/post"}],"author":[{"embeddable":true,"href":"https:\/\/ds-barranquilla.org\/de\/wp-json\/wp\/v2\/users\/16"}],"replies":[{"embeddable":true,"href":"https:\/\/ds-barranquilla.org\/de\/wp-json\/wp\/v2\/comments?post=4882"}],"version-history":[{"count":1,"href":"https:\/\/ds-barranquilla.org\/de\/wp-json\/wp\/v2\/posts\/4882\/revisions"}],"predecessor-version":[{"id":4884,"href":"https:\/\/ds-barranquilla.org\/de\/wp-json\/wp\/v2\/posts\/4882\/revisions\/4884"}],"wp:featuredmedia":[{"embeddable":true,"href":"https:\/\/ds-barranquilla.org\/de\/wp-json\/wp\/v2\/media\/4883"}],"wp:attachment":[{"href":"https:\/\/ds-barranquilla.org\/de\/wp-json\/wp\/v2\/media?parent=4882"}],"wp:term":[{"taxonomy":"category","embeddable":true,"href":"https:\/\/ds-barranquilla.org\/de\/wp-json\/wp\/v2\/categories?post=4882"},{"taxonomy":"post_tag","embeddable":true,"href":"https:\/\/ds-barranquilla.org\/de\/wp-json\/wp\/v2\/tags?post=4882"}],"curies":[{"name":"wp","href":"https:\/\/api.w.org\/{rel}","templated":true}]}}