{"id":4885,"date":"2018-06-19T15:14:49","date_gmt":"2018-06-19T20:14:49","guid":{"rendered":"https:\/\/ds-barranquilla.org\/?p=4885"},"modified":"2022-12-21T08:32:44","modified_gmt":"2022-12-21T13:32:44","slug":"nuestro-coro-infantil-se-presento-con-exito-en-buga","status":"publish","type":"post","link":"https:\/\/ds-barranquilla.org\/de\/nuestro-coro-infantil-se-presento-con-exito-en-buga\/","title":{"rendered":"Nuestro Coro Infantil se present\u00f3 con \u00e9xito en Buga"},"content":{"rendered":"<p>Nach der Teilnahme an einem gro\u00dfen Vorsingen, an dem sich mehr als 20 weitere Kinderch\u00f6re beworben hatten, gewann unser Chor \u201eCoro de Voces Blancas\u201c als Einziger die Teilnahme an dem XIII Treffen der Kinder- und Jugendch\u00f6re \u201eCorpacoros\u201c, welches vom 14. bis zum 16. Juni in Buga stattfand.<\/p>\n<p>Wie ein Artikel der Tageszeitung \u201eEl Pa\u00eds\u201c aus Cali beschreibt ist Corpacoros eine private und gemeinn\u00fctzige Instanz, die 1995 in Buga gegr\u00fcndet wurde. Der Artikel besagt auch, dass das Ziel der Instanz die F\u00f6rderung von Chorentwicklung, die Bildung von Kinder- und Jugendgruppen an \u00f6ffentlichen Schulen, das Austragen von Veranstaltungen mit nationalen und internationalen Ch\u00f6ren, die Ausbildung von Chorleitern und das schulen\/heranbilden von Publikum<\/p>\n<p>Die Veranstaltung, bei dem auch Gruppen aus Nobsa (Boyac\u00e1), Calima El Dari\u00e9n (Valle del Cauca), Bogot\u00e1, Medell\u00edn, Puerto Colombia und Bucaramanga teilnahmen, hatte eine Teilnehmeranzahl von 400 Darstellern. An den drei Tagen der Veranstaltung gab es 20 Konzerte mit insgesamt 5.000 Zuschauern.<\/p>\n<p>Jos\u00e9 Mej\u00eda, der Leiter des Kinderchors der Deutschen Schule, bedankte sich bei den Veranstaltern von Corpacoros in den sozialen Netzwerken f\u00fcr die exzellente Organisation des Events und diese wunderbare M\u00f6glichkeit f\u00fcr ihn und seine Studenten. Der Chor konnte durch die Erfahrung der Teilnahme und des zur Schau Stellens ihres Talents und durch die sp\u00fcrende Begeisterung der Zuschauer in seiner Gr\u00f6\u00dfe wachsen und viel lernen.<\/p>\n<p>Applaus f\u00fcr unsere Sch\u00fcler des Kinderchors und danke, dass sie den Namen unserer Schule in Ehren halten!<\/p>","protected":false},"excerpt":{"rendered":"<p>Despu\u00e9s de participar en una gran audici\u00f3n en la que evaluaron a otros 20 coros infantiles, nuestro\u202fCoro de Voces Blancas\u202fse gan\u00f3 el \u00fanico cupo para participar<span class=\"excerpt-hellip\"> [\u2026]<\/span><\/p>","protected":false},"author":16,"featured_media":4886,"comment_status":"open","ping_status":"open","sticky":false,"template":"","format":"standard","meta":{"_exactmetrics_skip_tracking":false,"_exactmetrics_sitenote_active":false,"_exactmetrics_sitenote_note":"","_exactmetrics_sitenote_category":0,"_joinchat":[],"footnotes":""},"categories":[678,685,701,676],"tags":[439,437,431],"class_list":["post-4885","post","type-post","status-publish","format-standard","has-post-thumbnail","hentry","category-678","category-area-de-artes-visuales-e-interpretativas","category-coro-infantil-y-juvenil","category-primaria","tag-439","tag-musica","tag-primaria"],"yoast_head":"<!-- This site is optimized with the Yoast SEO plugin v23.3 - https:\/\/yoast.com\/wordpress\/plugins\/seo\/ -->\n<title>Nuestro Coro Infantil se present\u00f3 con \u00e9xito en Buga - 2026<\/title>\n<meta name=\"robots\" content=\"noindex, follow, max-snippet:-1, max-image-preview:large, max-video-preview:-1\" \/>\n<meta property=\"og:locale\" content=\"de_DE\" \/>\n<meta property=\"og:type\" content=\"article\" \/>\n<meta property=\"og:title\" content=\"Nuestro Coro Infantil se present\u00f3 con \u00e9xito en Buga - 2026\" \/>\n<meta property=\"og:description\" content=\"Despu\u00e9s de participar en una gran audici\u00f3n en la que evaluaron a otros 20 coros infantiles, nuestro\u202fCoro de Voces Blancas\u202fse gan\u00f3 el \u00fanico cupo para participar [\u2026]\" \/>\n<meta property=\"og:url\" content=\"https:\/\/ds-barranquilla.org\/de\/nuestro-coro-infantil-se-presento-con-exito-en-buga\/\" \/>\n<meta property=\"og:site_name\" content=\"Colegio Alem\u00e1n - Los Mejores Colegios de Colombia - Colegio Triling\u00fce\" \/>\n<meta property=\"article:publisher\" content=\"https:\/\/www.facebook.com\/ColegioAlemanBaq\/\" \/>\n<meta property=\"article:published_time\" content=\"2018-06-19T20:14:49+00:00\" \/>\n<meta property=\"article:modified_time\" content=\"2022-12-21T13:32:44+00:00\" \/>\n<meta property=\"og:image\" content=\"https:\/\/ds-barranquilla.org\/wp-content\/uploads\/2020\/07\/Nuestro-Coro-Infantil-se-present\u00f3-con-\u00e9xito-en-Buga.jpg\" \/>\n\t<meta property=\"og:image:width\" content=\"605\" \/>\n\t<meta property=\"og:image:height\" content=\"341\" \/>\n\t<meta property=\"og:image:type\" content=\"image\/jpeg\" \/>\n<meta name=\"author\" content=\"Comunicaciones Comunicaciones\" \/>\n<meta name=\"twitter:card\" content=\"summary_large_image\" \/>\n<meta name=\"twitter:creator\" content=\"@ColegioAlemanBq\" \/>\n<meta name=\"twitter:site\" content=\"@ColegioAlemanBq\" \/>\n<meta name=\"twitter:label1\" content=\"Verfasst von\" \/>\n\t<meta name=\"twitter:data1\" content=\"Comunicaciones Comunicaciones\" \/>\n\t<meta name=\"twitter:label2\" content=\"Gesch\u00e4tzte Lesezeit\" \/>\n\t<meta name=\"twitter:data2\" content=\"1\u00a0Minute\" \/>\n<script type=\"application\/ld+json\" class=\"yoast-schema-graph\">{\"@context\":\"https:\/\/schema.org\",\"@graph\":[{\"@type\":\"Article\",\"@id\":\"https:\/\/ds-barranquilla.org\/de\/nuestro-coro-infantil-se-presento-con-exito-en-buga\/#article\",\"isPartOf\":{\"@id\":\"https:\/\/ds-barranquilla.org\/de\/nuestro-coro-infantil-se-presento-con-exito-en-buga\/\"},\"author\":{\"name\":\"Comunicaciones Comunicaciones\",\"@id\":\"https:\/\/ds-barranquilla.org\/#\/schema\/person\/7bf8790ba89d3480e0551241ccdc8d36\"},\"headline\":\"Nuestro Coro Infantil se present\u00f3 con \u00e9xito en Buga\",\"datePublished\":\"2018-06-19T20:14:49+00:00\",\"dateModified\":\"2022-12-21T13:32:44+00:00\",\"mainEntityOfPage\":{\"@id\":\"https:\/\/ds-barranquilla.org\/de\/nuestro-coro-infantil-se-presento-con-exito-en-buga\/\"},\"wordCount\":251,\"commentCount\":0,\"publisher\":{\"@id\":\"https:\/\/ds-barranquilla.org\/#organization\"},\"image\":{\"@id\":\"https:\/\/ds-barranquilla.org\/de\/nuestro-coro-infantil-se-presento-con-exito-en-buga\/#primaryimage\"},\"thumbnailUrl\":\"https:\/\/ds-barranquilla.org\/wp-content\/uploads\/2020\/07\/Nuestro-Coro-Infantil-se-present\u00f3-con-\u00e9xito-en-Buga.jpg\",\"keywords\":[\"2018\",\"M\u00fasica\",\"Primaria\"],\"articleSection\":[\"2018\",\"\u00c1rea de Artes Visuales e Interpretativas\",\"Coro Infantil y Juvenil\",\"Primaria\"],\"inLanguage\":\"de\",\"potentialAction\":[{\"@type\":\"CommentAction\",\"name\":\"Comment\",\"target\":[\"https:\/\/ds-barranquilla.org\/de\/nuestro-coro-infantil-se-presento-con-exito-en-buga\/#respond\"]}]},{\"@type\":\"WebPage\",\"@id\":\"https:\/\/ds-barranquilla.org\/de\/nuestro-coro-infantil-se-presento-con-exito-en-buga\/\",\"url\":\"https:\/\/ds-barranquilla.org\/de\/nuestro-coro-infantil-se-presento-con-exito-en-buga\/\",\"name\":\"Nuestro Coro Infantil se present\u00f3 con \u00e9xito en Buga - 2026\",\"isPartOf\":{\"@id\":\"https:\/\/ds-barranquilla.org\/#website\"},\"primaryImageOfPage\":{\"@id\":\"https:\/\/ds-barranquilla.org\/de\/nuestro-coro-infantil-se-presento-con-exito-en-buga\/#primaryimage\"},\"image\":{\"@id\":\"https:\/\/ds-barranquilla.org\/de\/nuestro-coro-infantil-se-presento-con-exito-en-buga\/#primaryimage\"},\"thumbnailUrl\":\"https:\/\/ds-barranquilla.org\/wp-content\/uploads\/2020\/07\/Nuestro-Coro-Infantil-se-present\u00f3-con-\u00e9xito-en-Buga.jpg\",\"datePublished\":\"2018-06-19T20:14:49+00:00\",\"dateModified\":\"2022-12-21T13:32:44+00:00\",\"breadcrumb\":{\"@id\":\"https:\/\/ds-barranquilla.org\/de\/nuestro-coro-infantil-se-presento-con-exito-en-buga\/#breadcrumb\"},\"inLanguage\":\"de\",\"potentialAction\":[{\"@type\":\"ReadAction\",\"target\":[\"https:\/\/ds-barranquilla.org\/de\/nuestro-coro-infantil-se-presento-con-exito-en-buga\/\"]}]},{\"@type\":\"ImageObject\",\"inLanguage\":\"de\",\"@id\":\"https:\/\/ds-barranquilla.org\/de\/nuestro-coro-infantil-se-presento-con-exito-en-buga\/#primaryimage\",\"url\":\"https:\/\/ds-barranquilla.org\/wp-content\/uploads\/2020\/07\/Nuestro-Coro-Infantil-se-present\u00f3-con-\u00e9xito-en-Buga.jpg\",\"contentUrl\":\"https:\/\/ds-barranquilla.org\/wp-content\/uploads\/2020\/07\/Nuestro-Coro-Infantil-se-present\u00f3-con-\u00e9xito-en-Buga.jpg\",\"width\":605,\"height\":341},{\"@type\":\"BreadcrumbList\",\"@id\":\"https:\/\/ds-barranquilla.org\/de\/nuestro-coro-infantil-se-presento-con-exito-en-buga\/#breadcrumb\",\"itemListElement\":[{\"@type\":\"ListItem\",\"position\":1,\"name\":\"Portada\",\"item\":\"https:\/\/ds-barranquilla.org\/\"},{\"@type\":\"ListItem\",\"position\":2,\"name\":\"Nuestro Coro Infantil se present\u00f3 con \u00e9xito en Buga\"}]},{\"@type\":\"WebSite\",\"@id\":\"https:\/\/ds-barranquilla.org\/#website\",\"url\":\"https:\/\/ds-barranquilla.org\/\",\"name\":\"Colegio Alem\u00e1n - Los Mejores Colegios de Colombia - Colegio Triling\u00fce\",\"description\":\"Colegio Alem\u00e1n  Barranquilla Colombia - Colegio Biling\u00fce - Triling\u00fce - El Mejor Colegio de Colombia\",\"publisher\":{\"@id\":\"https:\/\/ds-barranquilla.org\/#organization\"},\"potentialAction\":[{\"@type\":\"SearchAction\",\"target\":{\"@type\":\"EntryPoint\",\"urlTemplate\":\"https:\/\/ds-barranquilla.org\/?s={search_term_string}\"},\"query-input\":\"required name=search_term_string\"}],\"inLanguage\":\"de\"},{\"@type\":\"Organization\",\"@id\":\"https:\/\/ds-barranquilla.org\/#organization\",\"name\":\"Colegio Alem\u00e1n Barranquilla\",\"url\":\"https:\/\/ds-barranquilla.org\/\",\"logo\":{\"@type\":\"ImageObject\",\"inLanguage\":\"de\",\"@id\":\"https:\/\/ds-barranquilla.org\/#\/schema\/logo\/image\/\",\"url\":\"https:\/\/ds-barranquilla.org\/wp-content\/uploads\/2021\/05\/coleman_logo_2.png\",\"contentUrl\":\"https:\/\/ds-barranquilla.org\/wp-content\/uploads\/2021\/05\/coleman_logo_2.png\",\"width\":418,\"height\":307,\"caption\":\"Colegio Alem\u00e1n Barranquilla\"},\"image\":{\"@id\":\"https:\/\/ds-barranquilla.org\/#\/schema\/logo\/image\/\"},\"sameAs\":[\"https:\/\/www.facebook.com\/ColegioAlemanBaq\/\",\"https:\/\/x.com\/ColegioAlemanBq\",\"https:\/\/www.instagram.com\/colegioalemanbaq\/\",\"https:\/\/www.linkedin.com\/school\/deutsche-schule-barranquilla\/\",\"https:\/\/www.youtube.com\/channel\/UCOOGZQCVs6aYRqIWvSN5agQ\"]},{\"@type\":\"Person\",\"@id\":\"https:\/\/ds-barranquilla.org\/#\/schema\/person\/7bf8790ba89d3480e0551241ccdc8d36\",\"name\":\"Comunicaciones Comunicaciones\",\"image\":{\"@type\":\"ImageObject\",\"inLanguage\":\"de\",\"@id\":\"https:\/\/ds-barranquilla.org\/#\/schema\/person\/image\/\",\"url\":\"https:\/\/secure.gravatar.com\/avatar\/a66ba9484a4338d81d6bea750e595038?s=96&d=mm&r=g\",\"contentUrl\":\"https:\/\/secure.gravatar.com\/avatar\/a66ba9484a4338d81d6bea750e595038?s=96&d=mm&r=g\",\"caption\":\"Comunicaciones Comunicaciones\"}}]}<\/script>\n<!-- \/ Yoast SEO plugin. -->","yoast_head_json":{"title":"Nuestro Coro Infantil se present\u00f3 con \u00e9xito en Buga - 2026","robots":{"index":"noindex","follow":"follow","max-snippet":"max-snippet:-1","max-image-preview":"max-image-preview:large","max-video-preview":"max-video-preview:-1"},"og_locale":"de_DE","og_type":"article","og_title":"Nuestro Coro Infantil se present\u00f3 con \u00e9xito en Buga - 2026","og_description":"Despu\u00e9s de participar en una gran audici\u00f3n en la que evaluaron a otros 20 coros infantiles, nuestro\u202fCoro de Voces Blancas\u202fse gan\u00f3 el \u00fanico cupo para participar [\u2026]","og_url":"https:\/\/ds-barranquilla.org\/de\/nuestro-coro-infantil-se-presento-con-exito-en-buga\/","og_site_name":"Colegio Alem\u00e1n - Los Mejores Colegios de Colombia - Colegio Triling\u00fce","article_publisher":"https:\/\/www.facebook.com\/ColegioAlemanBaq\/","article_published_time":"2018-06-19T20:14:49+00:00","article_modified_time":"2022-12-21T13:32:44+00:00","og_image":[{"width":605,"height":341,"url":"https:\/\/ds-barranquilla.org\/wp-content\/uploads\/2020\/07\/Nuestro-Coro-Infantil-se-present\u00f3-con-\u00e9xito-en-Buga.jpg","type":"image\/jpeg"}],"author":"Comunicaciones Comunicaciones","twitter_card":"summary_large_image","twitter_creator":"@ColegioAlemanBq","twitter_site":"@ColegioAlemanBq","twitter_misc":{"Verfasst von":"Comunicaciones Comunicaciones","Gesch\u00e4tzte Lesezeit":"1\u00a0Minute"},"schema":{"@context":"https:\/\/schema.org","@graph":[{"@type":"Article","@id":"https:\/\/ds-barranquilla.org\/de\/nuestro-coro-infantil-se-presento-con-exito-en-buga\/#article","isPartOf":{"@id":"https:\/\/ds-barranquilla.org\/de\/nuestro-coro-infantil-se-presento-con-exito-en-buga\/"},"author":{"name":"Comunicaciones Comunicaciones","@id":"https:\/\/ds-barranquilla.org\/#\/schema\/person\/7bf8790ba89d3480e0551241ccdc8d36"},"headline":"Nuestro Coro Infantil se present\u00f3 con \u00e9xito en Buga","datePublished":"2018-06-19T20:14:49+00:00","dateModified":"2022-12-21T13:32:44+00:00","mainEntityOfPage":{"@id":"https:\/\/ds-barranquilla.org\/de\/nuestro-coro-infantil-se-presento-con-exito-en-buga\/"},"wordCount":251,"commentCount":0,"publisher":{"@id":"https:\/\/ds-barranquilla.org\/#organization"},"image":{"@id":"https:\/\/ds-barranquilla.org\/de\/nuestro-coro-infantil-se-presento-con-exito-en-buga\/#primaryimage"},"thumbnailUrl":"https:\/\/ds-barranquilla.org\/wp-content\/uploads\/2020\/07\/Nuestro-Coro-Infantil-se-present\u00f3-con-\u00e9xito-en-Buga.jpg","keywords":["2018","M\u00fasica","Primaria"],"articleSection":["2018","\u00c1rea de Artes Visuales e Interpretativas","Coro Infantil y Juvenil","Primaria"],"inLanguage":"de","potentialAction":[{"@type":"CommentAction","name":"Comment","target":["https:\/\/ds-barranquilla.org\/de\/nuestro-coro-infantil-se-presento-con-exito-en-buga\/#respond"]}]},{"@type":"WebPage","@id":"https:\/\/ds-barranquilla.org\/de\/nuestro-coro-infantil-se-presento-con-exito-en-buga\/","url":"https:\/\/ds-barranquilla.org\/de\/nuestro-coro-infantil-se-presento-con-exito-en-buga\/","name":"Nuestro Coro Infantil se present\u00f3 con \u00e9xito en Buga - 2026","isPartOf":{"@id":"https:\/\/ds-barranquilla.org\/#website"},"primaryImageOfPage":{"@id":"https:\/\/ds-barranquilla.org\/de\/nuestro-coro-infantil-se-presento-con-exito-en-buga\/#primaryimage"},"image":{"@id":"https:\/\/ds-barranquilla.org\/de\/nuestro-coro-infantil-se-presento-con-exito-en-buga\/#primaryimage"},"thumbnailUrl":"https:\/\/ds-barranquilla.org\/wp-content\/uploads\/2020\/07\/Nuestro-Coro-Infantil-se-present\u00f3-con-\u00e9xito-en-Buga.jpg","datePublished":"2018-06-19T20:14:49+00:00","dateModified":"2022-12-21T13:32:44+00:00","breadcrumb":{"@id":"https:\/\/ds-barranquilla.org\/de\/nuestro-coro-infantil-se-presento-con-exito-en-buga\/#breadcrumb"},"inLanguage":"de","potentialAction":[{"@type":"ReadAction","target":["https:\/\/ds-barranquilla.org\/de\/nuestro-coro-infantil-se-presento-con-exito-en-buga\/"]}]},{"@type":"ImageObject","inLanguage":"de","@id":"https:\/\/ds-barranquilla.org\/de\/nuestro-coro-infantil-se-presento-con-exito-en-buga\/#primaryimage","url":"https:\/\/ds-barranquilla.org\/wp-content\/uploads\/2020\/07\/Nuestro-Coro-Infantil-se-present\u00f3-con-\u00e9xito-en-Buga.jpg","contentUrl":"https:\/\/ds-barranquilla.org\/wp-content\/uploads\/2020\/07\/Nuestro-Coro-Infantil-se-present\u00f3-con-\u00e9xito-en-Buga.jpg","width":605,"height":341},{"@type":"BreadcrumbList","@id":"https:\/\/ds-barranquilla.org\/de\/nuestro-coro-infantil-se-presento-con-exito-en-buga\/#breadcrumb","itemListElement":[{"@type":"ListItem","position":1,"name":"Portada","item":"https:\/\/ds-barranquilla.org\/"},{"@type":"ListItem","position":2,"name":"Nuestro Coro Infantil se present\u00f3 con \u00e9xito en Buga"}]},{"@type":"WebSite","@id":"https:\/\/ds-barranquilla.org\/#website","url":"https:\/\/ds-barranquilla.org\/","name":"Colegio Alem\u00e1n - Los Mejores Colegios de Colombia - Colegio Triling\u00fce","description":"Colegio Alem\u00e1n  Barranquilla Colombia - Colegio Biling\u00fce - Triling\u00fce - El Mejor Colegio de Colombia","publisher":{"@id":"https:\/\/ds-barranquilla.org\/#organization"},"potentialAction":[{"@type":"SearchAction","target":{"@type":"EntryPoint","urlTemplate":"https:\/\/ds-barranquilla.org\/?s={search_term_string}"},"query-input":"required name=search_term_string"}],"inLanguage":"de"},{"@type":"Organization","@id":"https:\/\/ds-barranquilla.org\/#organization","name":"Colegio Alem\u00e1n Barranquilla","url":"https:\/\/ds-barranquilla.org\/","logo":{"@type":"ImageObject","inLanguage":"de","@id":"https:\/\/ds-barranquilla.org\/#\/schema\/logo\/image\/","url":"https:\/\/ds-barranquilla.org\/wp-content\/uploads\/2021\/05\/coleman_logo_2.png","contentUrl":"https:\/\/ds-barranquilla.org\/wp-content\/uploads\/2021\/05\/coleman_logo_2.png","width":418,"height":307,"caption":"Colegio Alem\u00e1n Barranquilla"},"image":{"@id":"https:\/\/ds-barranquilla.org\/#\/schema\/logo\/image\/"},"sameAs":["https:\/\/www.facebook.com\/ColegioAlemanBaq\/","https:\/\/x.com\/ColegioAlemanBq","https:\/\/www.instagram.com\/colegioalemanbaq\/","https:\/\/www.linkedin.com\/school\/deutsche-schule-barranquilla\/","https:\/\/www.youtube.com\/channel\/UCOOGZQCVs6aYRqIWvSN5agQ"]},{"@type":"Person","@id":"https:\/\/ds-barranquilla.org\/#\/schema\/person\/7bf8790ba89d3480e0551241ccdc8d36","name":"Comunicaciones Comunicaciones","image":{"@type":"ImageObject","inLanguage":"de","@id":"https:\/\/ds-barranquilla.org\/#\/schema\/person\/image\/","url":"https:\/\/secure.gravatar.com\/avatar\/a66ba9484a4338d81d6bea750e595038?s=96&d=mm&r=g","contentUrl":"https:\/\/secure.gravatar.com\/avatar\/a66ba9484a4338d81d6bea750e595038?s=96&d=mm&r=g","caption":"Comunicaciones Comunicaciones"}}]}},"_links":{"self":[{"href":"https:\/\/ds-barranquilla.org\/de\/wp-json\/wp\/v2\/posts\/4885"}],"collection":[{"href":"https:\/\/ds-barranquilla.org\/de\/wp-json\/wp\/v2\/posts"}],"about":[{"href":"https:\/\/ds-barranquilla.org\/de\/wp-json\/wp\/v2\/types\/post"}],"author":[{"embeddable":true,"href":"https:\/\/ds-barranquilla.org\/de\/wp-json\/wp\/v2\/users\/16"}],"replies":[{"embeddable":true,"href":"https:\/\/ds-barranquilla.org\/de\/wp-json\/wp\/v2\/comments?post=4885"}],"version-history":[{"count":1,"href":"https:\/\/ds-barranquilla.org\/de\/wp-json\/wp\/v2\/posts\/4885\/revisions"}],"predecessor-version":[{"id":4887,"href":"https:\/\/ds-barranquilla.org\/de\/wp-json\/wp\/v2\/posts\/4885\/revisions\/4887"}],"wp:featuredmedia":[{"embeddable":true,"href":"https:\/\/ds-barranquilla.org\/de\/wp-json\/wp\/v2\/media\/4886"}],"wp:attachment":[{"href":"https:\/\/ds-barranquilla.org\/de\/wp-json\/wp\/v2\/media?parent=4885"}],"wp:term":[{"taxonomy":"category","embeddable":true,"href":"https:\/\/ds-barranquilla.org\/de\/wp-json\/wp\/v2\/categories?post=4885"},{"taxonomy":"post_tag","embeddable":true,"href":"https:\/\/ds-barranquilla.org\/de\/wp-json\/wp\/v2\/tags?post=4885"}],"curies":[{"name":"wp","href":"https:\/\/api.w.org\/{rel}","templated":true}]}}