{"id":4888,"date":"2018-10-19T16:46:01","date_gmt":"2018-10-19T21:46:01","guid":{"rendered":"https:\/\/ds-barranquilla.org\/?p=4888"},"modified":"2023-01-04T11:21:56","modified_gmt":"2023-01-04T16:21:56","slug":"entrega-de-diplomas-dsd-i","status":"publish","type":"post","link":"https:\/\/ds-barranquilla.org\/de\/entrega-de-diplomas-dsd-i\/","title":{"rendered":"Entrega de Diplomas DSD I"},"content":{"rendered":"<p>El pasado viernes 19 de octubre nuestros estudiantes recibieron los\u202fdiplomas de alem\u00e1n DSD I.\u202fEl evento comenz\u00f3 con las palabras de nuestra Directora del Departamento Alem\u00e1n,\u202fMiriam Hoffmann,\u202fcon el apoyo de la profesora Katharina Renz, quien tradujo para los padres presentes. Luego, siguieron los discursos de\u202fMichael H\u00f6fig,\u202fRector, y\u202fCarlos Lindemeyer,\u202fPresidente de la Junta Directiva.<\/p>\n<p>Algunos estudiantes del coro, con el acompa\u00f1amiento musical del piano de Cristian Ferrer, entonaron los himnos nacionales de Alemania y Colombia.<\/p>\n<p>El premio al mejor resultado global fue para\u202fAna Paula Garay,\u202fcon 81 puntos de los 96 posibles, seguida por\u202fMariana Benavides\u202fcon 76 puntos y\u202fNicole Vega Guzm\u00e1n y Rodrigo Gentil\u202fcon 75 puntos.<\/p>\n<p>Esteban Aparicio, Nicole Vega, Mariana Benavides e Isabella Bojanini fueron galardonados con premios por su excelente desempe\u00f1o en lectura, escucha y comunicaci\u00f3n oral y escrita.<\/p>\n<p>Un total de 104 estudiantes tomaron el examen DSD I el a\u00f1o pasado, 79 de ellos de Klasse 9 y 25 de 10. 20 alcanzaron el nivel B1 y 54 el nivel A2. \u00a1Felicidades a todos por obtener sus diplomas!<\/p>","protected":false},"excerpt":{"rendered":"<p>El pasado viernes 19 de octubre nuestros estudiantes recibieron los\u202fdiplomas de alem\u00e1n DSD I.\u202fEl evento comenz\u00f3 con las palabras de nuestra Directora del Departamento Alem\u00e1n,\u202fMiriam Hoffmann,\u202fcon<span class=\"excerpt-hellip\"> [\u2026]<\/span><\/p>","protected":false},"author":16,"featured_media":4889,"comment_status":"open","ping_status":"open","sticky":false,"template":"","format":"standard","meta":{"_exactmetrics_skip_tracking":false,"_exactmetrics_sitenote_active":false,"_exactmetrics_sitenote_note":"","_exactmetrics_sitenote_category":0,"_joinchat":[],"footnotes":""},"categories":[678,673,703,674,704,709,710],"tags":[],"class_list":["post-4888","post","type-post","status-publish","format-standard","has-post-thumbnail","hentry","category-678","category-area-de-aleman","category-junta-directiva","category-lengua-y-cultura-alemana","category-oficina-de-relaciones-internacionales","category-rectoria","category-secundaria"],"yoast_head":"<!-- This site is optimized with the Yoast SEO plugin v23.3 - https:\/\/yoast.com\/wordpress\/plugins\/seo\/ -->\n<title>Entrega de Diplomas DSD I - 2026<\/title>\n<meta name=\"robots\" content=\"noindex, follow, max-snippet:-1, max-image-preview:large, max-video-preview:-1\" \/>\n<meta property=\"og:locale\" content=\"de_DE\" \/>\n<meta property=\"og:type\" content=\"article\" \/>\n<meta property=\"og:title\" content=\"Entrega de Diplomas DSD I - 2026\" \/>\n<meta property=\"og:description\" content=\"El pasado viernes 19 de octubre nuestros estudiantes recibieron los\u202fdiplomas de alem\u00e1n DSD I.\u202fEl evento comenz\u00f3 con las palabras de nuestra Directora del Departamento Alem\u00e1n,\u202fMiriam Hoffmann,\u202fcon [\u2026]\" \/>\n<meta property=\"og:url\" content=\"https:\/\/ds-barranquilla.org\/de\/entrega-de-diplomas-dsd-i\/\" \/>\n<meta property=\"og:site_name\" content=\"Colegio Alem\u00e1n - Los Mejores Colegios de Colombia - Colegio Triling\u00fce\" \/>\n<meta property=\"article:publisher\" content=\"https:\/\/www.facebook.com\/ColegioAlemanBaq\/\" \/>\n<meta property=\"article:published_time\" content=\"2018-10-19T21:46:01+00:00\" \/>\n<meta property=\"article:modified_time\" content=\"2023-01-04T16:21:56+00:00\" \/>\n<meta property=\"og:image\" content=\"https:\/\/ds-barranquilla.org\/wp-content\/uploads\/2020\/07\/Entrega-de-Diplomas-DSD-I.jpg\" \/>\n\t<meta property=\"og:image:width\" content=\"590\" \/>\n\t<meta property=\"og:image:height\" content=\"256\" \/>\n\t<meta property=\"og:image:type\" content=\"image\/jpeg\" \/>\n<meta name=\"author\" content=\"Comunicaciones Comunicaciones\" \/>\n<meta name=\"twitter:card\" content=\"summary_large_image\" \/>\n<meta name=\"twitter:creator\" content=\"@ColegioAlemanBq\" \/>\n<meta name=\"twitter:site\" content=\"@ColegioAlemanBq\" \/>\n<meta name=\"twitter:label1\" content=\"Verfasst von\" \/>\n\t<meta name=\"twitter:data1\" content=\"Comunicaciones Comunicaciones\" \/>\n\t<meta name=\"twitter:label2\" content=\"Gesch\u00e4tzte Lesezeit\" \/>\n\t<meta name=\"twitter:data2\" content=\"1\u00a0Minute\" \/>\n<script type=\"application\/ld+json\" class=\"yoast-schema-graph\">{\"@context\":\"https:\/\/schema.org\",\"@graph\":[{\"@type\":\"Article\",\"@id\":\"https:\/\/ds-barranquilla.org\/entrega-de-diplomas-dsd-i\/#article\",\"isPartOf\":{\"@id\":\"https:\/\/ds-barranquilla.org\/entrega-de-diplomas-dsd-i\/\"},\"author\":{\"name\":\"Comunicaciones Comunicaciones\",\"@id\":\"https:\/\/ds-barranquilla.org\/#\/schema\/person\/7bf8790ba89d3480e0551241ccdc8d36\"},\"headline\":\"Entrega de Diplomas DSD I\",\"datePublished\":\"2018-10-19T21:46:01+00:00\",\"dateModified\":\"2023-01-04T16:21:56+00:00\",\"mainEntityOfPage\":{\"@id\":\"https:\/\/ds-barranquilla.org\/entrega-de-diplomas-dsd-i\/\"},\"wordCount\":181,\"commentCount\":0,\"publisher\":{\"@id\":\"https:\/\/ds-barranquilla.org\/#organization\"},\"image\":{\"@id\":\"https:\/\/ds-barranquilla.org\/entrega-de-diplomas-dsd-i\/#primaryimage\"},\"thumbnailUrl\":\"https:\/\/ds-barranquilla.org\/wp-content\/uploads\/2020\/07\/Entrega-de-Diplomas-DSD-I.jpg\",\"articleSection\":[\"2018\",\"\u00c1rea de Alem\u00e1n\",\"Junta Directiva\",\"Lengua y Cultura Alemana\",\"Oficina de Relaciones Internacionales\",\"Rector\u00eda\",\"Secundaria\"],\"inLanguage\":\"de\",\"potentialAction\":[{\"@type\":\"CommentAction\",\"name\":\"Comment\",\"target\":[\"https:\/\/ds-barranquilla.org\/entrega-de-diplomas-dsd-i\/#respond\"]}]},{\"@type\":\"WebPage\",\"@id\":\"https:\/\/ds-barranquilla.org\/entrega-de-diplomas-dsd-i\/\",\"url\":\"https:\/\/ds-barranquilla.org\/entrega-de-diplomas-dsd-i\/\",\"name\":\"Entrega de Diplomas DSD I - 2026\",\"isPartOf\":{\"@id\":\"https:\/\/ds-barranquilla.org\/#website\"},\"primaryImageOfPage\":{\"@id\":\"https:\/\/ds-barranquilla.org\/entrega-de-diplomas-dsd-i\/#primaryimage\"},\"image\":{\"@id\":\"https:\/\/ds-barranquilla.org\/entrega-de-diplomas-dsd-i\/#primaryimage\"},\"thumbnailUrl\":\"https:\/\/ds-barranquilla.org\/wp-content\/uploads\/2020\/07\/Entrega-de-Diplomas-DSD-I.jpg\",\"datePublished\":\"2018-10-19T21:46:01+00:00\",\"dateModified\":\"2023-01-04T16:21:56+00:00\",\"breadcrumb\":{\"@id\":\"https:\/\/ds-barranquilla.org\/entrega-de-diplomas-dsd-i\/#breadcrumb\"},\"inLanguage\":\"de\",\"potentialAction\":[{\"@type\":\"ReadAction\",\"target\":[\"https:\/\/ds-barranquilla.org\/entrega-de-diplomas-dsd-i\/\"]}]},{\"@type\":\"ImageObject\",\"inLanguage\":\"de\",\"@id\":\"https:\/\/ds-barranquilla.org\/entrega-de-diplomas-dsd-i\/#primaryimage\",\"url\":\"https:\/\/ds-barranquilla.org\/wp-content\/uploads\/2020\/07\/Entrega-de-Diplomas-DSD-I.jpg\",\"contentUrl\":\"https:\/\/ds-barranquilla.org\/wp-content\/uploads\/2020\/07\/Entrega-de-Diplomas-DSD-I.jpg\",\"width\":590,\"height\":256},{\"@type\":\"BreadcrumbList\",\"@id\":\"https:\/\/ds-barranquilla.org\/entrega-de-diplomas-dsd-i\/#breadcrumb\",\"itemListElement\":[{\"@type\":\"ListItem\",\"position\":1,\"name\":\"Portada\",\"item\":\"https:\/\/ds-barranquilla.org\/\"},{\"@type\":\"ListItem\",\"position\":2,\"name\":\"Entrega de Diplomas DSD I\"}]},{\"@type\":\"WebSite\",\"@id\":\"https:\/\/ds-barranquilla.org\/#website\",\"url\":\"https:\/\/ds-barranquilla.org\/\",\"name\":\"Colegio Alem\u00e1n - Los Mejores Colegios de Colombia - Colegio Triling\u00fce\",\"description\":\"Colegio Alem\u00e1n  Barranquilla Colombia - Colegio Biling\u00fce - Triling\u00fce - El Mejor Colegio de Colombia\",\"publisher\":{\"@id\":\"https:\/\/ds-barranquilla.org\/#organization\"},\"potentialAction\":[{\"@type\":\"SearchAction\",\"target\":{\"@type\":\"EntryPoint\",\"urlTemplate\":\"https:\/\/ds-barranquilla.org\/?s={search_term_string}\"},\"query-input\":\"required name=search_term_string\"}],\"inLanguage\":\"de\"},{\"@type\":\"Organization\",\"@id\":\"https:\/\/ds-barranquilla.org\/#organization\",\"name\":\"Colegio Alem\u00e1n Barranquilla\",\"url\":\"https:\/\/ds-barranquilla.org\/\",\"logo\":{\"@type\":\"ImageObject\",\"inLanguage\":\"de\",\"@id\":\"https:\/\/ds-barranquilla.org\/#\/schema\/logo\/image\/\",\"url\":\"https:\/\/ds-barranquilla.org\/wp-content\/uploads\/2021\/05\/coleman_logo_2.png\",\"contentUrl\":\"https:\/\/ds-barranquilla.org\/wp-content\/uploads\/2021\/05\/coleman_logo_2.png\",\"width\":418,\"height\":307,\"caption\":\"Colegio Alem\u00e1n Barranquilla\"},\"image\":{\"@id\":\"https:\/\/ds-barranquilla.org\/#\/schema\/logo\/image\/\"},\"sameAs\":[\"https:\/\/www.facebook.com\/ColegioAlemanBaq\/\",\"https:\/\/x.com\/ColegioAlemanBq\",\"https:\/\/www.instagram.com\/colegioalemanbaq\/\",\"https:\/\/www.linkedin.com\/school\/deutsche-schule-barranquilla\/\",\"https:\/\/www.youtube.com\/channel\/UCOOGZQCVs6aYRqIWvSN5agQ\"]},{\"@type\":\"Person\",\"@id\":\"https:\/\/ds-barranquilla.org\/#\/schema\/person\/7bf8790ba89d3480e0551241ccdc8d36\",\"name\":\"Comunicaciones Comunicaciones\",\"image\":{\"@type\":\"ImageObject\",\"inLanguage\":\"de\",\"@id\":\"https:\/\/ds-barranquilla.org\/#\/schema\/person\/image\/\",\"url\":\"https:\/\/secure.gravatar.com\/avatar\/a66ba9484a4338d81d6bea750e595038?s=96&d=mm&r=g\",\"contentUrl\":\"https:\/\/secure.gravatar.com\/avatar\/a66ba9484a4338d81d6bea750e595038?s=96&d=mm&r=g\",\"caption\":\"Comunicaciones Comunicaciones\"}}]}<\/script>\n<!-- \/ Yoast SEO plugin. -->","yoast_head_json":{"title":"Entrega de Diplomas DSD I - 2026","robots":{"index":"noindex","follow":"follow","max-snippet":"max-snippet:-1","max-image-preview":"max-image-preview:large","max-video-preview":"max-video-preview:-1"},"og_locale":"de_DE","og_type":"article","og_title":"Entrega de Diplomas DSD I - 2026","og_description":"El pasado viernes 19 de octubre nuestros estudiantes recibieron los\u202fdiplomas de alem\u00e1n DSD I.\u202fEl evento comenz\u00f3 con las palabras de nuestra Directora del Departamento Alem\u00e1n,\u202fMiriam Hoffmann,\u202fcon [\u2026]","og_url":"https:\/\/ds-barranquilla.org\/de\/entrega-de-diplomas-dsd-i\/","og_site_name":"Colegio Alem\u00e1n - Los Mejores Colegios de Colombia - Colegio Triling\u00fce","article_publisher":"https:\/\/www.facebook.com\/ColegioAlemanBaq\/","article_published_time":"2018-10-19T21:46:01+00:00","article_modified_time":"2023-01-04T16:21:56+00:00","og_image":[{"width":590,"height":256,"url":"https:\/\/ds-barranquilla.org\/wp-content\/uploads\/2020\/07\/Entrega-de-Diplomas-DSD-I.jpg","type":"image\/jpeg"}],"author":"Comunicaciones Comunicaciones","twitter_card":"summary_large_image","twitter_creator":"@ColegioAlemanBq","twitter_site":"@ColegioAlemanBq","twitter_misc":{"Verfasst von":"Comunicaciones Comunicaciones","Gesch\u00e4tzte Lesezeit":"1\u00a0Minute"},"schema":{"@context":"https:\/\/schema.org","@graph":[{"@type":"Article","@id":"https:\/\/ds-barranquilla.org\/entrega-de-diplomas-dsd-i\/#article","isPartOf":{"@id":"https:\/\/ds-barranquilla.org\/entrega-de-diplomas-dsd-i\/"},"author":{"name":"Comunicaciones Comunicaciones","@id":"https:\/\/ds-barranquilla.org\/#\/schema\/person\/7bf8790ba89d3480e0551241ccdc8d36"},"headline":"Entrega de Diplomas DSD I","datePublished":"2018-10-19T21:46:01+00:00","dateModified":"2023-01-04T16:21:56+00:00","mainEntityOfPage":{"@id":"https:\/\/ds-barranquilla.org\/entrega-de-diplomas-dsd-i\/"},"wordCount":181,"commentCount":0,"publisher":{"@id":"https:\/\/ds-barranquilla.org\/#organization"},"image":{"@id":"https:\/\/ds-barranquilla.org\/entrega-de-diplomas-dsd-i\/#primaryimage"},"thumbnailUrl":"https:\/\/ds-barranquilla.org\/wp-content\/uploads\/2020\/07\/Entrega-de-Diplomas-DSD-I.jpg","articleSection":["2018","\u00c1rea de Alem\u00e1n","Junta Directiva","Lengua y Cultura Alemana","Oficina de Relaciones Internacionales","Rector\u00eda","Secundaria"],"inLanguage":"de","potentialAction":[{"@type":"CommentAction","name":"Comment","target":["https:\/\/ds-barranquilla.org\/entrega-de-diplomas-dsd-i\/#respond"]}]},{"@type":"WebPage","@id":"https:\/\/ds-barranquilla.org\/entrega-de-diplomas-dsd-i\/","url":"https:\/\/ds-barranquilla.org\/entrega-de-diplomas-dsd-i\/","name":"Entrega de Diplomas DSD I - 2026","isPartOf":{"@id":"https:\/\/ds-barranquilla.org\/#website"},"primaryImageOfPage":{"@id":"https:\/\/ds-barranquilla.org\/entrega-de-diplomas-dsd-i\/#primaryimage"},"image":{"@id":"https:\/\/ds-barranquilla.org\/entrega-de-diplomas-dsd-i\/#primaryimage"},"thumbnailUrl":"https:\/\/ds-barranquilla.org\/wp-content\/uploads\/2020\/07\/Entrega-de-Diplomas-DSD-I.jpg","datePublished":"2018-10-19T21:46:01+00:00","dateModified":"2023-01-04T16:21:56+00:00","breadcrumb":{"@id":"https:\/\/ds-barranquilla.org\/entrega-de-diplomas-dsd-i\/#breadcrumb"},"inLanguage":"de","potentialAction":[{"@type":"ReadAction","target":["https:\/\/ds-barranquilla.org\/entrega-de-diplomas-dsd-i\/"]}]},{"@type":"ImageObject","inLanguage":"de","@id":"https:\/\/ds-barranquilla.org\/entrega-de-diplomas-dsd-i\/#primaryimage","url":"https:\/\/ds-barranquilla.org\/wp-content\/uploads\/2020\/07\/Entrega-de-Diplomas-DSD-I.jpg","contentUrl":"https:\/\/ds-barranquilla.org\/wp-content\/uploads\/2020\/07\/Entrega-de-Diplomas-DSD-I.jpg","width":590,"height":256},{"@type":"BreadcrumbList","@id":"https:\/\/ds-barranquilla.org\/entrega-de-diplomas-dsd-i\/#breadcrumb","itemListElement":[{"@type":"ListItem","position":1,"name":"Portada","item":"https:\/\/ds-barranquilla.org\/"},{"@type":"ListItem","position":2,"name":"Entrega de Diplomas DSD I"}]},{"@type":"WebSite","@id":"https:\/\/ds-barranquilla.org\/#website","url":"https:\/\/ds-barranquilla.org\/","name":"Colegio Alem\u00e1n - Los Mejores Colegios de Colombia - Colegio Triling\u00fce","description":"Colegio Alem\u00e1n  Barranquilla Colombia - Colegio Biling\u00fce - Triling\u00fce - El Mejor Colegio de Colombia","publisher":{"@id":"https:\/\/ds-barranquilla.org\/#organization"},"potentialAction":[{"@type":"SearchAction","target":{"@type":"EntryPoint","urlTemplate":"https:\/\/ds-barranquilla.org\/?s={search_term_string}"},"query-input":"required name=search_term_string"}],"inLanguage":"de"},{"@type":"Organization","@id":"https:\/\/ds-barranquilla.org\/#organization","name":"Colegio Alem\u00e1n Barranquilla","url":"https:\/\/ds-barranquilla.org\/","logo":{"@type":"ImageObject","inLanguage":"de","@id":"https:\/\/ds-barranquilla.org\/#\/schema\/logo\/image\/","url":"https:\/\/ds-barranquilla.org\/wp-content\/uploads\/2021\/05\/coleman_logo_2.png","contentUrl":"https:\/\/ds-barranquilla.org\/wp-content\/uploads\/2021\/05\/coleman_logo_2.png","width":418,"height":307,"caption":"Colegio Alem\u00e1n Barranquilla"},"image":{"@id":"https:\/\/ds-barranquilla.org\/#\/schema\/logo\/image\/"},"sameAs":["https:\/\/www.facebook.com\/ColegioAlemanBaq\/","https:\/\/x.com\/ColegioAlemanBq","https:\/\/www.instagram.com\/colegioalemanbaq\/","https:\/\/www.linkedin.com\/school\/deutsche-schule-barranquilla\/","https:\/\/www.youtube.com\/channel\/UCOOGZQCVs6aYRqIWvSN5agQ"]},{"@type":"Person","@id":"https:\/\/ds-barranquilla.org\/#\/schema\/person\/7bf8790ba89d3480e0551241ccdc8d36","name":"Comunicaciones Comunicaciones","image":{"@type":"ImageObject","inLanguage":"de","@id":"https:\/\/ds-barranquilla.org\/#\/schema\/person\/image\/","url":"https:\/\/secure.gravatar.com\/avatar\/a66ba9484a4338d81d6bea750e595038?s=96&d=mm&r=g","contentUrl":"https:\/\/secure.gravatar.com\/avatar\/a66ba9484a4338d81d6bea750e595038?s=96&d=mm&r=g","caption":"Comunicaciones Comunicaciones"}}]}},"_links":{"self":[{"href":"https:\/\/ds-barranquilla.org\/de\/wp-json\/wp\/v2\/posts\/4888"}],"collection":[{"href":"https:\/\/ds-barranquilla.org\/de\/wp-json\/wp\/v2\/posts"}],"about":[{"href":"https:\/\/ds-barranquilla.org\/de\/wp-json\/wp\/v2\/types\/post"}],"author":[{"embeddable":true,"href":"https:\/\/ds-barranquilla.org\/de\/wp-json\/wp\/v2\/users\/16"}],"replies":[{"embeddable":true,"href":"https:\/\/ds-barranquilla.org\/de\/wp-json\/wp\/v2\/comments?post=4888"}],"version-history":[{"count":1,"href":"https:\/\/ds-barranquilla.org\/de\/wp-json\/wp\/v2\/posts\/4888\/revisions"}],"predecessor-version":[{"id":4890,"href":"https:\/\/ds-barranquilla.org\/de\/wp-json\/wp\/v2\/posts\/4888\/revisions\/4890"}],"wp:featuredmedia":[{"embeddable":true,"href":"https:\/\/ds-barranquilla.org\/de\/wp-json\/wp\/v2\/media\/4889"}],"wp:attachment":[{"href":"https:\/\/ds-barranquilla.org\/de\/wp-json\/wp\/v2\/media?parent=4888"}],"wp:term":[{"taxonomy":"category","embeddable":true,"href":"https:\/\/ds-barranquilla.org\/de\/wp-json\/wp\/v2\/categories?post=4888"},{"taxonomy":"post_tag","embeddable":true,"href":"https:\/\/ds-barranquilla.org\/de\/wp-json\/wp\/v2\/tags?post=4888"}],"curies":[{"name":"wp","href":"https:\/\/api.w.org\/{rel}","templated":true}]}}