{"id":4891,"date":"2018-10-19T17:22:10","date_gmt":"2018-10-19T22:22:10","guid":{"rendered":"https:\/\/ds-barranquilla.org\/?p=4891"},"modified":"2022-12-21T08:45:25","modified_gmt":"2022-12-21T13:45:25","slug":"la-escuela-de-familias-exploro-el-baumhaus-la-casa-en-el-arbol-19-10-2018","status":"publish","type":"post","link":"https:\/\/ds-barranquilla.org\/de\/la-escuela-de-familias-exploro-el-baumhaus-la-casa-en-el-arbol-19-10-2018\/","title":{"rendered":"La Escuela de Familias explor\u00f3 el Baumhaus (La Casa en el \u00c1rbol)   19.10.2018"},"content":{"rendered":"<p>Conocer en profundidad las herramientas de aprendizaje que tiene el Colegio Alem\u00e1n es otro de los objetivos de la Escuela de Familias para este a\u00f1o escolar. Por esto, la sesi\u00f3n del 18 de octubre se centr\u00f3 en el Baumhaus (La Casa en el \u00c1rbol) y estuvo a cargo de Andrea Garc\u00e9s y Paula L\u00f3pez, las profesionales que lideran este importante proyecto en nuestra instituci\u00f3n.<\/p>\n<p>La conferencia comenz\u00f3 con las palabras de nuestro Rector, Michael H\u00f6fig, quien explic\u00f3 que el Baumhaus es un proyecto que naci\u00f3 hace a\u00f1o y medio con el objetivo de ayudar a los estudiantes en sus clases de alem\u00e1n y en algunos temas disciplinarios y que a\u00fan se encuentra en proceso de construcci\u00f3n.<\/p>\n<p>\u00bfPor qu\u00e9 existe el Baumhaus?<\/p>\n<p>Baumhaus significa \u201cla Casa en el \u00c1rbol\u201d. Al iniciar este proyecto se decidieron por esta met\u00e1fora, que evita la existencia de r\u00f3tulos, porque a pesar de que los \u00e1rboles crecen y suben, siguen conectados a la tierra. Los estudiantes de Primaria ya reconocen el Baumhaus, saben para qu\u00e9 es y c\u00f3mo funciona.<\/p>\n<p>De acuerdo a Garc\u00e9s, el Baumhaus es \u201cuna herramienta de apoyo para las clases de alem\u00e1n en el momento en el que haya necesidades espec\u00edficas de aprendizaje en los estudiantes; el objetivo es dar ese apoyo cognitivo, psicol\u00f3gico, pr\u00e1ctico y acad\u00e9mico para que el estudiante pueda volver a clases\u201d y seguir su proceso de aprendizaje con normalidad.<\/p>\n<p>L\u00f3pez, por su parte, a\u00f1adi\u00f3 que el Baumhaus fue creado por tres razones fundamentales:<\/p>\n<p>El objetivo de la pedagog\u00eda actual es que sea diferenciada porque todos aprendemos de manera diferente.<\/p>\n<p>La inclusi\u00f3n (presente en el Decreto 1421) ha tomado mucha fuerza en Colombia porque los ni\u00f1os con necesidades espec\u00edficas necesitan un acompa\u00f1amiento espec\u00edfico.<\/p>\n<p>El proceso pedag\u00f3gico del colegio, con el programa del IB, exige que las t\u00e9cnicas sean diferenciadas e inclusivas.<\/p>\n<p>En el Baumhaus adem\u00e1s se unen las \u00e1reas de Alem\u00e1n y Bienestar Estudiantil (conformado adem\u00e1s por Psicolog\u00eda y Fomento del Aprendizaje) que identifican las dificultades en los estudiantes, comparten ideas y construyen planes de acci\u00f3n para trabajar en sus necesidades.<\/p>\n<p>\u00bfC\u00f3mo funciona?<\/p>\n<p>En este momento el Baumhaus va de Klasse 3 a Klasse 10. Garc\u00e9s trabaja con los estudiantes de Primaria y L\u00f3pez con los de Secundaria.<\/p>\n<p>Para la Primaria, Garc\u00e9s usa los mismos temas que est\u00e1n desarrollando en las clases de alem\u00e1n y, de ser posible, las mismas actividades: dise\u00f1a un horario especial y arma grupos de un m\u00e1ximo de seis estudiantes por hora. Por lo general, estos ni\u00f1os ven los mismos temas que sus compa\u00f1eros, pero de acuerdo a sus necesidades de aprendizaje, es decir, de forma diferenciada y m\u00e1s l\u00fadica.<\/p>\n<p>El trabajo en el Baumhaus para los estudiantes de Secundaria es distinto. A partir de Klasse 7, necesitan aprender el idioma de forma m\u00e1s estructurada. Ah\u00ed la metodolog\u00eda se hace por estaciones que tienen una gran variedad de actividades para que practiquen hablando, escuchando o leyendo. La idea es apuntar a los canales de aprendizaje que sean m\u00e1s efectivos para ellos.<\/p>\n<p>Para cada per\u00edodo acad\u00e9mico, el Baumhaus tiene un ciclo de trabajo: se inicia con una semana de observaci\u00f3n; siguen las semanas de trabajo diferenciado y se finaliza con un per\u00edodo de evaluaci\u00f3n de resultados con el fin de hacer un balance para determinar qu\u00e9 est\u00e1 funcionando y qu\u00e9 debe replantearse.<\/p>\n<p>Si un estudiante necesita permanecer mucho tiempo en este proyecto, se dise\u00f1a para \u00e9l un plan individual de trabajo, de la mano con el Grupo de Bienestar Estudiantil y los profesores.<\/p>\n<p>\u00bfC\u00f3mo escogen a los candidatos?<\/p>\n<p>Para seleccionar a los estudiantes que van al Baumhaus, Garc\u00e9s y L\u00f3pez usan tres criterios, de acuerdo a los cuales establecen prioridades:<\/p>\n<p>Diagn\u00f3stico cl\u00ednico: como d\u00e9ficit de atenci\u00f3n, dislexia, entre muchos otros. Estos casos deben estar debidamente documentados ante la instituci\u00f3n.<\/p>\n<p>Diagn\u00f3stico pedag\u00f3gico: cada profesor observa su clase y, seg\u00fan eso, se identifican dificultades espec\u00edficas de aprendizaje.<\/p>\n<p>Momentos de crisis emocionales: cuando los ni\u00f1os se ven afectados por alg\u00fan tema ajeno a los estudios.<\/p>\n<p>Tras el primer paso de la selecci\u00f3n, cuando un estudiante ya est\u00e1 en el Baumhaus, sigue un per\u00edodo de observaci\u00f3n, luego el dise\u00f1o del plan de apoyo espec\u00edfico para \u00e9l y, de acuerdo a los resultados, la fase final es la de reincorporaci\u00f3n a sus clases normales de alem\u00e1n.<\/p>\n<p>Al finalizar la conferencia, Garc\u00e9s y L\u00f3pez agradecieron el espacio para dar a conocer esta iniciativa e invitaron a los padres de familia a multiplicar esta valiosa informaci\u00f3n y a seguir trabajando en equipo para fortalecer el proceso de aprendizaje del idioma alem\u00e1n de nuestros estudiantes.<\/p>\n<p>Sobre el equipo del Baumhaus<\/p>\n<p>Andrea Garc\u00e9s es egresada del Colegio Andino y psic\u00f3loga de la Universidad Javeriana con \u00e9nfasis en educaci\u00f3n y psicolog\u00eda cognitiva. Lleg\u00f3 a nuestro colegio como profesora del \u00e1rea de Alem\u00e1n y ha trabajado desde el comienzo en la creaci\u00f3n del Baumhaus.<\/p>\n<p>Paula L\u00f3pez es Soci\u00f3loga y tiene una especializaci\u00f3n en consejer\u00eda en educaci\u00f3n y familia. Tiene amplia experiencia en el campo pedag\u00f3gico y estuvo trabajando durante muchos a\u00f1os en Francia y Alemania.<\/p>\n<p>Pr\u00f3xima Escuela de Familias<\/p>\n<p>La Escuela de Familias es una iniciativa del Consejo de Padres y el \u00e1rea de Psicolog\u00eda. Su pr\u00f3xima sesi\u00f3n ser\u00e1 la conferencia\u202f&#8221;Implicaciones legales\u202fdel consumo\u202fde\u202fcigarrillo, alcohol y sustancias psicoactivas en menores\u202fde\u202fedad&#8221;,\u202fa cargo de la\u202fPolic\u00eda\u202fde\u202fInfancia y Adolescencia.<\/p>\n<p>Ser\u00e1 el jueves 25 de octubre\u202fde\u202f2018, de 7:30 a 9:00. a.m en el Auditorio<\/p>\n<p>\u00a1Esperamos a todos los padres de familia de Klasse 5 a Klasse 12!<\/p>","protected":false},"excerpt":{"rendered":"<p>Conocer en profundidad las herramientas de aprendizaje que tiene el Colegio Alem\u00e1n es otro de los objetivos de la Escuela de Familias para este a\u00f1o escolar.<span class=\"excerpt-hellip\"> [\u2026]<\/span><\/p>","protected":false},"author":16,"featured_media":4892,"comment_status":"open","ping_status":"open","sticky":false,"template":"","format":"standard","meta":{"_exactmetrics_skip_tracking":false,"_exactmetrics_sitenote_active":false,"_exactmetrics_sitenote_note":"","_exactmetrics_sitenote_category":0,"_joinchat":[],"footnotes":""},"categories":[678,699,705],"tags":[439,431,443],"class_list":["post-4891","post","type-post","status-publish","format-standard","has-post-thumbnail","hentry","category-678","category-consejo-de-padres","category-orientacion-psicoeducativa","tag-439","tag-primaria","tag-secundaria"],"yoast_head":"<!-- This site is optimized with the Yoast SEO plugin v23.3 - https:\/\/yoast.com\/wordpress\/plugins\/seo\/ -->\n<title>La Escuela de Familias explor\u00f3 el Baumhaus (La Casa en el \u00c1rbol)  19.10.2018 - 2026<\/title>\n<meta name=\"robots\" content=\"noindex, follow, max-snippet:-1, max-image-preview:large, max-video-preview:-1\" \/>\n<meta property=\"og:locale\" content=\"de_DE\" \/>\n<meta property=\"og:type\" content=\"article\" \/>\n<meta property=\"og:title\" content=\"La Escuela de Familias explor\u00f3 el Baumhaus (La Casa en el \u00c1rbol)  19.10.2018 - 2026\" \/>\n<meta property=\"og:description\" content=\"Conocer en profundidad las herramientas de aprendizaje que tiene el Colegio Alem\u00e1n es otro de los objetivos de la Escuela de Familias para este a\u00f1o escolar. [\u2026]\" \/>\n<meta property=\"og:url\" content=\"https:\/\/ds-barranquilla.org\/de\/la-escuela-de-familias-exploro-el-baumhaus-la-casa-en-el-arbol-19-10-2018\/\" \/>\n<meta property=\"og:site_name\" content=\"Colegio Alem\u00e1n - Los Mejores Colegios de Colombia - Colegio Triling\u00fce\" \/>\n<meta property=\"article:publisher\" content=\"https:\/\/www.facebook.com\/ColegioAlemanBaq\/\" \/>\n<meta property=\"article:published_time\" content=\"2018-10-19T22:22:10+00:00\" \/>\n<meta property=\"article:modified_time\" content=\"2022-12-21T13:45:25+00:00\" \/>\n<meta property=\"og:image\" content=\"https:\/\/ds-barranquilla.org\/wp-content\/uploads\/2020\/07\/Escuela-de-Familias-nuevos-entornos-virtuales-para-apoyar-el-aprendizaje-de-tus-hijos.jpg\" \/>\n\t<meta property=\"og:image:width\" content=\"605\" \/>\n\t<meta property=\"og:image:height\" content=\"258\" \/>\n\t<meta property=\"og:image:type\" content=\"image\/jpeg\" \/>\n<meta name=\"author\" content=\"Comunicaciones Comunicaciones\" \/>\n<meta name=\"twitter:card\" content=\"summary_large_image\" \/>\n<meta name=\"twitter:creator\" content=\"@ColegioAlemanBq\" \/>\n<meta name=\"twitter:site\" content=\"@ColegioAlemanBq\" \/>\n<meta name=\"twitter:label1\" content=\"Verfasst von\" \/>\n\t<meta name=\"twitter:data1\" content=\"Comunicaciones Comunicaciones\" \/>\n\t<meta name=\"twitter:label2\" content=\"Gesch\u00e4tzte Lesezeit\" \/>\n\t<meta name=\"twitter:data2\" content=\"5\u00a0Minuten\" \/>\n<script type=\"application\/ld+json\" class=\"yoast-schema-graph\">{\"@context\":\"https:\/\/schema.org\",\"@graph\":[{\"@type\":\"Article\",\"@id\":\"https:\/\/ds-barranquilla.org\/la-escuela-de-familias-exploro-el-baumhaus-la-casa-en-el-arbol-19-10-2018\/#article\",\"isPartOf\":{\"@id\":\"https:\/\/ds-barranquilla.org\/la-escuela-de-familias-exploro-el-baumhaus-la-casa-en-el-arbol-19-10-2018\/\"},\"author\":{\"name\":\"Comunicaciones Comunicaciones\",\"@id\":\"https:\/\/ds-barranquilla.org\/#\/schema\/person\/7bf8790ba89d3480e0551241ccdc8d36\"},\"headline\":\"La Escuela de Familias explor\u00f3 el Baumhaus (La Casa en el \u00c1rbol) 19.10.2018\",\"datePublished\":\"2018-10-19T22:22:10+00:00\",\"dateModified\":\"2022-12-21T13:45:25+00:00\",\"mainEntityOfPage\":{\"@id\":\"https:\/\/ds-barranquilla.org\/la-escuela-de-familias-exploro-el-baumhaus-la-casa-en-el-arbol-19-10-2018\/\"},\"wordCount\":1006,\"commentCount\":0,\"publisher\":{\"@id\":\"https:\/\/ds-barranquilla.org\/#organization\"},\"image\":{\"@id\":\"https:\/\/ds-barranquilla.org\/la-escuela-de-familias-exploro-el-baumhaus-la-casa-en-el-arbol-19-10-2018\/#primaryimage\"},\"thumbnailUrl\":\"https:\/\/ds-barranquilla.org\/wp-content\/uploads\/2020\/07\/Escuela-de-Familias-nuevos-entornos-virtuales-para-apoyar-el-aprendizaje-de-tus-hijos.jpg\",\"keywords\":[\"2018\",\"Primaria\",\"secundaria\"],\"articleSection\":[\"2018\",\"Consejo de Padres\",\"Orientaci\u00f3n Psicoeducativa\"],\"inLanguage\":\"de\",\"potentialAction\":[{\"@type\":\"CommentAction\",\"name\":\"Comment\",\"target\":[\"https:\/\/ds-barranquilla.org\/la-escuela-de-familias-exploro-el-baumhaus-la-casa-en-el-arbol-19-10-2018\/#respond\"]}]},{\"@type\":\"WebPage\",\"@id\":\"https:\/\/ds-barranquilla.org\/la-escuela-de-familias-exploro-el-baumhaus-la-casa-en-el-arbol-19-10-2018\/\",\"url\":\"https:\/\/ds-barranquilla.org\/la-escuela-de-familias-exploro-el-baumhaus-la-casa-en-el-arbol-19-10-2018\/\",\"name\":\"La Escuela de Familias explor\u00f3 el Baumhaus (La Casa en el \u00c1rbol) 19.10.2018 - 2026\",\"isPartOf\":{\"@id\":\"https:\/\/ds-barranquilla.org\/#website\"},\"primaryImageOfPage\":{\"@id\":\"https:\/\/ds-barranquilla.org\/la-escuela-de-familias-exploro-el-baumhaus-la-casa-en-el-arbol-19-10-2018\/#primaryimage\"},\"image\":{\"@id\":\"https:\/\/ds-barranquilla.org\/la-escuela-de-familias-exploro-el-baumhaus-la-casa-en-el-arbol-19-10-2018\/#primaryimage\"},\"thumbnailUrl\":\"https:\/\/ds-barranquilla.org\/wp-content\/uploads\/2020\/07\/Escuela-de-Familias-nuevos-entornos-virtuales-para-apoyar-el-aprendizaje-de-tus-hijos.jpg\",\"datePublished\":\"2018-10-19T22:22:10+00:00\",\"dateModified\":\"2022-12-21T13:45:25+00:00\",\"breadcrumb\":{\"@id\":\"https:\/\/ds-barranquilla.org\/la-escuela-de-familias-exploro-el-baumhaus-la-casa-en-el-arbol-19-10-2018\/#breadcrumb\"},\"inLanguage\":\"de\",\"potentialAction\":[{\"@type\":\"ReadAction\",\"target\":[\"https:\/\/ds-barranquilla.org\/la-escuela-de-familias-exploro-el-baumhaus-la-casa-en-el-arbol-19-10-2018\/\"]}]},{\"@type\":\"ImageObject\",\"inLanguage\":\"de\",\"@id\":\"https:\/\/ds-barranquilla.org\/la-escuela-de-familias-exploro-el-baumhaus-la-casa-en-el-arbol-19-10-2018\/#primaryimage\",\"url\":\"https:\/\/ds-barranquilla.org\/wp-content\/uploads\/2020\/07\/Escuela-de-Familias-nuevos-entornos-virtuales-para-apoyar-el-aprendizaje-de-tus-hijos.jpg\",\"contentUrl\":\"https:\/\/ds-barranquilla.org\/wp-content\/uploads\/2020\/07\/Escuela-de-Familias-nuevos-entornos-virtuales-para-apoyar-el-aprendizaje-de-tus-hijos.jpg\",\"width\":605,\"height\":258},{\"@type\":\"BreadcrumbList\",\"@id\":\"https:\/\/ds-barranquilla.org\/la-escuela-de-familias-exploro-el-baumhaus-la-casa-en-el-arbol-19-10-2018\/#breadcrumb\",\"itemListElement\":[{\"@type\":\"ListItem\",\"position\":1,\"name\":\"Portada\",\"item\":\"https:\/\/ds-barranquilla.org\/\"},{\"@type\":\"ListItem\",\"position\":2,\"name\":\"La Escuela de Familias explor\u00f3 el Baumhaus (La Casa en el \u00c1rbol) 19.10.2018\"}]},{\"@type\":\"WebSite\",\"@id\":\"https:\/\/ds-barranquilla.org\/#website\",\"url\":\"https:\/\/ds-barranquilla.org\/\",\"name\":\"Colegio Alem\u00e1n - Los Mejores Colegios de Colombia - Colegio Triling\u00fce\",\"description\":\"Colegio Alem\u00e1n  Barranquilla Colombia - Colegio Biling\u00fce - Triling\u00fce - El Mejor Colegio de Colombia\",\"publisher\":{\"@id\":\"https:\/\/ds-barranquilla.org\/#organization\"},\"potentialAction\":[{\"@type\":\"SearchAction\",\"target\":{\"@type\":\"EntryPoint\",\"urlTemplate\":\"https:\/\/ds-barranquilla.org\/?s={search_term_string}\"},\"query-input\":\"required name=search_term_string\"}],\"inLanguage\":\"de\"},{\"@type\":\"Organization\",\"@id\":\"https:\/\/ds-barranquilla.org\/#organization\",\"name\":\"Colegio Alem\u00e1n Barranquilla\",\"url\":\"https:\/\/ds-barranquilla.org\/\",\"logo\":{\"@type\":\"ImageObject\",\"inLanguage\":\"de\",\"@id\":\"https:\/\/ds-barranquilla.org\/#\/schema\/logo\/image\/\",\"url\":\"https:\/\/ds-barranquilla.org\/wp-content\/uploads\/2021\/05\/coleman_logo_2.png\",\"contentUrl\":\"https:\/\/ds-barranquilla.org\/wp-content\/uploads\/2021\/05\/coleman_logo_2.png\",\"width\":418,\"height\":307,\"caption\":\"Colegio Alem\u00e1n Barranquilla\"},\"image\":{\"@id\":\"https:\/\/ds-barranquilla.org\/#\/schema\/logo\/image\/\"},\"sameAs\":[\"https:\/\/www.facebook.com\/ColegioAlemanBaq\/\",\"https:\/\/x.com\/ColegioAlemanBq\",\"https:\/\/www.instagram.com\/colegioalemanbaq\/\",\"https:\/\/www.linkedin.com\/school\/deutsche-schule-barranquilla\/\",\"https:\/\/www.youtube.com\/channel\/UCOOGZQCVs6aYRqIWvSN5agQ\"]},{\"@type\":\"Person\",\"@id\":\"https:\/\/ds-barranquilla.org\/#\/schema\/person\/7bf8790ba89d3480e0551241ccdc8d36\",\"name\":\"Comunicaciones Comunicaciones\",\"image\":{\"@type\":\"ImageObject\",\"inLanguage\":\"de\",\"@id\":\"https:\/\/ds-barranquilla.org\/#\/schema\/person\/image\/\",\"url\":\"https:\/\/secure.gravatar.com\/avatar\/a66ba9484a4338d81d6bea750e595038?s=96&d=mm&r=g\",\"contentUrl\":\"https:\/\/secure.gravatar.com\/avatar\/a66ba9484a4338d81d6bea750e595038?s=96&d=mm&r=g\",\"caption\":\"Comunicaciones Comunicaciones\"}}]}<\/script>\n<!-- \/ Yoast SEO plugin. -->","yoast_head_json":{"title":"La Escuela de Familias explor\u00f3 el Baumhaus (La Casa en el \u00c1rbol)  19.10.2018 - 2026","robots":{"index":"noindex","follow":"follow","max-snippet":"max-snippet:-1","max-image-preview":"max-image-preview:large","max-video-preview":"max-video-preview:-1"},"og_locale":"de_DE","og_type":"article","og_title":"La Escuela de Familias explor\u00f3 el Baumhaus (La Casa en el \u00c1rbol)  19.10.2018 - 2026","og_description":"Conocer en profundidad las herramientas de aprendizaje que tiene el Colegio Alem\u00e1n es otro de los objetivos de la Escuela de Familias para este a\u00f1o escolar. [\u2026]","og_url":"https:\/\/ds-barranquilla.org\/de\/la-escuela-de-familias-exploro-el-baumhaus-la-casa-en-el-arbol-19-10-2018\/","og_site_name":"Colegio Alem\u00e1n - Los Mejores Colegios de Colombia - Colegio Triling\u00fce","article_publisher":"https:\/\/www.facebook.com\/ColegioAlemanBaq\/","article_published_time":"2018-10-19T22:22:10+00:00","article_modified_time":"2022-12-21T13:45:25+00:00","og_image":[{"width":605,"height":258,"url":"https:\/\/ds-barranquilla.org\/wp-content\/uploads\/2020\/07\/Escuela-de-Familias-nuevos-entornos-virtuales-para-apoyar-el-aprendizaje-de-tus-hijos.jpg","type":"image\/jpeg"}],"author":"Comunicaciones Comunicaciones","twitter_card":"summary_large_image","twitter_creator":"@ColegioAlemanBq","twitter_site":"@ColegioAlemanBq","twitter_misc":{"Verfasst von":"Comunicaciones Comunicaciones","Gesch\u00e4tzte Lesezeit":"5\u00a0Minuten"},"schema":{"@context":"https:\/\/schema.org","@graph":[{"@type":"Article","@id":"https:\/\/ds-barranquilla.org\/la-escuela-de-familias-exploro-el-baumhaus-la-casa-en-el-arbol-19-10-2018\/#article","isPartOf":{"@id":"https:\/\/ds-barranquilla.org\/la-escuela-de-familias-exploro-el-baumhaus-la-casa-en-el-arbol-19-10-2018\/"},"author":{"name":"Comunicaciones Comunicaciones","@id":"https:\/\/ds-barranquilla.org\/#\/schema\/person\/7bf8790ba89d3480e0551241ccdc8d36"},"headline":"La Escuela de Familias explor\u00f3 el Baumhaus (La Casa en el \u00c1rbol) 19.10.2018","datePublished":"2018-10-19T22:22:10+00:00","dateModified":"2022-12-21T13:45:25+00:00","mainEntityOfPage":{"@id":"https:\/\/ds-barranquilla.org\/la-escuela-de-familias-exploro-el-baumhaus-la-casa-en-el-arbol-19-10-2018\/"},"wordCount":1006,"commentCount":0,"publisher":{"@id":"https:\/\/ds-barranquilla.org\/#organization"},"image":{"@id":"https:\/\/ds-barranquilla.org\/la-escuela-de-familias-exploro-el-baumhaus-la-casa-en-el-arbol-19-10-2018\/#primaryimage"},"thumbnailUrl":"https:\/\/ds-barranquilla.org\/wp-content\/uploads\/2020\/07\/Escuela-de-Familias-nuevos-entornos-virtuales-para-apoyar-el-aprendizaje-de-tus-hijos.jpg","keywords":["2018","Primaria","secundaria"],"articleSection":["2018","Consejo de Padres","Orientaci\u00f3n Psicoeducativa"],"inLanguage":"de","potentialAction":[{"@type":"CommentAction","name":"Comment","target":["https:\/\/ds-barranquilla.org\/la-escuela-de-familias-exploro-el-baumhaus-la-casa-en-el-arbol-19-10-2018\/#respond"]}]},{"@type":"WebPage","@id":"https:\/\/ds-barranquilla.org\/la-escuela-de-familias-exploro-el-baumhaus-la-casa-en-el-arbol-19-10-2018\/","url":"https:\/\/ds-barranquilla.org\/la-escuela-de-familias-exploro-el-baumhaus-la-casa-en-el-arbol-19-10-2018\/","name":"La Escuela de Familias explor\u00f3 el Baumhaus (La Casa en el \u00c1rbol) 19.10.2018 - 2026","isPartOf":{"@id":"https:\/\/ds-barranquilla.org\/#website"},"primaryImageOfPage":{"@id":"https:\/\/ds-barranquilla.org\/la-escuela-de-familias-exploro-el-baumhaus-la-casa-en-el-arbol-19-10-2018\/#primaryimage"},"image":{"@id":"https:\/\/ds-barranquilla.org\/la-escuela-de-familias-exploro-el-baumhaus-la-casa-en-el-arbol-19-10-2018\/#primaryimage"},"thumbnailUrl":"https:\/\/ds-barranquilla.org\/wp-content\/uploads\/2020\/07\/Escuela-de-Familias-nuevos-entornos-virtuales-para-apoyar-el-aprendizaje-de-tus-hijos.jpg","datePublished":"2018-10-19T22:22:10+00:00","dateModified":"2022-12-21T13:45:25+00:00","breadcrumb":{"@id":"https:\/\/ds-barranquilla.org\/la-escuela-de-familias-exploro-el-baumhaus-la-casa-en-el-arbol-19-10-2018\/#breadcrumb"},"inLanguage":"de","potentialAction":[{"@type":"ReadAction","target":["https:\/\/ds-barranquilla.org\/la-escuela-de-familias-exploro-el-baumhaus-la-casa-en-el-arbol-19-10-2018\/"]}]},{"@type":"ImageObject","inLanguage":"de","@id":"https:\/\/ds-barranquilla.org\/la-escuela-de-familias-exploro-el-baumhaus-la-casa-en-el-arbol-19-10-2018\/#primaryimage","url":"https:\/\/ds-barranquilla.org\/wp-content\/uploads\/2020\/07\/Escuela-de-Familias-nuevos-entornos-virtuales-para-apoyar-el-aprendizaje-de-tus-hijos.jpg","contentUrl":"https:\/\/ds-barranquilla.org\/wp-content\/uploads\/2020\/07\/Escuela-de-Familias-nuevos-entornos-virtuales-para-apoyar-el-aprendizaje-de-tus-hijos.jpg","width":605,"height":258},{"@type":"BreadcrumbList","@id":"https:\/\/ds-barranquilla.org\/la-escuela-de-familias-exploro-el-baumhaus-la-casa-en-el-arbol-19-10-2018\/#breadcrumb","itemListElement":[{"@type":"ListItem","position":1,"name":"Portada","item":"https:\/\/ds-barranquilla.org\/"},{"@type":"ListItem","position":2,"name":"La Escuela de Familias explor\u00f3 el Baumhaus (La Casa en el \u00c1rbol) 19.10.2018"}]},{"@type":"WebSite","@id":"https:\/\/ds-barranquilla.org\/#website","url":"https:\/\/ds-barranquilla.org\/","name":"Colegio Alem\u00e1n - Los Mejores Colegios de Colombia - Colegio Triling\u00fce","description":"Colegio Alem\u00e1n  Barranquilla Colombia - Colegio Biling\u00fce - Triling\u00fce - El Mejor Colegio de Colombia","publisher":{"@id":"https:\/\/ds-barranquilla.org\/#organization"},"potentialAction":[{"@type":"SearchAction","target":{"@type":"EntryPoint","urlTemplate":"https:\/\/ds-barranquilla.org\/?s={search_term_string}"},"query-input":"required name=search_term_string"}],"inLanguage":"de"},{"@type":"Organization","@id":"https:\/\/ds-barranquilla.org\/#organization","name":"Colegio Alem\u00e1n Barranquilla","url":"https:\/\/ds-barranquilla.org\/","logo":{"@type":"ImageObject","inLanguage":"de","@id":"https:\/\/ds-barranquilla.org\/#\/schema\/logo\/image\/","url":"https:\/\/ds-barranquilla.org\/wp-content\/uploads\/2021\/05\/coleman_logo_2.png","contentUrl":"https:\/\/ds-barranquilla.org\/wp-content\/uploads\/2021\/05\/coleman_logo_2.png","width":418,"height":307,"caption":"Colegio Alem\u00e1n Barranquilla"},"image":{"@id":"https:\/\/ds-barranquilla.org\/#\/schema\/logo\/image\/"},"sameAs":["https:\/\/www.facebook.com\/ColegioAlemanBaq\/","https:\/\/x.com\/ColegioAlemanBq","https:\/\/www.instagram.com\/colegioalemanbaq\/","https:\/\/www.linkedin.com\/school\/deutsche-schule-barranquilla\/","https:\/\/www.youtube.com\/channel\/UCOOGZQCVs6aYRqIWvSN5agQ"]},{"@type":"Person","@id":"https:\/\/ds-barranquilla.org\/#\/schema\/person\/7bf8790ba89d3480e0551241ccdc8d36","name":"Comunicaciones Comunicaciones","image":{"@type":"ImageObject","inLanguage":"de","@id":"https:\/\/ds-barranquilla.org\/#\/schema\/person\/image\/","url":"https:\/\/secure.gravatar.com\/avatar\/a66ba9484a4338d81d6bea750e595038?s=96&d=mm&r=g","contentUrl":"https:\/\/secure.gravatar.com\/avatar\/a66ba9484a4338d81d6bea750e595038?s=96&d=mm&r=g","caption":"Comunicaciones Comunicaciones"}}]}},"_links":{"self":[{"href":"https:\/\/ds-barranquilla.org\/de\/wp-json\/wp\/v2\/posts\/4891"}],"collection":[{"href":"https:\/\/ds-barranquilla.org\/de\/wp-json\/wp\/v2\/posts"}],"about":[{"href":"https:\/\/ds-barranquilla.org\/de\/wp-json\/wp\/v2\/types\/post"}],"author":[{"embeddable":true,"href":"https:\/\/ds-barranquilla.org\/de\/wp-json\/wp\/v2\/users\/16"}],"replies":[{"embeddable":true,"href":"https:\/\/ds-barranquilla.org\/de\/wp-json\/wp\/v2\/comments?post=4891"}],"version-history":[{"count":1,"href":"https:\/\/ds-barranquilla.org\/de\/wp-json\/wp\/v2\/posts\/4891\/revisions"}],"predecessor-version":[{"id":4893,"href":"https:\/\/ds-barranquilla.org\/de\/wp-json\/wp\/v2\/posts\/4891\/revisions\/4893"}],"wp:featuredmedia":[{"embeddable":true,"href":"https:\/\/ds-barranquilla.org\/de\/wp-json\/wp\/v2\/media\/4892"}],"wp:attachment":[{"href":"https:\/\/ds-barranquilla.org\/de\/wp-json\/wp\/v2\/media?parent=4891"}],"wp:term":[{"taxonomy":"category","embeddable":true,"href":"https:\/\/ds-barranquilla.org\/de\/wp-json\/wp\/v2\/categories?post=4891"},{"taxonomy":"post_tag","embeddable":true,"href":"https:\/\/ds-barranquilla.org\/de\/wp-json\/wp\/v2\/tags?post=4891"}],"curies":[{"name":"wp","href":"https:\/\/api.w.org\/{rel}","templated":true}]}}