{"id":4900,"date":"2018-09-20T18:13:30","date_gmt":"2018-09-20T23:13:30","guid":{"rendered":"https:\/\/ds-barranquilla.org\/?p=4900"},"modified":"2023-01-04T11:07:01","modified_gmt":"2023-01-04T16:07:01","slug":"pescando-preguntas-y-respuestas-con-el-escritor-ezequiel-dellutri","status":"publish","type":"post","link":"https:\/\/ds-barranquilla.org\/de\/pescando-preguntas-y-respuestas-con-el-escritor-ezequiel-dellutri\/","title":{"rendered":"Pescando preguntas y respuestas con el escritor Ezequiel Dellutri"},"content":{"rendered":"<p><span data-contrast=\"none\">Eine besondere und innovative Unterrichtsstunde hatten unsere die 8. Kl\u00e4ssler am Donnerstag, den 20. September, unter der Leitung der Lehrer Claudia Fontalvo, Edinson Ayala und \u00d3scar Mej\u00eda, denn sie empfingen den argentinischen Schriftsteller<\/span><b><span data-contrast=\"none\">Ezequiel Dellutri<\/span><\/b><span data-contrast=\"none\">an unserer Schule. Dellutri ist der Autor des Romans \u201eKoi\u201c und war im Rahmen von<\/span><a href=\"https:\/\/libraq.com\/\"><i><span data-contrast=\"none\">LIBRAQ, internationale Buchmesse Barranquillas, in unserer Stadt zu Gast.<\/span><\/i><\/a><span data-contrast=\"none\">\u202f<\/span><span data-ccp-props=\"{&quot;201341983&quot;:0,&quot;335559739&quot;:180,&quot;335559740&quot;:240}\">\u00a0<\/span><\/p>\n<p><span data-contrast=\"none\">Dellutri ist ein in Buenos Aires geborener Schriftsteller und Lehrer und arbeitet seit vielen Jahren in der Lesef\u00f6rderung. Mit seinen Krimis f\u00fcr Erwachsene und Essays f\u00fcr Jugendliche gewann er viele Literaturpreise oder war unter den Finalisten. Mit \u201eKoi\u201c, seinem ersten Buch f\u00fcr Jugendliche, hat er gerade den Norma-Preis in der Kategorie Kinder- und Jugendliteratur erhalten. Dieses Buch erz\u00e4hlt die Geschichte eines Teenagers, die nach dem Tod ihres Vaters herausfindet, dass sie einen autistischen Bruder hat. Durch die leuchtenden Farben der orientalischen Koi-Fische schafft sie es, eine Verbindung zu ihm herzustellen.<\/span><span data-ccp-props=\"{&quot;201341983&quot;:0,&quot;335559739&quot;:180,&quot;335559740&quot;:240}\">\u00a0<\/span><\/p>\n<p><span data-contrast=\"none\">Inspiriert durch das Buch richteten unsere Lehrer f\u00fcr Sprache und Literatur eine Stunde mit wunderbaren Aktivit\u00e4ten aus. Es gab z.B. einen Zellophan Pool, in dem man Fragen an Dellutri fischen konnte, welche die Sch\u00fcler vorher aufgeschrieben hatten; einen Wettbewerb, bei dem die Sch\u00fcler fragen zum Buch beantworten mussten und der Autor als eine Art Jury fungierte; ein Glossar mit argentinischen W\u00f6rtern und ein Interview mit dem Schriftsteller, der mit gro\u00dfem Anmut und einer Selbstsicherheit auf die Fragen der Sch\u00fcler antwortete.<\/span><span data-ccp-props=\"{&quot;201341983&quot;:0,&quot;335559739&quot;:180,&quot;335559740&quot;:240}\">\u00a0<\/span><\/p>\n<p><span data-contrast=\"none\">In diesem Raum, der immer eine sehr energiegeladene Atmosph\u00e4re und hohe Sch\u00fclerbeteiligung hat, gab es auch noch Zeit Charly Garc\u00edas \u201cYo no quiero volverme tan loco\u201d in der Version von Carlos Vives zu singen und \u00fcber die nationale argentinische Rockbewegung der 80er und 90er Jahre zu sprechen, die sich auch im Roman \u201eKoi\u201c widerspiegelt. Jede Gruppe der 8. Klassen erhielt Abzeichen mit ber\u00fchmten Namen: wie bereits erw\u00e4hnt Charly Garc\u00eda, Spinetta, Fito P\u00e1ez und Andr\u00e9s Calamaro.<\/span><span data-ccp-props=\"{&quot;201341983&quot;:0,&quot;335559739&quot;:180,&quot;335559740&quot;:240}\">\u00a0<\/span><\/p>\n<p><span data-contrast=\"none\">Gratulation geht an unsere Lehrer, die diesen Kurs organisiert haben und dadurch einmal mehr gezeigt haben, dass es unendlich viele M\u00f6glichkeiten des Unterrichtens gibt und man Hand in Hand, mit Innovation und Kreativit\u00e4t viel erreichen kann.<\/span><span data-ccp-props=\"{&quot;201341983&quot;:0,&quot;335559739&quot;:180,&quot;335559740&quot;:240}\">\u00a0<\/span><\/p>\n<p><a href=\"https:\/\/www.facebook.com\/pg\/ColegioAlemanBaq\/photos\/?tab=album&amp;album_id=2232837266973751\"><i><span data-contrast=\"none\">&gt;&gt; Weitere Fotos auf Facebook<\/span><\/i><\/a><span data-ccp-props=\"{&quot;201341983&quot;:0,&quot;335559739&quot;:180,&quot;335559740&quot;:240}\">\u00a0<\/span><\/p>\n<p><span data-ccp-props=\"{&quot;201341983&quot;:0,&quot;335559739&quot;:160,&quot;335559740&quot;:259}\">\u00a0<\/span><\/p>","protected":false},"excerpt":{"rendered":"<p>Con una clase en un formato muy innovador, los profesores Claudia Fontalvo,\u00a0Edinson\u00a0Ayala y \u00d3scar Mej\u00eda y los estudiantes de la\u00a0Klasse\u00a08, recibieron el jueves 20 de septiembre<span class=\"excerpt-hellip\"> [\u2026]<\/span><\/p>","protected":false},"author":16,"featured_media":4901,"comment_status":"open","ping_status":"open","sticky":false,"template":"","format":"standard","meta":{"_exactmetrics_skip_tracking":false,"_exactmetrics_sitenote_active":false,"_exactmetrics_sitenote_note":"","_exactmetrics_sitenote_category":0,"_joinchat":[],"footnotes":""},"categories":[678,690,710],"tags":[439,486],"class_list":["post-4900","post","type-post","status-publish","format-standard","has-post-thumbnail","hentry","category-678","category-area-de-lengua-y-literatura","category-secundaria","tag-439","tag-lengua-y-literatura"],"yoast_head":"<!-- This site is optimized with the Yoast SEO plugin v23.3 - https:\/\/yoast.com\/wordpress\/plugins\/seo\/ -->\n<title>Pescando preguntas y respuestas con el escritor Ezequiel Dellutri - 2026<\/title>\n<meta name=\"robots\" content=\"noindex, follow, max-snippet:-1, max-image-preview:large, max-video-preview:-1\" \/>\n<meta property=\"og:locale\" content=\"de_DE\" \/>\n<meta property=\"og:type\" content=\"article\" \/>\n<meta property=\"og:title\" content=\"Pescando preguntas y respuestas con el escritor Ezequiel Dellutri - 2026\" \/>\n<meta property=\"og:description\" content=\"Con una clase en un formato muy innovador, los profesores Claudia Fontalvo,\u00a0Edinson\u00a0Ayala y \u00d3scar Mej\u00eda y los estudiantes de la\u00a0Klasse\u00a08, recibieron el jueves 20 de septiembre [\u2026]\" \/>\n<meta property=\"og:url\" content=\"https:\/\/ds-barranquilla.org\/de\/pescando-preguntas-y-respuestas-con-el-escritor-ezequiel-dellutri\/\" \/>\n<meta property=\"og:site_name\" content=\"Colegio Alem\u00e1n - Los Mejores Colegios de Colombia - Colegio Triling\u00fce\" \/>\n<meta property=\"article:publisher\" content=\"https:\/\/www.facebook.com\/ColegioAlemanBaq\/\" \/>\n<meta property=\"article:published_time\" content=\"2018-09-20T23:13:30+00:00\" \/>\n<meta property=\"article:modified_time\" content=\"2023-01-04T16:07:01+00:00\" \/>\n<meta property=\"og:image\" content=\"https:\/\/ds-barranquilla.org\/wp-content\/uploads\/2020\/07\/Pescando-preguntas-y-respuestas-con-el-escritor-Ezequiel-Dellutri.jpg\" \/>\n\t<meta property=\"og:image:width\" content=\"581\" \/>\n\t<meta property=\"og:image:height\" content=\"254\" \/>\n\t<meta property=\"og:image:type\" content=\"image\/jpeg\" \/>\n<meta name=\"author\" content=\"Comunicaciones Comunicaciones\" \/>\n<meta name=\"twitter:card\" content=\"summary_large_image\" \/>\n<meta name=\"twitter:creator\" content=\"@ColegioAlemanBq\" \/>\n<meta name=\"twitter:site\" content=\"@ColegioAlemanBq\" \/>\n<meta name=\"twitter:label1\" content=\"Verfasst von\" \/>\n\t<meta name=\"twitter:data1\" content=\"Comunicaciones Comunicaciones\" \/>\n\t<meta name=\"twitter:label2\" content=\"Gesch\u00e4tzte Lesezeit\" \/>\n\t<meta name=\"twitter:data2\" content=\"2\u00a0Minuten\" \/>\n<script type=\"application\/ld+json\" class=\"yoast-schema-graph\">{\"@context\":\"https:\/\/schema.org\",\"@graph\":[{\"@type\":\"Article\",\"@id\":\"https:\/\/ds-barranquilla.org\/de\/pescando-preguntas-y-respuestas-con-el-escritor-ezequiel-dellutri\/#article\",\"isPartOf\":{\"@id\":\"https:\/\/ds-barranquilla.org\/de\/pescando-preguntas-y-respuestas-con-el-escritor-ezequiel-dellutri\/\"},\"author\":{\"name\":\"Comunicaciones Comunicaciones\",\"@id\":\"https:\/\/ds-barranquilla.org\/#\/schema\/person\/7bf8790ba89d3480e0551241ccdc8d36\"},\"headline\":\"Pescando preguntas y respuestas con el escritor Ezequiel Dellutri\",\"datePublished\":\"2018-09-20T23:13:30+00:00\",\"dateModified\":\"2023-01-04T16:07:01+00:00\",\"mainEntityOfPage\":{\"@id\":\"https:\/\/ds-barranquilla.org\/de\/pescando-preguntas-y-respuestas-con-el-escritor-ezequiel-dellutri\/\"},\"wordCount\":401,\"commentCount\":0,\"publisher\":{\"@id\":\"https:\/\/ds-barranquilla.org\/#organization\"},\"image\":{\"@id\":\"https:\/\/ds-barranquilla.org\/de\/pescando-preguntas-y-respuestas-con-el-escritor-ezequiel-dellutri\/#primaryimage\"},\"thumbnailUrl\":\"https:\/\/ds-barranquilla.org\/wp-content\/uploads\/2020\/07\/Pescando-preguntas-y-respuestas-con-el-escritor-Ezequiel-Dellutri.jpg\",\"keywords\":[\"2018\",\"Lengua y literatura\"],\"articleSection\":[\"2018\",\"\u00c1rea de Lengua y Literatura\",\"Secundaria\"],\"inLanguage\":\"de\",\"potentialAction\":[{\"@type\":\"CommentAction\",\"name\":\"Comment\",\"target\":[\"https:\/\/ds-barranquilla.org\/de\/pescando-preguntas-y-respuestas-con-el-escritor-ezequiel-dellutri\/#respond\"]}]},{\"@type\":\"WebPage\",\"@id\":\"https:\/\/ds-barranquilla.org\/de\/pescando-preguntas-y-respuestas-con-el-escritor-ezequiel-dellutri\/\",\"url\":\"https:\/\/ds-barranquilla.org\/de\/pescando-preguntas-y-respuestas-con-el-escritor-ezequiel-dellutri\/\",\"name\":\"Pescando preguntas y respuestas con el escritor Ezequiel Dellutri - 2026\",\"isPartOf\":{\"@id\":\"https:\/\/ds-barranquilla.org\/#website\"},\"primaryImageOfPage\":{\"@id\":\"https:\/\/ds-barranquilla.org\/de\/pescando-preguntas-y-respuestas-con-el-escritor-ezequiel-dellutri\/#primaryimage\"},\"image\":{\"@id\":\"https:\/\/ds-barranquilla.org\/de\/pescando-preguntas-y-respuestas-con-el-escritor-ezequiel-dellutri\/#primaryimage\"},\"thumbnailUrl\":\"https:\/\/ds-barranquilla.org\/wp-content\/uploads\/2020\/07\/Pescando-preguntas-y-respuestas-con-el-escritor-Ezequiel-Dellutri.jpg\",\"datePublished\":\"2018-09-20T23:13:30+00:00\",\"dateModified\":\"2023-01-04T16:07:01+00:00\",\"breadcrumb\":{\"@id\":\"https:\/\/ds-barranquilla.org\/de\/pescando-preguntas-y-respuestas-con-el-escritor-ezequiel-dellutri\/#breadcrumb\"},\"inLanguage\":\"de\",\"potentialAction\":[{\"@type\":\"ReadAction\",\"target\":[\"https:\/\/ds-barranquilla.org\/de\/pescando-preguntas-y-respuestas-con-el-escritor-ezequiel-dellutri\/\"]}]},{\"@type\":\"ImageObject\",\"inLanguage\":\"de\",\"@id\":\"https:\/\/ds-barranquilla.org\/de\/pescando-preguntas-y-respuestas-con-el-escritor-ezequiel-dellutri\/#primaryimage\",\"url\":\"https:\/\/ds-barranquilla.org\/wp-content\/uploads\/2020\/07\/Pescando-preguntas-y-respuestas-con-el-escritor-Ezequiel-Dellutri.jpg\",\"contentUrl\":\"https:\/\/ds-barranquilla.org\/wp-content\/uploads\/2020\/07\/Pescando-preguntas-y-respuestas-con-el-escritor-Ezequiel-Dellutri.jpg\",\"width\":581,\"height\":254},{\"@type\":\"BreadcrumbList\",\"@id\":\"https:\/\/ds-barranquilla.org\/de\/pescando-preguntas-y-respuestas-con-el-escritor-ezequiel-dellutri\/#breadcrumb\",\"itemListElement\":[{\"@type\":\"ListItem\",\"position\":1,\"name\":\"Portada\",\"item\":\"https:\/\/ds-barranquilla.org\/\"},{\"@type\":\"ListItem\",\"position\":2,\"name\":\"Pescando preguntas y respuestas con el escritor Ezequiel Dellutri\"}]},{\"@type\":\"WebSite\",\"@id\":\"https:\/\/ds-barranquilla.org\/#website\",\"url\":\"https:\/\/ds-barranquilla.org\/\",\"name\":\"Colegio Alem\u00e1n - Los Mejores Colegios de Colombia - Colegio Triling\u00fce\",\"description\":\"Colegio Alem\u00e1n  Barranquilla Colombia - Colegio Biling\u00fce - Triling\u00fce - El Mejor Colegio de Colombia\",\"publisher\":{\"@id\":\"https:\/\/ds-barranquilla.org\/#organization\"},\"potentialAction\":[{\"@type\":\"SearchAction\",\"target\":{\"@type\":\"EntryPoint\",\"urlTemplate\":\"https:\/\/ds-barranquilla.org\/?s={search_term_string}\"},\"query-input\":\"required name=search_term_string\"}],\"inLanguage\":\"de\"},{\"@type\":\"Organization\",\"@id\":\"https:\/\/ds-barranquilla.org\/#organization\",\"name\":\"Colegio Alem\u00e1n Barranquilla\",\"url\":\"https:\/\/ds-barranquilla.org\/\",\"logo\":{\"@type\":\"ImageObject\",\"inLanguage\":\"de\",\"@id\":\"https:\/\/ds-barranquilla.org\/#\/schema\/logo\/image\/\",\"url\":\"https:\/\/ds-barranquilla.org\/wp-content\/uploads\/2021\/05\/coleman_logo_2.png\",\"contentUrl\":\"https:\/\/ds-barranquilla.org\/wp-content\/uploads\/2021\/05\/coleman_logo_2.png\",\"width\":418,\"height\":307,\"caption\":\"Colegio Alem\u00e1n Barranquilla\"},\"image\":{\"@id\":\"https:\/\/ds-barranquilla.org\/#\/schema\/logo\/image\/\"},\"sameAs\":[\"https:\/\/www.facebook.com\/ColegioAlemanBaq\/\",\"https:\/\/x.com\/ColegioAlemanBq\",\"https:\/\/www.instagram.com\/colegioalemanbaq\/\",\"https:\/\/www.linkedin.com\/school\/deutsche-schule-barranquilla\/\",\"https:\/\/www.youtube.com\/channel\/UCOOGZQCVs6aYRqIWvSN5agQ\"]},{\"@type\":\"Person\",\"@id\":\"https:\/\/ds-barranquilla.org\/#\/schema\/person\/7bf8790ba89d3480e0551241ccdc8d36\",\"name\":\"Comunicaciones Comunicaciones\",\"image\":{\"@type\":\"ImageObject\",\"inLanguage\":\"de\",\"@id\":\"https:\/\/ds-barranquilla.org\/#\/schema\/person\/image\/\",\"url\":\"https:\/\/secure.gravatar.com\/avatar\/a66ba9484a4338d81d6bea750e595038?s=96&d=mm&r=g\",\"contentUrl\":\"https:\/\/secure.gravatar.com\/avatar\/a66ba9484a4338d81d6bea750e595038?s=96&d=mm&r=g\",\"caption\":\"Comunicaciones Comunicaciones\"}}]}<\/script>\n<!-- \/ Yoast SEO plugin. -->","yoast_head_json":{"title":"Pescando preguntas y respuestas con el escritor Ezequiel Dellutri - 2026","robots":{"index":"noindex","follow":"follow","max-snippet":"max-snippet:-1","max-image-preview":"max-image-preview:large","max-video-preview":"max-video-preview:-1"},"og_locale":"de_DE","og_type":"article","og_title":"Pescando preguntas y respuestas con el escritor Ezequiel Dellutri - 2026","og_description":"Con una clase en un formato muy innovador, los profesores Claudia Fontalvo,\u00a0Edinson\u00a0Ayala y \u00d3scar Mej\u00eda y los estudiantes de la\u00a0Klasse\u00a08, recibieron el jueves 20 de septiembre [\u2026]","og_url":"https:\/\/ds-barranquilla.org\/de\/pescando-preguntas-y-respuestas-con-el-escritor-ezequiel-dellutri\/","og_site_name":"Colegio Alem\u00e1n - Los Mejores Colegios de Colombia - Colegio Triling\u00fce","article_publisher":"https:\/\/www.facebook.com\/ColegioAlemanBaq\/","article_published_time":"2018-09-20T23:13:30+00:00","article_modified_time":"2023-01-04T16:07:01+00:00","og_image":[{"width":581,"height":254,"url":"https:\/\/ds-barranquilla.org\/wp-content\/uploads\/2020\/07\/Pescando-preguntas-y-respuestas-con-el-escritor-Ezequiel-Dellutri.jpg","type":"image\/jpeg"}],"author":"Comunicaciones Comunicaciones","twitter_card":"summary_large_image","twitter_creator":"@ColegioAlemanBq","twitter_site":"@ColegioAlemanBq","twitter_misc":{"Verfasst von":"Comunicaciones Comunicaciones","Gesch\u00e4tzte Lesezeit":"2\u00a0Minuten"},"schema":{"@context":"https:\/\/schema.org","@graph":[{"@type":"Article","@id":"https:\/\/ds-barranquilla.org\/de\/pescando-preguntas-y-respuestas-con-el-escritor-ezequiel-dellutri\/#article","isPartOf":{"@id":"https:\/\/ds-barranquilla.org\/de\/pescando-preguntas-y-respuestas-con-el-escritor-ezequiel-dellutri\/"},"author":{"name":"Comunicaciones Comunicaciones","@id":"https:\/\/ds-barranquilla.org\/#\/schema\/person\/7bf8790ba89d3480e0551241ccdc8d36"},"headline":"Pescando preguntas y respuestas con el escritor Ezequiel Dellutri","datePublished":"2018-09-20T23:13:30+00:00","dateModified":"2023-01-04T16:07:01+00:00","mainEntityOfPage":{"@id":"https:\/\/ds-barranquilla.org\/de\/pescando-preguntas-y-respuestas-con-el-escritor-ezequiel-dellutri\/"},"wordCount":401,"commentCount":0,"publisher":{"@id":"https:\/\/ds-barranquilla.org\/#organization"},"image":{"@id":"https:\/\/ds-barranquilla.org\/de\/pescando-preguntas-y-respuestas-con-el-escritor-ezequiel-dellutri\/#primaryimage"},"thumbnailUrl":"https:\/\/ds-barranquilla.org\/wp-content\/uploads\/2020\/07\/Pescando-preguntas-y-respuestas-con-el-escritor-Ezequiel-Dellutri.jpg","keywords":["2018","Lengua y literatura"],"articleSection":["2018","\u00c1rea de Lengua y Literatura","Secundaria"],"inLanguage":"de","potentialAction":[{"@type":"CommentAction","name":"Comment","target":["https:\/\/ds-barranquilla.org\/de\/pescando-preguntas-y-respuestas-con-el-escritor-ezequiel-dellutri\/#respond"]}]},{"@type":"WebPage","@id":"https:\/\/ds-barranquilla.org\/de\/pescando-preguntas-y-respuestas-con-el-escritor-ezequiel-dellutri\/","url":"https:\/\/ds-barranquilla.org\/de\/pescando-preguntas-y-respuestas-con-el-escritor-ezequiel-dellutri\/","name":"Pescando preguntas y respuestas con el escritor Ezequiel Dellutri - 2026","isPartOf":{"@id":"https:\/\/ds-barranquilla.org\/#website"},"primaryImageOfPage":{"@id":"https:\/\/ds-barranquilla.org\/de\/pescando-preguntas-y-respuestas-con-el-escritor-ezequiel-dellutri\/#primaryimage"},"image":{"@id":"https:\/\/ds-barranquilla.org\/de\/pescando-preguntas-y-respuestas-con-el-escritor-ezequiel-dellutri\/#primaryimage"},"thumbnailUrl":"https:\/\/ds-barranquilla.org\/wp-content\/uploads\/2020\/07\/Pescando-preguntas-y-respuestas-con-el-escritor-Ezequiel-Dellutri.jpg","datePublished":"2018-09-20T23:13:30+00:00","dateModified":"2023-01-04T16:07:01+00:00","breadcrumb":{"@id":"https:\/\/ds-barranquilla.org\/de\/pescando-preguntas-y-respuestas-con-el-escritor-ezequiel-dellutri\/#breadcrumb"},"inLanguage":"de","potentialAction":[{"@type":"ReadAction","target":["https:\/\/ds-barranquilla.org\/de\/pescando-preguntas-y-respuestas-con-el-escritor-ezequiel-dellutri\/"]}]},{"@type":"ImageObject","inLanguage":"de","@id":"https:\/\/ds-barranquilla.org\/de\/pescando-preguntas-y-respuestas-con-el-escritor-ezequiel-dellutri\/#primaryimage","url":"https:\/\/ds-barranquilla.org\/wp-content\/uploads\/2020\/07\/Pescando-preguntas-y-respuestas-con-el-escritor-Ezequiel-Dellutri.jpg","contentUrl":"https:\/\/ds-barranquilla.org\/wp-content\/uploads\/2020\/07\/Pescando-preguntas-y-respuestas-con-el-escritor-Ezequiel-Dellutri.jpg","width":581,"height":254},{"@type":"BreadcrumbList","@id":"https:\/\/ds-barranquilla.org\/de\/pescando-preguntas-y-respuestas-con-el-escritor-ezequiel-dellutri\/#breadcrumb","itemListElement":[{"@type":"ListItem","position":1,"name":"Portada","item":"https:\/\/ds-barranquilla.org\/"},{"@type":"ListItem","position":2,"name":"Pescando preguntas y respuestas con el escritor Ezequiel Dellutri"}]},{"@type":"WebSite","@id":"https:\/\/ds-barranquilla.org\/#website","url":"https:\/\/ds-barranquilla.org\/","name":"Colegio Alem\u00e1n - Los Mejores Colegios de Colombia - Colegio Triling\u00fce","description":"Colegio Alem\u00e1n  Barranquilla Colombia - Colegio Biling\u00fce - Triling\u00fce - El Mejor Colegio de Colombia","publisher":{"@id":"https:\/\/ds-barranquilla.org\/#organization"},"potentialAction":[{"@type":"SearchAction","target":{"@type":"EntryPoint","urlTemplate":"https:\/\/ds-barranquilla.org\/?s={search_term_string}"},"query-input":"required name=search_term_string"}],"inLanguage":"de"},{"@type":"Organization","@id":"https:\/\/ds-barranquilla.org\/#organization","name":"Colegio Alem\u00e1n Barranquilla","url":"https:\/\/ds-barranquilla.org\/","logo":{"@type":"ImageObject","inLanguage":"de","@id":"https:\/\/ds-barranquilla.org\/#\/schema\/logo\/image\/","url":"https:\/\/ds-barranquilla.org\/wp-content\/uploads\/2021\/05\/coleman_logo_2.png","contentUrl":"https:\/\/ds-barranquilla.org\/wp-content\/uploads\/2021\/05\/coleman_logo_2.png","width":418,"height":307,"caption":"Colegio Alem\u00e1n Barranquilla"},"image":{"@id":"https:\/\/ds-barranquilla.org\/#\/schema\/logo\/image\/"},"sameAs":["https:\/\/www.facebook.com\/ColegioAlemanBaq\/","https:\/\/x.com\/ColegioAlemanBq","https:\/\/www.instagram.com\/colegioalemanbaq\/","https:\/\/www.linkedin.com\/school\/deutsche-schule-barranquilla\/","https:\/\/www.youtube.com\/channel\/UCOOGZQCVs6aYRqIWvSN5agQ"]},{"@type":"Person","@id":"https:\/\/ds-barranquilla.org\/#\/schema\/person\/7bf8790ba89d3480e0551241ccdc8d36","name":"Comunicaciones Comunicaciones","image":{"@type":"ImageObject","inLanguage":"de","@id":"https:\/\/ds-barranquilla.org\/#\/schema\/person\/image\/","url":"https:\/\/secure.gravatar.com\/avatar\/a66ba9484a4338d81d6bea750e595038?s=96&d=mm&r=g","contentUrl":"https:\/\/secure.gravatar.com\/avatar\/a66ba9484a4338d81d6bea750e595038?s=96&d=mm&r=g","caption":"Comunicaciones Comunicaciones"}}]}},"_links":{"self":[{"href":"https:\/\/ds-barranquilla.org\/de\/wp-json\/wp\/v2\/posts\/4900"}],"collection":[{"href":"https:\/\/ds-barranquilla.org\/de\/wp-json\/wp\/v2\/posts"}],"about":[{"href":"https:\/\/ds-barranquilla.org\/de\/wp-json\/wp\/v2\/types\/post"}],"author":[{"embeddable":true,"href":"https:\/\/ds-barranquilla.org\/de\/wp-json\/wp\/v2\/users\/16"}],"replies":[{"embeddable":true,"href":"https:\/\/ds-barranquilla.org\/de\/wp-json\/wp\/v2\/comments?post=4900"}],"version-history":[{"count":1,"href":"https:\/\/ds-barranquilla.org\/de\/wp-json\/wp\/v2\/posts\/4900\/revisions"}],"predecessor-version":[{"id":4902,"href":"https:\/\/ds-barranquilla.org\/de\/wp-json\/wp\/v2\/posts\/4900\/revisions\/4902"}],"wp:featuredmedia":[{"embeddable":true,"href":"https:\/\/ds-barranquilla.org\/de\/wp-json\/wp\/v2\/media\/4901"}],"wp:attachment":[{"href":"https:\/\/ds-barranquilla.org\/de\/wp-json\/wp\/v2\/media?parent=4900"}],"wp:term":[{"taxonomy":"category","embeddable":true,"href":"https:\/\/ds-barranquilla.org\/de\/wp-json\/wp\/v2\/categories?post=4900"},{"taxonomy":"post_tag","embeddable":true,"href":"https:\/\/ds-barranquilla.org\/de\/wp-json\/wp\/v2\/tags?post=4900"}],"curies":[{"name":"wp","href":"https:\/\/api.w.org\/{rel}","templated":true}]}}