{"id":4906,"date":"2018-12-20T09:00:56","date_gmt":"2018-12-20T14:00:56","guid":{"rendered":"https:\/\/ds-barranquilla.org\/?p=4906"},"modified":"2023-01-04T13:16:40","modified_gmt":"2023-01-04T18:16:40","slug":"weihnachtskonzert-por-una-buena-causa","status":"publish","type":"post","link":"https:\/\/ds-barranquilla.org\/de\/weihnachtskonzert-por-una-buena-causa\/","title":{"rendered":"Weihnachtskonzert por una buena causa"},"content":{"rendered":"<p>Cerramos este a\u00f1o muy felices porque nuestro\u202fConcierto de Navidad fue, por primera vez, por una buena causa: llevar sonrisas en esta \u00e9poca a los ni\u00f1os del corregimiento de La Playa, a trav\u00e9s de nuestro\u202fPrograma CAS (Creatividad, Actividad y Servicio).\u202fTodos los asistentes donaron regalos para ingresar y ver este gran show, liderado por los docentes del\u202f\u00c1rea de M\u00fasica.<\/p>\n<p>Este grupo surge como una respuesta al trabajo de solmizaci\u00f3n desarrollado en las clases curriculares de m\u00fasica de Klasse 1 y Klasse 2 y el proceso inicia con 20 ni\u00f1os que ensayan una vez por semana desde septiembre de 2015. El coro de voces blancas, el cual cuenta con 40 integrantes entre los 7 y los 12 a\u00f1os y que ha participado en distintos festivales corales de nuestro pa\u00eds (Barranquilla, Santa Marta y Buga) y del exterior (Argentina), interpret\u00f3 tres melod\u00edas que\u202fcontagiaron al p\u00fablico del esp\u00edritu navide\u00f1o:\u202f\u2018Kyrie Eleison\u2019,\u202f\u2018Oh Tannenbaum\u200b\u2019\u202fy \u2018Carol of the Bells\u2019.<\/p>\n<p>Posteriormente, subi\u00f3 al escenario el\u202fcoro juvenil,\u202fconformado por 30 integrantes de Klasse 7 a Klasse 12, entre los 12 y los 17 a\u00f1os, y el cual ha participado en los festivales m\u00e1s importantes de la Regi\u00f3n, interpret\u00f3 con toques innovadores las piezas \u2018Gloria in Excelsis deo\u2019, \u2018Noche de Paz\u2019 y \u2018Joyfull, Joyfull\u2019. Luego, la\u202fOrquesta Sinf\u00f3nica Juvenil,\u202fque cuenta con 85 integrantes, y cuyas edades oscilan entre los 8 y los 17 a\u00f1os, deleit\u00f3 a los asistentes con \u2018Stille Nacht\u2019 y \u2018Kinder Symphony\u2019.<\/p>\n<p>Un grupo de Profesores interpret\u00f3 \u2018Oh Tannenbaum\u2019 con el acompa\u00f1amiento de nuestra talentosa egresada\u202fAna Torrente mientras que la\u202fpotente voz de Paola Badillo conmovi\u00f3 con su versi\u00f3n de \u2018Amazing grace\u2019. Finalmente, la noche cerr\u00f3 con las exitosas canciones \u2018Bohemian rhapsody\u2019 y \u2018We will rock you\u2019 de la legendaria banda brit\u00e1nica Queen, y con el tradicional \u2018Feliz Navidad\u2019 que todos cantamos con amor y alegr\u00eda en esta \u00e9poca.<\/p>\n<p>\u00a1Felices fiestas!<\/p>","protected":false},"excerpt":{"rendered":"<p>Cerramos este a\u00f1o muy felices porque nuestro\u202fConcierto de Navidad fue, por primera vez, por una buena causa: llevar sonrisas en esta \u00e9poca a los ni\u00f1os del<span class=\"excerpt-hellip\"> [\u2026]<\/span><\/p>","protected":false},"author":16,"featured_media":4907,"comment_status":"open","ping_status":"open","sticky":false,"template":"","format":"standard","meta":{"_exactmetrics_skip_tracking":false,"_exactmetrics_sitenote_active":false,"_exactmetrics_sitenote_note":"","_exactmetrics_sitenote_category":0,"_joinchat":[],"footnotes":""},"categories":[678,685,694,697,701,706],"tags":[439,457,437,431,443],"class_list":["post-4906","post","type-post","status-publish","format-standard","has-post-thumbnail","hentry","category-678","category-area-de-artes-visuales-e-interpretativas","category-bachillerato-internacional","category-cas","category-coro-infantil-y-juvenil","category-orquesta-sinfonica-juvenil","tag-439","tag-cas","tag-musica","tag-primaria","tag-secundaria"],"yoast_head":"<!-- This site is optimized with the Yoast SEO plugin v23.3 - https:\/\/yoast.com\/wordpress\/plugins\/seo\/ -->\n<title>Weihnachtskonzert por una buena causa - 2026<\/title>\n<meta name=\"robots\" content=\"noindex, follow, max-snippet:-1, max-image-preview:large, max-video-preview:-1\" \/>\n<meta property=\"og:locale\" content=\"de_DE\" \/>\n<meta property=\"og:type\" content=\"article\" \/>\n<meta property=\"og:title\" content=\"Weihnachtskonzert por una buena causa - 2026\" \/>\n<meta property=\"og:description\" content=\"Cerramos este a\u00f1o muy felices porque nuestro\u202fConcierto de Navidad fue, por primera vez, por una buena causa: llevar sonrisas en esta \u00e9poca a los ni\u00f1os del [\u2026]\" \/>\n<meta property=\"og:url\" content=\"https:\/\/ds-barranquilla.org\/de\/weihnachtskonzert-por-una-buena-causa\/\" \/>\n<meta property=\"og:site_name\" content=\"Colegio Alem\u00e1n - Los Mejores Colegios de Colombia - Colegio Triling\u00fce\" \/>\n<meta property=\"article:publisher\" content=\"https:\/\/www.facebook.com\/ColegioAlemanBaq\/\" \/>\n<meta property=\"article:published_time\" content=\"2018-12-20T14:00:56+00:00\" \/>\n<meta property=\"article:modified_time\" content=\"2023-01-04T18:16:40+00:00\" \/>\n<meta property=\"og:image\" content=\"https:\/\/ds-barranquilla.org\/wp-content\/uploads\/2020\/07\/Weihnachtskonzert-por-una-buena-causa.jpg\" \/>\n\t<meta property=\"og:image:width\" content=\"585\" \/>\n\t<meta property=\"og:image:height\" content=\"255\" \/>\n\t<meta property=\"og:image:type\" content=\"image\/jpeg\" \/>\n<meta name=\"author\" content=\"Comunicaciones Comunicaciones\" \/>\n<meta name=\"twitter:card\" content=\"summary_large_image\" \/>\n<meta name=\"twitter:creator\" content=\"@ColegioAlemanBq\" \/>\n<meta name=\"twitter:site\" content=\"@ColegioAlemanBq\" \/>\n<meta name=\"twitter:label1\" content=\"Verfasst von\" \/>\n\t<meta name=\"twitter:data1\" content=\"Comunicaciones Comunicaciones\" \/>\n\t<meta name=\"twitter:label2\" content=\"Gesch\u00e4tzte Lesezeit\" \/>\n\t<meta name=\"twitter:data2\" content=\"2\u00a0Minuten\" \/>\n<script type=\"application\/ld+json\" class=\"yoast-schema-graph\">{\"@context\":\"https:\/\/schema.org\",\"@graph\":[{\"@type\":\"Article\",\"@id\":\"https:\/\/ds-barranquilla.org\/de\/weihnachtskonzert-por-una-buena-causa\/#article\",\"isPartOf\":{\"@id\":\"https:\/\/ds-barranquilla.org\/de\/weihnachtskonzert-por-una-buena-causa\/\"},\"author\":{\"name\":\"Comunicaciones Comunicaciones\",\"@id\":\"https:\/\/ds-barranquilla.org\/#\/schema\/person\/7bf8790ba89d3480e0551241ccdc8d36\"},\"headline\":\"Weihnachtskonzert por una buena causa\",\"datePublished\":\"2018-12-20T14:00:56+00:00\",\"dateModified\":\"2023-01-04T18:16:40+00:00\",\"mainEntityOfPage\":{\"@id\":\"https:\/\/ds-barranquilla.org\/de\/weihnachtskonzert-por-una-buena-causa\/\"},\"wordCount\":324,\"commentCount\":0,\"publisher\":{\"@id\":\"https:\/\/ds-barranquilla.org\/#organization\"},\"image\":{\"@id\":\"https:\/\/ds-barranquilla.org\/de\/weihnachtskonzert-por-una-buena-causa\/#primaryimage\"},\"thumbnailUrl\":\"https:\/\/ds-barranquilla.org\/wp-content\/uploads\/2020\/07\/Weihnachtskonzert-por-una-buena-causa.jpg\",\"keywords\":[\"2018\",\"CAS\",\"M\u00fasica\",\"Primaria\",\"secundaria\"],\"articleSection\":[\"2018\",\"\u00c1rea de Artes Visuales e Interpretativas\",\"Bachillerato Internacional\",\"CAS\",\"Coro Infantil y Juvenil\",\"Orquesta Sinf\u00f3nica Juvenil\"],\"inLanguage\":\"de\",\"potentialAction\":[{\"@type\":\"CommentAction\",\"name\":\"Comment\",\"target\":[\"https:\/\/ds-barranquilla.org\/de\/weihnachtskonzert-por-una-buena-causa\/#respond\"]}]},{\"@type\":\"WebPage\",\"@id\":\"https:\/\/ds-barranquilla.org\/de\/weihnachtskonzert-por-una-buena-causa\/\",\"url\":\"https:\/\/ds-barranquilla.org\/de\/weihnachtskonzert-por-una-buena-causa\/\",\"name\":\"Weihnachtskonzert por una buena causa - 2026\",\"isPartOf\":{\"@id\":\"https:\/\/ds-barranquilla.org\/#website\"},\"primaryImageOfPage\":{\"@id\":\"https:\/\/ds-barranquilla.org\/de\/weihnachtskonzert-por-una-buena-causa\/#primaryimage\"},\"image\":{\"@id\":\"https:\/\/ds-barranquilla.org\/de\/weihnachtskonzert-por-una-buena-causa\/#primaryimage\"},\"thumbnailUrl\":\"https:\/\/ds-barranquilla.org\/wp-content\/uploads\/2020\/07\/Weihnachtskonzert-por-una-buena-causa.jpg\",\"datePublished\":\"2018-12-20T14:00:56+00:00\",\"dateModified\":\"2023-01-04T18:16:40+00:00\",\"breadcrumb\":{\"@id\":\"https:\/\/ds-barranquilla.org\/de\/weihnachtskonzert-por-una-buena-causa\/#breadcrumb\"},\"inLanguage\":\"de\",\"potentialAction\":[{\"@type\":\"ReadAction\",\"target\":[\"https:\/\/ds-barranquilla.org\/de\/weihnachtskonzert-por-una-buena-causa\/\"]}]},{\"@type\":\"ImageObject\",\"inLanguage\":\"de\",\"@id\":\"https:\/\/ds-barranquilla.org\/de\/weihnachtskonzert-por-una-buena-causa\/#primaryimage\",\"url\":\"https:\/\/ds-barranquilla.org\/wp-content\/uploads\/2020\/07\/Weihnachtskonzert-por-una-buena-causa.jpg\",\"contentUrl\":\"https:\/\/ds-barranquilla.org\/wp-content\/uploads\/2020\/07\/Weihnachtskonzert-por-una-buena-causa.jpg\",\"width\":585,\"height\":255},{\"@type\":\"BreadcrumbList\",\"@id\":\"https:\/\/ds-barranquilla.org\/de\/weihnachtskonzert-por-una-buena-causa\/#breadcrumb\",\"itemListElement\":[{\"@type\":\"ListItem\",\"position\":1,\"name\":\"Portada\",\"item\":\"https:\/\/ds-barranquilla.org\/\"},{\"@type\":\"ListItem\",\"position\":2,\"name\":\"Weihnachtskonzert por una buena causa\"}]},{\"@type\":\"WebSite\",\"@id\":\"https:\/\/ds-barranquilla.org\/#website\",\"url\":\"https:\/\/ds-barranquilla.org\/\",\"name\":\"Colegio Alem\u00e1n - Los Mejores Colegios de Colombia - Colegio Triling\u00fce\",\"description\":\"Colegio Alem\u00e1n  Barranquilla Colombia - Colegio Biling\u00fce - Triling\u00fce - El Mejor Colegio de Colombia\",\"publisher\":{\"@id\":\"https:\/\/ds-barranquilla.org\/#organization\"},\"potentialAction\":[{\"@type\":\"SearchAction\",\"target\":{\"@type\":\"EntryPoint\",\"urlTemplate\":\"https:\/\/ds-barranquilla.org\/?s={search_term_string}\"},\"query-input\":\"required name=search_term_string\"}],\"inLanguage\":\"de\"},{\"@type\":\"Organization\",\"@id\":\"https:\/\/ds-barranquilla.org\/#organization\",\"name\":\"Colegio Alem\u00e1n Barranquilla\",\"url\":\"https:\/\/ds-barranquilla.org\/\",\"logo\":{\"@type\":\"ImageObject\",\"inLanguage\":\"de\",\"@id\":\"https:\/\/ds-barranquilla.org\/#\/schema\/logo\/image\/\",\"url\":\"https:\/\/ds-barranquilla.org\/wp-content\/uploads\/2021\/05\/coleman_logo_2.png\",\"contentUrl\":\"https:\/\/ds-barranquilla.org\/wp-content\/uploads\/2021\/05\/coleman_logo_2.png\",\"width\":418,\"height\":307,\"caption\":\"Colegio Alem\u00e1n Barranquilla\"},\"image\":{\"@id\":\"https:\/\/ds-barranquilla.org\/#\/schema\/logo\/image\/\"},\"sameAs\":[\"https:\/\/www.facebook.com\/ColegioAlemanBaq\/\",\"https:\/\/x.com\/ColegioAlemanBq\",\"https:\/\/www.instagram.com\/colegioalemanbaq\/\",\"https:\/\/www.linkedin.com\/school\/deutsche-schule-barranquilla\/\",\"https:\/\/www.youtube.com\/channel\/UCOOGZQCVs6aYRqIWvSN5agQ\"]},{\"@type\":\"Person\",\"@id\":\"https:\/\/ds-barranquilla.org\/#\/schema\/person\/7bf8790ba89d3480e0551241ccdc8d36\",\"name\":\"Comunicaciones Comunicaciones\",\"image\":{\"@type\":\"ImageObject\",\"inLanguage\":\"de\",\"@id\":\"https:\/\/ds-barranquilla.org\/#\/schema\/person\/image\/\",\"url\":\"https:\/\/secure.gravatar.com\/avatar\/a66ba9484a4338d81d6bea750e595038?s=96&d=mm&r=g\",\"contentUrl\":\"https:\/\/secure.gravatar.com\/avatar\/a66ba9484a4338d81d6bea750e595038?s=96&d=mm&r=g\",\"caption\":\"Comunicaciones Comunicaciones\"}}]}<\/script>\n<!-- \/ Yoast SEO plugin. -->","yoast_head_json":{"title":"Weihnachtskonzert por una buena causa - 2026","robots":{"index":"noindex","follow":"follow","max-snippet":"max-snippet:-1","max-image-preview":"max-image-preview:large","max-video-preview":"max-video-preview:-1"},"og_locale":"de_DE","og_type":"article","og_title":"Weihnachtskonzert por una buena causa - 2026","og_description":"Cerramos este a\u00f1o muy felices porque nuestro\u202fConcierto de Navidad fue, por primera vez, por una buena causa: llevar sonrisas en esta \u00e9poca a los ni\u00f1os del [\u2026]","og_url":"https:\/\/ds-barranquilla.org\/de\/weihnachtskonzert-por-una-buena-causa\/","og_site_name":"Colegio Alem\u00e1n - Los Mejores Colegios de Colombia - Colegio Triling\u00fce","article_publisher":"https:\/\/www.facebook.com\/ColegioAlemanBaq\/","article_published_time":"2018-12-20T14:00:56+00:00","article_modified_time":"2023-01-04T18:16:40+00:00","og_image":[{"width":585,"height":255,"url":"https:\/\/ds-barranquilla.org\/wp-content\/uploads\/2020\/07\/Weihnachtskonzert-por-una-buena-causa.jpg","type":"image\/jpeg"}],"author":"Comunicaciones Comunicaciones","twitter_card":"summary_large_image","twitter_creator":"@ColegioAlemanBq","twitter_site":"@ColegioAlemanBq","twitter_misc":{"Verfasst von":"Comunicaciones Comunicaciones","Gesch\u00e4tzte Lesezeit":"2\u00a0Minuten"},"schema":{"@context":"https:\/\/schema.org","@graph":[{"@type":"Article","@id":"https:\/\/ds-barranquilla.org\/de\/weihnachtskonzert-por-una-buena-causa\/#article","isPartOf":{"@id":"https:\/\/ds-barranquilla.org\/de\/weihnachtskonzert-por-una-buena-causa\/"},"author":{"name":"Comunicaciones Comunicaciones","@id":"https:\/\/ds-barranquilla.org\/#\/schema\/person\/7bf8790ba89d3480e0551241ccdc8d36"},"headline":"Weihnachtskonzert por una buena causa","datePublished":"2018-12-20T14:00:56+00:00","dateModified":"2023-01-04T18:16:40+00:00","mainEntityOfPage":{"@id":"https:\/\/ds-barranquilla.org\/de\/weihnachtskonzert-por-una-buena-causa\/"},"wordCount":324,"commentCount":0,"publisher":{"@id":"https:\/\/ds-barranquilla.org\/#organization"},"image":{"@id":"https:\/\/ds-barranquilla.org\/de\/weihnachtskonzert-por-una-buena-causa\/#primaryimage"},"thumbnailUrl":"https:\/\/ds-barranquilla.org\/wp-content\/uploads\/2020\/07\/Weihnachtskonzert-por-una-buena-causa.jpg","keywords":["2018","CAS","M\u00fasica","Primaria","secundaria"],"articleSection":["2018","\u00c1rea de Artes Visuales e Interpretativas","Bachillerato Internacional","CAS","Coro Infantil y Juvenil","Orquesta Sinf\u00f3nica Juvenil"],"inLanguage":"de","potentialAction":[{"@type":"CommentAction","name":"Comment","target":["https:\/\/ds-barranquilla.org\/de\/weihnachtskonzert-por-una-buena-causa\/#respond"]}]},{"@type":"WebPage","@id":"https:\/\/ds-barranquilla.org\/de\/weihnachtskonzert-por-una-buena-causa\/","url":"https:\/\/ds-barranquilla.org\/de\/weihnachtskonzert-por-una-buena-causa\/","name":"Weihnachtskonzert por una buena causa - 2026","isPartOf":{"@id":"https:\/\/ds-barranquilla.org\/#website"},"primaryImageOfPage":{"@id":"https:\/\/ds-barranquilla.org\/de\/weihnachtskonzert-por-una-buena-causa\/#primaryimage"},"image":{"@id":"https:\/\/ds-barranquilla.org\/de\/weihnachtskonzert-por-una-buena-causa\/#primaryimage"},"thumbnailUrl":"https:\/\/ds-barranquilla.org\/wp-content\/uploads\/2020\/07\/Weihnachtskonzert-por-una-buena-causa.jpg","datePublished":"2018-12-20T14:00:56+00:00","dateModified":"2023-01-04T18:16:40+00:00","breadcrumb":{"@id":"https:\/\/ds-barranquilla.org\/de\/weihnachtskonzert-por-una-buena-causa\/#breadcrumb"},"inLanguage":"de","potentialAction":[{"@type":"ReadAction","target":["https:\/\/ds-barranquilla.org\/de\/weihnachtskonzert-por-una-buena-causa\/"]}]},{"@type":"ImageObject","inLanguage":"de","@id":"https:\/\/ds-barranquilla.org\/de\/weihnachtskonzert-por-una-buena-causa\/#primaryimage","url":"https:\/\/ds-barranquilla.org\/wp-content\/uploads\/2020\/07\/Weihnachtskonzert-por-una-buena-causa.jpg","contentUrl":"https:\/\/ds-barranquilla.org\/wp-content\/uploads\/2020\/07\/Weihnachtskonzert-por-una-buena-causa.jpg","width":585,"height":255},{"@type":"BreadcrumbList","@id":"https:\/\/ds-barranquilla.org\/de\/weihnachtskonzert-por-una-buena-causa\/#breadcrumb","itemListElement":[{"@type":"ListItem","position":1,"name":"Portada","item":"https:\/\/ds-barranquilla.org\/"},{"@type":"ListItem","position":2,"name":"Weihnachtskonzert por una buena causa"}]},{"@type":"WebSite","@id":"https:\/\/ds-barranquilla.org\/#website","url":"https:\/\/ds-barranquilla.org\/","name":"Colegio Alem\u00e1n - Los Mejores Colegios de Colombia - Colegio Triling\u00fce","description":"Colegio Alem\u00e1n  Barranquilla Colombia - Colegio Biling\u00fce - Triling\u00fce - El Mejor Colegio de Colombia","publisher":{"@id":"https:\/\/ds-barranquilla.org\/#organization"},"potentialAction":[{"@type":"SearchAction","target":{"@type":"EntryPoint","urlTemplate":"https:\/\/ds-barranquilla.org\/?s={search_term_string}"},"query-input":"required name=search_term_string"}],"inLanguage":"de"},{"@type":"Organization","@id":"https:\/\/ds-barranquilla.org\/#organization","name":"Colegio Alem\u00e1n Barranquilla","url":"https:\/\/ds-barranquilla.org\/","logo":{"@type":"ImageObject","inLanguage":"de","@id":"https:\/\/ds-barranquilla.org\/#\/schema\/logo\/image\/","url":"https:\/\/ds-barranquilla.org\/wp-content\/uploads\/2021\/05\/coleman_logo_2.png","contentUrl":"https:\/\/ds-barranquilla.org\/wp-content\/uploads\/2021\/05\/coleman_logo_2.png","width":418,"height":307,"caption":"Colegio Alem\u00e1n Barranquilla"},"image":{"@id":"https:\/\/ds-barranquilla.org\/#\/schema\/logo\/image\/"},"sameAs":["https:\/\/www.facebook.com\/ColegioAlemanBaq\/","https:\/\/x.com\/ColegioAlemanBq","https:\/\/www.instagram.com\/colegioalemanbaq\/","https:\/\/www.linkedin.com\/school\/deutsche-schule-barranquilla\/","https:\/\/www.youtube.com\/channel\/UCOOGZQCVs6aYRqIWvSN5agQ"]},{"@type":"Person","@id":"https:\/\/ds-barranquilla.org\/#\/schema\/person\/7bf8790ba89d3480e0551241ccdc8d36","name":"Comunicaciones Comunicaciones","image":{"@type":"ImageObject","inLanguage":"de","@id":"https:\/\/ds-barranquilla.org\/#\/schema\/person\/image\/","url":"https:\/\/secure.gravatar.com\/avatar\/a66ba9484a4338d81d6bea750e595038?s=96&d=mm&r=g","contentUrl":"https:\/\/secure.gravatar.com\/avatar\/a66ba9484a4338d81d6bea750e595038?s=96&d=mm&r=g","caption":"Comunicaciones Comunicaciones"}}]}},"_links":{"self":[{"href":"https:\/\/ds-barranquilla.org\/de\/wp-json\/wp\/v2\/posts\/4906"}],"collection":[{"href":"https:\/\/ds-barranquilla.org\/de\/wp-json\/wp\/v2\/posts"}],"about":[{"href":"https:\/\/ds-barranquilla.org\/de\/wp-json\/wp\/v2\/types\/post"}],"author":[{"embeddable":true,"href":"https:\/\/ds-barranquilla.org\/de\/wp-json\/wp\/v2\/users\/16"}],"replies":[{"embeddable":true,"href":"https:\/\/ds-barranquilla.org\/de\/wp-json\/wp\/v2\/comments?post=4906"}],"version-history":[{"count":1,"href":"https:\/\/ds-barranquilla.org\/de\/wp-json\/wp\/v2\/posts\/4906\/revisions"}],"predecessor-version":[{"id":4908,"href":"https:\/\/ds-barranquilla.org\/de\/wp-json\/wp\/v2\/posts\/4906\/revisions\/4908"}],"wp:featuredmedia":[{"embeddable":true,"href":"https:\/\/ds-barranquilla.org\/de\/wp-json\/wp\/v2\/media\/4907"}],"wp:attachment":[{"href":"https:\/\/ds-barranquilla.org\/de\/wp-json\/wp\/v2\/media?parent=4906"}],"wp:term":[{"taxonomy":"category","embeddable":true,"href":"https:\/\/ds-barranquilla.org\/de\/wp-json\/wp\/v2\/categories?post=4906"},{"taxonomy":"post_tag","embeddable":true,"href":"https:\/\/ds-barranquilla.org\/de\/wp-json\/wp\/v2\/tags?post=4906"}],"curies":[{"name":"wp","href":"https:\/\/api.w.org\/{rel}","templated":true}]}}