{"id":4909,"date":"2018-05-21T09:39:29","date_gmt":"2018-05-21T14:39:29","guid":{"rendered":"https:\/\/ds-barranquilla.org\/?p=4909"},"modified":"2022-12-21T08:23:30","modified_gmt":"2022-12-21T13:23:30","slug":"escuchar-es-magia","status":"publish","type":"post","link":"https:\/\/ds-barranquilla.org\/de\/escuchar-es-magia\/","title":{"rendered":"\u201cEscuchar es magia\u201d"},"content":{"rendered":"<p>Esa fue la declaraci\u00f3n principal de\u202fHarold G\u00f6thson, experto en la propuesta educativa\u202fReggio Emilia, durante su discurso \u201c\u00bfBarranquilla, una ciudad educadora?\u201d en el Colegio Alem\u00e1n, el\u202fs\u00e1bado 21 de abril. Los ni\u00f1os aprenden mucho\u202fcada d\u00eda y no importa la edad\u202fcuando la sociedad los apoya. La sociedad es tambi\u00e9n una escuela, responsable de\u202fque los estudiantes aprendan de las maneras m\u00e1s diversas.<\/p>\n<p>Despu\u00e9s de su discurso el p\u00fablico pudo hacer preguntas y dar su opini\u00f3n. Junto a los profesores del Kindergarten del Colegio Alem\u00e1n de Barranquilla y los trabajadores interesados tambi\u00e9n\u202festaban presentes los\u202frepresentantes\u202fde\u202flas\u202finstituciones\u202feducativas\u202fAltamira,\u202fHappyTime,\u202fPing\u00fci,\u202fBabyGym,\u202fChukuwata,\u202fE.X.C.E.L.y\u202fRocot\u00edn\u202fde Ecuador.<\/p>\n<p>La segunda parte del evento pedag\u00f3gico se destac\u00f3 por un intercambio intenso de experiencias con la filosof\u00eda Reggio Emilia. Cada instituci\u00f3n prepar\u00f3 un taller y los presentes se dividieron entre las ofertas que tuvieron lugar simult\u00e1neamente.<\/p>\n<p>&gt;&gt; Weitere Fotos auf flickr<\/p>","protected":false},"excerpt":{"rendered":"<p>Esa fue la declaraci\u00f3n principal de\u202fHarold G\u00f6thson, experto en la propuesta educativa\u202fReggio Emilia, durante su discurso \u201c\u00bfBarranquilla, una ciudad educadora?\u201d en el Colegio Alem\u00e1n, el\u202fs\u00e1bado 21<span class=\"excerpt-hellip\"> [\u2026]<\/span><\/p>","protected":false},"author":16,"featured_media":4910,"comment_status":"open","ping_status":"open","sticky":false,"template":"","format":"standard","meta":{"_exactmetrics_skip_tracking":false,"_exactmetrics_sitenote_active":false,"_exactmetrics_sitenote_note":"","_exactmetrics_sitenote_category":0,"_joinchat":[],"footnotes":""},"categories":[678,677,707],"tags":[439,459],"class_list":["post-4909","post","type-post","status-publish","format-standard","has-post-thumbnail","hentry","category-678","category-kindergarten","category-otras-noticias","tag-439","tag-kindergarten"],"yoast_head":"<!-- This site is optimized with the Yoast SEO plugin v23.3 - https:\/\/yoast.com\/wordpress\/plugins\/seo\/ -->\n<title>\u201cEscuchar es magia\u201d - 2026<\/title>\n<meta name=\"robots\" content=\"noindex, follow, max-snippet:-1, max-image-preview:large, max-video-preview:-1\" \/>\n<meta property=\"og:locale\" content=\"de_DE\" \/>\n<meta property=\"og:type\" content=\"article\" \/>\n<meta property=\"og:title\" content=\"\u201cEscuchar es magia\u201d - 2026\" \/>\n<meta property=\"og:description\" content=\"Esa fue la declaraci\u00f3n principal de\u202fHarold G\u00f6thson, experto en la propuesta educativa\u202fReggio Emilia, durante su discurso \u201c\u00bfBarranquilla, una ciudad educadora?\u201d en el Colegio Alem\u00e1n, el\u202fs\u00e1bado 21 [\u2026]\" \/>\n<meta property=\"og:url\" content=\"https:\/\/ds-barranquilla.org\/de\/escuchar-es-magia\/\" \/>\n<meta property=\"og:site_name\" content=\"Colegio Alem\u00e1n - Los Mejores Colegios de Colombia - Colegio Triling\u00fce\" \/>\n<meta property=\"article:publisher\" content=\"https:\/\/www.facebook.com\/ColegioAlemanBaq\/\" \/>\n<meta property=\"article:published_time\" content=\"2018-05-21T14:39:29+00:00\" \/>\n<meta property=\"article:modified_time\" content=\"2022-12-21T13:23:30+00:00\" \/>\n<meta property=\"og:image\" content=\"https:\/\/ds-barranquilla.org\/wp-content\/uploads\/2020\/07\/\u201cEscuchar-es-magia\u201d.jpg\" \/>\n\t<meta property=\"og:image:width\" content=\"573\" \/>\n\t<meta property=\"og:image:height\" content=\"257\" \/>\n\t<meta property=\"og:image:type\" content=\"image\/jpeg\" \/>\n<meta name=\"author\" content=\"Comunicaciones Comunicaciones\" \/>\n<meta name=\"twitter:card\" content=\"summary_large_image\" \/>\n<meta name=\"twitter:creator\" content=\"@ColegioAlemanBq\" \/>\n<meta name=\"twitter:site\" content=\"@ColegioAlemanBq\" \/>\n<meta name=\"twitter:label1\" content=\"Verfasst von\" \/>\n\t<meta name=\"twitter:data1\" content=\"Comunicaciones Comunicaciones\" \/>\n\t<meta name=\"twitter:label2\" content=\"Gesch\u00e4tzte Lesezeit\" \/>\n\t<meta name=\"twitter:data2\" content=\"1\u00a0Minute\" \/>\n<script type=\"application\/ld+json\" class=\"yoast-schema-graph\">{\"@context\":\"https:\/\/schema.org\",\"@graph\":[{\"@type\":\"Article\",\"@id\":\"https:\/\/ds-barranquilla.org\/escuchar-es-magia\/#article\",\"isPartOf\":{\"@id\":\"https:\/\/ds-barranquilla.org\/escuchar-es-magia\/\"},\"author\":{\"name\":\"Comunicaciones Comunicaciones\",\"@id\":\"https:\/\/ds-barranquilla.org\/#\/schema\/person\/7bf8790ba89d3480e0551241ccdc8d36\"},\"headline\":\"\u201cEscuchar es magia\u201d\",\"datePublished\":\"2018-05-21T14:39:29+00:00\",\"dateModified\":\"2022-12-21T13:23:30+00:00\",\"mainEntityOfPage\":{\"@id\":\"https:\/\/ds-barranquilla.org\/escuchar-es-magia\/\"},\"wordCount\":179,\"commentCount\":0,\"publisher\":{\"@id\":\"https:\/\/ds-barranquilla.org\/#organization\"},\"image\":{\"@id\":\"https:\/\/ds-barranquilla.org\/escuchar-es-magia\/#primaryimage\"},\"thumbnailUrl\":\"https:\/\/ds-barranquilla.org\/wp-content\/uploads\/2020\/07\/\u201cEscuchar-es-magia\u201d.jpg\",\"keywords\":[\"2018\",\"Kindergarten\"],\"articleSection\":[\"2018\",\"Kindergarten\",\"Otras noticias\"],\"inLanguage\":\"de\",\"potentialAction\":[{\"@type\":\"CommentAction\",\"name\":\"Comment\",\"target\":[\"https:\/\/ds-barranquilla.org\/escuchar-es-magia\/#respond\"]}]},{\"@type\":\"WebPage\",\"@id\":\"https:\/\/ds-barranquilla.org\/escuchar-es-magia\/\",\"url\":\"https:\/\/ds-barranquilla.org\/escuchar-es-magia\/\",\"name\":\"\u201cEscuchar es magia\u201d - 2026\",\"isPartOf\":{\"@id\":\"https:\/\/ds-barranquilla.org\/#website\"},\"primaryImageOfPage\":{\"@id\":\"https:\/\/ds-barranquilla.org\/escuchar-es-magia\/#primaryimage\"},\"image\":{\"@id\":\"https:\/\/ds-barranquilla.org\/escuchar-es-magia\/#primaryimage\"},\"thumbnailUrl\":\"https:\/\/ds-barranquilla.org\/wp-content\/uploads\/2020\/07\/\u201cEscuchar-es-magia\u201d.jpg\",\"datePublished\":\"2018-05-21T14:39:29+00:00\",\"dateModified\":\"2022-12-21T13:23:30+00:00\",\"breadcrumb\":{\"@id\":\"https:\/\/ds-barranquilla.org\/escuchar-es-magia\/#breadcrumb\"},\"inLanguage\":\"de\",\"potentialAction\":[{\"@type\":\"ReadAction\",\"target\":[\"https:\/\/ds-barranquilla.org\/escuchar-es-magia\/\"]}]},{\"@type\":\"ImageObject\",\"inLanguage\":\"de\",\"@id\":\"https:\/\/ds-barranquilla.org\/escuchar-es-magia\/#primaryimage\",\"url\":\"https:\/\/ds-barranquilla.org\/wp-content\/uploads\/2020\/07\/\u201cEscuchar-es-magia\u201d.jpg\",\"contentUrl\":\"https:\/\/ds-barranquilla.org\/wp-content\/uploads\/2020\/07\/\u201cEscuchar-es-magia\u201d.jpg\",\"width\":573,\"height\":257},{\"@type\":\"BreadcrumbList\",\"@id\":\"https:\/\/ds-barranquilla.org\/escuchar-es-magia\/#breadcrumb\",\"itemListElement\":[{\"@type\":\"ListItem\",\"position\":1,\"name\":\"Portada\",\"item\":\"https:\/\/ds-barranquilla.org\/\"},{\"@type\":\"ListItem\",\"position\":2,\"name\":\"\u201cEscuchar es magia\u201d\"}]},{\"@type\":\"WebSite\",\"@id\":\"https:\/\/ds-barranquilla.org\/#website\",\"url\":\"https:\/\/ds-barranquilla.org\/\",\"name\":\"Colegio Alem\u00e1n - Los Mejores Colegios de Colombia - Colegio Triling\u00fce\",\"description\":\"Colegio Alem\u00e1n  Barranquilla Colombia - Colegio Biling\u00fce - Triling\u00fce - El Mejor Colegio de Colombia\",\"publisher\":{\"@id\":\"https:\/\/ds-barranquilla.org\/#organization\"},\"potentialAction\":[{\"@type\":\"SearchAction\",\"target\":{\"@type\":\"EntryPoint\",\"urlTemplate\":\"https:\/\/ds-barranquilla.org\/?s={search_term_string}\"},\"query-input\":\"required name=search_term_string\"}],\"inLanguage\":\"de\"},{\"@type\":\"Organization\",\"@id\":\"https:\/\/ds-barranquilla.org\/#organization\",\"name\":\"Colegio Alem\u00e1n Barranquilla\",\"url\":\"https:\/\/ds-barranquilla.org\/\",\"logo\":{\"@type\":\"ImageObject\",\"inLanguage\":\"de\",\"@id\":\"https:\/\/ds-barranquilla.org\/#\/schema\/logo\/image\/\",\"url\":\"https:\/\/ds-barranquilla.org\/wp-content\/uploads\/2021\/05\/coleman_logo_2.png\",\"contentUrl\":\"https:\/\/ds-barranquilla.org\/wp-content\/uploads\/2021\/05\/coleman_logo_2.png\",\"width\":418,\"height\":307,\"caption\":\"Colegio Alem\u00e1n Barranquilla\"},\"image\":{\"@id\":\"https:\/\/ds-barranquilla.org\/#\/schema\/logo\/image\/\"},\"sameAs\":[\"https:\/\/www.facebook.com\/ColegioAlemanBaq\/\",\"https:\/\/x.com\/ColegioAlemanBq\",\"https:\/\/www.instagram.com\/colegioalemanbaq\/\",\"https:\/\/www.linkedin.com\/school\/deutsche-schule-barranquilla\/\",\"https:\/\/www.youtube.com\/channel\/UCOOGZQCVs6aYRqIWvSN5agQ\"]},{\"@type\":\"Person\",\"@id\":\"https:\/\/ds-barranquilla.org\/#\/schema\/person\/7bf8790ba89d3480e0551241ccdc8d36\",\"name\":\"Comunicaciones Comunicaciones\",\"image\":{\"@type\":\"ImageObject\",\"inLanguage\":\"de\",\"@id\":\"https:\/\/ds-barranquilla.org\/#\/schema\/person\/image\/\",\"url\":\"https:\/\/secure.gravatar.com\/avatar\/a66ba9484a4338d81d6bea750e595038?s=96&d=mm&r=g\",\"contentUrl\":\"https:\/\/secure.gravatar.com\/avatar\/a66ba9484a4338d81d6bea750e595038?s=96&d=mm&r=g\",\"caption\":\"Comunicaciones Comunicaciones\"}}]}<\/script>\n<!-- \/ Yoast SEO plugin. -->","yoast_head_json":{"title":"\u201cEscuchar es magia\u201d - 2026","robots":{"index":"noindex","follow":"follow","max-snippet":"max-snippet:-1","max-image-preview":"max-image-preview:large","max-video-preview":"max-video-preview:-1"},"og_locale":"de_DE","og_type":"article","og_title":"\u201cEscuchar es magia\u201d - 2026","og_description":"Esa fue la declaraci\u00f3n principal de\u202fHarold G\u00f6thson, experto en la propuesta educativa\u202fReggio Emilia, durante su discurso \u201c\u00bfBarranquilla, una ciudad educadora?\u201d en el Colegio Alem\u00e1n, el\u202fs\u00e1bado 21 [\u2026]","og_url":"https:\/\/ds-barranquilla.org\/de\/escuchar-es-magia\/","og_site_name":"Colegio Alem\u00e1n - Los Mejores Colegios de Colombia - Colegio Triling\u00fce","article_publisher":"https:\/\/www.facebook.com\/ColegioAlemanBaq\/","article_published_time":"2018-05-21T14:39:29+00:00","article_modified_time":"2022-12-21T13:23:30+00:00","og_image":[{"width":573,"height":257,"url":"https:\/\/ds-barranquilla.org\/wp-content\/uploads\/2020\/07\/\u201cEscuchar-es-magia\u201d.jpg","type":"image\/jpeg"}],"author":"Comunicaciones Comunicaciones","twitter_card":"summary_large_image","twitter_creator":"@ColegioAlemanBq","twitter_site":"@ColegioAlemanBq","twitter_misc":{"Verfasst von":"Comunicaciones Comunicaciones","Gesch\u00e4tzte Lesezeit":"1\u00a0Minute"},"schema":{"@context":"https:\/\/schema.org","@graph":[{"@type":"Article","@id":"https:\/\/ds-barranquilla.org\/escuchar-es-magia\/#article","isPartOf":{"@id":"https:\/\/ds-barranquilla.org\/escuchar-es-magia\/"},"author":{"name":"Comunicaciones Comunicaciones","@id":"https:\/\/ds-barranquilla.org\/#\/schema\/person\/7bf8790ba89d3480e0551241ccdc8d36"},"headline":"\u201cEscuchar es magia\u201d","datePublished":"2018-05-21T14:39:29+00:00","dateModified":"2022-12-21T13:23:30+00:00","mainEntityOfPage":{"@id":"https:\/\/ds-barranquilla.org\/escuchar-es-magia\/"},"wordCount":179,"commentCount":0,"publisher":{"@id":"https:\/\/ds-barranquilla.org\/#organization"},"image":{"@id":"https:\/\/ds-barranquilla.org\/escuchar-es-magia\/#primaryimage"},"thumbnailUrl":"https:\/\/ds-barranquilla.org\/wp-content\/uploads\/2020\/07\/\u201cEscuchar-es-magia\u201d.jpg","keywords":["2018","Kindergarten"],"articleSection":["2018","Kindergarten","Otras noticias"],"inLanguage":"de","potentialAction":[{"@type":"CommentAction","name":"Comment","target":["https:\/\/ds-barranquilla.org\/escuchar-es-magia\/#respond"]}]},{"@type":"WebPage","@id":"https:\/\/ds-barranquilla.org\/escuchar-es-magia\/","url":"https:\/\/ds-barranquilla.org\/escuchar-es-magia\/","name":"\u201cEscuchar es magia\u201d - 2026","isPartOf":{"@id":"https:\/\/ds-barranquilla.org\/#website"},"primaryImageOfPage":{"@id":"https:\/\/ds-barranquilla.org\/escuchar-es-magia\/#primaryimage"},"image":{"@id":"https:\/\/ds-barranquilla.org\/escuchar-es-magia\/#primaryimage"},"thumbnailUrl":"https:\/\/ds-barranquilla.org\/wp-content\/uploads\/2020\/07\/\u201cEscuchar-es-magia\u201d.jpg","datePublished":"2018-05-21T14:39:29+00:00","dateModified":"2022-12-21T13:23:30+00:00","breadcrumb":{"@id":"https:\/\/ds-barranquilla.org\/escuchar-es-magia\/#breadcrumb"},"inLanguage":"de","potentialAction":[{"@type":"ReadAction","target":["https:\/\/ds-barranquilla.org\/escuchar-es-magia\/"]}]},{"@type":"ImageObject","inLanguage":"de","@id":"https:\/\/ds-barranquilla.org\/escuchar-es-magia\/#primaryimage","url":"https:\/\/ds-barranquilla.org\/wp-content\/uploads\/2020\/07\/\u201cEscuchar-es-magia\u201d.jpg","contentUrl":"https:\/\/ds-barranquilla.org\/wp-content\/uploads\/2020\/07\/\u201cEscuchar-es-magia\u201d.jpg","width":573,"height":257},{"@type":"BreadcrumbList","@id":"https:\/\/ds-barranquilla.org\/escuchar-es-magia\/#breadcrumb","itemListElement":[{"@type":"ListItem","position":1,"name":"Portada","item":"https:\/\/ds-barranquilla.org\/"},{"@type":"ListItem","position":2,"name":"\u201cEscuchar es magia\u201d"}]},{"@type":"WebSite","@id":"https:\/\/ds-barranquilla.org\/#website","url":"https:\/\/ds-barranquilla.org\/","name":"Colegio Alem\u00e1n - Los Mejores Colegios de Colombia - Colegio Triling\u00fce","description":"Colegio Alem\u00e1n  Barranquilla Colombia - Colegio Biling\u00fce - Triling\u00fce - El Mejor Colegio de Colombia","publisher":{"@id":"https:\/\/ds-barranquilla.org\/#organization"},"potentialAction":[{"@type":"SearchAction","target":{"@type":"EntryPoint","urlTemplate":"https:\/\/ds-barranquilla.org\/?s={search_term_string}"},"query-input":"required name=search_term_string"}],"inLanguage":"de"},{"@type":"Organization","@id":"https:\/\/ds-barranquilla.org\/#organization","name":"Colegio Alem\u00e1n Barranquilla","url":"https:\/\/ds-barranquilla.org\/","logo":{"@type":"ImageObject","inLanguage":"de","@id":"https:\/\/ds-barranquilla.org\/#\/schema\/logo\/image\/","url":"https:\/\/ds-barranquilla.org\/wp-content\/uploads\/2021\/05\/coleman_logo_2.png","contentUrl":"https:\/\/ds-barranquilla.org\/wp-content\/uploads\/2021\/05\/coleman_logo_2.png","width":418,"height":307,"caption":"Colegio Alem\u00e1n Barranquilla"},"image":{"@id":"https:\/\/ds-barranquilla.org\/#\/schema\/logo\/image\/"},"sameAs":["https:\/\/www.facebook.com\/ColegioAlemanBaq\/","https:\/\/x.com\/ColegioAlemanBq","https:\/\/www.instagram.com\/colegioalemanbaq\/","https:\/\/www.linkedin.com\/school\/deutsche-schule-barranquilla\/","https:\/\/www.youtube.com\/channel\/UCOOGZQCVs6aYRqIWvSN5agQ"]},{"@type":"Person","@id":"https:\/\/ds-barranquilla.org\/#\/schema\/person\/7bf8790ba89d3480e0551241ccdc8d36","name":"Comunicaciones Comunicaciones","image":{"@type":"ImageObject","inLanguage":"de","@id":"https:\/\/ds-barranquilla.org\/#\/schema\/person\/image\/","url":"https:\/\/secure.gravatar.com\/avatar\/a66ba9484a4338d81d6bea750e595038?s=96&d=mm&r=g","contentUrl":"https:\/\/secure.gravatar.com\/avatar\/a66ba9484a4338d81d6bea750e595038?s=96&d=mm&r=g","caption":"Comunicaciones Comunicaciones"}}]}},"_links":{"self":[{"href":"https:\/\/ds-barranquilla.org\/de\/wp-json\/wp\/v2\/posts\/4909"}],"collection":[{"href":"https:\/\/ds-barranquilla.org\/de\/wp-json\/wp\/v2\/posts"}],"about":[{"href":"https:\/\/ds-barranquilla.org\/de\/wp-json\/wp\/v2\/types\/post"}],"author":[{"embeddable":true,"href":"https:\/\/ds-barranquilla.org\/de\/wp-json\/wp\/v2\/users\/16"}],"replies":[{"embeddable":true,"href":"https:\/\/ds-barranquilla.org\/de\/wp-json\/wp\/v2\/comments?post=4909"}],"version-history":[{"count":1,"href":"https:\/\/ds-barranquilla.org\/de\/wp-json\/wp\/v2\/posts\/4909\/revisions"}],"predecessor-version":[{"id":4911,"href":"https:\/\/ds-barranquilla.org\/de\/wp-json\/wp\/v2\/posts\/4909\/revisions\/4911"}],"wp:featuredmedia":[{"embeddable":true,"href":"https:\/\/ds-barranquilla.org\/de\/wp-json\/wp\/v2\/media\/4910"}],"wp:attachment":[{"href":"https:\/\/ds-barranquilla.org\/de\/wp-json\/wp\/v2\/media?parent=4909"}],"wp:term":[{"taxonomy":"category","embeddable":true,"href":"https:\/\/ds-barranquilla.org\/de\/wp-json\/wp\/v2\/categories?post=4909"},{"taxonomy":"post_tag","embeddable":true,"href":"https:\/\/ds-barranquilla.org\/de\/wp-json\/wp\/v2\/tags?post=4909"}],"curies":[{"name":"wp","href":"https:\/\/api.w.org\/{rel}","templated":true}]}}