{"id":4912,"date":"2018-08-21T09:53:07","date_gmt":"2018-08-21T14:53:07","guid":{"rendered":"https:\/\/ds-barranquilla.org\/?p=4912"},"modified":"2022-12-21T09:15:40","modified_gmt":"2022-12-21T14:15:40","slug":"ana-macias-gana-beca-para-la-semana-de-la-ingenieria-de-la-tu9","status":"publish","type":"post","link":"https:\/\/ds-barranquilla.org\/de\/ana-macias-gana-beca-para-la-semana-de-la-ingenieria-de-la-tu9\/","title":{"rendered":"Ana Mac\u00edas gana beca para la Semana de la Ingenier\u00eda de la TU9"},"content":{"rendered":"<p>Unsere herausragende Sch\u00fclerin der Klasse 12A Ana Sof\u00eda Mac\u00edas Yi hat ein Stipendium zur Teilnahme an der TU9-ING-Woche 2018 gewonnen. Die TU9 ist eine Technik-Woche, die von den neun renommiertesten und \u00e4ltesten technischen Hochschulen in Deutschland organisiert wird.<\/p>\n<p>Ana Sof\u00eda erkl\u00e4rt, dass diese Veranstaltung Kurse, Workshops und Teamarbeit mit jungen Leuten aus der ganzen Welt an der technischen Universit\u00e4t in M\u00fcnchen beinhaltet. Au\u00dferdem werden sie gemeinsam Wissenschaftsmuseen besuchen und an anderen interessanten Aktivit\u00e4ten im Bereich Technik teilnehmen, unter anderem steht auch eine Besichtigung des Werks des Automobilhersteller BMW auf dem Plan.<\/p>\n<p>Denise Barnes, ihre Deutschlehrerin aus dem letzten Jahr, war diejenige die sie auf diese Ausschreibung Aufmerksam gemacht hatte. Um zu gewinnen musste sie einen Motivationsbrief schreiben und sehr gute Noten in Mathematik, Chemie, Physik, Biologie und Deutsch vorweisen.<\/p>\n<p>Ana Sof\u00eda reist am n\u00e4chsten Samstag, den 25. August nach Deutschland und hat hohe Erwartungen, da sie von einem Studium im Ausland tr\u00e4umt. Sie sagt, dass sie sehr gespannt darauf ist zu sehen, wie die Hochschulbildung in Deutschland abl\u00e4uft und sie sich auf die M\u00f6glichkeit freut neue Dinge zu lernen und das Hauptwerk von BMW zu besichtigen.<\/p>\n<p>Die Deutsche Schule gratuliert ihr herzlich und wir w\u00fcnschen ihr alles Gute auf ihrer Reise. Und wir hoffen, dass sie ihre Erfahrungen nach ihrer R\u00fcckkehr mit uns teilt.<\/p>","protected":false},"excerpt":{"rendered":"<p>Nuestra destacada estudiante\u202fAna Sof\u00eda Mac\u00edas Yi, de Klasse 12A,\u202fse acaba de ganar una beca para participar en la\u202fTU9-ING-Woche 2018, la Semana de la Ingenier\u00eda organizada por<span class=\"excerpt-hellip\"> [\u2026]<\/span><\/p>","protected":false},"author":16,"featured_media":4913,"comment_status":"open","ping_status":"open","sticky":false,"template":"","format":"standard","meta":{"_exactmetrics_skip_tracking":false,"_exactmetrics_sitenote_active":false,"_exactmetrics_sitenote_note":"","_exactmetrics_sitenote_category":0,"_joinchat":[],"footnotes":""},"categories":[678,674,704,710],"tags":[443],"class_list":["post-4912","post","type-post","status-publish","format-standard","has-post-thumbnail","hentry","category-678","category-lengua-y-cultura-alemana","category-oficina-de-relaciones-internacionales","category-secundaria","tag-secundaria"],"yoast_head":"<!-- This site is optimized with the Yoast SEO plugin v23.3 - https:\/\/yoast.com\/wordpress\/plugins\/seo\/ -->\n<title>Ana Mac\u00edas gana beca para la Semana de la Ingenier\u00eda de la TU9 - 2026<\/title>\n<meta name=\"robots\" content=\"noindex, follow, max-snippet:-1, max-image-preview:large, max-video-preview:-1\" \/>\n<meta property=\"og:locale\" content=\"de_DE\" \/>\n<meta property=\"og:type\" content=\"article\" \/>\n<meta property=\"og:title\" content=\"Ana Mac\u00edas gana beca para la Semana de la Ingenier\u00eda de la TU9 - 2026\" \/>\n<meta property=\"og:description\" content=\"Nuestra destacada estudiante\u202fAna Sof\u00eda Mac\u00edas Yi, de Klasse 12A,\u202fse acaba de ganar una beca para participar en la\u202fTU9-ING-Woche 2018, la Semana de la Ingenier\u00eda organizada por [\u2026]\" \/>\n<meta property=\"og:url\" content=\"https:\/\/ds-barranquilla.org\/de\/ana-macias-gana-beca-para-la-semana-de-la-ingenieria-de-la-tu9\/\" \/>\n<meta property=\"og:site_name\" content=\"Colegio Alem\u00e1n - Los Mejores Colegios de Colombia - Colegio Triling\u00fce\" \/>\n<meta property=\"article:publisher\" content=\"https:\/\/www.facebook.com\/ColegioAlemanBaq\/\" \/>\n<meta property=\"article:published_time\" content=\"2018-08-21T14:53:07+00:00\" \/>\n<meta property=\"article:modified_time\" content=\"2022-12-21T14:15:40+00:00\" \/>\n<meta property=\"og:image\" content=\"https:\/\/ds-barranquilla.org\/wp-content\/uploads\/2020\/07\/Ana-Mac\u00edas-gana-beca-para-la-Semana-de-la-Ingenier\u00eda-de-la-TU9.jpg\" \/>\n\t<meta property=\"og:image:width\" content=\"571\" \/>\n\t<meta property=\"og:image:height\" content=\"247\" \/>\n\t<meta property=\"og:image:type\" content=\"image\/jpeg\" \/>\n<meta name=\"author\" content=\"Comunicaciones Comunicaciones\" \/>\n<meta name=\"twitter:card\" content=\"summary_large_image\" \/>\n<meta name=\"twitter:creator\" content=\"@ColegioAlemanBq\" \/>\n<meta name=\"twitter:site\" content=\"@ColegioAlemanBq\" \/>\n<meta name=\"twitter:label1\" content=\"Verfasst von\" \/>\n\t<meta name=\"twitter:data1\" content=\"Comunicaciones Comunicaciones\" \/>\n\t<meta name=\"twitter:label2\" content=\"Gesch\u00e4tzte Lesezeit\" \/>\n\t<meta name=\"twitter:data2\" content=\"1\u00a0Minute\" \/>\n<script type=\"application\/ld+json\" class=\"yoast-schema-graph\">{\"@context\":\"https:\/\/schema.org\",\"@graph\":[{\"@type\":\"Article\",\"@id\":\"https:\/\/ds-barranquilla.org\/ana-macias-gana-beca-para-la-semana-de-la-ingenieria-de-la-tu9\/#article\",\"isPartOf\":{\"@id\":\"https:\/\/ds-barranquilla.org\/ana-macias-gana-beca-para-la-semana-de-la-ingenieria-de-la-tu9\/\"},\"author\":{\"name\":\"Comunicaciones Comunicaciones\",\"@id\":\"https:\/\/ds-barranquilla.org\/#\/schema\/person\/7bf8790ba89d3480e0551241ccdc8d36\"},\"headline\":\"Ana Mac\u00edas gana beca para la Semana de la Ingenier\u00eda de la TU9\",\"datePublished\":\"2018-08-21T14:53:07+00:00\",\"dateModified\":\"2022-12-21T14:15:40+00:00\",\"mainEntityOfPage\":{\"@id\":\"https:\/\/ds-barranquilla.org\/ana-macias-gana-beca-para-la-semana-de-la-ingenieria-de-la-tu9\/\"},\"wordCount\":249,\"commentCount\":0,\"publisher\":{\"@id\":\"https:\/\/ds-barranquilla.org\/#organization\"},\"image\":{\"@id\":\"https:\/\/ds-barranquilla.org\/ana-macias-gana-beca-para-la-semana-de-la-ingenieria-de-la-tu9\/#primaryimage\"},\"thumbnailUrl\":\"https:\/\/ds-barranquilla.org\/wp-content\/uploads\/2020\/07\/Ana-Mac\u00edas-gana-beca-para-la-Semana-de-la-Ingenier\u00eda-de-la-TU9.jpg\",\"keywords\":[\"secundaria\"],\"articleSection\":[\"2018\",\"Lengua y Cultura Alemana\",\"Oficina de Relaciones Internacionales\",\"Secundaria\"],\"inLanguage\":\"de\",\"potentialAction\":[{\"@type\":\"CommentAction\",\"name\":\"Comment\",\"target\":[\"https:\/\/ds-barranquilla.org\/ana-macias-gana-beca-para-la-semana-de-la-ingenieria-de-la-tu9\/#respond\"]}]},{\"@type\":\"WebPage\",\"@id\":\"https:\/\/ds-barranquilla.org\/ana-macias-gana-beca-para-la-semana-de-la-ingenieria-de-la-tu9\/\",\"url\":\"https:\/\/ds-barranquilla.org\/ana-macias-gana-beca-para-la-semana-de-la-ingenieria-de-la-tu9\/\",\"name\":\"Ana Mac\u00edas gana beca para la Semana de la Ingenier\u00eda de la TU9 - 2026\",\"isPartOf\":{\"@id\":\"https:\/\/ds-barranquilla.org\/#website\"},\"primaryImageOfPage\":{\"@id\":\"https:\/\/ds-barranquilla.org\/ana-macias-gana-beca-para-la-semana-de-la-ingenieria-de-la-tu9\/#primaryimage\"},\"image\":{\"@id\":\"https:\/\/ds-barranquilla.org\/ana-macias-gana-beca-para-la-semana-de-la-ingenieria-de-la-tu9\/#primaryimage\"},\"thumbnailUrl\":\"https:\/\/ds-barranquilla.org\/wp-content\/uploads\/2020\/07\/Ana-Mac\u00edas-gana-beca-para-la-Semana-de-la-Ingenier\u00eda-de-la-TU9.jpg\",\"datePublished\":\"2018-08-21T14:53:07+00:00\",\"dateModified\":\"2022-12-21T14:15:40+00:00\",\"breadcrumb\":{\"@id\":\"https:\/\/ds-barranquilla.org\/ana-macias-gana-beca-para-la-semana-de-la-ingenieria-de-la-tu9\/#breadcrumb\"},\"inLanguage\":\"de\",\"potentialAction\":[{\"@type\":\"ReadAction\",\"target\":[\"https:\/\/ds-barranquilla.org\/ana-macias-gana-beca-para-la-semana-de-la-ingenieria-de-la-tu9\/\"]}]},{\"@type\":\"ImageObject\",\"inLanguage\":\"de\",\"@id\":\"https:\/\/ds-barranquilla.org\/ana-macias-gana-beca-para-la-semana-de-la-ingenieria-de-la-tu9\/#primaryimage\",\"url\":\"https:\/\/ds-barranquilla.org\/wp-content\/uploads\/2020\/07\/Ana-Mac\u00edas-gana-beca-para-la-Semana-de-la-Ingenier\u00eda-de-la-TU9.jpg\",\"contentUrl\":\"https:\/\/ds-barranquilla.org\/wp-content\/uploads\/2020\/07\/Ana-Mac\u00edas-gana-beca-para-la-Semana-de-la-Ingenier\u00eda-de-la-TU9.jpg\",\"width\":571,\"height\":247},{\"@type\":\"BreadcrumbList\",\"@id\":\"https:\/\/ds-barranquilla.org\/ana-macias-gana-beca-para-la-semana-de-la-ingenieria-de-la-tu9\/#breadcrumb\",\"itemListElement\":[{\"@type\":\"ListItem\",\"position\":1,\"name\":\"Portada\",\"item\":\"https:\/\/ds-barranquilla.org\/\"},{\"@type\":\"ListItem\",\"position\":2,\"name\":\"Ana Mac\u00edas gana beca para la Semana de la Ingenier\u00eda de la TU9\"}]},{\"@type\":\"WebSite\",\"@id\":\"https:\/\/ds-barranquilla.org\/#website\",\"url\":\"https:\/\/ds-barranquilla.org\/\",\"name\":\"Colegio Alem\u00e1n - Los Mejores Colegios de Colombia - Colegio Triling\u00fce\",\"description\":\"Colegio Alem\u00e1n  Barranquilla Colombia - Colegio Biling\u00fce - Triling\u00fce - El Mejor Colegio de Colombia\",\"publisher\":{\"@id\":\"https:\/\/ds-barranquilla.org\/#organization\"},\"potentialAction\":[{\"@type\":\"SearchAction\",\"target\":{\"@type\":\"EntryPoint\",\"urlTemplate\":\"https:\/\/ds-barranquilla.org\/?s={search_term_string}\"},\"query-input\":\"required name=search_term_string\"}],\"inLanguage\":\"de\"},{\"@type\":\"Organization\",\"@id\":\"https:\/\/ds-barranquilla.org\/#organization\",\"name\":\"Colegio Alem\u00e1n Barranquilla\",\"url\":\"https:\/\/ds-barranquilla.org\/\",\"logo\":{\"@type\":\"ImageObject\",\"inLanguage\":\"de\",\"@id\":\"https:\/\/ds-barranquilla.org\/#\/schema\/logo\/image\/\",\"url\":\"https:\/\/ds-barranquilla.org\/wp-content\/uploads\/2021\/05\/coleman_logo_2.png\",\"contentUrl\":\"https:\/\/ds-barranquilla.org\/wp-content\/uploads\/2021\/05\/coleman_logo_2.png\",\"width\":418,\"height\":307,\"caption\":\"Colegio Alem\u00e1n Barranquilla\"},\"image\":{\"@id\":\"https:\/\/ds-barranquilla.org\/#\/schema\/logo\/image\/\"},\"sameAs\":[\"https:\/\/www.facebook.com\/ColegioAlemanBaq\/\",\"https:\/\/x.com\/ColegioAlemanBq\",\"https:\/\/www.instagram.com\/colegioalemanbaq\/\",\"https:\/\/www.linkedin.com\/school\/deutsche-schule-barranquilla\/\",\"https:\/\/www.youtube.com\/channel\/UCOOGZQCVs6aYRqIWvSN5agQ\"]},{\"@type\":\"Person\",\"@id\":\"https:\/\/ds-barranquilla.org\/#\/schema\/person\/7bf8790ba89d3480e0551241ccdc8d36\",\"name\":\"Comunicaciones Comunicaciones\",\"image\":{\"@type\":\"ImageObject\",\"inLanguage\":\"de\",\"@id\":\"https:\/\/ds-barranquilla.org\/#\/schema\/person\/image\/\",\"url\":\"https:\/\/secure.gravatar.com\/avatar\/a66ba9484a4338d81d6bea750e595038?s=96&d=mm&r=g\",\"contentUrl\":\"https:\/\/secure.gravatar.com\/avatar\/a66ba9484a4338d81d6bea750e595038?s=96&d=mm&r=g\",\"caption\":\"Comunicaciones Comunicaciones\"}}]}<\/script>\n<!-- \/ Yoast SEO plugin. -->","yoast_head_json":{"title":"Ana Mac\u00edas gana beca para la Semana de la Ingenier\u00eda de la TU9 - 2026","robots":{"index":"noindex","follow":"follow","max-snippet":"max-snippet:-1","max-image-preview":"max-image-preview:large","max-video-preview":"max-video-preview:-1"},"og_locale":"de_DE","og_type":"article","og_title":"Ana Mac\u00edas gana beca para la Semana de la Ingenier\u00eda de la TU9 - 2026","og_description":"Nuestra destacada estudiante\u202fAna Sof\u00eda Mac\u00edas Yi, de Klasse 12A,\u202fse acaba de ganar una beca para participar en la\u202fTU9-ING-Woche 2018, la Semana de la Ingenier\u00eda organizada por [\u2026]","og_url":"https:\/\/ds-barranquilla.org\/de\/ana-macias-gana-beca-para-la-semana-de-la-ingenieria-de-la-tu9\/","og_site_name":"Colegio Alem\u00e1n - Los Mejores Colegios de Colombia - Colegio Triling\u00fce","article_publisher":"https:\/\/www.facebook.com\/ColegioAlemanBaq\/","article_published_time":"2018-08-21T14:53:07+00:00","article_modified_time":"2022-12-21T14:15:40+00:00","og_image":[{"width":571,"height":247,"url":"https:\/\/ds-barranquilla.org\/wp-content\/uploads\/2020\/07\/Ana-Mac\u00edas-gana-beca-para-la-Semana-de-la-Ingenier\u00eda-de-la-TU9.jpg","type":"image\/jpeg"}],"author":"Comunicaciones Comunicaciones","twitter_card":"summary_large_image","twitter_creator":"@ColegioAlemanBq","twitter_site":"@ColegioAlemanBq","twitter_misc":{"Verfasst von":"Comunicaciones Comunicaciones","Gesch\u00e4tzte Lesezeit":"1\u00a0Minute"},"schema":{"@context":"https:\/\/schema.org","@graph":[{"@type":"Article","@id":"https:\/\/ds-barranquilla.org\/ana-macias-gana-beca-para-la-semana-de-la-ingenieria-de-la-tu9\/#article","isPartOf":{"@id":"https:\/\/ds-barranquilla.org\/ana-macias-gana-beca-para-la-semana-de-la-ingenieria-de-la-tu9\/"},"author":{"name":"Comunicaciones Comunicaciones","@id":"https:\/\/ds-barranquilla.org\/#\/schema\/person\/7bf8790ba89d3480e0551241ccdc8d36"},"headline":"Ana Mac\u00edas gana beca para la Semana de la Ingenier\u00eda de la TU9","datePublished":"2018-08-21T14:53:07+00:00","dateModified":"2022-12-21T14:15:40+00:00","mainEntityOfPage":{"@id":"https:\/\/ds-barranquilla.org\/ana-macias-gana-beca-para-la-semana-de-la-ingenieria-de-la-tu9\/"},"wordCount":249,"commentCount":0,"publisher":{"@id":"https:\/\/ds-barranquilla.org\/#organization"},"image":{"@id":"https:\/\/ds-barranquilla.org\/ana-macias-gana-beca-para-la-semana-de-la-ingenieria-de-la-tu9\/#primaryimage"},"thumbnailUrl":"https:\/\/ds-barranquilla.org\/wp-content\/uploads\/2020\/07\/Ana-Mac\u00edas-gana-beca-para-la-Semana-de-la-Ingenier\u00eda-de-la-TU9.jpg","keywords":["secundaria"],"articleSection":["2018","Lengua y Cultura Alemana","Oficina de Relaciones Internacionales","Secundaria"],"inLanguage":"de","potentialAction":[{"@type":"CommentAction","name":"Comment","target":["https:\/\/ds-barranquilla.org\/ana-macias-gana-beca-para-la-semana-de-la-ingenieria-de-la-tu9\/#respond"]}]},{"@type":"WebPage","@id":"https:\/\/ds-barranquilla.org\/ana-macias-gana-beca-para-la-semana-de-la-ingenieria-de-la-tu9\/","url":"https:\/\/ds-barranquilla.org\/ana-macias-gana-beca-para-la-semana-de-la-ingenieria-de-la-tu9\/","name":"Ana Mac\u00edas gana beca para la Semana de la Ingenier\u00eda de la TU9 - 2026","isPartOf":{"@id":"https:\/\/ds-barranquilla.org\/#website"},"primaryImageOfPage":{"@id":"https:\/\/ds-barranquilla.org\/ana-macias-gana-beca-para-la-semana-de-la-ingenieria-de-la-tu9\/#primaryimage"},"image":{"@id":"https:\/\/ds-barranquilla.org\/ana-macias-gana-beca-para-la-semana-de-la-ingenieria-de-la-tu9\/#primaryimage"},"thumbnailUrl":"https:\/\/ds-barranquilla.org\/wp-content\/uploads\/2020\/07\/Ana-Mac\u00edas-gana-beca-para-la-Semana-de-la-Ingenier\u00eda-de-la-TU9.jpg","datePublished":"2018-08-21T14:53:07+00:00","dateModified":"2022-12-21T14:15:40+00:00","breadcrumb":{"@id":"https:\/\/ds-barranquilla.org\/ana-macias-gana-beca-para-la-semana-de-la-ingenieria-de-la-tu9\/#breadcrumb"},"inLanguage":"de","potentialAction":[{"@type":"ReadAction","target":["https:\/\/ds-barranquilla.org\/ana-macias-gana-beca-para-la-semana-de-la-ingenieria-de-la-tu9\/"]}]},{"@type":"ImageObject","inLanguage":"de","@id":"https:\/\/ds-barranquilla.org\/ana-macias-gana-beca-para-la-semana-de-la-ingenieria-de-la-tu9\/#primaryimage","url":"https:\/\/ds-barranquilla.org\/wp-content\/uploads\/2020\/07\/Ana-Mac\u00edas-gana-beca-para-la-Semana-de-la-Ingenier\u00eda-de-la-TU9.jpg","contentUrl":"https:\/\/ds-barranquilla.org\/wp-content\/uploads\/2020\/07\/Ana-Mac\u00edas-gana-beca-para-la-Semana-de-la-Ingenier\u00eda-de-la-TU9.jpg","width":571,"height":247},{"@type":"BreadcrumbList","@id":"https:\/\/ds-barranquilla.org\/ana-macias-gana-beca-para-la-semana-de-la-ingenieria-de-la-tu9\/#breadcrumb","itemListElement":[{"@type":"ListItem","position":1,"name":"Portada","item":"https:\/\/ds-barranquilla.org\/"},{"@type":"ListItem","position":2,"name":"Ana Mac\u00edas gana beca para la Semana de la Ingenier\u00eda de la TU9"}]},{"@type":"WebSite","@id":"https:\/\/ds-barranquilla.org\/#website","url":"https:\/\/ds-barranquilla.org\/","name":"Colegio Alem\u00e1n - Los Mejores Colegios de Colombia - Colegio Triling\u00fce","description":"Colegio Alem\u00e1n  Barranquilla Colombia - Colegio Biling\u00fce - Triling\u00fce - El Mejor Colegio de Colombia","publisher":{"@id":"https:\/\/ds-barranquilla.org\/#organization"},"potentialAction":[{"@type":"SearchAction","target":{"@type":"EntryPoint","urlTemplate":"https:\/\/ds-barranquilla.org\/?s={search_term_string}"},"query-input":"required name=search_term_string"}],"inLanguage":"de"},{"@type":"Organization","@id":"https:\/\/ds-barranquilla.org\/#organization","name":"Colegio Alem\u00e1n Barranquilla","url":"https:\/\/ds-barranquilla.org\/","logo":{"@type":"ImageObject","inLanguage":"de","@id":"https:\/\/ds-barranquilla.org\/#\/schema\/logo\/image\/","url":"https:\/\/ds-barranquilla.org\/wp-content\/uploads\/2021\/05\/coleman_logo_2.png","contentUrl":"https:\/\/ds-barranquilla.org\/wp-content\/uploads\/2021\/05\/coleman_logo_2.png","width":418,"height":307,"caption":"Colegio Alem\u00e1n Barranquilla"},"image":{"@id":"https:\/\/ds-barranquilla.org\/#\/schema\/logo\/image\/"},"sameAs":["https:\/\/www.facebook.com\/ColegioAlemanBaq\/","https:\/\/x.com\/ColegioAlemanBq","https:\/\/www.instagram.com\/colegioalemanbaq\/","https:\/\/www.linkedin.com\/school\/deutsche-schule-barranquilla\/","https:\/\/www.youtube.com\/channel\/UCOOGZQCVs6aYRqIWvSN5agQ"]},{"@type":"Person","@id":"https:\/\/ds-barranquilla.org\/#\/schema\/person\/7bf8790ba89d3480e0551241ccdc8d36","name":"Comunicaciones Comunicaciones","image":{"@type":"ImageObject","inLanguage":"de","@id":"https:\/\/ds-barranquilla.org\/#\/schema\/person\/image\/","url":"https:\/\/secure.gravatar.com\/avatar\/a66ba9484a4338d81d6bea750e595038?s=96&d=mm&r=g","contentUrl":"https:\/\/secure.gravatar.com\/avatar\/a66ba9484a4338d81d6bea750e595038?s=96&d=mm&r=g","caption":"Comunicaciones Comunicaciones"}}]}},"_links":{"self":[{"href":"https:\/\/ds-barranquilla.org\/de\/wp-json\/wp\/v2\/posts\/4912"}],"collection":[{"href":"https:\/\/ds-barranquilla.org\/de\/wp-json\/wp\/v2\/posts"}],"about":[{"href":"https:\/\/ds-barranquilla.org\/de\/wp-json\/wp\/v2\/types\/post"}],"author":[{"embeddable":true,"href":"https:\/\/ds-barranquilla.org\/de\/wp-json\/wp\/v2\/users\/16"}],"replies":[{"embeddable":true,"href":"https:\/\/ds-barranquilla.org\/de\/wp-json\/wp\/v2\/comments?post=4912"}],"version-history":[{"count":1,"href":"https:\/\/ds-barranquilla.org\/de\/wp-json\/wp\/v2\/posts\/4912\/revisions"}],"predecessor-version":[{"id":4914,"href":"https:\/\/ds-barranquilla.org\/de\/wp-json\/wp\/v2\/posts\/4912\/revisions\/4914"}],"wp:featuredmedia":[{"embeddable":true,"href":"https:\/\/ds-barranquilla.org\/de\/wp-json\/wp\/v2\/media\/4913"}],"wp:attachment":[{"href":"https:\/\/ds-barranquilla.org\/de\/wp-json\/wp\/v2\/media?parent=4912"}],"wp:term":[{"taxonomy":"category","embeddable":true,"href":"https:\/\/ds-barranquilla.org\/de\/wp-json\/wp\/v2\/categories?post=4912"},{"taxonomy":"post_tag","embeddable":true,"href":"https:\/\/ds-barranquilla.org\/de\/wp-json\/wp\/v2\/tags?post=4912"}],"curies":[{"name":"wp","href":"https:\/\/api.w.org\/{rel}","templated":true}]}}