{"id":4915,"date":"2018-09-21T10:11:12","date_gmt":"2018-09-21T15:11:12","guid":{"rendered":"https:\/\/ds-barranquilla.org\/?p=4915"},"modified":"2023-01-04T11:07:24","modified_gmt":"2023-01-04T16:07:24","slug":"klasse-12-celebro-el-dia-del-amor-y-amistad-con-teatro-musica-y-danza","status":"publish","type":"post","link":"https:\/\/ds-barranquilla.org\/de\/klasse-12-celebro-el-dia-del-amor-y-amistad-con-teatro-musica-y-danza\/","title":{"rendered":"Klasse 12 celebr\u00f3 el D\u00eda del Amor y Amistad con teatro, m\u00fasica y danza"},"content":{"rendered":"<p>\u201cUm dich wiederzufinden\u201dhie\u00df das Musical, das uns die Sch\u00fcler der 12. Klasseam Freitag, den 21. September, am Tag der Liebe und Freundschaft, vorf\u00fchrten.<\/p>\n<p>Das Musical handelte von Sofia und Santiago, einem verliebten Paar, das sich getrennt hatte, weil Sofia zum Milit\u00e4rdienst gehen musste. Als Sofia nach ihrer Zeit beim Milit\u00e4r in ihre Heimat zur\u00fcckkehrte befand sich Santiago auf einer Selbstfindungsreise. Da sie ihn unbedingt wiedersehen wollte, um ihm ihre Liebe zu gestehen, begab sie sich mit ihren Freunden auf die Reise in verschiedene lateinamerikanische L\u00e4nder um ihn zu suchen.<\/p>\n<p>Das Musical durchlief mehrere Akte mit verschiedenen musikalischen Einlagen, Tanzchoreographien und traditionellen Zeichen der Liebe und Freundschaft.<\/p>\n<p>Ziel dieser Veranstaltung, die von den 12. Klassen \u201emit viel Liebe und M\u00fche produziert\u201c wurde, war es, die Wichtigkeit des Tages der Liebe und Freundschaft in Kolumbien im Rahmen der Deutschen Schule zu erkl\u00e4ren um schlussendlich die hier an der Schule gelebten Kulturen zu verbinden: die kolumbianische und die deutsche.<\/p>\n<p>&gt;&gt; Weitere Fotos auf Facebook<\/p>","protected":false},"excerpt":{"rendered":"<p>\u201cVolverte a encontrar\u201d\u202ffue el t\u00edtulo de la obra teatral y musical con la que los estudiantes de la\u202fKlasse 12\u202fcelebraron el\u202fD\u00eda del Amor y la Amistad\u202fel viernes<span class=\"excerpt-hellip\"> [\u2026]<\/span><\/p>","protected":false},"author":16,"featured_media":4916,"comment_status":"open","ping_status":"open","sticky":false,"template":"","format":"standard","meta":{"_exactmetrics_skip_tracking":false,"_exactmetrics_sitenote_active":false,"_exactmetrics_sitenote_note":"","_exactmetrics_sitenote_category":0,"_joinchat":[],"footnotes":""},"categories":[678,685,710],"tags":[439,433,437,443],"class_list":["post-4915","post","type-post","status-publish","format-standard","has-post-thumbnail","hentry","category-678","category-area-de-artes-visuales-e-interpretativas","category-secundaria","tag-439","tag-artes","tag-musica","tag-secundaria"],"yoast_head":"<!-- This site is optimized with the Yoast SEO plugin v23.3 - https:\/\/yoast.com\/wordpress\/plugins\/seo\/ -->\n<title>Klasse 12 celebr\u00f3 el D\u00eda del Amor y Amistad con teatro, m\u00fasica y danza - 2026<\/title>\n<meta name=\"robots\" content=\"noindex, follow, max-snippet:-1, max-image-preview:large, max-video-preview:-1\" \/>\n<meta property=\"og:locale\" content=\"de_DE\" \/>\n<meta property=\"og:type\" content=\"article\" \/>\n<meta property=\"og:title\" content=\"Klasse 12 celebr\u00f3 el D\u00eda del Amor y Amistad con teatro, m\u00fasica y danza - 2026\" \/>\n<meta property=\"og:description\" content=\"\u201cVolverte a encontrar\u201d\u202ffue el t\u00edtulo de la obra teatral y musical con la que los estudiantes de la\u202fKlasse 12\u202fcelebraron el\u202fD\u00eda del Amor y la Amistad\u202fel viernes [\u2026]\" \/>\n<meta property=\"og:url\" content=\"https:\/\/ds-barranquilla.org\/de\/klasse-12-celebro-el-dia-del-amor-y-amistad-con-teatro-musica-y-danza\/\" \/>\n<meta property=\"og:site_name\" content=\"Colegio Alem\u00e1n - Los Mejores Colegios de Colombia - Colegio Triling\u00fce\" \/>\n<meta property=\"article:publisher\" content=\"https:\/\/www.facebook.com\/ColegioAlemanBaq\/\" \/>\n<meta property=\"article:published_time\" content=\"2018-09-21T15:11:12+00:00\" \/>\n<meta property=\"article:modified_time\" content=\"2023-01-04T16:07:24+00:00\" \/>\n<meta property=\"og:image\" content=\"https:\/\/ds-barranquilla.org\/wp-content\/uploads\/2020\/07\/Klasse-12-celebr\u00f3-el-D\u00eda-del-Amor-y-Amistad-con-teatro-m\u00fasica-y-danza.jpg\" \/>\n\t<meta property=\"og:image:width\" content=\"573\" \/>\n\t<meta property=\"og:image:height\" content=\"252\" \/>\n\t<meta property=\"og:image:type\" content=\"image\/jpeg\" \/>\n<meta name=\"author\" content=\"Comunicaciones Comunicaciones\" \/>\n<meta name=\"twitter:card\" content=\"summary_large_image\" \/>\n<meta name=\"twitter:creator\" content=\"@ColegioAlemanBq\" \/>\n<meta name=\"twitter:site\" content=\"@ColegioAlemanBq\" \/>\n<meta name=\"twitter:label1\" content=\"Verfasst von\" \/>\n\t<meta name=\"twitter:data1\" content=\"Comunicaciones Comunicaciones\" \/>\n\t<meta name=\"twitter:label2\" content=\"Gesch\u00e4tzte Lesezeit\" \/>\n\t<meta name=\"twitter:data2\" content=\"1\u00a0Minute\" \/>\n<script type=\"application\/ld+json\" class=\"yoast-schema-graph\">{\"@context\":\"https:\/\/schema.org\",\"@graph\":[{\"@type\":\"Article\",\"@id\":\"https:\/\/ds-barranquilla.org\/de\/klasse-12-celebro-el-dia-del-amor-y-amistad-con-teatro-musica-y-danza\/#article\",\"isPartOf\":{\"@id\":\"https:\/\/ds-barranquilla.org\/de\/klasse-12-celebro-el-dia-del-amor-y-amistad-con-teatro-musica-y-danza\/\"},\"author\":{\"name\":\"Comunicaciones Comunicaciones\",\"@id\":\"https:\/\/ds-barranquilla.org\/#\/schema\/person\/7bf8790ba89d3480e0551241ccdc8d36\"},\"headline\":\"Klasse 12 celebr\u00f3 el D\u00eda del Amor y Amistad con teatro, m\u00fasica y danza\",\"datePublished\":\"2018-09-21T15:11:12+00:00\",\"dateModified\":\"2023-01-04T16:07:24+00:00\",\"mainEntityOfPage\":{\"@id\":\"https:\/\/ds-barranquilla.org\/de\/klasse-12-celebro-el-dia-del-amor-y-amistad-con-teatro-musica-y-danza\/\"},\"wordCount\":200,\"commentCount\":0,\"publisher\":{\"@id\":\"https:\/\/ds-barranquilla.org\/#organization\"},\"image\":{\"@id\":\"https:\/\/ds-barranquilla.org\/de\/klasse-12-celebro-el-dia-del-amor-y-amistad-con-teatro-musica-y-danza\/#primaryimage\"},\"thumbnailUrl\":\"https:\/\/ds-barranquilla.org\/wp-content\/uploads\/2020\/07\/Klasse-12-celebr\u00f3-el-D\u00eda-del-Amor-y-Amistad-con-teatro-m\u00fasica-y-danza.jpg\",\"keywords\":[\"2018\",\"Artes\",\"M\u00fasica\",\"secundaria\"],\"articleSection\":[\"2018\",\"\u00c1rea de Artes Visuales e Interpretativas\",\"Secundaria\"],\"inLanguage\":\"de\",\"potentialAction\":[{\"@type\":\"CommentAction\",\"name\":\"Comment\",\"target\":[\"https:\/\/ds-barranquilla.org\/de\/klasse-12-celebro-el-dia-del-amor-y-amistad-con-teatro-musica-y-danza\/#respond\"]}]},{\"@type\":\"WebPage\",\"@id\":\"https:\/\/ds-barranquilla.org\/de\/klasse-12-celebro-el-dia-del-amor-y-amistad-con-teatro-musica-y-danza\/\",\"url\":\"https:\/\/ds-barranquilla.org\/de\/klasse-12-celebro-el-dia-del-amor-y-amistad-con-teatro-musica-y-danza\/\",\"name\":\"Klasse 12 celebr\u00f3 el D\u00eda del Amor y Amistad con teatro, m\u00fasica y danza - 2026\",\"isPartOf\":{\"@id\":\"https:\/\/ds-barranquilla.org\/#website\"},\"primaryImageOfPage\":{\"@id\":\"https:\/\/ds-barranquilla.org\/de\/klasse-12-celebro-el-dia-del-amor-y-amistad-con-teatro-musica-y-danza\/#primaryimage\"},\"image\":{\"@id\":\"https:\/\/ds-barranquilla.org\/de\/klasse-12-celebro-el-dia-del-amor-y-amistad-con-teatro-musica-y-danza\/#primaryimage\"},\"thumbnailUrl\":\"https:\/\/ds-barranquilla.org\/wp-content\/uploads\/2020\/07\/Klasse-12-celebr\u00f3-el-D\u00eda-del-Amor-y-Amistad-con-teatro-m\u00fasica-y-danza.jpg\",\"datePublished\":\"2018-09-21T15:11:12+00:00\",\"dateModified\":\"2023-01-04T16:07:24+00:00\",\"breadcrumb\":{\"@id\":\"https:\/\/ds-barranquilla.org\/de\/klasse-12-celebro-el-dia-del-amor-y-amistad-con-teatro-musica-y-danza\/#breadcrumb\"},\"inLanguage\":\"de\",\"potentialAction\":[{\"@type\":\"ReadAction\",\"target\":[\"https:\/\/ds-barranquilla.org\/de\/klasse-12-celebro-el-dia-del-amor-y-amistad-con-teatro-musica-y-danza\/\"]}]},{\"@type\":\"ImageObject\",\"inLanguage\":\"de\",\"@id\":\"https:\/\/ds-barranquilla.org\/de\/klasse-12-celebro-el-dia-del-amor-y-amistad-con-teatro-musica-y-danza\/#primaryimage\",\"url\":\"https:\/\/ds-barranquilla.org\/wp-content\/uploads\/2020\/07\/Klasse-12-celebr\u00f3-el-D\u00eda-del-Amor-y-Amistad-con-teatro-m\u00fasica-y-danza.jpg\",\"contentUrl\":\"https:\/\/ds-barranquilla.org\/wp-content\/uploads\/2020\/07\/Klasse-12-celebr\u00f3-el-D\u00eda-del-Amor-y-Amistad-con-teatro-m\u00fasica-y-danza.jpg\",\"width\":573,\"height\":252},{\"@type\":\"BreadcrumbList\",\"@id\":\"https:\/\/ds-barranquilla.org\/de\/klasse-12-celebro-el-dia-del-amor-y-amistad-con-teatro-musica-y-danza\/#breadcrumb\",\"itemListElement\":[{\"@type\":\"ListItem\",\"position\":1,\"name\":\"Portada\",\"item\":\"https:\/\/ds-barranquilla.org\/\"},{\"@type\":\"ListItem\",\"position\":2,\"name\":\"Klasse 12 celebr\u00f3 el D\u00eda del Amor y Amistad con teatro, m\u00fasica y danza\"}]},{\"@type\":\"WebSite\",\"@id\":\"https:\/\/ds-barranquilla.org\/#website\",\"url\":\"https:\/\/ds-barranquilla.org\/\",\"name\":\"Colegio Alem\u00e1n - Los Mejores Colegios de Colombia - Colegio Triling\u00fce\",\"description\":\"Colegio Alem\u00e1n  Barranquilla Colombia - Colegio Biling\u00fce - Triling\u00fce - El Mejor Colegio de Colombia\",\"publisher\":{\"@id\":\"https:\/\/ds-barranquilla.org\/#organization\"},\"potentialAction\":[{\"@type\":\"SearchAction\",\"target\":{\"@type\":\"EntryPoint\",\"urlTemplate\":\"https:\/\/ds-barranquilla.org\/?s={search_term_string}\"},\"query-input\":\"required name=search_term_string\"}],\"inLanguage\":\"de\"},{\"@type\":\"Organization\",\"@id\":\"https:\/\/ds-barranquilla.org\/#organization\",\"name\":\"Colegio Alem\u00e1n Barranquilla\",\"url\":\"https:\/\/ds-barranquilla.org\/\",\"logo\":{\"@type\":\"ImageObject\",\"inLanguage\":\"de\",\"@id\":\"https:\/\/ds-barranquilla.org\/#\/schema\/logo\/image\/\",\"url\":\"https:\/\/ds-barranquilla.org\/wp-content\/uploads\/2021\/05\/coleman_logo_2.png\",\"contentUrl\":\"https:\/\/ds-barranquilla.org\/wp-content\/uploads\/2021\/05\/coleman_logo_2.png\",\"width\":418,\"height\":307,\"caption\":\"Colegio Alem\u00e1n Barranquilla\"},\"image\":{\"@id\":\"https:\/\/ds-barranquilla.org\/#\/schema\/logo\/image\/\"},\"sameAs\":[\"https:\/\/www.facebook.com\/ColegioAlemanBaq\/\",\"https:\/\/x.com\/ColegioAlemanBq\",\"https:\/\/www.instagram.com\/colegioalemanbaq\/\",\"https:\/\/www.linkedin.com\/school\/deutsche-schule-barranquilla\/\",\"https:\/\/www.youtube.com\/channel\/UCOOGZQCVs6aYRqIWvSN5agQ\"]},{\"@type\":\"Person\",\"@id\":\"https:\/\/ds-barranquilla.org\/#\/schema\/person\/7bf8790ba89d3480e0551241ccdc8d36\",\"name\":\"Comunicaciones Comunicaciones\",\"image\":{\"@type\":\"ImageObject\",\"inLanguage\":\"de\",\"@id\":\"https:\/\/ds-barranquilla.org\/#\/schema\/person\/image\/\",\"url\":\"https:\/\/secure.gravatar.com\/avatar\/a66ba9484a4338d81d6bea750e595038?s=96&d=mm&r=g\",\"contentUrl\":\"https:\/\/secure.gravatar.com\/avatar\/a66ba9484a4338d81d6bea750e595038?s=96&d=mm&r=g\",\"caption\":\"Comunicaciones Comunicaciones\"}}]}<\/script>\n<!-- \/ Yoast SEO plugin. -->","yoast_head_json":{"title":"Klasse 12 celebr\u00f3 el D\u00eda del Amor y Amistad con teatro, m\u00fasica y danza - 2026","robots":{"index":"noindex","follow":"follow","max-snippet":"max-snippet:-1","max-image-preview":"max-image-preview:large","max-video-preview":"max-video-preview:-1"},"og_locale":"de_DE","og_type":"article","og_title":"Klasse 12 celebr\u00f3 el D\u00eda del Amor y Amistad con teatro, m\u00fasica y danza - 2026","og_description":"\u201cVolverte a encontrar\u201d\u202ffue el t\u00edtulo de la obra teatral y musical con la que los estudiantes de la\u202fKlasse 12\u202fcelebraron el\u202fD\u00eda del Amor y la Amistad\u202fel viernes [\u2026]","og_url":"https:\/\/ds-barranquilla.org\/de\/klasse-12-celebro-el-dia-del-amor-y-amistad-con-teatro-musica-y-danza\/","og_site_name":"Colegio Alem\u00e1n - Los Mejores Colegios de Colombia - Colegio Triling\u00fce","article_publisher":"https:\/\/www.facebook.com\/ColegioAlemanBaq\/","article_published_time":"2018-09-21T15:11:12+00:00","article_modified_time":"2023-01-04T16:07:24+00:00","og_image":[{"width":573,"height":252,"url":"https:\/\/ds-barranquilla.org\/wp-content\/uploads\/2020\/07\/Klasse-12-celebr\u00f3-el-D\u00eda-del-Amor-y-Amistad-con-teatro-m\u00fasica-y-danza.jpg","type":"image\/jpeg"}],"author":"Comunicaciones Comunicaciones","twitter_card":"summary_large_image","twitter_creator":"@ColegioAlemanBq","twitter_site":"@ColegioAlemanBq","twitter_misc":{"Verfasst von":"Comunicaciones Comunicaciones","Gesch\u00e4tzte Lesezeit":"1\u00a0Minute"},"schema":{"@context":"https:\/\/schema.org","@graph":[{"@type":"Article","@id":"https:\/\/ds-barranquilla.org\/de\/klasse-12-celebro-el-dia-del-amor-y-amistad-con-teatro-musica-y-danza\/#article","isPartOf":{"@id":"https:\/\/ds-barranquilla.org\/de\/klasse-12-celebro-el-dia-del-amor-y-amistad-con-teatro-musica-y-danza\/"},"author":{"name":"Comunicaciones Comunicaciones","@id":"https:\/\/ds-barranquilla.org\/#\/schema\/person\/7bf8790ba89d3480e0551241ccdc8d36"},"headline":"Klasse 12 celebr\u00f3 el D\u00eda del Amor y Amistad con teatro, m\u00fasica y danza","datePublished":"2018-09-21T15:11:12+00:00","dateModified":"2023-01-04T16:07:24+00:00","mainEntityOfPage":{"@id":"https:\/\/ds-barranquilla.org\/de\/klasse-12-celebro-el-dia-del-amor-y-amistad-con-teatro-musica-y-danza\/"},"wordCount":200,"commentCount":0,"publisher":{"@id":"https:\/\/ds-barranquilla.org\/#organization"},"image":{"@id":"https:\/\/ds-barranquilla.org\/de\/klasse-12-celebro-el-dia-del-amor-y-amistad-con-teatro-musica-y-danza\/#primaryimage"},"thumbnailUrl":"https:\/\/ds-barranquilla.org\/wp-content\/uploads\/2020\/07\/Klasse-12-celebr\u00f3-el-D\u00eda-del-Amor-y-Amistad-con-teatro-m\u00fasica-y-danza.jpg","keywords":["2018","Artes","M\u00fasica","secundaria"],"articleSection":["2018","\u00c1rea de Artes Visuales e Interpretativas","Secundaria"],"inLanguage":"de","potentialAction":[{"@type":"CommentAction","name":"Comment","target":["https:\/\/ds-barranquilla.org\/de\/klasse-12-celebro-el-dia-del-amor-y-amistad-con-teatro-musica-y-danza\/#respond"]}]},{"@type":"WebPage","@id":"https:\/\/ds-barranquilla.org\/de\/klasse-12-celebro-el-dia-del-amor-y-amistad-con-teatro-musica-y-danza\/","url":"https:\/\/ds-barranquilla.org\/de\/klasse-12-celebro-el-dia-del-amor-y-amistad-con-teatro-musica-y-danza\/","name":"Klasse 12 celebr\u00f3 el D\u00eda del Amor y Amistad con teatro, m\u00fasica y danza - 2026","isPartOf":{"@id":"https:\/\/ds-barranquilla.org\/#website"},"primaryImageOfPage":{"@id":"https:\/\/ds-barranquilla.org\/de\/klasse-12-celebro-el-dia-del-amor-y-amistad-con-teatro-musica-y-danza\/#primaryimage"},"image":{"@id":"https:\/\/ds-barranquilla.org\/de\/klasse-12-celebro-el-dia-del-amor-y-amistad-con-teatro-musica-y-danza\/#primaryimage"},"thumbnailUrl":"https:\/\/ds-barranquilla.org\/wp-content\/uploads\/2020\/07\/Klasse-12-celebr\u00f3-el-D\u00eda-del-Amor-y-Amistad-con-teatro-m\u00fasica-y-danza.jpg","datePublished":"2018-09-21T15:11:12+00:00","dateModified":"2023-01-04T16:07:24+00:00","breadcrumb":{"@id":"https:\/\/ds-barranquilla.org\/de\/klasse-12-celebro-el-dia-del-amor-y-amistad-con-teatro-musica-y-danza\/#breadcrumb"},"inLanguage":"de","potentialAction":[{"@type":"ReadAction","target":["https:\/\/ds-barranquilla.org\/de\/klasse-12-celebro-el-dia-del-amor-y-amistad-con-teatro-musica-y-danza\/"]}]},{"@type":"ImageObject","inLanguage":"de","@id":"https:\/\/ds-barranquilla.org\/de\/klasse-12-celebro-el-dia-del-amor-y-amistad-con-teatro-musica-y-danza\/#primaryimage","url":"https:\/\/ds-barranquilla.org\/wp-content\/uploads\/2020\/07\/Klasse-12-celebr\u00f3-el-D\u00eda-del-Amor-y-Amistad-con-teatro-m\u00fasica-y-danza.jpg","contentUrl":"https:\/\/ds-barranquilla.org\/wp-content\/uploads\/2020\/07\/Klasse-12-celebr\u00f3-el-D\u00eda-del-Amor-y-Amistad-con-teatro-m\u00fasica-y-danza.jpg","width":573,"height":252},{"@type":"BreadcrumbList","@id":"https:\/\/ds-barranquilla.org\/de\/klasse-12-celebro-el-dia-del-amor-y-amistad-con-teatro-musica-y-danza\/#breadcrumb","itemListElement":[{"@type":"ListItem","position":1,"name":"Portada","item":"https:\/\/ds-barranquilla.org\/"},{"@type":"ListItem","position":2,"name":"Klasse 12 celebr\u00f3 el D\u00eda del Amor y Amistad con teatro, m\u00fasica y danza"}]},{"@type":"WebSite","@id":"https:\/\/ds-barranquilla.org\/#website","url":"https:\/\/ds-barranquilla.org\/","name":"Colegio Alem\u00e1n - Los Mejores Colegios de Colombia - Colegio Triling\u00fce","description":"Colegio Alem\u00e1n  Barranquilla Colombia - Colegio Biling\u00fce - Triling\u00fce - El Mejor Colegio de Colombia","publisher":{"@id":"https:\/\/ds-barranquilla.org\/#organization"},"potentialAction":[{"@type":"SearchAction","target":{"@type":"EntryPoint","urlTemplate":"https:\/\/ds-barranquilla.org\/?s={search_term_string}"},"query-input":"required name=search_term_string"}],"inLanguage":"de"},{"@type":"Organization","@id":"https:\/\/ds-barranquilla.org\/#organization","name":"Colegio Alem\u00e1n Barranquilla","url":"https:\/\/ds-barranquilla.org\/","logo":{"@type":"ImageObject","inLanguage":"de","@id":"https:\/\/ds-barranquilla.org\/#\/schema\/logo\/image\/","url":"https:\/\/ds-barranquilla.org\/wp-content\/uploads\/2021\/05\/coleman_logo_2.png","contentUrl":"https:\/\/ds-barranquilla.org\/wp-content\/uploads\/2021\/05\/coleman_logo_2.png","width":418,"height":307,"caption":"Colegio Alem\u00e1n Barranquilla"},"image":{"@id":"https:\/\/ds-barranquilla.org\/#\/schema\/logo\/image\/"},"sameAs":["https:\/\/www.facebook.com\/ColegioAlemanBaq\/","https:\/\/x.com\/ColegioAlemanBq","https:\/\/www.instagram.com\/colegioalemanbaq\/","https:\/\/www.linkedin.com\/school\/deutsche-schule-barranquilla\/","https:\/\/www.youtube.com\/channel\/UCOOGZQCVs6aYRqIWvSN5agQ"]},{"@type":"Person","@id":"https:\/\/ds-barranquilla.org\/#\/schema\/person\/7bf8790ba89d3480e0551241ccdc8d36","name":"Comunicaciones Comunicaciones","image":{"@type":"ImageObject","inLanguage":"de","@id":"https:\/\/ds-barranquilla.org\/#\/schema\/person\/image\/","url":"https:\/\/secure.gravatar.com\/avatar\/a66ba9484a4338d81d6bea750e595038?s=96&d=mm&r=g","contentUrl":"https:\/\/secure.gravatar.com\/avatar\/a66ba9484a4338d81d6bea750e595038?s=96&d=mm&r=g","caption":"Comunicaciones Comunicaciones"}}]}},"_links":{"self":[{"href":"https:\/\/ds-barranquilla.org\/de\/wp-json\/wp\/v2\/posts\/4915"}],"collection":[{"href":"https:\/\/ds-barranquilla.org\/de\/wp-json\/wp\/v2\/posts"}],"about":[{"href":"https:\/\/ds-barranquilla.org\/de\/wp-json\/wp\/v2\/types\/post"}],"author":[{"embeddable":true,"href":"https:\/\/ds-barranquilla.org\/de\/wp-json\/wp\/v2\/users\/16"}],"replies":[{"embeddable":true,"href":"https:\/\/ds-barranquilla.org\/de\/wp-json\/wp\/v2\/comments?post=4915"}],"version-history":[{"count":1,"href":"https:\/\/ds-barranquilla.org\/de\/wp-json\/wp\/v2\/posts\/4915\/revisions"}],"predecessor-version":[{"id":4917,"href":"https:\/\/ds-barranquilla.org\/de\/wp-json\/wp\/v2\/posts\/4915\/revisions\/4917"}],"wp:featuredmedia":[{"embeddable":true,"href":"https:\/\/ds-barranquilla.org\/de\/wp-json\/wp\/v2\/media\/4916"}],"wp:attachment":[{"href":"https:\/\/ds-barranquilla.org\/de\/wp-json\/wp\/v2\/media?parent=4915"}],"wp:term":[{"taxonomy":"category","embeddable":true,"href":"https:\/\/ds-barranquilla.org\/de\/wp-json\/wp\/v2\/categories?post=4915"},{"taxonomy":"post_tag","embeddable":true,"href":"https:\/\/ds-barranquilla.org\/de\/wp-json\/wp\/v2\/tags?post=4915"}],"curies":[{"name":"wp","href":"https:\/\/api.w.org\/{rel}","templated":true}]}}