{"id":4921,"date":"2018-11-21T11:06:58","date_gmt":"2018-11-21T16:06:58","guid":{"rendered":"https:\/\/ds-barranquilla.org\/?p=4921"},"modified":"2022-12-21T08:46:10","modified_gmt":"2022-12-21T13:46:10","slug":"el-intercambio-escolar-en-la-escuela-de-familias","status":"publish","type":"post","link":"https:\/\/ds-barranquilla.org\/de\/el-intercambio-escolar-en-la-escuela-de-familias\/","title":{"rendered":"El Intercambio Escolar en la Escuela de Familias"},"content":{"rendered":"<p>&#8220;La m\u00e1s peligrosa de todas las cosmovisiones\u202fes la visi\u00f3n del mundo de la gente que no ha mirado el mundo&#8221;.<\/p>\n<p>Alexander von Humboldt<\/p>\n<p>La m\u00e1s reciente sesi\u00f3n de la Escuela de Familias del Colegio Alem\u00e1n de Barranquilla se centr\u00f3 en uno de los factores \u00fanicos que tiene nuestra instituci\u00f3n frente a las dem\u00e1s de la regi\u00f3n: el intercambio con Alemania.\u202fJulie Huet,\u202fCoordinadora de este programa en nuestro colegio, fue la encargada de explicar a los padres de familia de Klasse 6 a Klasse 9 en qu\u00e9 consiste y cu\u00e1les son sus objetivos.<\/p>\n<p>El Intercambio en el Colegio Alem\u00e1n va m\u00e1s all\u00e1 de visitar Alemania, conocer mejor la cultura y practicar el idioma. La nueva propuesta que se est\u00e1 desarrollando busca que nuestros estudiantes superen las fronteras, formen su tolerancia, eliminen sus prejuicios, conozcan profundamente este pa\u00eds y, de ser posible, otros lugares de Europa, abran su mente y se acerquen a la inmensa oferta educativa, cultural y deportiva a la que pueden acceder.<\/p>\n<p>Tras esta parte introductoria, Huet explic\u00f3 los requisitos acad\u00e9micos y los criterios de evaluaci\u00f3n que entran en juego a la hora de definir si un estudiante se puede ir a Alemania por tres o por seis meses, expuso algunas notas aclaratorias sobre el Reglamento de Intercambio y habl\u00f3 sobre el proceso de b\u00fasqueda de familia anfitriona en ese pa\u00eds.<\/p>\n<p>El \u00faltimo punto fue el que m\u00e1s gener\u00f3 preguntas entre los asistentes al evento. Por esto, la Coordinadora del Intercambio aclar\u00f3 que el Colegio Alem\u00e1n ofrece a los estudiantes un plan de preparaci\u00f3n para que la experiencia del Intercambio sea la mejor a trav\u00e9s de charlas informativas, el aprendizaje de las experiencias de sus compa\u00f1eros, el trabajo coordinado con otras \u00e1reas del colegio, entre otras estrategias.<\/p>\n<p>Igualmente, cuando los chicos llegan a Alemania cuentan con unos d\u00edas de inducci\u00f3n que les permiten familiarizarse con las costumbres alemanas y, de paso, conocer un poco m\u00e1s algunas universidades y centros de investigaci\u00f3n, con miras a que abran sus horizontes a incontables posibilidades de educaci\u00f3n superior.<\/p>\n<p>Julie Huet, de familia alemana y francesa, tambi\u00e9n les dio muchas recomendaciones a los padres para que, desde ya, vayan preparando a sus hijos para su viaje.<\/p>\n<p>Quienes tengan m\u00e1s preguntas sobre el tema, pueden contactar a la Oficina Internacional escribiendo al correo:\u202faustausch.baq@colegioaleman.edu.co.<\/p>\n<p>Esperen pronto m\u00e1s informaci\u00f3n sobre la Escuela de Familias del Colegio Alem\u00e1n, liderada por el Consejo de Padres y el \u00e1rea de Psicolog\u00eda.<\/p>","protected":false},"excerpt":{"rendered":"<p>&#8220;La m\u00e1s peligrosa de todas las cosmovisiones\u202fes la visi\u00f3n del mundo de la gente que no ha mirado el mundo&#8221;. Alexander von Humboldt La m\u00e1s reciente<span class=\"excerpt-hellip\"> [\u2026]<\/span><\/p>","protected":false},"author":16,"featured_media":4922,"comment_status":"open","ping_status":"open","sticky":false,"template":"","format":"standard","meta":{"_exactmetrics_skip_tracking":false,"_exactmetrics_sitenote_active":false,"_exactmetrics_sitenote_note":"","_exactmetrics_sitenote_category":0,"_joinchat":[],"footnotes":""},"categories":[678,699,704,705],"tags":[439,432],"class_list":["post-4921","post","type-post","status-publish","format-standard","has-post-thumbnail","hentry","category-678","category-consejo-de-padres","category-oficina-de-relaciones-internacionales","category-orientacion-psicoeducativa","tag-439","tag-aleman"],"yoast_head":"<!-- This site is optimized with the Yoast SEO plugin v23.3 - https:\/\/yoast.com\/wordpress\/plugins\/seo\/ -->\n<title>El Intercambio Escolar en la Escuela de Familias - 2026<\/title>\n<meta name=\"robots\" content=\"noindex, follow, max-snippet:-1, max-image-preview:large, max-video-preview:-1\" \/>\n<meta property=\"og:locale\" content=\"de_DE\" \/>\n<meta property=\"og:type\" content=\"article\" \/>\n<meta property=\"og:title\" content=\"El Intercambio Escolar en la Escuela de Familias - 2026\" \/>\n<meta property=\"og:description\" content=\"&#8220;La m\u00e1s peligrosa de todas las cosmovisiones\u202fes la visi\u00f3n del mundo de la gente que no ha mirado el mundo&#8221;. Alexander von Humboldt La m\u00e1s reciente [\u2026]\" \/>\n<meta property=\"og:url\" content=\"https:\/\/ds-barranquilla.org\/de\/el-intercambio-escolar-en-la-escuela-de-familias\/\" \/>\n<meta property=\"og:site_name\" content=\"Colegio Alem\u00e1n - Los Mejores Colegios de Colombia - Colegio Triling\u00fce\" \/>\n<meta property=\"article:publisher\" content=\"https:\/\/www.facebook.com\/ColegioAlemanBaq\/\" \/>\n<meta property=\"article:published_time\" content=\"2018-11-21T16:06:58+00:00\" \/>\n<meta property=\"article:modified_time\" content=\"2022-12-21T13:46:10+00:00\" \/>\n<meta property=\"og:image\" content=\"https:\/\/ds-barranquilla.org\/wp-content\/uploads\/2020\/07\/El-Intercambio-Escolar-en-la-Escuela-de-Familias.jpg\" \/>\n\t<meta property=\"og:image:width\" content=\"580\" \/>\n\t<meta property=\"og:image:height\" content=\"261\" \/>\n\t<meta property=\"og:image:type\" content=\"image\/jpeg\" \/>\n<meta name=\"author\" content=\"Comunicaciones Comunicaciones\" \/>\n<meta name=\"twitter:card\" content=\"summary_large_image\" \/>\n<meta name=\"twitter:creator\" content=\"@ColegioAlemanBq\" \/>\n<meta name=\"twitter:site\" content=\"@ColegioAlemanBq\" \/>\n<meta name=\"twitter:label1\" content=\"Verfasst von\" \/>\n\t<meta name=\"twitter:data1\" content=\"Comunicaciones Comunicaciones\" \/>\n\t<meta name=\"twitter:label2\" content=\"Gesch\u00e4tzte Lesezeit\" \/>\n\t<meta name=\"twitter:data2\" content=\"2\u00a0Minuten\" \/>\n<script type=\"application\/ld+json\" class=\"yoast-schema-graph\">{\"@context\":\"https:\/\/schema.org\",\"@graph\":[{\"@type\":\"Article\",\"@id\":\"https:\/\/ds-barranquilla.org\/de\/el-intercambio-escolar-en-la-escuela-de-familias\/#article\",\"isPartOf\":{\"@id\":\"https:\/\/ds-barranquilla.org\/de\/el-intercambio-escolar-en-la-escuela-de-familias\/\"},\"author\":{\"name\":\"Comunicaciones Comunicaciones\",\"@id\":\"https:\/\/ds-barranquilla.org\/#\/schema\/person\/7bf8790ba89d3480e0551241ccdc8d36\"},\"headline\":\"El Intercambio Escolar en la Escuela de Familias\",\"datePublished\":\"2018-11-21T16:06:58+00:00\",\"dateModified\":\"2022-12-21T13:46:10+00:00\",\"mainEntityOfPage\":{\"@id\":\"https:\/\/ds-barranquilla.org\/de\/el-intercambio-escolar-en-la-escuela-de-familias\/\"},\"wordCount\":446,\"commentCount\":0,\"publisher\":{\"@id\":\"https:\/\/ds-barranquilla.org\/#organization\"},\"image\":{\"@id\":\"https:\/\/ds-barranquilla.org\/de\/el-intercambio-escolar-en-la-escuela-de-familias\/#primaryimage\"},\"thumbnailUrl\":\"https:\/\/ds-barranquilla.org\/wp-content\/uploads\/2020\/07\/El-Intercambio-Escolar-en-la-Escuela-de-Familias.jpg\",\"keywords\":[\"2018\",\"Alem\u00e1n\"],\"articleSection\":[\"2018\",\"Consejo de Padres\",\"Oficina de Relaciones Internacionales\",\"Orientaci\u00f3n Psicoeducativa\"],\"inLanguage\":\"de\",\"potentialAction\":[{\"@type\":\"CommentAction\",\"name\":\"Comment\",\"target\":[\"https:\/\/ds-barranquilla.org\/de\/el-intercambio-escolar-en-la-escuela-de-familias\/#respond\"]}]},{\"@type\":\"WebPage\",\"@id\":\"https:\/\/ds-barranquilla.org\/de\/el-intercambio-escolar-en-la-escuela-de-familias\/\",\"url\":\"https:\/\/ds-barranquilla.org\/de\/el-intercambio-escolar-en-la-escuela-de-familias\/\",\"name\":\"El Intercambio Escolar en la Escuela de Familias - 2026\",\"isPartOf\":{\"@id\":\"https:\/\/ds-barranquilla.org\/#website\"},\"primaryImageOfPage\":{\"@id\":\"https:\/\/ds-barranquilla.org\/de\/el-intercambio-escolar-en-la-escuela-de-familias\/#primaryimage\"},\"image\":{\"@id\":\"https:\/\/ds-barranquilla.org\/de\/el-intercambio-escolar-en-la-escuela-de-familias\/#primaryimage\"},\"thumbnailUrl\":\"https:\/\/ds-barranquilla.org\/wp-content\/uploads\/2020\/07\/El-Intercambio-Escolar-en-la-Escuela-de-Familias.jpg\",\"datePublished\":\"2018-11-21T16:06:58+00:00\",\"dateModified\":\"2022-12-21T13:46:10+00:00\",\"breadcrumb\":{\"@id\":\"https:\/\/ds-barranquilla.org\/de\/el-intercambio-escolar-en-la-escuela-de-familias\/#breadcrumb\"},\"inLanguage\":\"de\",\"potentialAction\":[{\"@type\":\"ReadAction\",\"target\":[\"https:\/\/ds-barranquilla.org\/de\/el-intercambio-escolar-en-la-escuela-de-familias\/\"]}]},{\"@type\":\"ImageObject\",\"inLanguage\":\"de\",\"@id\":\"https:\/\/ds-barranquilla.org\/de\/el-intercambio-escolar-en-la-escuela-de-familias\/#primaryimage\",\"url\":\"https:\/\/ds-barranquilla.org\/wp-content\/uploads\/2020\/07\/El-Intercambio-Escolar-en-la-Escuela-de-Familias.jpg\",\"contentUrl\":\"https:\/\/ds-barranquilla.org\/wp-content\/uploads\/2020\/07\/El-Intercambio-Escolar-en-la-Escuela-de-Familias.jpg\",\"width\":580,\"height\":261},{\"@type\":\"BreadcrumbList\",\"@id\":\"https:\/\/ds-barranquilla.org\/de\/el-intercambio-escolar-en-la-escuela-de-familias\/#breadcrumb\",\"itemListElement\":[{\"@type\":\"ListItem\",\"position\":1,\"name\":\"Portada\",\"item\":\"https:\/\/ds-barranquilla.org\/\"},{\"@type\":\"ListItem\",\"position\":2,\"name\":\"El Intercambio Escolar en la Escuela de Familias\"}]},{\"@type\":\"WebSite\",\"@id\":\"https:\/\/ds-barranquilla.org\/#website\",\"url\":\"https:\/\/ds-barranquilla.org\/\",\"name\":\"Colegio Alem\u00e1n - Los Mejores Colegios de Colombia - Colegio Triling\u00fce\",\"description\":\"Colegio Alem\u00e1n  Barranquilla Colombia - Colegio Biling\u00fce - Triling\u00fce - El Mejor Colegio de Colombia\",\"publisher\":{\"@id\":\"https:\/\/ds-barranquilla.org\/#organization\"},\"potentialAction\":[{\"@type\":\"SearchAction\",\"target\":{\"@type\":\"EntryPoint\",\"urlTemplate\":\"https:\/\/ds-barranquilla.org\/?s={search_term_string}\"},\"query-input\":\"required name=search_term_string\"}],\"inLanguage\":\"de\"},{\"@type\":\"Organization\",\"@id\":\"https:\/\/ds-barranquilla.org\/#organization\",\"name\":\"Colegio Alem\u00e1n Barranquilla\",\"url\":\"https:\/\/ds-barranquilla.org\/\",\"logo\":{\"@type\":\"ImageObject\",\"inLanguage\":\"de\",\"@id\":\"https:\/\/ds-barranquilla.org\/#\/schema\/logo\/image\/\",\"url\":\"https:\/\/ds-barranquilla.org\/wp-content\/uploads\/2021\/05\/coleman_logo_2.png\",\"contentUrl\":\"https:\/\/ds-barranquilla.org\/wp-content\/uploads\/2021\/05\/coleman_logo_2.png\",\"width\":418,\"height\":307,\"caption\":\"Colegio Alem\u00e1n Barranquilla\"},\"image\":{\"@id\":\"https:\/\/ds-barranquilla.org\/#\/schema\/logo\/image\/\"},\"sameAs\":[\"https:\/\/www.facebook.com\/ColegioAlemanBaq\/\",\"https:\/\/x.com\/ColegioAlemanBq\",\"https:\/\/www.instagram.com\/colegioalemanbaq\/\",\"https:\/\/www.linkedin.com\/school\/deutsche-schule-barranquilla\/\",\"https:\/\/www.youtube.com\/channel\/UCOOGZQCVs6aYRqIWvSN5agQ\"]},{\"@type\":\"Person\",\"@id\":\"https:\/\/ds-barranquilla.org\/#\/schema\/person\/7bf8790ba89d3480e0551241ccdc8d36\",\"name\":\"Comunicaciones Comunicaciones\",\"image\":{\"@type\":\"ImageObject\",\"inLanguage\":\"de\",\"@id\":\"https:\/\/ds-barranquilla.org\/#\/schema\/person\/image\/\",\"url\":\"https:\/\/secure.gravatar.com\/avatar\/a66ba9484a4338d81d6bea750e595038?s=96&d=mm&r=g\",\"contentUrl\":\"https:\/\/secure.gravatar.com\/avatar\/a66ba9484a4338d81d6bea750e595038?s=96&d=mm&r=g\",\"caption\":\"Comunicaciones Comunicaciones\"}}]}<\/script>\n<!-- \/ Yoast SEO plugin. -->","yoast_head_json":{"title":"El Intercambio Escolar en la Escuela de Familias - 2026","robots":{"index":"noindex","follow":"follow","max-snippet":"max-snippet:-1","max-image-preview":"max-image-preview:large","max-video-preview":"max-video-preview:-1"},"og_locale":"de_DE","og_type":"article","og_title":"El Intercambio Escolar en la Escuela de Familias - 2026","og_description":"&#8220;La m\u00e1s peligrosa de todas las cosmovisiones\u202fes la visi\u00f3n del mundo de la gente que no ha mirado el mundo&#8221;. Alexander von Humboldt La m\u00e1s reciente [\u2026]","og_url":"https:\/\/ds-barranquilla.org\/de\/el-intercambio-escolar-en-la-escuela-de-familias\/","og_site_name":"Colegio Alem\u00e1n - Los Mejores Colegios de Colombia - Colegio Triling\u00fce","article_publisher":"https:\/\/www.facebook.com\/ColegioAlemanBaq\/","article_published_time":"2018-11-21T16:06:58+00:00","article_modified_time":"2022-12-21T13:46:10+00:00","og_image":[{"width":580,"height":261,"url":"https:\/\/ds-barranquilla.org\/wp-content\/uploads\/2020\/07\/El-Intercambio-Escolar-en-la-Escuela-de-Familias.jpg","type":"image\/jpeg"}],"author":"Comunicaciones Comunicaciones","twitter_card":"summary_large_image","twitter_creator":"@ColegioAlemanBq","twitter_site":"@ColegioAlemanBq","twitter_misc":{"Verfasst von":"Comunicaciones Comunicaciones","Gesch\u00e4tzte Lesezeit":"2\u00a0Minuten"},"schema":{"@context":"https:\/\/schema.org","@graph":[{"@type":"Article","@id":"https:\/\/ds-barranquilla.org\/de\/el-intercambio-escolar-en-la-escuela-de-familias\/#article","isPartOf":{"@id":"https:\/\/ds-barranquilla.org\/de\/el-intercambio-escolar-en-la-escuela-de-familias\/"},"author":{"name":"Comunicaciones Comunicaciones","@id":"https:\/\/ds-barranquilla.org\/#\/schema\/person\/7bf8790ba89d3480e0551241ccdc8d36"},"headline":"El Intercambio Escolar en la Escuela de Familias","datePublished":"2018-11-21T16:06:58+00:00","dateModified":"2022-12-21T13:46:10+00:00","mainEntityOfPage":{"@id":"https:\/\/ds-barranquilla.org\/de\/el-intercambio-escolar-en-la-escuela-de-familias\/"},"wordCount":446,"commentCount":0,"publisher":{"@id":"https:\/\/ds-barranquilla.org\/#organization"},"image":{"@id":"https:\/\/ds-barranquilla.org\/de\/el-intercambio-escolar-en-la-escuela-de-familias\/#primaryimage"},"thumbnailUrl":"https:\/\/ds-barranquilla.org\/wp-content\/uploads\/2020\/07\/El-Intercambio-Escolar-en-la-Escuela-de-Familias.jpg","keywords":["2018","Alem\u00e1n"],"articleSection":["2018","Consejo de Padres","Oficina de Relaciones Internacionales","Orientaci\u00f3n Psicoeducativa"],"inLanguage":"de","potentialAction":[{"@type":"CommentAction","name":"Comment","target":["https:\/\/ds-barranquilla.org\/de\/el-intercambio-escolar-en-la-escuela-de-familias\/#respond"]}]},{"@type":"WebPage","@id":"https:\/\/ds-barranquilla.org\/de\/el-intercambio-escolar-en-la-escuela-de-familias\/","url":"https:\/\/ds-barranquilla.org\/de\/el-intercambio-escolar-en-la-escuela-de-familias\/","name":"El Intercambio Escolar en la Escuela de Familias - 2026","isPartOf":{"@id":"https:\/\/ds-barranquilla.org\/#website"},"primaryImageOfPage":{"@id":"https:\/\/ds-barranquilla.org\/de\/el-intercambio-escolar-en-la-escuela-de-familias\/#primaryimage"},"image":{"@id":"https:\/\/ds-barranquilla.org\/de\/el-intercambio-escolar-en-la-escuela-de-familias\/#primaryimage"},"thumbnailUrl":"https:\/\/ds-barranquilla.org\/wp-content\/uploads\/2020\/07\/El-Intercambio-Escolar-en-la-Escuela-de-Familias.jpg","datePublished":"2018-11-21T16:06:58+00:00","dateModified":"2022-12-21T13:46:10+00:00","breadcrumb":{"@id":"https:\/\/ds-barranquilla.org\/de\/el-intercambio-escolar-en-la-escuela-de-familias\/#breadcrumb"},"inLanguage":"de","potentialAction":[{"@type":"ReadAction","target":["https:\/\/ds-barranquilla.org\/de\/el-intercambio-escolar-en-la-escuela-de-familias\/"]}]},{"@type":"ImageObject","inLanguage":"de","@id":"https:\/\/ds-barranquilla.org\/de\/el-intercambio-escolar-en-la-escuela-de-familias\/#primaryimage","url":"https:\/\/ds-barranquilla.org\/wp-content\/uploads\/2020\/07\/El-Intercambio-Escolar-en-la-Escuela-de-Familias.jpg","contentUrl":"https:\/\/ds-barranquilla.org\/wp-content\/uploads\/2020\/07\/El-Intercambio-Escolar-en-la-Escuela-de-Familias.jpg","width":580,"height":261},{"@type":"BreadcrumbList","@id":"https:\/\/ds-barranquilla.org\/de\/el-intercambio-escolar-en-la-escuela-de-familias\/#breadcrumb","itemListElement":[{"@type":"ListItem","position":1,"name":"Portada","item":"https:\/\/ds-barranquilla.org\/"},{"@type":"ListItem","position":2,"name":"El Intercambio Escolar en la Escuela de Familias"}]},{"@type":"WebSite","@id":"https:\/\/ds-barranquilla.org\/#website","url":"https:\/\/ds-barranquilla.org\/","name":"Colegio Alem\u00e1n - Los Mejores Colegios de Colombia - Colegio Triling\u00fce","description":"Colegio Alem\u00e1n  Barranquilla Colombia - Colegio Biling\u00fce - Triling\u00fce - El Mejor Colegio de Colombia","publisher":{"@id":"https:\/\/ds-barranquilla.org\/#organization"},"potentialAction":[{"@type":"SearchAction","target":{"@type":"EntryPoint","urlTemplate":"https:\/\/ds-barranquilla.org\/?s={search_term_string}"},"query-input":"required name=search_term_string"}],"inLanguage":"de"},{"@type":"Organization","@id":"https:\/\/ds-barranquilla.org\/#organization","name":"Colegio Alem\u00e1n Barranquilla","url":"https:\/\/ds-barranquilla.org\/","logo":{"@type":"ImageObject","inLanguage":"de","@id":"https:\/\/ds-barranquilla.org\/#\/schema\/logo\/image\/","url":"https:\/\/ds-barranquilla.org\/wp-content\/uploads\/2021\/05\/coleman_logo_2.png","contentUrl":"https:\/\/ds-barranquilla.org\/wp-content\/uploads\/2021\/05\/coleman_logo_2.png","width":418,"height":307,"caption":"Colegio Alem\u00e1n Barranquilla"},"image":{"@id":"https:\/\/ds-barranquilla.org\/#\/schema\/logo\/image\/"},"sameAs":["https:\/\/www.facebook.com\/ColegioAlemanBaq\/","https:\/\/x.com\/ColegioAlemanBq","https:\/\/www.instagram.com\/colegioalemanbaq\/","https:\/\/www.linkedin.com\/school\/deutsche-schule-barranquilla\/","https:\/\/www.youtube.com\/channel\/UCOOGZQCVs6aYRqIWvSN5agQ"]},{"@type":"Person","@id":"https:\/\/ds-barranquilla.org\/#\/schema\/person\/7bf8790ba89d3480e0551241ccdc8d36","name":"Comunicaciones Comunicaciones","image":{"@type":"ImageObject","inLanguage":"de","@id":"https:\/\/ds-barranquilla.org\/#\/schema\/person\/image\/","url":"https:\/\/secure.gravatar.com\/avatar\/a66ba9484a4338d81d6bea750e595038?s=96&d=mm&r=g","contentUrl":"https:\/\/secure.gravatar.com\/avatar\/a66ba9484a4338d81d6bea750e595038?s=96&d=mm&r=g","caption":"Comunicaciones Comunicaciones"}}]}},"_links":{"self":[{"href":"https:\/\/ds-barranquilla.org\/de\/wp-json\/wp\/v2\/posts\/4921"}],"collection":[{"href":"https:\/\/ds-barranquilla.org\/de\/wp-json\/wp\/v2\/posts"}],"about":[{"href":"https:\/\/ds-barranquilla.org\/de\/wp-json\/wp\/v2\/types\/post"}],"author":[{"embeddable":true,"href":"https:\/\/ds-barranquilla.org\/de\/wp-json\/wp\/v2\/users\/16"}],"replies":[{"embeddable":true,"href":"https:\/\/ds-barranquilla.org\/de\/wp-json\/wp\/v2\/comments?post=4921"}],"version-history":[{"count":1,"href":"https:\/\/ds-barranquilla.org\/de\/wp-json\/wp\/v2\/posts\/4921\/revisions"}],"predecessor-version":[{"id":4923,"href":"https:\/\/ds-barranquilla.org\/de\/wp-json\/wp\/v2\/posts\/4921\/revisions\/4923"}],"wp:featuredmedia":[{"embeddable":true,"href":"https:\/\/ds-barranquilla.org\/de\/wp-json\/wp\/v2\/media\/4922"}],"wp:attachment":[{"href":"https:\/\/ds-barranquilla.org\/de\/wp-json\/wp\/v2\/media?parent=4921"}],"wp:term":[{"taxonomy":"category","embeddable":true,"href":"https:\/\/ds-barranquilla.org\/de\/wp-json\/wp\/v2\/categories?post=4921"},{"taxonomy":"post_tag","embeddable":true,"href":"https:\/\/ds-barranquilla.org\/de\/wp-json\/wp\/v2\/tags?post=4921"}],"curies":[{"name":"wp","href":"https:\/\/api.w.org\/{rel}","templated":true}]}}