{"id":4933,"date":"2018-04-23T14:49:17","date_gmt":"2018-04-23T19:49:17","guid":{"rendered":"https:\/\/ds-barranquilla.org\/?p=4933"},"modified":"2022-12-21T08:21:10","modified_gmt":"2022-12-21T13:21:10","slug":"finaliza-con-exito-euromodell-2018","status":"publish","type":"post","link":"https:\/\/ds-barranquilla.org\/de\/finaliza-con-exito-euromodell-2018\/","title":{"rendered":"Finaliza con \u00e9xito Euromodell 2018"},"content":{"rendered":"<p>Con gran \u00e9xito cerr\u00f3 la sexta versi\u00f3n del\u202fEuromodell del Colegio Alem\u00e1n,\u202fque estuvo llena de novedades hasta el \u00faltimo d\u00eda. En esta ocasi\u00f3n la jornada de cierre fue el escenario para una sesi\u00f3n plenaria desde el auditorio de la instituci\u00f3n, sobre una crisis coyuntural con la participaci\u00f3n de todos los comit\u00e9s del modelo. La sesi\u00f3n estuvo moderada por el Presidente\u202fMauricio Ropain,\u202fel Vicepresidente\u202fAlexander Villar\u202fy la Secretaria\u202fLina Rodr\u00edguez.<\/p>\n<p>Siguiendo el sistema de afiliaci\u00f3n de partidos del Parlamento Europeo, los integrantes de cada parlamento se unieron en alianzas (PPE, S&amp;D, Green, Alde, EFD, ALN y C&amp;R) para debatir sobre un hipot\u00e9tico atentado terrorista en Polonia y la reacci\u00f3n que ese atentado gener\u00f3 en contra de la poblaci\u00f3n inmigrante de ese pa\u00eds. Los delegados del Consejo Europeo de las Naciones, como representaban pa\u00edses, eran aut\u00f3nomos de debatir teniendo en cuenta la posici\u00f3n ideol\u00f3gica del partido de la administraci\u00f3n vigente.<\/p>\n<p>En la ceremonia de clausura intervino Lina Rodr\u00edguez, Secretaria General del modelo, quien en un emotivo discurso reflexion\u00f3 sobre la importancia de los temas debatidos y su aporte como experiencia personal. \u201cLos modelos son la luz que hace cambiar la percepci\u00f3n de la realidad y nos saca de aquella burbuja en la que todo es perfecto, incluy\u00e9ndonos a nosotros mismos\u201d\u2026 Los modelos \u201cpermiten reflexionar\u202f\u202fy entender que nuestros problemas personales no son tan grandes como los hacemos ver frente los problemas del mundo actual\u201d. Finalmente Lina invit\u00f3 a los estudiantes participantes a ser los \u201cparlamentarios de sus propias vidas\u201d.<\/p>\n<p>La entrega de los premios y reconocimientos estuvo a cargo del presidente del Euromodell Mauricio Ropain y\u202fMery Orozco,\u202fCoordinadora.<\/p>\n<p>A continuaci\u00f3n, el listado oficial de ganadores:<\/p>\n<p>Mejor Colegio Biling\u00fce:\u202fColegio Andino de Bogot\u00e1<br \/>\nMejor Colegio Nacional:\u202fColegio Jerusalem de Barranquilla<\/p>\n<p>Mejores Parlamentarios:<br \/>\n-Bundestag:\u202fHugo Contreras \u2013 Colegio Andino de Bogot\u00e1<br \/>\n-British Parliament:\u202fNicol\u00e1s C\u00e1rdenas\u202f\u2013\u202fColegio Andino de Bogot\u00e1<br \/>\n-Congreso de los Diputados:\u202fIrene Espinosa \u2013 Colegio Andino de Bogot\u00e1<br \/>\n-Consejo Europeo de las Naciones:\u202fNicol\u00e1s Garrido \u2013 Colegio Andino de Bogot\u00e1<br \/>\n-Mejor Europarlamentaria de la Plenaria:\u202fDaniela Palacio \u2013 Colegio Alem\u00e1n Barranquilla<\/p>\n<p>Parlamentarios destacados:<br \/>\n-Bundestag:\u202fKevin Barrios \u2013 Colegio Alem\u00e1n Barranquilla y Rafael Bodensiek \u2013\u202f\u202fColegio Alem\u00e1n Barranquilla<br \/>\n-British Parliament:\u202fNelson Castro \u2013 Colegio Alem\u00e1n Barranquilla y Jos\u00e9 Alejando\u202f\u202fLallemand \u2013 Colegio Brit\u00e1nico<br \/>\n-Congreso de los Diputados:\u202fJorge Stefanell \u2013 Colegio Hebreo, Ricardo Sahie \u2013\u202fColegio Jerusalem y Natalia Giraldo \u2013 Colegio Andino<br \/>\n-Consejo Europeo de las Naciones:\u202f\u00c1ngela Baquero \u2013 Colegio Karl Parrish y Shaday Palacio \u2013 American School<\/p>\n<p>Mejor Presidente de Parlamento:\u202fMar\u00eda Jos\u00e9 Teichmann \u2013 Colegio Alem\u00e1n Barranquilla<br \/>\nMejor presidente de Parlamento Colegio Invitado:\u202fYuliana Santiago \u2013 Colegio Altamira<\/p>\n<p>\u00a1Gracias a todos los que participaron en el Euromodell 2018!<\/p>\n<p>Fotos: Equipo de Prensa Euromodell<br \/>\n&gt;&gt; Weitere Fotos auf flickr<\/p>","protected":false},"excerpt":{"rendered":"<p>Con gran \u00e9xito cerr\u00f3 la sexta versi\u00f3n del\u202fEuromodell del Colegio Alem\u00e1n,\u202fque estuvo llena de novedades hasta el \u00faltimo d\u00eda. En esta ocasi\u00f3n la jornada de cierre<span class=\"excerpt-hellip\"> [\u2026]<\/span><\/p>","protected":false},"author":16,"featured_media":4934,"comment_status":"open","ping_status":"open","sticky":false,"template":"","format":"standard","meta":{"_exactmetrics_skip_tracking":false,"_exactmetrics_sitenote_active":false,"_exactmetrics_sitenote_note":"","_exactmetrics_sitenote_category":0,"_joinchat":[],"footnotes":""},"categories":[678,688,708],"tags":[439,441,443],"class_list":["post-4933","post","type-post","status-publish","format-standard","has-post-thumbnail","hentry","category-678","category-area-de-individuos-y-sociedades","category-proyectos-academicos","tag-439","tag-proyectos-academicos","tag-secundaria"],"yoast_head":"<!-- This site is optimized with the Yoast SEO plugin v23.3 - https:\/\/yoast.com\/wordpress\/plugins\/seo\/ -->\n<title>Finaliza con \u00e9xito Euromodell 2018 - 2026<\/title>\n<meta name=\"robots\" content=\"noindex, follow, max-snippet:-1, max-image-preview:large, max-video-preview:-1\" \/>\n<meta property=\"og:locale\" content=\"de_DE\" \/>\n<meta property=\"og:type\" content=\"article\" \/>\n<meta property=\"og:title\" content=\"Finaliza con \u00e9xito Euromodell 2018 - 2026\" \/>\n<meta property=\"og:description\" content=\"Con gran \u00e9xito cerr\u00f3 la sexta versi\u00f3n del\u202fEuromodell del Colegio Alem\u00e1n,\u202fque estuvo llena de novedades hasta el \u00faltimo d\u00eda. En esta ocasi\u00f3n la jornada de cierre [\u2026]\" \/>\n<meta property=\"og:url\" content=\"https:\/\/ds-barranquilla.org\/de\/finaliza-con-exito-euromodell-2018\/\" \/>\n<meta property=\"og:site_name\" content=\"Colegio Alem\u00e1n - Los Mejores Colegios de Colombia - Colegio Triling\u00fce\" \/>\n<meta property=\"article:publisher\" content=\"https:\/\/www.facebook.com\/ColegioAlemanBaq\/\" \/>\n<meta property=\"article:published_time\" content=\"2018-04-23T19:49:17+00:00\" \/>\n<meta property=\"article:modified_time\" content=\"2022-12-21T13:21:10+00:00\" \/>\n<meta property=\"og:image\" content=\"https:\/\/ds-barranquilla.org\/wp-content\/uploads\/2020\/07\/Finaliza-con-\u00e9xito-Euromodell-2018.jpg\" \/>\n\t<meta property=\"og:image:width\" content=\"576\" \/>\n\t<meta property=\"og:image:height\" content=\"256\" \/>\n\t<meta property=\"og:image:type\" content=\"image\/jpeg\" \/>\n<meta name=\"author\" content=\"Comunicaciones Comunicaciones\" \/>\n<meta name=\"twitter:card\" content=\"summary_large_image\" \/>\n<meta name=\"twitter:creator\" content=\"@ColegioAlemanBq\" \/>\n<meta name=\"twitter:site\" content=\"@ColegioAlemanBq\" \/>\n<meta name=\"twitter:label1\" content=\"Verfasst von\" \/>\n\t<meta name=\"twitter:data1\" content=\"Comunicaciones Comunicaciones\" \/>\n\t<meta name=\"twitter:label2\" content=\"Gesch\u00e4tzte Lesezeit\" \/>\n\t<meta name=\"twitter:data2\" content=\"2\u00a0Minuten\" \/>\n<script type=\"application\/ld+json\" class=\"yoast-schema-graph\">{\"@context\":\"https:\/\/schema.org\",\"@graph\":[{\"@type\":\"Article\",\"@id\":\"https:\/\/ds-barranquilla.org\/de\/finaliza-con-exito-euromodell-2018\/#article\",\"isPartOf\":{\"@id\":\"https:\/\/ds-barranquilla.org\/de\/finaliza-con-exito-euromodell-2018\/\"},\"author\":{\"name\":\"Comunicaciones Comunicaciones\",\"@id\":\"https:\/\/ds-barranquilla.org\/#\/schema\/person\/7bf8790ba89d3480e0551241ccdc8d36\"},\"headline\":\"Finaliza con \u00e9xito Euromodell 2018\",\"datePublished\":\"2018-04-23T19:49:17+00:00\",\"dateModified\":\"2022-12-21T13:21:10+00:00\",\"mainEntityOfPage\":{\"@id\":\"https:\/\/ds-barranquilla.org\/de\/finaliza-con-exito-euromodell-2018\/\"},\"wordCount\":482,\"commentCount\":0,\"publisher\":{\"@id\":\"https:\/\/ds-barranquilla.org\/#organization\"},\"image\":{\"@id\":\"https:\/\/ds-barranquilla.org\/de\/finaliza-con-exito-euromodell-2018\/#primaryimage\"},\"thumbnailUrl\":\"https:\/\/ds-barranquilla.org\/wp-content\/uploads\/2020\/07\/Finaliza-con-\u00e9xito-Euromodell-2018.jpg\",\"keywords\":[\"2018\",\"Proyectos acad\u00e9micos\",\"secundaria\"],\"articleSection\":[\"2018\",\"\u00c1rea de Individuos y Sociedades\",\"Proyectos acad\u00e9micos\"],\"inLanguage\":\"de\",\"potentialAction\":[{\"@type\":\"CommentAction\",\"name\":\"Comment\",\"target\":[\"https:\/\/ds-barranquilla.org\/de\/finaliza-con-exito-euromodell-2018\/#respond\"]}]},{\"@type\":\"WebPage\",\"@id\":\"https:\/\/ds-barranquilla.org\/de\/finaliza-con-exito-euromodell-2018\/\",\"url\":\"https:\/\/ds-barranquilla.org\/de\/finaliza-con-exito-euromodell-2018\/\",\"name\":\"Finaliza con \u00e9xito Euromodell 2018 - 2026\",\"isPartOf\":{\"@id\":\"https:\/\/ds-barranquilla.org\/#website\"},\"primaryImageOfPage\":{\"@id\":\"https:\/\/ds-barranquilla.org\/de\/finaliza-con-exito-euromodell-2018\/#primaryimage\"},\"image\":{\"@id\":\"https:\/\/ds-barranquilla.org\/de\/finaliza-con-exito-euromodell-2018\/#primaryimage\"},\"thumbnailUrl\":\"https:\/\/ds-barranquilla.org\/wp-content\/uploads\/2020\/07\/Finaliza-con-\u00e9xito-Euromodell-2018.jpg\",\"datePublished\":\"2018-04-23T19:49:17+00:00\",\"dateModified\":\"2022-12-21T13:21:10+00:00\",\"breadcrumb\":{\"@id\":\"https:\/\/ds-barranquilla.org\/de\/finaliza-con-exito-euromodell-2018\/#breadcrumb\"},\"inLanguage\":\"de\",\"potentialAction\":[{\"@type\":\"ReadAction\",\"target\":[\"https:\/\/ds-barranquilla.org\/de\/finaliza-con-exito-euromodell-2018\/\"]}]},{\"@type\":\"ImageObject\",\"inLanguage\":\"de\",\"@id\":\"https:\/\/ds-barranquilla.org\/de\/finaliza-con-exito-euromodell-2018\/#primaryimage\",\"url\":\"https:\/\/ds-barranquilla.org\/wp-content\/uploads\/2020\/07\/Finaliza-con-\u00e9xito-Euromodell-2018.jpg\",\"contentUrl\":\"https:\/\/ds-barranquilla.org\/wp-content\/uploads\/2020\/07\/Finaliza-con-\u00e9xito-Euromodell-2018.jpg\",\"width\":576,\"height\":256},{\"@type\":\"BreadcrumbList\",\"@id\":\"https:\/\/ds-barranquilla.org\/de\/finaliza-con-exito-euromodell-2018\/#breadcrumb\",\"itemListElement\":[{\"@type\":\"ListItem\",\"position\":1,\"name\":\"Portada\",\"item\":\"https:\/\/ds-barranquilla.org\/\"},{\"@type\":\"ListItem\",\"position\":2,\"name\":\"Finaliza con \u00e9xito Euromodell 2018\"}]},{\"@type\":\"WebSite\",\"@id\":\"https:\/\/ds-barranquilla.org\/#website\",\"url\":\"https:\/\/ds-barranquilla.org\/\",\"name\":\"Colegio Alem\u00e1n - Los Mejores Colegios de Colombia - Colegio Triling\u00fce\",\"description\":\"Colegio Alem\u00e1n  Barranquilla Colombia - Colegio Biling\u00fce - Triling\u00fce - El Mejor Colegio de Colombia\",\"publisher\":{\"@id\":\"https:\/\/ds-barranquilla.org\/#organization\"},\"potentialAction\":[{\"@type\":\"SearchAction\",\"target\":{\"@type\":\"EntryPoint\",\"urlTemplate\":\"https:\/\/ds-barranquilla.org\/?s={search_term_string}\"},\"query-input\":\"required name=search_term_string\"}],\"inLanguage\":\"de\"},{\"@type\":\"Organization\",\"@id\":\"https:\/\/ds-barranquilla.org\/#organization\",\"name\":\"Colegio Alem\u00e1n Barranquilla\",\"url\":\"https:\/\/ds-barranquilla.org\/\",\"logo\":{\"@type\":\"ImageObject\",\"inLanguage\":\"de\",\"@id\":\"https:\/\/ds-barranquilla.org\/#\/schema\/logo\/image\/\",\"url\":\"https:\/\/ds-barranquilla.org\/wp-content\/uploads\/2021\/05\/coleman_logo_2.png\",\"contentUrl\":\"https:\/\/ds-barranquilla.org\/wp-content\/uploads\/2021\/05\/coleman_logo_2.png\",\"width\":418,\"height\":307,\"caption\":\"Colegio Alem\u00e1n Barranquilla\"},\"image\":{\"@id\":\"https:\/\/ds-barranquilla.org\/#\/schema\/logo\/image\/\"},\"sameAs\":[\"https:\/\/www.facebook.com\/ColegioAlemanBaq\/\",\"https:\/\/x.com\/ColegioAlemanBq\",\"https:\/\/www.instagram.com\/colegioalemanbaq\/\",\"https:\/\/www.linkedin.com\/school\/deutsche-schule-barranquilla\/\",\"https:\/\/www.youtube.com\/channel\/UCOOGZQCVs6aYRqIWvSN5agQ\"]},{\"@type\":\"Person\",\"@id\":\"https:\/\/ds-barranquilla.org\/#\/schema\/person\/7bf8790ba89d3480e0551241ccdc8d36\",\"name\":\"Comunicaciones Comunicaciones\",\"image\":{\"@type\":\"ImageObject\",\"inLanguage\":\"de\",\"@id\":\"https:\/\/ds-barranquilla.org\/#\/schema\/person\/image\/\",\"url\":\"https:\/\/secure.gravatar.com\/avatar\/a66ba9484a4338d81d6bea750e595038?s=96&d=mm&r=g\",\"contentUrl\":\"https:\/\/secure.gravatar.com\/avatar\/a66ba9484a4338d81d6bea750e595038?s=96&d=mm&r=g\",\"caption\":\"Comunicaciones Comunicaciones\"}}]}<\/script>\n<!-- \/ Yoast SEO plugin. -->","yoast_head_json":{"title":"Finaliza con \u00e9xito Euromodell 2018 - 2026","robots":{"index":"noindex","follow":"follow","max-snippet":"max-snippet:-1","max-image-preview":"max-image-preview:large","max-video-preview":"max-video-preview:-1"},"og_locale":"de_DE","og_type":"article","og_title":"Finaliza con \u00e9xito Euromodell 2018 - 2026","og_description":"Con gran \u00e9xito cerr\u00f3 la sexta versi\u00f3n del\u202fEuromodell del Colegio Alem\u00e1n,\u202fque estuvo llena de novedades hasta el \u00faltimo d\u00eda. En esta ocasi\u00f3n la jornada de cierre [\u2026]","og_url":"https:\/\/ds-barranquilla.org\/de\/finaliza-con-exito-euromodell-2018\/","og_site_name":"Colegio Alem\u00e1n - Los Mejores Colegios de Colombia - Colegio Triling\u00fce","article_publisher":"https:\/\/www.facebook.com\/ColegioAlemanBaq\/","article_published_time":"2018-04-23T19:49:17+00:00","article_modified_time":"2022-12-21T13:21:10+00:00","og_image":[{"width":576,"height":256,"url":"https:\/\/ds-barranquilla.org\/wp-content\/uploads\/2020\/07\/Finaliza-con-\u00e9xito-Euromodell-2018.jpg","type":"image\/jpeg"}],"author":"Comunicaciones Comunicaciones","twitter_card":"summary_large_image","twitter_creator":"@ColegioAlemanBq","twitter_site":"@ColegioAlemanBq","twitter_misc":{"Verfasst von":"Comunicaciones Comunicaciones","Gesch\u00e4tzte Lesezeit":"2\u00a0Minuten"},"schema":{"@context":"https:\/\/schema.org","@graph":[{"@type":"Article","@id":"https:\/\/ds-barranquilla.org\/de\/finaliza-con-exito-euromodell-2018\/#article","isPartOf":{"@id":"https:\/\/ds-barranquilla.org\/de\/finaliza-con-exito-euromodell-2018\/"},"author":{"name":"Comunicaciones Comunicaciones","@id":"https:\/\/ds-barranquilla.org\/#\/schema\/person\/7bf8790ba89d3480e0551241ccdc8d36"},"headline":"Finaliza con \u00e9xito Euromodell 2018","datePublished":"2018-04-23T19:49:17+00:00","dateModified":"2022-12-21T13:21:10+00:00","mainEntityOfPage":{"@id":"https:\/\/ds-barranquilla.org\/de\/finaliza-con-exito-euromodell-2018\/"},"wordCount":482,"commentCount":0,"publisher":{"@id":"https:\/\/ds-barranquilla.org\/#organization"},"image":{"@id":"https:\/\/ds-barranquilla.org\/de\/finaliza-con-exito-euromodell-2018\/#primaryimage"},"thumbnailUrl":"https:\/\/ds-barranquilla.org\/wp-content\/uploads\/2020\/07\/Finaliza-con-\u00e9xito-Euromodell-2018.jpg","keywords":["2018","Proyectos acad\u00e9micos","secundaria"],"articleSection":["2018","\u00c1rea de Individuos y Sociedades","Proyectos acad\u00e9micos"],"inLanguage":"de","potentialAction":[{"@type":"CommentAction","name":"Comment","target":["https:\/\/ds-barranquilla.org\/de\/finaliza-con-exito-euromodell-2018\/#respond"]}]},{"@type":"WebPage","@id":"https:\/\/ds-barranquilla.org\/de\/finaliza-con-exito-euromodell-2018\/","url":"https:\/\/ds-barranquilla.org\/de\/finaliza-con-exito-euromodell-2018\/","name":"Finaliza con \u00e9xito Euromodell 2018 - 2026","isPartOf":{"@id":"https:\/\/ds-barranquilla.org\/#website"},"primaryImageOfPage":{"@id":"https:\/\/ds-barranquilla.org\/de\/finaliza-con-exito-euromodell-2018\/#primaryimage"},"image":{"@id":"https:\/\/ds-barranquilla.org\/de\/finaliza-con-exito-euromodell-2018\/#primaryimage"},"thumbnailUrl":"https:\/\/ds-barranquilla.org\/wp-content\/uploads\/2020\/07\/Finaliza-con-\u00e9xito-Euromodell-2018.jpg","datePublished":"2018-04-23T19:49:17+00:00","dateModified":"2022-12-21T13:21:10+00:00","breadcrumb":{"@id":"https:\/\/ds-barranquilla.org\/de\/finaliza-con-exito-euromodell-2018\/#breadcrumb"},"inLanguage":"de","potentialAction":[{"@type":"ReadAction","target":["https:\/\/ds-barranquilla.org\/de\/finaliza-con-exito-euromodell-2018\/"]}]},{"@type":"ImageObject","inLanguage":"de","@id":"https:\/\/ds-barranquilla.org\/de\/finaliza-con-exito-euromodell-2018\/#primaryimage","url":"https:\/\/ds-barranquilla.org\/wp-content\/uploads\/2020\/07\/Finaliza-con-\u00e9xito-Euromodell-2018.jpg","contentUrl":"https:\/\/ds-barranquilla.org\/wp-content\/uploads\/2020\/07\/Finaliza-con-\u00e9xito-Euromodell-2018.jpg","width":576,"height":256},{"@type":"BreadcrumbList","@id":"https:\/\/ds-barranquilla.org\/de\/finaliza-con-exito-euromodell-2018\/#breadcrumb","itemListElement":[{"@type":"ListItem","position":1,"name":"Portada","item":"https:\/\/ds-barranquilla.org\/"},{"@type":"ListItem","position":2,"name":"Finaliza con \u00e9xito Euromodell 2018"}]},{"@type":"WebSite","@id":"https:\/\/ds-barranquilla.org\/#website","url":"https:\/\/ds-barranquilla.org\/","name":"Colegio Alem\u00e1n - Los Mejores Colegios de Colombia - Colegio Triling\u00fce","description":"Colegio Alem\u00e1n  Barranquilla Colombia - Colegio Biling\u00fce - Triling\u00fce - El Mejor Colegio de Colombia","publisher":{"@id":"https:\/\/ds-barranquilla.org\/#organization"},"potentialAction":[{"@type":"SearchAction","target":{"@type":"EntryPoint","urlTemplate":"https:\/\/ds-barranquilla.org\/?s={search_term_string}"},"query-input":"required name=search_term_string"}],"inLanguage":"de"},{"@type":"Organization","@id":"https:\/\/ds-barranquilla.org\/#organization","name":"Colegio Alem\u00e1n Barranquilla","url":"https:\/\/ds-barranquilla.org\/","logo":{"@type":"ImageObject","inLanguage":"de","@id":"https:\/\/ds-barranquilla.org\/#\/schema\/logo\/image\/","url":"https:\/\/ds-barranquilla.org\/wp-content\/uploads\/2021\/05\/coleman_logo_2.png","contentUrl":"https:\/\/ds-barranquilla.org\/wp-content\/uploads\/2021\/05\/coleman_logo_2.png","width":418,"height":307,"caption":"Colegio Alem\u00e1n Barranquilla"},"image":{"@id":"https:\/\/ds-barranquilla.org\/#\/schema\/logo\/image\/"},"sameAs":["https:\/\/www.facebook.com\/ColegioAlemanBaq\/","https:\/\/x.com\/ColegioAlemanBq","https:\/\/www.instagram.com\/colegioalemanbaq\/","https:\/\/www.linkedin.com\/school\/deutsche-schule-barranquilla\/","https:\/\/www.youtube.com\/channel\/UCOOGZQCVs6aYRqIWvSN5agQ"]},{"@type":"Person","@id":"https:\/\/ds-barranquilla.org\/#\/schema\/person\/7bf8790ba89d3480e0551241ccdc8d36","name":"Comunicaciones Comunicaciones","image":{"@type":"ImageObject","inLanguage":"de","@id":"https:\/\/ds-barranquilla.org\/#\/schema\/person\/image\/","url":"https:\/\/secure.gravatar.com\/avatar\/a66ba9484a4338d81d6bea750e595038?s=96&d=mm&r=g","contentUrl":"https:\/\/secure.gravatar.com\/avatar\/a66ba9484a4338d81d6bea750e595038?s=96&d=mm&r=g","caption":"Comunicaciones Comunicaciones"}}]}},"_links":{"self":[{"href":"https:\/\/ds-barranquilla.org\/de\/wp-json\/wp\/v2\/posts\/4933"}],"collection":[{"href":"https:\/\/ds-barranquilla.org\/de\/wp-json\/wp\/v2\/posts"}],"about":[{"href":"https:\/\/ds-barranquilla.org\/de\/wp-json\/wp\/v2\/types\/post"}],"author":[{"embeddable":true,"href":"https:\/\/ds-barranquilla.org\/de\/wp-json\/wp\/v2\/users\/16"}],"replies":[{"embeddable":true,"href":"https:\/\/ds-barranquilla.org\/de\/wp-json\/wp\/v2\/comments?post=4933"}],"version-history":[{"count":1,"href":"https:\/\/ds-barranquilla.org\/de\/wp-json\/wp\/v2\/posts\/4933\/revisions"}],"predecessor-version":[{"id":4935,"href":"https:\/\/ds-barranquilla.org\/de\/wp-json\/wp\/v2\/posts\/4933\/revisions\/4935"}],"wp:featuredmedia":[{"embeddable":true,"href":"https:\/\/ds-barranquilla.org\/de\/wp-json\/wp\/v2\/media\/4934"}],"wp:attachment":[{"href":"https:\/\/ds-barranquilla.org\/de\/wp-json\/wp\/v2\/media?parent=4933"}],"wp:term":[{"taxonomy":"category","embeddable":true,"href":"https:\/\/ds-barranquilla.org\/de\/wp-json\/wp\/v2\/categories?post=4933"},{"taxonomy":"post_tag","embeddable":true,"href":"https:\/\/ds-barranquilla.org\/de\/wp-json\/wp\/v2\/tags?post=4933"}],"curies":[{"name":"wp","href":"https:\/\/api.w.org\/{rel}","templated":true}]}}