{"id":4957,"date":"2018-11-26T09:22:16","date_gmt":"2018-11-26T14:22:16","guid":{"rendered":"https:\/\/ds-barranquilla.org\/?p=4957"},"modified":"2023-01-04T11:55:36","modified_gmt":"2023-01-04T16:55:36","slug":"primer-puesto-en-la-semana-nacional-de-las-matematicas-en-bogota","status":"publish","type":"post","link":"https:\/\/ds-barranquilla.org\/de\/primer-puesto-en-la-semana-nacional-de-las-matematicas-en-bogota\/","title":{"rendered":"Primer puesto en la Semana Nacional de las Matem\u00e1ticas en Bogot\u00e1"},"content":{"rendered":"<p><span class=\"TextRun  BCX0 SCXW30511245\" lang=\"ES-CO\" xml:lang=\"ES-CO\" data-contrast=\"none\"><span class=\"NormalTextRun  BCX0 SCXW30511245\">\u202fcreado por Carlos Qui\u00f1ones (Klasse 11 &#8211; CAS)<\/span><\/span><\/p>\n<p><span data-contrast=\"none\">Nuestros estudiantes\u202f<\/span><b><span data-contrast=\"none\">Carlos Qui\u00f1ones, Esteban Aparicio, Santiago S\u00e1nchez, Gustavo Isaza y Carlos Kook<\/span><\/b><span data-contrast=\"none\">\u202fobtuvieron el primer lugar en el nivel superior en la\u00a0<\/span><span data-contrast=\"none\">Semana Nacional de las Matem\u00e1ticas, un importante evento acad\u00e9mico. Carlos Qui\u00f1ones, quien tambi\u00e9n pertenece al equipo de prensa de El Pulpo, nos cont\u00f3 esa grata experiencia para nuestro blog.<\/span><span data-ccp-props=\"{&quot;335559739&quot;:180}\">\u00a0<\/span><\/p>\n<p><span data-contrast=\"none\">&#8212;<\/span><span data-ccp-props=\"{&quot;335559739&quot;:180}\">\u00a0<\/span><\/p>\n<p><span data-contrast=\"none\">Por: Carlos Qui\u00f1ones (Klasse 11 &#8211; CAS)<\/span><span data-ccp-props=\"{&quot;335559739&quot;:180}\">\u00a0<\/span><\/p>\n<p><span data-contrast=\"none\">Durante la semana del 12 al 15 de noviembre se celebr\u00f3 la\u202f<\/span><b><span data-contrast=\"none\">Semana Nacional de las Matem\u00e1ticas (SNM),<\/span><\/b><span data-contrast=\"none\">tambi\u00e9n conocida como la Olimpiada Regional de Matem\u00e1ticas, organizada por la\u202f<\/span><b><span data-contrast=\"none\">Universidad Antonio Nari\u00f1o (UAN),\u202f<\/span><\/b><span data-contrast=\"none\">con el fin de enriquecer el conocimiento matem\u00e1tico en los j\u00f3venes del pa\u00eds y encontrar talentos que puedan ser \u00fatiles para representar a Colombia en la Olimpiada Internacional de Matem\u00e1ticas (IMO), por sus siglas en ingl\u00e9s.<\/span><span data-ccp-props=\"{&quot;335559739&quot;:180}\">\u00a0<\/span><\/p>\n<p><span data-contrast=\"none\">La Olimpiada se divide en tres niveles, primer nivel, en el cual participan alumnos de los grados 6\u00b0 y 7\u00b0 (Klasse 7 y 8); nivel intermedio, en el cual participan alumnos de los grados 8\u00b0 y 9\u00b0 (Klasse 9 y 10) y nivel superior, en el que participan alumnos de los grados 10\u00b0 y 11\u00b0 (Klasse 11 y 12). Antes de que un equipo pueda participar en la SNM, debe pasar por una fase en la que se enfrenta con otros equipos de la regi\u00f3n, y el ganador de dicha competici\u00f3n, es decir, el que m\u00e1s puntos haya obtenido, es el que tiene el honor de participar en la SNM.<\/span><span data-ccp-props=\"{&quot;335559739&quot;:180}\">\u00a0<\/span><\/p>\n<p><span data-contrast=\"none\">El proceso de selecci\u00f3n de los integrantes de cada equipo es muy riguroso. Los interesados deben presentar unas pruebas enviadas por la UAN en las que los cinco mejores puntajes de todo el colegio (teniendo en cuenta el nivel al que pertenecen) son elegidos para conformar el equipo que representar\u00e1 al colegio. Hay que tener en cuenta que el equipo necesita tener un puntaje m\u00ednimo para pasar a la segunda fase de selecci\u00f3n por equipos.<\/span><span data-ccp-props=\"{&quot;335559739&quot;:180}\">\u00a0<\/span><\/p>\n<p><span data-contrast=\"none\">Este a\u00f1o, el equipo del Colegio Alem\u00e1n de Barranquilla en nivel superior estuvo conformado por Esteban Aparicio, Gustavo Isaza, Carlos Kook, y Santiago S\u00e1nchez y Carlos Qui\u00f1ones. Viajamos la semana del 12 de noviembre a Bogot\u00e1 a competir en diferentes pruebas, no s\u00f3lo representando al colegio, sino tambi\u00e9n a la Costa Norte del pa\u00eds. Disputamos pruebas individuales y por equipos, en las que nos entregaban diferentes tipos de problemas matem\u00e1ticos que tienen que ver con \u00e1lgebra, geometr\u00eda, combinatoria y m\u00e1s.\u202f<\/span><span data-ccp-props=\"{&quot;335559739&quot;:180}\">\u00a0<\/span><\/p>\n<p><span data-contrast=\"none\">El equipo que m\u00e1s problemas resolviera y en el menor tiempo posible era el que obten\u00eda m\u00e1s puntos. Nuestro equipo logr\u00f3 obtener el primer puesto en nivel superior en la SNM y es la segunda vez que este mismo equipo consigue esta haza\u00f1a (la primera vez fue el a\u00f1o pasado, participando en el nivel intermedio).<\/span><span data-ccp-props=\"{&quot;335559739&quot;:180}\">\u00a0<\/span><\/p>\n<p><span data-contrast=\"none\">Estamos muy satisfechos con estos resultados y esperamos seguir aprendiendo y participando en otros eventos acad\u00e9micos.<\/span><span data-ccp-props=\"{&quot;335559739&quot;:180}\">\u00a0<\/span><\/p>\n<p><span data-contrast=\"none\">Pueden encontrar m\u00e1s informaci\u00f3n sobre las Olimpiadas Colombianas de Matem\u00e1ticas haciendo clic\u202f<\/span><a href=\"http:\/\/oc.uan.edu.co\/olimpiada-colombiana-de-matematicas\"><i><span data-contrast=\"none\"><a href=\"http:\/\/deutsch.ds-barranquilla.org\/consejo-estudiantil\/\">hier<\/a><\/span><\/i><\/a><span data-ccp-props=\"{&quot;335559739&quot;:180}\">\u00a0<\/span><\/p>\n<p><span data-contrast=\"none\">&#8212;<\/span><span data-ccp-props=\"{&quot;335559739&quot;:180}\">\u00a0<\/span><\/p>\n<p><span data-contrast=\"none\">Desde el Colegio Alem\u00e1n de Barranquilla felicitamos a estos talentosos estudiantes y esperamos que sigan prosperando como matem\u00e1ticos, con pasi\u00f3n y dedicaci\u00f3n.<\/span><span data-ccp-props=\"{&quot;335559739&quot;:180}\">\u00a0<\/span><\/p>\n<p><a href=\"https:\/\/www.facebook.com\/pg\/ColegioAlemanBaq\/photos\/?tab=album&amp;album_id=2266873280236816\"><i><span data-contrast=\"none\">&gt;&gt; Weitere Fotos auf Facebook<\/span><\/i><\/a><span data-ccp-props=\"{&quot;335559739&quot;:180}\">\u00a0<\/span><\/p>\n<p><span data-ccp-props=\"{}\">\u00a0<\/span><\/p>","protected":false},"excerpt":{"rendered":"<p>\u202fcreado por Carlos Qui\u00f1ones (Klasse 11 &#8211; CAS) Nuestros estudiantes\u202fCarlos Qui\u00f1ones, Esteban Aparicio, Santiago S\u00e1nchez, Gustavo Isaza y Carlos Kook\u202fobtuvieron el primer lugar en el nivel<span class=\"excerpt-hellip\"> [\u2026]<\/span><\/p>","protected":false},"author":16,"featured_media":0,"comment_status":"open","ping_status":"open","sticky":false,"template":"","format":"standard","meta":{"_exactmetrics_skip_tracking":false,"_exactmetrics_sitenote_active":false,"_exactmetrics_sitenote_note":"","_exactmetrics_sitenote_category":0,"_joinchat":[],"footnotes":""},"categories":[678,691],"tags":[439,446],"class_list":["post-4957","post","type-post","status-publish","format-standard","hentry","category-678","category-area-de-matematicas-y-fisica","tag-439","tag-ciencias"],"yoast_head":"<!-- This site is optimized with the Yoast SEO plugin v23.3 - https:\/\/yoast.com\/wordpress\/plugins\/seo\/ -->\n<title>Primer puesto en la Semana Nacional de las Matem\u00e1ticas en Bogot\u00e1 - 2026<\/title>\n<meta name=\"robots\" content=\"noindex, follow, max-snippet:-1, max-image-preview:large, max-video-preview:-1\" \/>\n<meta property=\"og:locale\" content=\"de_DE\" \/>\n<meta property=\"og:type\" content=\"article\" \/>\n<meta property=\"og:title\" content=\"Primer puesto en la Semana Nacional de las Matem\u00e1ticas en Bogot\u00e1 - 2026\" \/>\n<meta property=\"og:description\" content=\"\u202fcreado por Carlos Qui\u00f1ones (Klasse 11 &#8211; CAS) Nuestros estudiantes\u202fCarlos Qui\u00f1ones, Esteban Aparicio, Santiago S\u00e1nchez, Gustavo Isaza y Carlos Kook\u202fobtuvieron el primer lugar en el nivel [\u2026]\" \/>\n<meta property=\"og:url\" content=\"https:\/\/ds-barranquilla.org\/de\/primer-puesto-en-la-semana-nacional-de-las-matematicas-en-bogota\/\" \/>\n<meta property=\"og:site_name\" content=\"Colegio Alem\u00e1n - Los Mejores Colegios de Colombia - Colegio Triling\u00fce\" \/>\n<meta property=\"article:publisher\" content=\"https:\/\/www.facebook.com\/ColegioAlemanBaq\/\" \/>\n<meta property=\"article:published_time\" content=\"2018-11-26T14:22:16+00:00\" \/>\n<meta property=\"article:modified_time\" content=\"2023-01-04T16:55:36+00:00\" \/>\n<meta name=\"author\" content=\"Comunicaciones Comunicaciones\" \/>\n<meta name=\"twitter:card\" content=\"summary_large_image\" \/>\n<meta name=\"twitter:creator\" content=\"@ColegioAlemanBq\" \/>\n<meta name=\"twitter:site\" content=\"@ColegioAlemanBq\" \/>\n<meta name=\"twitter:label1\" content=\"Verfasst von\" \/>\n\t<meta name=\"twitter:data1\" content=\"Comunicaciones Comunicaciones\" \/>\n\t<meta name=\"twitter:label2\" content=\"Gesch\u00e4tzte Lesezeit\" \/>\n\t<meta name=\"twitter:data2\" content=\"3\u00a0Minuten\" \/>\n<script type=\"application\/ld+json\" class=\"yoast-schema-graph\">{\"@context\":\"https:\/\/schema.org\",\"@graph\":[{\"@type\":\"Article\",\"@id\":\"https:\/\/ds-barranquilla.org\/de\/primer-puesto-en-la-semana-nacional-de-las-matematicas-en-bogota\/#article\",\"isPartOf\":{\"@id\":\"https:\/\/ds-barranquilla.org\/de\/primer-puesto-en-la-semana-nacional-de-las-matematicas-en-bogota\/\"},\"author\":{\"name\":\"Comunicaciones Comunicaciones\",\"@id\":\"https:\/\/ds-barranquilla.org\/#\/schema\/person\/7bf8790ba89d3480e0551241ccdc8d36\"},\"headline\":\"Primer puesto en la Semana Nacional de las Matem\u00e1ticas en Bogot\u00e1\",\"datePublished\":\"2018-11-26T14:22:16+00:00\",\"dateModified\":\"2023-01-04T16:55:36+00:00\",\"mainEntityOfPage\":{\"@id\":\"https:\/\/ds-barranquilla.org\/de\/primer-puesto-en-la-semana-nacional-de-las-matematicas-en-bogota\/\"},\"wordCount\":557,\"commentCount\":0,\"publisher\":{\"@id\":\"https:\/\/ds-barranquilla.org\/#organization\"},\"keywords\":[\"2018\",\"Ciencias\"],\"articleSection\":[\"2018\",\"\u00c1rea de Matem\u00e1ticas y F\u00edsica\"],\"inLanguage\":\"de\",\"potentialAction\":[{\"@type\":\"CommentAction\",\"name\":\"Comment\",\"target\":[\"https:\/\/ds-barranquilla.org\/de\/primer-puesto-en-la-semana-nacional-de-las-matematicas-en-bogota\/#respond\"]}]},{\"@type\":\"WebPage\",\"@id\":\"https:\/\/ds-barranquilla.org\/de\/primer-puesto-en-la-semana-nacional-de-las-matematicas-en-bogota\/\",\"url\":\"https:\/\/ds-barranquilla.org\/de\/primer-puesto-en-la-semana-nacional-de-las-matematicas-en-bogota\/\",\"name\":\"Primer puesto en la Semana Nacional de las Matem\u00e1ticas en Bogot\u00e1 - 2026\",\"isPartOf\":{\"@id\":\"https:\/\/ds-barranquilla.org\/#website\"},\"datePublished\":\"2018-11-26T14:22:16+00:00\",\"dateModified\":\"2023-01-04T16:55:36+00:00\",\"breadcrumb\":{\"@id\":\"https:\/\/ds-barranquilla.org\/de\/primer-puesto-en-la-semana-nacional-de-las-matematicas-en-bogota\/#breadcrumb\"},\"inLanguage\":\"de\",\"potentialAction\":[{\"@type\":\"ReadAction\",\"target\":[\"https:\/\/ds-barranquilla.org\/de\/primer-puesto-en-la-semana-nacional-de-las-matematicas-en-bogota\/\"]}]},{\"@type\":\"BreadcrumbList\",\"@id\":\"https:\/\/ds-barranquilla.org\/de\/primer-puesto-en-la-semana-nacional-de-las-matematicas-en-bogota\/#breadcrumb\",\"itemListElement\":[{\"@type\":\"ListItem\",\"position\":1,\"name\":\"Portada\",\"item\":\"https:\/\/ds-barranquilla.org\/\"},{\"@type\":\"ListItem\",\"position\":2,\"name\":\"Primer puesto en la Semana Nacional de las Matem\u00e1ticas en Bogot\u00e1\"}]},{\"@type\":\"WebSite\",\"@id\":\"https:\/\/ds-barranquilla.org\/#website\",\"url\":\"https:\/\/ds-barranquilla.org\/\",\"name\":\"Colegio Alem\u00e1n - Los Mejores Colegios de Colombia - Colegio Triling\u00fce\",\"description\":\"Colegio Alem\u00e1n  Barranquilla Colombia - Colegio Biling\u00fce - Triling\u00fce - El Mejor Colegio de Colombia\",\"publisher\":{\"@id\":\"https:\/\/ds-barranquilla.org\/#organization\"},\"potentialAction\":[{\"@type\":\"SearchAction\",\"target\":{\"@type\":\"EntryPoint\",\"urlTemplate\":\"https:\/\/ds-barranquilla.org\/?s={search_term_string}\"},\"query-input\":\"required name=search_term_string\"}],\"inLanguage\":\"de\"},{\"@type\":\"Organization\",\"@id\":\"https:\/\/ds-barranquilla.org\/#organization\",\"name\":\"Colegio Alem\u00e1n Barranquilla\",\"url\":\"https:\/\/ds-barranquilla.org\/\",\"logo\":{\"@type\":\"ImageObject\",\"inLanguage\":\"de\",\"@id\":\"https:\/\/ds-barranquilla.org\/#\/schema\/logo\/image\/\",\"url\":\"https:\/\/ds-barranquilla.org\/wp-content\/uploads\/2021\/05\/coleman_logo_2.png\",\"contentUrl\":\"https:\/\/ds-barranquilla.org\/wp-content\/uploads\/2021\/05\/coleman_logo_2.png\",\"width\":418,\"height\":307,\"caption\":\"Colegio Alem\u00e1n Barranquilla\"},\"image\":{\"@id\":\"https:\/\/ds-barranquilla.org\/#\/schema\/logo\/image\/\"},\"sameAs\":[\"https:\/\/www.facebook.com\/ColegioAlemanBaq\/\",\"https:\/\/x.com\/ColegioAlemanBq\",\"https:\/\/www.instagram.com\/colegioalemanbaq\/\",\"https:\/\/www.linkedin.com\/school\/deutsche-schule-barranquilla\/\",\"https:\/\/www.youtube.com\/channel\/UCOOGZQCVs6aYRqIWvSN5agQ\"]},{\"@type\":\"Person\",\"@id\":\"https:\/\/ds-barranquilla.org\/#\/schema\/person\/7bf8790ba89d3480e0551241ccdc8d36\",\"name\":\"Comunicaciones Comunicaciones\",\"image\":{\"@type\":\"ImageObject\",\"inLanguage\":\"de\",\"@id\":\"https:\/\/ds-barranquilla.org\/#\/schema\/person\/image\/\",\"url\":\"https:\/\/secure.gravatar.com\/avatar\/a66ba9484a4338d81d6bea750e595038?s=96&d=mm&r=g\",\"contentUrl\":\"https:\/\/secure.gravatar.com\/avatar\/a66ba9484a4338d81d6bea750e595038?s=96&d=mm&r=g\",\"caption\":\"Comunicaciones Comunicaciones\"}}]}<\/script>\n<!-- \/ Yoast SEO plugin. -->","yoast_head_json":{"title":"Primer puesto en la Semana Nacional de las Matem\u00e1ticas en Bogot\u00e1 - 2026","robots":{"index":"noindex","follow":"follow","max-snippet":"max-snippet:-1","max-image-preview":"max-image-preview:large","max-video-preview":"max-video-preview:-1"},"og_locale":"de_DE","og_type":"article","og_title":"Primer puesto en la Semana Nacional de las Matem\u00e1ticas en Bogot\u00e1 - 2026","og_description":"\u202fcreado por Carlos Qui\u00f1ones (Klasse 11 &#8211; CAS) Nuestros estudiantes\u202fCarlos Qui\u00f1ones, Esteban Aparicio, Santiago S\u00e1nchez, Gustavo Isaza y Carlos Kook\u202fobtuvieron el primer lugar en el nivel [\u2026]","og_url":"https:\/\/ds-barranquilla.org\/de\/primer-puesto-en-la-semana-nacional-de-las-matematicas-en-bogota\/","og_site_name":"Colegio Alem\u00e1n - Los Mejores Colegios de Colombia - Colegio Triling\u00fce","article_publisher":"https:\/\/www.facebook.com\/ColegioAlemanBaq\/","article_published_time":"2018-11-26T14:22:16+00:00","article_modified_time":"2023-01-04T16:55:36+00:00","author":"Comunicaciones Comunicaciones","twitter_card":"summary_large_image","twitter_creator":"@ColegioAlemanBq","twitter_site":"@ColegioAlemanBq","twitter_misc":{"Verfasst von":"Comunicaciones Comunicaciones","Gesch\u00e4tzte Lesezeit":"3\u00a0Minuten"},"schema":{"@context":"https:\/\/schema.org","@graph":[{"@type":"Article","@id":"https:\/\/ds-barranquilla.org\/de\/primer-puesto-en-la-semana-nacional-de-las-matematicas-en-bogota\/#article","isPartOf":{"@id":"https:\/\/ds-barranquilla.org\/de\/primer-puesto-en-la-semana-nacional-de-las-matematicas-en-bogota\/"},"author":{"name":"Comunicaciones Comunicaciones","@id":"https:\/\/ds-barranquilla.org\/#\/schema\/person\/7bf8790ba89d3480e0551241ccdc8d36"},"headline":"Primer puesto en la Semana Nacional de las Matem\u00e1ticas en Bogot\u00e1","datePublished":"2018-11-26T14:22:16+00:00","dateModified":"2023-01-04T16:55:36+00:00","mainEntityOfPage":{"@id":"https:\/\/ds-barranquilla.org\/de\/primer-puesto-en-la-semana-nacional-de-las-matematicas-en-bogota\/"},"wordCount":557,"commentCount":0,"publisher":{"@id":"https:\/\/ds-barranquilla.org\/#organization"},"keywords":["2018","Ciencias"],"articleSection":["2018","\u00c1rea de Matem\u00e1ticas y F\u00edsica"],"inLanguage":"de","potentialAction":[{"@type":"CommentAction","name":"Comment","target":["https:\/\/ds-barranquilla.org\/de\/primer-puesto-en-la-semana-nacional-de-las-matematicas-en-bogota\/#respond"]}]},{"@type":"WebPage","@id":"https:\/\/ds-barranquilla.org\/de\/primer-puesto-en-la-semana-nacional-de-las-matematicas-en-bogota\/","url":"https:\/\/ds-barranquilla.org\/de\/primer-puesto-en-la-semana-nacional-de-las-matematicas-en-bogota\/","name":"Primer puesto en la Semana Nacional de las Matem\u00e1ticas en Bogot\u00e1 - 2026","isPartOf":{"@id":"https:\/\/ds-barranquilla.org\/#website"},"datePublished":"2018-11-26T14:22:16+00:00","dateModified":"2023-01-04T16:55:36+00:00","breadcrumb":{"@id":"https:\/\/ds-barranquilla.org\/de\/primer-puesto-en-la-semana-nacional-de-las-matematicas-en-bogota\/#breadcrumb"},"inLanguage":"de","potentialAction":[{"@type":"ReadAction","target":["https:\/\/ds-barranquilla.org\/de\/primer-puesto-en-la-semana-nacional-de-las-matematicas-en-bogota\/"]}]},{"@type":"BreadcrumbList","@id":"https:\/\/ds-barranquilla.org\/de\/primer-puesto-en-la-semana-nacional-de-las-matematicas-en-bogota\/#breadcrumb","itemListElement":[{"@type":"ListItem","position":1,"name":"Portada","item":"https:\/\/ds-barranquilla.org\/"},{"@type":"ListItem","position":2,"name":"Primer puesto en la Semana Nacional de las Matem\u00e1ticas en Bogot\u00e1"}]},{"@type":"WebSite","@id":"https:\/\/ds-barranquilla.org\/#website","url":"https:\/\/ds-barranquilla.org\/","name":"Colegio Alem\u00e1n - Los Mejores Colegios de Colombia - Colegio Triling\u00fce","description":"Colegio Alem\u00e1n  Barranquilla Colombia - Colegio Biling\u00fce - Triling\u00fce - El Mejor Colegio de Colombia","publisher":{"@id":"https:\/\/ds-barranquilla.org\/#organization"},"potentialAction":[{"@type":"SearchAction","target":{"@type":"EntryPoint","urlTemplate":"https:\/\/ds-barranquilla.org\/?s={search_term_string}"},"query-input":"required name=search_term_string"}],"inLanguage":"de"},{"@type":"Organization","@id":"https:\/\/ds-barranquilla.org\/#organization","name":"Colegio Alem\u00e1n Barranquilla","url":"https:\/\/ds-barranquilla.org\/","logo":{"@type":"ImageObject","inLanguage":"de","@id":"https:\/\/ds-barranquilla.org\/#\/schema\/logo\/image\/","url":"https:\/\/ds-barranquilla.org\/wp-content\/uploads\/2021\/05\/coleman_logo_2.png","contentUrl":"https:\/\/ds-barranquilla.org\/wp-content\/uploads\/2021\/05\/coleman_logo_2.png","width":418,"height":307,"caption":"Colegio Alem\u00e1n Barranquilla"},"image":{"@id":"https:\/\/ds-barranquilla.org\/#\/schema\/logo\/image\/"},"sameAs":["https:\/\/www.facebook.com\/ColegioAlemanBaq\/","https:\/\/x.com\/ColegioAlemanBq","https:\/\/www.instagram.com\/colegioalemanbaq\/","https:\/\/www.linkedin.com\/school\/deutsche-schule-barranquilla\/","https:\/\/www.youtube.com\/channel\/UCOOGZQCVs6aYRqIWvSN5agQ"]},{"@type":"Person","@id":"https:\/\/ds-barranquilla.org\/#\/schema\/person\/7bf8790ba89d3480e0551241ccdc8d36","name":"Comunicaciones Comunicaciones","image":{"@type":"ImageObject","inLanguage":"de","@id":"https:\/\/ds-barranquilla.org\/#\/schema\/person\/image\/","url":"https:\/\/secure.gravatar.com\/avatar\/a66ba9484a4338d81d6bea750e595038?s=96&d=mm&r=g","contentUrl":"https:\/\/secure.gravatar.com\/avatar\/a66ba9484a4338d81d6bea750e595038?s=96&d=mm&r=g","caption":"Comunicaciones Comunicaciones"}}]}},"_links":{"self":[{"href":"https:\/\/ds-barranquilla.org\/de\/wp-json\/wp\/v2\/posts\/4957"}],"collection":[{"href":"https:\/\/ds-barranquilla.org\/de\/wp-json\/wp\/v2\/posts"}],"about":[{"href":"https:\/\/ds-barranquilla.org\/de\/wp-json\/wp\/v2\/types\/post"}],"author":[{"embeddable":true,"href":"https:\/\/ds-barranquilla.org\/de\/wp-json\/wp\/v2\/users\/16"}],"replies":[{"embeddable":true,"href":"https:\/\/ds-barranquilla.org\/de\/wp-json\/wp\/v2\/comments?post=4957"}],"version-history":[{"count":1,"href":"https:\/\/ds-barranquilla.org\/de\/wp-json\/wp\/v2\/posts\/4957\/revisions"}],"predecessor-version":[{"id":4958,"href":"https:\/\/ds-barranquilla.org\/de\/wp-json\/wp\/v2\/posts\/4957\/revisions\/4958"}],"wp:attachment":[{"href":"https:\/\/ds-barranquilla.org\/de\/wp-json\/wp\/v2\/media?parent=4957"}],"wp:term":[{"taxonomy":"category","embeddable":true,"href":"https:\/\/ds-barranquilla.org\/de\/wp-json\/wp\/v2\/categories?post=4957"},{"taxonomy":"post_tag","embeddable":true,"href":"https:\/\/ds-barranquilla.org\/de\/wp-json\/wp\/v2\/tags?post=4957"}],"curies":[{"name":"wp","href":"https:\/\/api.w.org\/{rel}","templated":true}]}}