{"id":4965,"date":"2018-11-29T09:48:00","date_gmt":"2018-11-29T14:48:00","guid":{"rendered":"https:\/\/ds-barranquilla.org\/?p=4965"},"modified":"2023-01-04T11:56:18","modified_gmt":"2023-01-04T16:56:18","slug":"capacitacion-de-monografia-en-ciencias-y-biologie-ib","status":"publish","type":"post","link":"https:\/\/ds-barranquilla.org\/de\/capacitacion-de-monografia-en-ciencias-y-biologie-ib\/","title":{"rendered":"Capacitaci\u00f3n de monograf\u00eda en Ciencias y Biologie IB"},"content":{"rendered":"<p><span class=\"TextRun  BCX0 SCXW125110840\" lang=\"ES-CO\" xml:lang=\"ES-CO\" data-contrast=\"none\"><span class=\"NormalTextRun  BCX0 SCXW125110840\">creado por Lizbana Rueda <\/span><\/span><\/p>\n<p>El departamento de Ciencias se sigue preparando; los d\u00edas 22 y 23 de octubre se llev\u00f3 a cabo una capacitaci\u00f3n de monograf\u00eda con el objetivo de seguir entregando herramientas a los supervisores, quienes brindan el andamiaje para la redacci\u00f3n del ensayo extendido. La tallerista, Andrea Rueda, examinadora de ciencias, motiv\u00f3 al equipo para incorporar novedades en sus pr\u00e1cticas que faciliten el acompa\u00f1amiento del trabajo de investigaci\u00f3n.<\/p>\n<p>El ciclo de capacitaciones continu\u00f3 el 28 y 29 de noviembre, con la misma tallerista, para el \u00e1rea de Biologie IB.<\/p>\n<p>\u00a1Muchos \u00e9xitos a todos nuestros estudiantes de K12 que este a\u00f1o decidieron trabajar en esta \u00e1rea monogr\u00e1fica y al Departamento de Ciencias que cada vez incorpora en sus pr\u00e1cticas los enfoques de ense\u00f1anza y aprendizaje IB!<\/p>","protected":false},"excerpt":{"rendered":"<p>creado por Lizbana Rueda El departamento de Ciencias se sigue preparando; los d\u00edas 22 y 23 de octubre se llev\u00f3 a cabo una capacitaci\u00f3n de monograf\u00eda<span class=\"excerpt-hellip\"> [\u2026]<\/span><\/p>","protected":false},"author":16,"featured_media":4966,"comment_status":"open","ping_status":"open","sticky":false,"template":"","format":"standard","meta":{"_exactmetrics_skip_tracking":false,"_exactmetrics_sitenote_active":false,"_exactmetrics_sitenote_note":"","_exactmetrics_sitenote_category":0,"_joinchat":[],"footnotes":""},"categories":[678,686,694,710],"tags":[439,446],"class_list":["post-4965","post","type-post","status-publish","format-standard","has-post-thumbnail","hentry","category-678","category-area-de-ciencias","category-bachillerato-internacional","category-secundaria","tag-439","tag-ciencias"],"yoast_head":"<!-- This site is optimized with the Yoast SEO plugin v23.3 - https:\/\/yoast.com\/wordpress\/plugins\/seo\/ -->\n<title>Capacitaci\u00f3n de monograf\u00eda en Ciencias y Biologie IB - 2026<\/title>\n<meta name=\"robots\" content=\"noindex, follow, max-snippet:-1, max-image-preview:large, max-video-preview:-1\" \/>\n<meta property=\"og:locale\" content=\"de_DE\" \/>\n<meta property=\"og:type\" content=\"article\" \/>\n<meta property=\"og:title\" content=\"Capacitaci\u00f3n de monograf\u00eda en Ciencias y Biologie IB - 2026\" \/>\n<meta property=\"og:description\" content=\"creado por Lizbana Rueda El departamento de Ciencias se sigue preparando; los d\u00edas 22 y 23 de octubre se llev\u00f3 a cabo una capacitaci\u00f3n de monograf\u00eda [\u2026]\" \/>\n<meta property=\"og:url\" content=\"https:\/\/ds-barranquilla.org\/de\/capacitacion-de-monografia-en-ciencias-y-biologie-ib\/\" \/>\n<meta property=\"og:site_name\" content=\"Colegio Alem\u00e1n - Los Mejores Colegios de Colombia - Colegio Triling\u00fce\" \/>\n<meta property=\"article:publisher\" content=\"https:\/\/www.facebook.com\/ColegioAlemanBaq\/\" \/>\n<meta property=\"article:published_time\" content=\"2018-11-29T14:48:00+00:00\" \/>\n<meta property=\"article:modified_time\" content=\"2023-01-04T16:56:18+00:00\" \/>\n<meta property=\"og:image\" content=\"https:\/\/ds-barranquilla.org\/wp-content\/uploads\/2020\/07\/Capacitaci\u00f3n-de-monograf\u00eda-en-Ciencias-y-Biologie-IB.jpg\" \/>\n\t<meta property=\"og:image:width\" content=\"588\" \/>\n\t<meta property=\"og:image:height\" content=\"261\" \/>\n\t<meta property=\"og:image:type\" content=\"image\/jpeg\" \/>\n<meta name=\"author\" content=\"Comunicaciones Comunicaciones\" \/>\n<meta name=\"twitter:card\" content=\"summary_large_image\" \/>\n<meta name=\"twitter:creator\" content=\"@ColegioAlemanBq\" \/>\n<meta name=\"twitter:site\" content=\"@ColegioAlemanBq\" \/>\n<meta name=\"twitter:label1\" content=\"Verfasst von\" \/>\n\t<meta name=\"twitter:data1\" content=\"Comunicaciones Comunicaciones\" \/>\n\t<meta name=\"twitter:label2\" content=\"Gesch\u00e4tzte Lesezeit\" \/>\n\t<meta name=\"twitter:data2\" content=\"1\u00a0Minute\" \/>\n<script type=\"application\/ld+json\" class=\"yoast-schema-graph\">{\"@context\":\"https:\/\/schema.org\",\"@graph\":[{\"@type\":\"Article\",\"@id\":\"https:\/\/ds-barranquilla.org\/de\/capacitacion-de-monografia-en-ciencias-y-biologie-ib\/#article\",\"isPartOf\":{\"@id\":\"https:\/\/ds-barranquilla.org\/de\/capacitacion-de-monografia-en-ciencias-y-biologie-ib\/\"},\"author\":{\"name\":\"Comunicaciones Comunicaciones\",\"@id\":\"https:\/\/ds-barranquilla.org\/#\/schema\/person\/7bf8790ba89d3480e0551241ccdc8d36\"},\"headline\":\"Capacitaci\u00f3n de monograf\u00eda en Ciencias y Biologie IB\",\"datePublished\":\"2018-11-29T14:48:00+00:00\",\"dateModified\":\"2023-01-04T16:56:18+00:00\",\"mainEntityOfPage\":{\"@id\":\"https:\/\/ds-barranquilla.org\/de\/capacitacion-de-monografia-en-ciencias-y-biologie-ib\/\"},\"wordCount\":144,\"commentCount\":0,\"publisher\":{\"@id\":\"https:\/\/ds-barranquilla.org\/#organization\"},\"image\":{\"@id\":\"https:\/\/ds-barranquilla.org\/de\/capacitacion-de-monografia-en-ciencias-y-biologie-ib\/#primaryimage\"},\"thumbnailUrl\":\"https:\/\/ds-barranquilla.org\/wp-content\/uploads\/2020\/07\/Capacitaci\u00f3n-de-monograf\u00eda-en-Ciencias-y-Biologie-IB.jpg\",\"keywords\":[\"2018\",\"Ciencias\"],\"articleSection\":[\"2018\",\"\u00c1rea de Ciencias\",\"Bachillerato Internacional\",\"Secundaria\"],\"inLanguage\":\"de\",\"potentialAction\":[{\"@type\":\"CommentAction\",\"name\":\"Comment\",\"target\":[\"https:\/\/ds-barranquilla.org\/de\/capacitacion-de-monografia-en-ciencias-y-biologie-ib\/#respond\"]}]},{\"@type\":\"WebPage\",\"@id\":\"https:\/\/ds-barranquilla.org\/de\/capacitacion-de-monografia-en-ciencias-y-biologie-ib\/\",\"url\":\"https:\/\/ds-barranquilla.org\/de\/capacitacion-de-monografia-en-ciencias-y-biologie-ib\/\",\"name\":\"Capacitaci\u00f3n de monograf\u00eda en Ciencias y Biologie IB - 2026\",\"isPartOf\":{\"@id\":\"https:\/\/ds-barranquilla.org\/#website\"},\"primaryImageOfPage\":{\"@id\":\"https:\/\/ds-barranquilla.org\/de\/capacitacion-de-monografia-en-ciencias-y-biologie-ib\/#primaryimage\"},\"image\":{\"@id\":\"https:\/\/ds-barranquilla.org\/de\/capacitacion-de-monografia-en-ciencias-y-biologie-ib\/#primaryimage\"},\"thumbnailUrl\":\"https:\/\/ds-barranquilla.org\/wp-content\/uploads\/2020\/07\/Capacitaci\u00f3n-de-monograf\u00eda-en-Ciencias-y-Biologie-IB.jpg\",\"datePublished\":\"2018-11-29T14:48:00+00:00\",\"dateModified\":\"2023-01-04T16:56:18+00:00\",\"breadcrumb\":{\"@id\":\"https:\/\/ds-barranquilla.org\/de\/capacitacion-de-monografia-en-ciencias-y-biologie-ib\/#breadcrumb\"},\"inLanguage\":\"de\",\"potentialAction\":[{\"@type\":\"ReadAction\",\"target\":[\"https:\/\/ds-barranquilla.org\/de\/capacitacion-de-monografia-en-ciencias-y-biologie-ib\/\"]}]},{\"@type\":\"ImageObject\",\"inLanguage\":\"de\",\"@id\":\"https:\/\/ds-barranquilla.org\/de\/capacitacion-de-monografia-en-ciencias-y-biologie-ib\/#primaryimage\",\"url\":\"https:\/\/ds-barranquilla.org\/wp-content\/uploads\/2020\/07\/Capacitaci\u00f3n-de-monograf\u00eda-en-Ciencias-y-Biologie-IB.jpg\",\"contentUrl\":\"https:\/\/ds-barranquilla.org\/wp-content\/uploads\/2020\/07\/Capacitaci\u00f3n-de-monograf\u00eda-en-Ciencias-y-Biologie-IB.jpg\",\"width\":588,\"height\":261},{\"@type\":\"BreadcrumbList\",\"@id\":\"https:\/\/ds-barranquilla.org\/de\/capacitacion-de-monografia-en-ciencias-y-biologie-ib\/#breadcrumb\",\"itemListElement\":[{\"@type\":\"ListItem\",\"position\":1,\"name\":\"Portada\",\"item\":\"https:\/\/ds-barranquilla.org\/\"},{\"@type\":\"ListItem\",\"position\":2,\"name\":\"Capacitaci\u00f3n de monograf\u00eda en Ciencias y Biologie IB\"}]},{\"@type\":\"WebSite\",\"@id\":\"https:\/\/ds-barranquilla.org\/#website\",\"url\":\"https:\/\/ds-barranquilla.org\/\",\"name\":\"Colegio Alem\u00e1n - Los Mejores Colegios de Colombia - Colegio Triling\u00fce\",\"description\":\"Colegio Alem\u00e1n  Barranquilla Colombia - Colegio Biling\u00fce - Triling\u00fce - El Mejor Colegio de Colombia\",\"publisher\":{\"@id\":\"https:\/\/ds-barranquilla.org\/#organization\"},\"potentialAction\":[{\"@type\":\"SearchAction\",\"target\":{\"@type\":\"EntryPoint\",\"urlTemplate\":\"https:\/\/ds-barranquilla.org\/?s={search_term_string}\"},\"query-input\":\"required name=search_term_string\"}],\"inLanguage\":\"de\"},{\"@type\":\"Organization\",\"@id\":\"https:\/\/ds-barranquilla.org\/#organization\",\"name\":\"Colegio Alem\u00e1n Barranquilla\",\"url\":\"https:\/\/ds-barranquilla.org\/\",\"logo\":{\"@type\":\"ImageObject\",\"inLanguage\":\"de\",\"@id\":\"https:\/\/ds-barranquilla.org\/#\/schema\/logo\/image\/\",\"url\":\"https:\/\/ds-barranquilla.org\/wp-content\/uploads\/2021\/05\/coleman_logo_2.png\",\"contentUrl\":\"https:\/\/ds-barranquilla.org\/wp-content\/uploads\/2021\/05\/coleman_logo_2.png\",\"width\":418,\"height\":307,\"caption\":\"Colegio Alem\u00e1n Barranquilla\"},\"image\":{\"@id\":\"https:\/\/ds-barranquilla.org\/#\/schema\/logo\/image\/\"},\"sameAs\":[\"https:\/\/www.facebook.com\/ColegioAlemanBaq\/\",\"https:\/\/x.com\/ColegioAlemanBq\",\"https:\/\/www.instagram.com\/colegioalemanbaq\/\",\"https:\/\/www.linkedin.com\/school\/deutsche-schule-barranquilla\/\",\"https:\/\/www.youtube.com\/channel\/UCOOGZQCVs6aYRqIWvSN5agQ\"]},{\"@type\":\"Person\",\"@id\":\"https:\/\/ds-barranquilla.org\/#\/schema\/person\/7bf8790ba89d3480e0551241ccdc8d36\",\"name\":\"Comunicaciones Comunicaciones\",\"image\":{\"@type\":\"ImageObject\",\"inLanguage\":\"de\",\"@id\":\"https:\/\/ds-barranquilla.org\/#\/schema\/person\/image\/\",\"url\":\"https:\/\/secure.gravatar.com\/avatar\/a66ba9484a4338d81d6bea750e595038?s=96&d=mm&r=g\",\"contentUrl\":\"https:\/\/secure.gravatar.com\/avatar\/a66ba9484a4338d81d6bea750e595038?s=96&d=mm&r=g\",\"caption\":\"Comunicaciones Comunicaciones\"}}]}<\/script>\n<!-- \/ Yoast SEO plugin. -->","yoast_head_json":{"title":"Capacitaci\u00f3n de monograf\u00eda en Ciencias y Biologie IB - 2026","robots":{"index":"noindex","follow":"follow","max-snippet":"max-snippet:-1","max-image-preview":"max-image-preview:large","max-video-preview":"max-video-preview:-1"},"og_locale":"de_DE","og_type":"article","og_title":"Capacitaci\u00f3n de monograf\u00eda en Ciencias y Biologie IB - 2026","og_description":"creado por Lizbana Rueda El departamento de Ciencias se sigue preparando; los d\u00edas 22 y 23 de octubre se llev\u00f3 a cabo una capacitaci\u00f3n de monograf\u00eda [\u2026]","og_url":"https:\/\/ds-barranquilla.org\/de\/capacitacion-de-monografia-en-ciencias-y-biologie-ib\/","og_site_name":"Colegio Alem\u00e1n - Los Mejores Colegios de Colombia - Colegio Triling\u00fce","article_publisher":"https:\/\/www.facebook.com\/ColegioAlemanBaq\/","article_published_time":"2018-11-29T14:48:00+00:00","article_modified_time":"2023-01-04T16:56:18+00:00","og_image":[{"width":588,"height":261,"url":"https:\/\/ds-barranquilla.org\/wp-content\/uploads\/2020\/07\/Capacitaci\u00f3n-de-monograf\u00eda-en-Ciencias-y-Biologie-IB.jpg","type":"image\/jpeg"}],"author":"Comunicaciones Comunicaciones","twitter_card":"summary_large_image","twitter_creator":"@ColegioAlemanBq","twitter_site":"@ColegioAlemanBq","twitter_misc":{"Verfasst von":"Comunicaciones Comunicaciones","Gesch\u00e4tzte Lesezeit":"1\u00a0Minute"},"schema":{"@context":"https:\/\/schema.org","@graph":[{"@type":"Article","@id":"https:\/\/ds-barranquilla.org\/de\/capacitacion-de-monografia-en-ciencias-y-biologie-ib\/#article","isPartOf":{"@id":"https:\/\/ds-barranquilla.org\/de\/capacitacion-de-monografia-en-ciencias-y-biologie-ib\/"},"author":{"name":"Comunicaciones Comunicaciones","@id":"https:\/\/ds-barranquilla.org\/#\/schema\/person\/7bf8790ba89d3480e0551241ccdc8d36"},"headline":"Capacitaci\u00f3n de monograf\u00eda en Ciencias y Biologie IB","datePublished":"2018-11-29T14:48:00+00:00","dateModified":"2023-01-04T16:56:18+00:00","mainEntityOfPage":{"@id":"https:\/\/ds-barranquilla.org\/de\/capacitacion-de-monografia-en-ciencias-y-biologie-ib\/"},"wordCount":144,"commentCount":0,"publisher":{"@id":"https:\/\/ds-barranquilla.org\/#organization"},"image":{"@id":"https:\/\/ds-barranquilla.org\/de\/capacitacion-de-monografia-en-ciencias-y-biologie-ib\/#primaryimage"},"thumbnailUrl":"https:\/\/ds-barranquilla.org\/wp-content\/uploads\/2020\/07\/Capacitaci\u00f3n-de-monograf\u00eda-en-Ciencias-y-Biologie-IB.jpg","keywords":["2018","Ciencias"],"articleSection":["2018","\u00c1rea de Ciencias","Bachillerato Internacional","Secundaria"],"inLanguage":"de","potentialAction":[{"@type":"CommentAction","name":"Comment","target":["https:\/\/ds-barranquilla.org\/de\/capacitacion-de-monografia-en-ciencias-y-biologie-ib\/#respond"]}]},{"@type":"WebPage","@id":"https:\/\/ds-barranquilla.org\/de\/capacitacion-de-monografia-en-ciencias-y-biologie-ib\/","url":"https:\/\/ds-barranquilla.org\/de\/capacitacion-de-monografia-en-ciencias-y-biologie-ib\/","name":"Capacitaci\u00f3n de monograf\u00eda en Ciencias y Biologie IB - 2026","isPartOf":{"@id":"https:\/\/ds-barranquilla.org\/#website"},"primaryImageOfPage":{"@id":"https:\/\/ds-barranquilla.org\/de\/capacitacion-de-monografia-en-ciencias-y-biologie-ib\/#primaryimage"},"image":{"@id":"https:\/\/ds-barranquilla.org\/de\/capacitacion-de-monografia-en-ciencias-y-biologie-ib\/#primaryimage"},"thumbnailUrl":"https:\/\/ds-barranquilla.org\/wp-content\/uploads\/2020\/07\/Capacitaci\u00f3n-de-monograf\u00eda-en-Ciencias-y-Biologie-IB.jpg","datePublished":"2018-11-29T14:48:00+00:00","dateModified":"2023-01-04T16:56:18+00:00","breadcrumb":{"@id":"https:\/\/ds-barranquilla.org\/de\/capacitacion-de-monografia-en-ciencias-y-biologie-ib\/#breadcrumb"},"inLanguage":"de","potentialAction":[{"@type":"ReadAction","target":["https:\/\/ds-barranquilla.org\/de\/capacitacion-de-monografia-en-ciencias-y-biologie-ib\/"]}]},{"@type":"ImageObject","inLanguage":"de","@id":"https:\/\/ds-barranquilla.org\/de\/capacitacion-de-monografia-en-ciencias-y-biologie-ib\/#primaryimage","url":"https:\/\/ds-barranquilla.org\/wp-content\/uploads\/2020\/07\/Capacitaci\u00f3n-de-monograf\u00eda-en-Ciencias-y-Biologie-IB.jpg","contentUrl":"https:\/\/ds-barranquilla.org\/wp-content\/uploads\/2020\/07\/Capacitaci\u00f3n-de-monograf\u00eda-en-Ciencias-y-Biologie-IB.jpg","width":588,"height":261},{"@type":"BreadcrumbList","@id":"https:\/\/ds-barranquilla.org\/de\/capacitacion-de-monografia-en-ciencias-y-biologie-ib\/#breadcrumb","itemListElement":[{"@type":"ListItem","position":1,"name":"Portada","item":"https:\/\/ds-barranquilla.org\/"},{"@type":"ListItem","position":2,"name":"Capacitaci\u00f3n de monograf\u00eda en Ciencias y Biologie IB"}]},{"@type":"WebSite","@id":"https:\/\/ds-barranquilla.org\/#website","url":"https:\/\/ds-barranquilla.org\/","name":"Colegio Alem\u00e1n - Los Mejores Colegios de Colombia - Colegio Triling\u00fce","description":"Colegio Alem\u00e1n  Barranquilla Colombia - Colegio Biling\u00fce - Triling\u00fce - El Mejor Colegio de Colombia","publisher":{"@id":"https:\/\/ds-barranquilla.org\/#organization"},"potentialAction":[{"@type":"SearchAction","target":{"@type":"EntryPoint","urlTemplate":"https:\/\/ds-barranquilla.org\/?s={search_term_string}"},"query-input":"required name=search_term_string"}],"inLanguage":"de"},{"@type":"Organization","@id":"https:\/\/ds-barranquilla.org\/#organization","name":"Colegio Alem\u00e1n Barranquilla","url":"https:\/\/ds-barranquilla.org\/","logo":{"@type":"ImageObject","inLanguage":"de","@id":"https:\/\/ds-barranquilla.org\/#\/schema\/logo\/image\/","url":"https:\/\/ds-barranquilla.org\/wp-content\/uploads\/2021\/05\/coleman_logo_2.png","contentUrl":"https:\/\/ds-barranquilla.org\/wp-content\/uploads\/2021\/05\/coleman_logo_2.png","width":418,"height":307,"caption":"Colegio Alem\u00e1n Barranquilla"},"image":{"@id":"https:\/\/ds-barranquilla.org\/#\/schema\/logo\/image\/"},"sameAs":["https:\/\/www.facebook.com\/ColegioAlemanBaq\/","https:\/\/x.com\/ColegioAlemanBq","https:\/\/www.instagram.com\/colegioalemanbaq\/","https:\/\/www.linkedin.com\/school\/deutsche-schule-barranquilla\/","https:\/\/www.youtube.com\/channel\/UCOOGZQCVs6aYRqIWvSN5agQ"]},{"@type":"Person","@id":"https:\/\/ds-barranquilla.org\/#\/schema\/person\/7bf8790ba89d3480e0551241ccdc8d36","name":"Comunicaciones Comunicaciones","image":{"@type":"ImageObject","inLanguage":"de","@id":"https:\/\/ds-barranquilla.org\/#\/schema\/person\/image\/","url":"https:\/\/secure.gravatar.com\/avatar\/a66ba9484a4338d81d6bea750e595038?s=96&d=mm&r=g","contentUrl":"https:\/\/secure.gravatar.com\/avatar\/a66ba9484a4338d81d6bea750e595038?s=96&d=mm&r=g","caption":"Comunicaciones Comunicaciones"}}]}},"_links":{"self":[{"href":"https:\/\/ds-barranquilla.org\/de\/wp-json\/wp\/v2\/posts\/4965"}],"collection":[{"href":"https:\/\/ds-barranquilla.org\/de\/wp-json\/wp\/v2\/posts"}],"about":[{"href":"https:\/\/ds-barranquilla.org\/de\/wp-json\/wp\/v2\/types\/post"}],"author":[{"embeddable":true,"href":"https:\/\/ds-barranquilla.org\/de\/wp-json\/wp\/v2\/users\/16"}],"replies":[{"embeddable":true,"href":"https:\/\/ds-barranquilla.org\/de\/wp-json\/wp\/v2\/comments?post=4965"}],"version-history":[{"count":1,"href":"https:\/\/ds-barranquilla.org\/de\/wp-json\/wp\/v2\/posts\/4965\/revisions"}],"predecessor-version":[{"id":4967,"href":"https:\/\/ds-barranquilla.org\/de\/wp-json\/wp\/v2\/posts\/4965\/revisions\/4967"}],"wp:featuredmedia":[{"embeddable":true,"href":"https:\/\/ds-barranquilla.org\/de\/wp-json\/wp\/v2\/media\/4966"}],"wp:attachment":[{"href":"https:\/\/ds-barranquilla.org\/de\/wp-json\/wp\/v2\/media?parent=4965"}],"wp:term":[{"taxonomy":"category","embeddable":true,"href":"https:\/\/ds-barranquilla.org\/de\/wp-json\/wp\/v2\/categories?post=4965"},{"taxonomy":"post_tag","embeddable":true,"href":"https:\/\/ds-barranquilla.org\/de\/wp-json\/wp\/v2\/tags?post=4965"}],"curies":[{"name":"wp","href":"https:\/\/api.w.org\/{rel}","templated":true}]}}