{"id":4968,"date":"2018-07-30T09:57:37","date_gmt":"2018-07-30T14:57:37","guid":{"rendered":"https:\/\/ds-barranquilla.org\/?p=4968"},"modified":"2022-12-21T10:47:43","modified_gmt":"2022-12-21T15:47:43","slug":"bronce-en-matematicas-para-ciro-plata","status":"publish","type":"post","link":"https:\/\/ds-barranquilla.org\/de\/bronce-en-matematicas-para-ciro-plata\/","title":{"rendered":"Bronce en Matem\u00e1ticas para Ciro Plata"},"content":{"rendered":"<p>Ciro Plata, Abiturient des Jahrgangs 2013-2014, gewann eine Bronzemedaille bei der internationalen Mathematik-Olympiade der Universit\u00e4ten. Diese Olympiade fand vom 22. bis 28. Juni in Blag\u00f3evgrad, in der N\u00e4he der Hauptstadt Sof\u00eda, in Bulgarien statt.<\/p>\n<p>Ciro repr\u00e4sentierte mit seiner Teilnahme an diesem gro\u00dfen akademischen Event die Universit\u00e4t Bonn, an der er Mathematik im 5. Semester studiert.<\/p>\n<p>Um den 3. Platz bei diesem Wettbewerb zu gewinnen musste er sich gegen Studenten von Universit\u00e4ten aus Europa, Amerika und Asien durchsetzen.<\/p>\n<p>Gratulation an unseren ehemaligen Sch\u00fcler!<\/p>","protected":false},"excerpt":{"rendered":"<p>Ciro Plata, promoci\u00f3n 2013-2014, obtuvo medalla de bronce en la\u202fOlimpiada Internacional de Matem\u00e1ticas por Universidades\u202fque se celebr\u00f3 del 22 al 28 de julio en\u202fBlag\u00f3evgrad, cerca a<span class=\"excerpt-hellip\"> [\u2026]<\/span><\/p>","protected":false},"author":16,"featured_media":4969,"comment_status":"open","ping_status":"open","sticky":false,"template":"","format":"standard","meta":{"_exactmetrics_skip_tracking":false,"_exactmetrics_sitenote_active":false,"_exactmetrics_sitenote_note":"","_exactmetrics_sitenote_category":0,"_joinchat":[],"footnotes":""},"categories":[678,684],"tags":[712],"class_list":["post-4968","post","type-post","status-publish","format-standard","has-post-thumbnail","hentry","category-678","category-alumni","tag-entrevista"],"yoast_head":"<!-- This site is optimized with the Yoast SEO plugin v23.3 - https:\/\/yoast.com\/wordpress\/plugins\/seo\/ -->\n<title>Bronce en Matem\u00e1ticas para Ciro Plata - 2026<\/title>\n<meta name=\"robots\" content=\"noindex, follow, max-snippet:-1, max-image-preview:large, max-video-preview:-1\" \/>\n<meta property=\"og:locale\" content=\"de_DE\" \/>\n<meta property=\"og:type\" content=\"article\" \/>\n<meta property=\"og:title\" content=\"Bronce en Matem\u00e1ticas para Ciro Plata - 2026\" \/>\n<meta property=\"og:description\" content=\"Ciro Plata, promoci\u00f3n 2013-2014, obtuvo medalla de bronce en la\u202fOlimpiada Internacional de Matem\u00e1ticas por Universidades\u202fque se celebr\u00f3 del 22 al 28 de julio en\u202fBlag\u00f3evgrad, cerca a [\u2026]\" \/>\n<meta property=\"og:url\" content=\"https:\/\/ds-barranquilla.org\/de\/bronce-en-matematicas-para-ciro-plata\/\" \/>\n<meta property=\"og:site_name\" content=\"Colegio Alem\u00e1n - Los Mejores Colegios de Colombia - Colegio Triling\u00fce\" \/>\n<meta property=\"article:publisher\" content=\"https:\/\/www.facebook.com\/ColegioAlemanBaq\/\" \/>\n<meta property=\"article:published_time\" content=\"2018-07-30T14:57:37+00:00\" \/>\n<meta property=\"article:modified_time\" content=\"2022-12-21T15:47:43+00:00\" \/>\n<meta property=\"og:image\" content=\"https:\/\/ds-barranquilla.org\/wp-content\/uploads\/2020\/07\/Bronce-en-Matem\u00e1ticas-para-Ciro-Plata.jpg\" \/>\n\t<meta property=\"og:image:width\" content=\"556\" \/>\n\t<meta property=\"og:image:height\" content=\"234\" \/>\n\t<meta property=\"og:image:type\" content=\"image\/jpeg\" \/>\n<meta name=\"author\" content=\"Comunicaciones Comunicaciones\" \/>\n<meta name=\"twitter:card\" content=\"summary_large_image\" \/>\n<meta name=\"twitter:creator\" content=\"@ColegioAlemanBq\" \/>\n<meta name=\"twitter:site\" content=\"@ColegioAlemanBq\" \/>\n<meta name=\"twitter:label1\" content=\"Verfasst von\" \/>\n\t<meta name=\"twitter:data1\" content=\"Comunicaciones Comunicaciones\" \/>\n<script type=\"application\/ld+json\" class=\"yoast-schema-graph\">{\"@context\":\"https:\/\/schema.org\",\"@graph\":[{\"@type\":\"Article\",\"@id\":\"https:\/\/ds-barranquilla.org\/bronce-en-matematicas-para-ciro-plata\/#article\",\"isPartOf\":{\"@id\":\"https:\/\/ds-barranquilla.org\/bronce-en-matematicas-para-ciro-plata\/\"},\"author\":{\"name\":\"Comunicaciones Comunicaciones\",\"@id\":\"https:\/\/ds-barranquilla.org\/#\/schema\/person\/7bf8790ba89d3480e0551241ccdc8d36\"},\"headline\":\"Bronce en Matem\u00e1ticas para Ciro Plata\",\"datePublished\":\"2018-07-30T14:57:37+00:00\",\"dateModified\":\"2022-12-21T15:47:43+00:00\",\"mainEntityOfPage\":{\"@id\":\"https:\/\/ds-barranquilla.org\/bronce-en-matematicas-para-ciro-plata\/\"},\"wordCount\":88,\"commentCount\":0,\"publisher\":{\"@id\":\"https:\/\/ds-barranquilla.org\/#organization\"},\"image\":{\"@id\":\"https:\/\/ds-barranquilla.org\/bronce-en-matematicas-para-ciro-plata\/#primaryimage\"},\"thumbnailUrl\":\"https:\/\/ds-barranquilla.org\/wp-content\/uploads\/2020\/07\/Bronce-en-Matem\u00e1ticas-para-Ciro-Plata.jpg\",\"keywords\":[\"Entrevista\"],\"articleSection\":[\"2018\",\"Alumni\"],\"inLanguage\":\"de\",\"potentialAction\":[{\"@type\":\"CommentAction\",\"name\":\"Comment\",\"target\":[\"https:\/\/ds-barranquilla.org\/bronce-en-matematicas-para-ciro-plata\/#respond\"]}]},{\"@type\":\"WebPage\",\"@id\":\"https:\/\/ds-barranquilla.org\/bronce-en-matematicas-para-ciro-plata\/\",\"url\":\"https:\/\/ds-barranquilla.org\/bronce-en-matematicas-para-ciro-plata\/\",\"name\":\"Bronce en Matem\u00e1ticas para Ciro Plata - 2026\",\"isPartOf\":{\"@id\":\"https:\/\/ds-barranquilla.org\/#website\"},\"primaryImageOfPage\":{\"@id\":\"https:\/\/ds-barranquilla.org\/bronce-en-matematicas-para-ciro-plata\/#primaryimage\"},\"image\":{\"@id\":\"https:\/\/ds-barranquilla.org\/bronce-en-matematicas-para-ciro-plata\/#primaryimage\"},\"thumbnailUrl\":\"https:\/\/ds-barranquilla.org\/wp-content\/uploads\/2020\/07\/Bronce-en-Matem\u00e1ticas-para-Ciro-Plata.jpg\",\"datePublished\":\"2018-07-30T14:57:37+00:00\",\"dateModified\":\"2022-12-21T15:47:43+00:00\",\"breadcrumb\":{\"@id\":\"https:\/\/ds-barranquilla.org\/bronce-en-matematicas-para-ciro-plata\/#breadcrumb\"},\"inLanguage\":\"de\",\"potentialAction\":[{\"@type\":\"ReadAction\",\"target\":[\"https:\/\/ds-barranquilla.org\/bronce-en-matematicas-para-ciro-plata\/\"]}]},{\"@type\":\"ImageObject\",\"inLanguage\":\"de\",\"@id\":\"https:\/\/ds-barranquilla.org\/bronce-en-matematicas-para-ciro-plata\/#primaryimage\",\"url\":\"https:\/\/ds-barranquilla.org\/wp-content\/uploads\/2020\/07\/Bronce-en-Matem\u00e1ticas-para-Ciro-Plata.jpg\",\"contentUrl\":\"https:\/\/ds-barranquilla.org\/wp-content\/uploads\/2020\/07\/Bronce-en-Matem\u00e1ticas-para-Ciro-Plata.jpg\",\"width\":556,\"height\":234},{\"@type\":\"BreadcrumbList\",\"@id\":\"https:\/\/ds-barranquilla.org\/bronce-en-matematicas-para-ciro-plata\/#breadcrumb\",\"itemListElement\":[{\"@type\":\"ListItem\",\"position\":1,\"name\":\"Portada\",\"item\":\"https:\/\/ds-barranquilla.org\/\"},{\"@type\":\"ListItem\",\"position\":2,\"name\":\"Bronce en Matem\u00e1ticas para Ciro Plata\"}]},{\"@type\":\"WebSite\",\"@id\":\"https:\/\/ds-barranquilla.org\/#website\",\"url\":\"https:\/\/ds-barranquilla.org\/\",\"name\":\"Colegio Alem\u00e1n - Los Mejores Colegios de Colombia - Colegio Triling\u00fce\",\"description\":\"Colegio Alem\u00e1n  Barranquilla Colombia - Colegio Biling\u00fce - Triling\u00fce - El Mejor Colegio de Colombia\",\"publisher\":{\"@id\":\"https:\/\/ds-barranquilla.org\/#organization\"},\"potentialAction\":[{\"@type\":\"SearchAction\",\"target\":{\"@type\":\"EntryPoint\",\"urlTemplate\":\"https:\/\/ds-barranquilla.org\/?s={search_term_string}\"},\"query-input\":\"required name=search_term_string\"}],\"inLanguage\":\"de\"},{\"@type\":\"Organization\",\"@id\":\"https:\/\/ds-barranquilla.org\/#organization\",\"name\":\"Colegio Alem\u00e1n Barranquilla\",\"url\":\"https:\/\/ds-barranquilla.org\/\",\"logo\":{\"@type\":\"ImageObject\",\"inLanguage\":\"de\",\"@id\":\"https:\/\/ds-barranquilla.org\/#\/schema\/logo\/image\/\",\"url\":\"https:\/\/ds-barranquilla.org\/wp-content\/uploads\/2021\/05\/coleman_logo_2.png\",\"contentUrl\":\"https:\/\/ds-barranquilla.org\/wp-content\/uploads\/2021\/05\/coleman_logo_2.png\",\"width\":418,\"height\":307,\"caption\":\"Colegio Alem\u00e1n Barranquilla\"},\"image\":{\"@id\":\"https:\/\/ds-barranquilla.org\/#\/schema\/logo\/image\/\"},\"sameAs\":[\"https:\/\/www.facebook.com\/ColegioAlemanBaq\/\",\"https:\/\/x.com\/ColegioAlemanBq\",\"https:\/\/www.instagram.com\/colegioalemanbaq\/\",\"https:\/\/www.linkedin.com\/school\/deutsche-schule-barranquilla\/\",\"https:\/\/www.youtube.com\/channel\/UCOOGZQCVs6aYRqIWvSN5agQ\"]},{\"@type\":\"Person\",\"@id\":\"https:\/\/ds-barranquilla.org\/#\/schema\/person\/7bf8790ba89d3480e0551241ccdc8d36\",\"name\":\"Comunicaciones Comunicaciones\",\"image\":{\"@type\":\"ImageObject\",\"inLanguage\":\"de\",\"@id\":\"https:\/\/ds-barranquilla.org\/#\/schema\/person\/image\/\",\"url\":\"https:\/\/secure.gravatar.com\/avatar\/a66ba9484a4338d81d6bea750e595038?s=96&d=mm&r=g\",\"contentUrl\":\"https:\/\/secure.gravatar.com\/avatar\/a66ba9484a4338d81d6bea750e595038?s=96&d=mm&r=g\",\"caption\":\"Comunicaciones Comunicaciones\"}}]}<\/script>\n<!-- \/ Yoast SEO plugin. -->","yoast_head_json":{"title":"Bronce en Matem\u00e1ticas para Ciro Plata - 2026","robots":{"index":"noindex","follow":"follow","max-snippet":"max-snippet:-1","max-image-preview":"max-image-preview:large","max-video-preview":"max-video-preview:-1"},"og_locale":"de_DE","og_type":"article","og_title":"Bronce en Matem\u00e1ticas para Ciro Plata - 2026","og_description":"Ciro Plata, promoci\u00f3n 2013-2014, obtuvo medalla de bronce en la\u202fOlimpiada Internacional de Matem\u00e1ticas por Universidades\u202fque se celebr\u00f3 del 22 al 28 de julio en\u202fBlag\u00f3evgrad, cerca a [\u2026]","og_url":"https:\/\/ds-barranquilla.org\/de\/bronce-en-matematicas-para-ciro-plata\/","og_site_name":"Colegio Alem\u00e1n - Los Mejores Colegios de Colombia - Colegio Triling\u00fce","article_publisher":"https:\/\/www.facebook.com\/ColegioAlemanBaq\/","article_published_time":"2018-07-30T14:57:37+00:00","article_modified_time":"2022-12-21T15:47:43+00:00","og_image":[{"width":556,"height":234,"url":"https:\/\/ds-barranquilla.org\/wp-content\/uploads\/2020\/07\/Bronce-en-Matem\u00e1ticas-para-Ciro-Plata.jpg","type":"image\/jpeg"}],"author":"Comunicaciones Comunicaciones","twitter_card":"summary_large_image","twitter_creator":"@ColegioAlemanBq","twitter_site":"@ColegioAlemanBq","twitter_misc":{"Verfasst von":"Comunicaciones Comunicaciones"},"schema":{"@context":"https:\/\/schema.org","@graph":[{"@type":"Article","@id":"https:\/\/ds-barranquilla.org\/bronce-en-matematicas-para-ciro-plata\/#article","isPartOf":{"@id":"https:\/\/ds-barranquilla.org\/bronce-en-matematicas-para-ciro-plata\/"},"author":{"name":"Comunicaciones Comunicaciones","@id":"https:\/\/ds-barranquilla.org\/#\/schema\/person\/7bf8790ba89d3480e0551241ccdc8d36"},"headline":"Bronce en Matem\u00e1ticas para Ciro Plata","datePublished":"2018-07-30T14:57:37+00:00","dateModified":"2022-12-21T15:47:43+00:00","mainEntityOfPage":{"@id":"https:\/\/ds-barranquilla.org\/bronce-en-matematicas-para-ciro-plata\/"},"wordCount":88,"commentCount":0,"publisher":{"@id":"https:\/\/ds-barranquilla.org\/#organization"},"image":{"@id":"https:\/\/ds-barranquilla.org\/bronce-en-matematicas-para-ciro-plata\/#primaryimage"},"thumbnailUrl":"https:\/\/ds-barranquilla.org\/wp-content\/uploads\/2020\/07\/Bronce-en-Matem\u00e1ticas-para-Ciro-Plata.jpg","keywords":["Entrevista"],"articleSection":["2018","Alumni"],"inLanguage":"de","potentialAction":[{"@type":"CommentAction","name":"Comment","target":["https:\/\/ds-barranquilla.org\/bronce-en-matematicas-para-ciro-plata\/#respond"]}]},{"@type":"WebPage","@id":"https:\/\/ds-barranquilla.org\/bronce-en-matematicas-para-ciro-plata\/","url":"https:\/\/ds-barranquilla.org\/bronce-en-matematicas-para-ciro-plata\/","name":"Bronce en Matem\u00e1ticas para Ciro Plata - 2026","isPartOf":{"@id":"https:\/\/ds-barranquilla.org\/#website"},"primaryImageOfPage":{"@id":"https:\/\/ds-barranquilla.org\/bronce-en-matematicas-para-ciro-plata\/#primaryimage"},"image":{"@id":"https:\/\/ds-barranquilla.org\/bronce-en-matematicas-para-ciro-plata\/#primaryimage"},"thumbnailUrl":"https:\/\/ds-barranquilla.org\/wp-content\/uploads\/2020\/07\/Bronce-en-Matem\u00e1ticas-para-Ciro-Plata.jpg","datePublished":"2018-07-30T14:57:37+00:00","dateModified":"2022-12-21T15:47:43+00:00","breadcrumb":{"@id":"https:\/\/ds-barranquilla.org\/bronce-en-matematicas-para-ciro-plata\/#breadcrumb"},"inLanguage":"de","potentialAction":[{"@type":"ReadAction","target":["https:\/\/ds-barranquilla.org\/bronce-en-matematicas-para-ciro-plata\/"]}]},{"@type":"ImageObject","inLanguage":"de","@id":"https:\/\/ds-barranquilla.org\/bronce-en-matematicas-para-ciro-plata\/#primaryimage","url":"https:\/\/ds-barranquilla.org\/wp-content\/uploads\/2020\/07\/Bronce-en-Matem\u00e1ticas-para-Ciro-Plata.jpg","contentUrl":"https:\/\/ds-barranquilla.org\/wp-content\/uploads\/2020\/07\/Bronce-en-Matem\u00e1ticas-para-Ciro-Plata.jpg","width":556,"height":234},{"@type":"BreadcrumbList","@id":"https:\/\/ds-barranquilla.org\/bronce-en-matematicas-para-ciro-plata\/#breadcrumb","itemListElement":[{"@type":"ListItem","position":1,"name":"Portada","item":"https:\/\/ds-barranquilla.org\/"},{"@type":"ListItem","position":2,"name":"Bronce en Matem\u00e1ticas para Ciro Plata"}]},{"@type":"WebSite","@id":"https:\/\/ds-barranquilla.org\/#website","url":"https:\/\/ds-barranquilla.org\/","name":"Colegio Alem\u00e1n - Los Mejores Colegios de Colombia - Colegio Triling\u00fce","description":"Colegio Alem\u00e1n  Barranquilla Colombia - Colegio Biling\u00fce - Triling\u00fce - El Mejor Colegio de Colombia","publisher":{"@id":"https:\/\/ds-barranquilla.org\/#organization"},"potentialAction":[{"@type":"SearchAction","target":{"@type":"EntryPoint","urlTemplate":"https:\/\/ds-barranquilla.org\/?s={search_term_string}"},"query-input":"required name=search_term_string"}],"inLanguage":"de"},{"@type":"Organization","@id":"https:\/\/ds-barranquilla.org\/#organization","name":"Colegio Alem\u00e1n Barranquilla","url":"https:\/\/ds-barranquilla.org\/","logo":{"@type":"ImageObject","inLanguage":"de","@id":"https:\/\/ds-barranquilla.org\/#\/schema\/logo\/image\/","url":"https:\/\/ds-barranquilla.org\/wp-content\/uploads\/2021\/05\/coleman_logo_2.png","contentUrl":"https:\/\/ds-barranquilla.org\/wp-content\/uploads\/2021\/05\/coleman_logo_2.png","width":418,"height":307,"caption":"Colegio Alem\u00e1n Barranquilla"},"image":{"@id":"https:\/\/ds-barranquilla.org\/#\/schema\/logo\/image\/"},"sameAs":["https:\/\/www.facebook.com\/ColegioAlemanBaq\/","https:\/\/x.com\/ColegioAlemanBq","https:\/\/www.instagram.com\/colegioalemanbaq\/","https:\/\/www.linkedin.com\/school\/deutsche-schule-barranquilla\/","https:\/\/www.youtube.com\/channel\/UCOOGZQCVs6aYRqIWvSN5agQ"]},{"@type":"Person","@id":"https:\/\/ds-barranquilla.org\/#\/schema\/person\/7bf8790ba89d3480e0551241ccdc8d36","name":"Comunicaciones Comunicaciones","image":{"@type":"ImageObject","inLanguage":"de","@id":"https:\/\/ds-barranquilla.org\/#\/schema\/person\/image\/","url":"https:\/\/secure.gravatar.com\/avatar\/a66ba9484a4338d81d6bea750e595038?s=96&d=mm&r=g","contentUrl":"https:\/\/secure.gravatar.com\/avatar\/a66ba9484a4338d81d6bea750e595038?s=96&d=mm&r=g","caption":"Comunicaciones Comunicaciones"}}]}},"_links":{"self":[{"href":"https:\/\/ds-barranquilla.org\/de\/wp-json\/wp\/v2\/posts\/4968"}],"collection":[{"href":"https:\/\/ds-barranquilla.org\/de\/wp-json\/wp\/v2\/posts"}],"about":[{"href":"https:\/\/ds-barranquilla.org\/de\/wp-json\/wp\/v2\/types\/post"}],"author":[{"embeddable":true,"href":"https:\/\/ds-barranquilla.org\/de\/wp-json\/wp\/v2\/users\/16"}],"replies":[{"embeddable":true,"href":"https:\/\/ds-barranquilla.org\/de\/wp-json\/wp\/v2\/comments?post=4968"}],"version-history":[{"count":1,"href":"https:\/\/ds-barranquilla.org\/de\/wp-json\/wp\/v2\/posts\/4968\/revisions"}],"predecessor-version":[{"id":4970,"href":"https:\/\/ds-barranquilla.org\/de\/wp-json\/wp\/v2\/posts\/4968\/revisions\/4970"}],"wp:featuredmedia":[{"embeddable":true,"href":"https:\/\/ds-barranquilla.org\/de\/wp-json\/wp\/v2\/media\/4969"}],"wp:attachment":[{"href":"https:\/\/ds-barranquilla.org\/de\/wp-json\/wp\/v2\/media?parent=4968"}],"wp:term":[{"taxonomy":"category","embeddable":true,"href":"https:\/\/ds-barranquilla.org\/de\/wp-json\/wp\/v2\/categories?post=4968"},{"taxonomy":"post_tag","embeddable":true,"href":"https:\/\/ds-barranquilla.org\/de\/wp-json\/wp\/v2\/tags?post=4968"}],"curies":[{"name":"wp","href":"https:\/\/api.w.org\/{rel}","templated":true}]}}