{"id":4971,"date":"2018-07-30T11:27:46","date_gmt":"2018-07-30T16:27:46","guid":{"rendered":"https:\/\/ds-barranquilla.org\/?p=4971"},"modified":"2022-12-21T08:33:44","modified_gmt":"2022-12-21T13:33:44","slug":"coro-infantil-presente-en-el-festival-del-rio","status":"publish","type":"post","link":"https:\/\/ds-barranquilla.org\/de\/coro-infantil-presente-en-el-festival-del-rio\/","title":{"rendered":"Coro Infantil, presente en el Festival del R\u00edo"},"content":{"rendered":"<p>Auch unser Kinderchor, unter der Leitung von Jos\u00e9 Mej\u00eda, konnte im Rahmen der mittelamerikanischen und karibischen Spiele in Barranquilla 2018 hervorstechen.<\/p>\n<p>Am vergangenen Donnerstag, den 26. Juli, wurde der Launch von \u201eCircuito Coral del Caribe Alberto Carbonell\u201d vorgestellt, dies ist eine Initiative in Barranquilla, die die besten Chorgruppen der Stadt zusammenf\u00fchrt. Diese Veranstaltung fand w\u00e4hrend des \u201eFestival del Rio\u201c statt, einem kulturellen, gastronomischen und famili\u00e4ren Ereignis, welches mehr als 700.000 Barranquilleros und Touristen w\u00e4hrend der Spiele begeisterte.<\/p>\n<p>W\u00e4hrend ihres Auftrittes sangen die Kinder ihre Interpretationen der St\u00fccke \u201cCanon La Ti Do\u201d (von Haydn), \u201cCockles and Mussles\u201d, Maracatu\u201d und \u201cPrende la vela\u201d.<\/p>\n<p>Wir gratulieren unseren Kindern zu dieser Ehre, dass sie bei dieser Veranstaltung auftreten durften! Diese Einladung bekamen sie, weil sie bereits jetzt zu den wichtigsten Ch\u00f6ren der Stadt geh\u00f6ren.<\/p>\n<p>&gt;&gt; Weitere Fotos auf flickr<\/p>","protected":false},"excerpt":{"rendered":"<p>Nuestro\u202fCoro Infantil,\u202fdirigido por\u202fJos\u00e9 Mej\u00eda,\u202ftambi\u00e9n se destac\u00f3 en el marco de los\u202fJuegos Centroamericanos y del Caribe Barranquilla 2018. El pasado jueves 26 de julio se present\u00f3 en<span class=\"excerpt-hellip\"> [\u2026]<\/span><\/p>","protected":false},"author":16,"featured_media":4972,"comment_status":"open","ping_status":"open","sticky":false,"template":"","format":"standard","meta":{"_exactmetrics_skip_tracking":false,"_exactmetrics_sitenote_active":false,"_exactmetrics_sitenote_note":"","_exactmetrics_sitenote_category":0,"_joinchat":[],"footnotes":""},"categories":[678,685,701],"tags":[439,437,431],"class_list":["post-4971","post","type-post","status-publish","format-standard","has-post-thumbnail","hentry","category-678","category-area-de-artes-visuales-e-interpretativas","category-coro-infantil-y-juvenil","tag-439","tag-musica","tag-primaria"],"yoast_head":"<!-- This site is optimized with the Yoast SEO plugin v23.3 - https:\/\/yoast.com\/wordpress\/plugins\/seo\/ -->\n<title>Coro Infantil, presente en el Festival del R\u00edo - 2026<\/title>\n<meta name=\"robots\" content=\"noindex, follow, max-snippet:-1, max-image-preview:large, max-video-preview:-1\" \/>\n<meta property=\"og:locale\" content=\"de_DE\" \/>\n<meta property=\"og:type\" content=\"article\" \/>\n<meta property=\"og:title\" content=\"Coro Infantil, presente en el Festival del R\u00edo - 2026\" \/>\n<meta property=\"og:description\" content=\"Nuestro\u202fCoro Infantil,\u202fdirigido por\u202fJos\u00e9 Mej\u00eda,\u202ftambi\u00e9n se destac\u00f3 en el marco de los\u202fJuegos Centroamericanos y del Caribe Barranquilla 2018. El pasado jueves 26 de julio se present\u00f3 en [\u2026]\" \/>\n<meta property=\"og:url\" content=\"https:\/\/ds-barranquilla.org\/de\/coro-infantil-presente-en-el-festival-del-rio\/\" \/>\n<meta property=\"og:site_name\" content=\"Colegio Alem\u00e1n - Los Mejores Colegios de Colombia - Colegio Triling\u00fce\" \/>\n<meta property=\"article:publisher\" content=\"https:\/\/www.facebook.com\/ColegioAlemanBaq\/\" \/>\n<meta property=\"article:published_time\" content=\"2018-07-30T16:27:46+00:00\" \/>\n<meta property=\"article:modified_time\" content=\"2022-12-21T13:33:44+00:00\" \/>\n<meta property=\"og:image\" content=\"https:\/\/ds-barranquilla.org\/wp-content\/uploads\/2020\/07\/Coro-Infantil-presente-en-el-Festival-del-R\u00edo.jpg\" \/>\n\t<meta property=\"og:image:width\" content=\"598\" \/>\n\t<meta property=\"og:image:height\" content=\"259\" \/>\n\t<meta property=\"og:image:type\" content=\"image\/jpeg\" \/>\n<meta name=\"author\" content=\"Comunicaciones Comunicaciones\" \/>\n<meta name=\"twitter:card\" content=\"summary_large_image\" \/>\n<meta name=\"twitter:creator\" content=\"@ColegioAlemanBq\" \/>\n<meta name=\"twitter:site\" content=\"@ColegioAlemanBq\" \/>\n<meta name=\"twitter:label1\" content=\"Verfasst von\" \/>\n\t<meta name=\"twitter:data1\" content=\"Comunicaciones Comunicaciones\" \/>\n\t<meta name=\"twitter:label2\" content=\"Gesch\u00e4tzte Lesezeit\" \/>\n\t<meta name=\"twitter:data2\" content=\"1\u00a0Minute\" \/>\n<script type=\"application\/ld+json\" class=\"yoast-schema-graph\">{\"@context\":\"https:\/\/schema.org\",\"@graph\":[{\"@type\":\"Article\",\"@id\":\"https:\/\/ds-barranquilla.org\/coro-infantil-presente-en-el-festival-del-rio\/#article\",\"isPartOf\":{\"@id\":\"https:\/\/ds-barranquilla.org\/coro-infantil-presente-en-el-festival-del-rio\/\"},\"author\":{\"name\":\"Comunicaciones Comunicaciones\",\"@id\":\"https:\/\/ds-barranquilla.org\/#\/schema\/person\/7bf8790ba89d3480e0551241ccdc8d36\"},\"headline\":\"Coro Infantil, presente en el Festival del R\u00edo\",\"datePublished\":\"2018-07-30T16:27:46+00:00\",\"dateModified\":\"2022-12-21T13:33:44+00:00\",\"mainEntityOfPage\":{\"@id\":\"https:\/\/ds-barranquilla.org\/coro-infantil-presente-en-el-festival-del-rio\/\"},\"wordCount\":155,\"commentCount\":0,\"publisher\":{\"@id\":\"https:\/\/ds-barranquilla.org\/#organization\"},\"image\":{\"@id\":\"https:\/\/ds-barranquilla.org\/coro-infantil-presente-en-el-festival-del-rio\/#primaryimage\"},\"thumbnailUrl\":\"https:\/\/ds-barranquilla.org\/wp-content\/uploads\/2020\/07\/Coro-Infantil-presente-en-el-Festival-del-R\u00edo.jpg\",\"keywords\":[\"2018\",\"M\u00fasica\",\"Primaria\"],\"articleSection\":[\"2018\",\"\u00c1rea de Artes Visuales e Interpretativas\",\"Coro Infantil y Juvenil\"],\"inLanguage\":\"de\",\"potentialAction\":[{\"@type\":\"CommentAction\",\"name\":\"Comment\",\"target\":[\"https:\/\/ds-barranquilla.org\/coro-infantil-presente-en-el-festival-del-rio\/#respond\"]}]},{\"@type\":\"WebPage\",\"@id\":\"https:\/\/ds-barranquilla.org\/coro-infantil-presente-en-el-festival-del-rio\/\",\"url\":\"https:\/\/ds-barranquilla.org\/coro-infantil-presente-en-el-festival-del-rio\/\",\"name\":\"Coro Infantil, presente en el Festival del R\u00edo - 2026\",\"isPartOf\":{\"@id\":\"https:\/\/ds-barranquilla.org\/#website\"},\"primaryImageOfPage\":{\"@id\":\"https:\/\/ds-barranquilla.org\/coro-infantil-presente-en-el-festival-del-rio\/#primaryimage\"},\"image\":{\"@id\":\"https:\/\/ds-barranquilla.org\/coro-infantil-presente-en-el-festival-del-rio\/#primaryimage\"},\"thumbnailUrl\":\"https:\/\/ds-barranquilla.org\/wp-content\/uploads\/2020\/07\/Coro-Infantil-presente-en-el-Festival-del-R\u00edo.jpg\",\"datePublished\":\"2018-07-30T16:27:46+00:00\",\"dateModified\":\"2022-12-21T13:33:44+00:00\",\"breadcrumb\":{\"@id\":\"https:\/\/ds-barranquilla.org\/coro-infantil-presente-en-el-festival-del-rio\/#breadcrumb\"},\"inLanguage\":\"de\",\"potentialAction\":[{\"@type\":\"ReadAction\",\"target\":[\"https:\/\/ds-barranquilla.org\/coro-infantil-presente-en-el-festival-del-rio\/\"]}]},{\"@type\":\"ImageObject\",\"inLanguage\":\"de\",\"@id\":\"https:\/\/ds-barranquilla.org\/coro-infantil-presente-en-el-festival-del-rio\/#primaryimage\",\"url\":\"https:\/\/ds-barranquilla.org\/wp-content\/uploads\/2020\/07\/Coro-Infantil-presente-en-el-Festival-del-R\u00edo.jpg\",\"contentUrl\":\"https:\/\/ds-barranquilla.org\/wp-content\/uploads\/2020\/07\/Coro-Infantil-presente-en-el-Festival-del-R\u00edo.jpg\",\"width\":598,\"height\":259},{\"@type\":\"BreadcrumbList\",\"@id\":\"https:\/\/ds-barranquilla.org\/coro-infantil-presente-en-el-festival-del-rio\/#breadcrumb\",\"itemListElement\":[{\"@type\":\"ListItem\",\"position\":1,\"name\":\"Portada\",\"item\":\"https:\/\/ds-barranquilla.org\/\"},{\"@type\":\"ListItem\",\"position\":2,\"name\":\"Coro Infantil, presente en el Festival del R\u00edo\"}]},{\"@type\":\"WebSite\",\"@id\":\"https:\/\/ds-barranquilla.org\/#website\",\"url\":\"https:\/\/ds-barranquilla.org\/\",\"name\":\"Colegio Alem\u00e1n - Los Mejores Colegios de Colombia - Colegio Triling\u00fce\",\"description\":\"Colegio Alem\u00e1n  Barranquilla Colombia - Colegio Biling\u00fce - Triling\u00fce - El Mejor Colegio de Colombia\",\"publisher\":{\"@id\":\"https:\/\/ds-barranquilla.org\/#organization\"},\"potentialAction\":[{\"@type\":\"SearchAction\",\"target\":{\"@type\":\"EntryPoint\",\"urlTemplate\":\"https:\/\/ds-barranquilla.org\/?s={search_term_string}\"},\"query-input\":\"required name=search_term_string\"}],\"inLanguage\":\"de\"},{\"@type\":\"Organization\",\"@id\":\"https:\/\/ds-barranquilla.org\/#organization\",\"name\":\"Colegio Alem\u00e1n Barranquilla\",\"url\":\"https:\/\/ds-barranquilla.org\/\",\"logo\":{\"@type\":\"ImageObject\",\"inLanguage\":\"de\",\"@id\":\"https:\/\/ds-barranquilla.org\/#\/schema\/logo\/image\/\",\"url\":\"https:\/\/ds-barranquilla.org\/wp-content\/uploads\/2021\/05\/coleman_logo_2.png\",\"contentUrl\":\"https:\/\/ds-barranquilla.org\/wp-content\/uploads\/2021\/05\/coleman_logo_2.png\",\"width\":418,\"height\":307,\"caption\":\"Colegio Alem\u00e1n Barranquilla\"},\"image\":{\"@id\":\"https:\/\/ds-barranquilla.org\/#\/schema\/logo\/image\/\"},\"sameAs\":[\"https:\/\/www.facebook.com\/ColegioAlemanBaq\/\",\"https:\/\/x.com\/ColegioAlemanBq\",\"https:\/\/www.instagram.com\/colegioalemanbaq\/\",\"https:\/\/www.linkedin.com\/school\/deutsche-schule-barranquilla\/\",\"https:\/\/www.youtube.com\/channel\/UCOOGZQCVs6aYRqIWvSN5agQ\"]},{\"@type\":\"Person\",\"@id\":\"https:\/\/ds-barranquilla.org\/#\/schema\/person\/7bf8790ba89d3480e0551241ccdc8d36\",\"name\":\"Comunicaciones Comunicaciones\",\"image\":{\"@type\":\"ImageObject\",\"inLanguage\":\"de\",\"@id\":\"https:\/\/ds-barranquilla.org\/#\/schema\/person\/image\/\",\"url\":\"https:\/\/secure.gravatar.com\/avatar\/a66ba9484a4338d81d6bea750e595038?s=96&d=mm&r=g\",\"contentUrl\":\"https:\/\/secure.gravatar.com\/avatar\/a66ba9484a4338d81d6bea750e595038?s=96&d=mm&r=g\",\"caption\":\"Comunicaciones Comunicaciones\"}}]}<\/script>\n<!-- \/ Yoast SEO plugin. -->","yoast_head_json":{"title":"Coro Infantil, presente en el Festival del R\u00edo - 2026","robots":{"index":"noindex","follow":"follow","max-snippet":"max-snippet:-1","max-image-preview":"max-image-preview:large","max-video-preview":"max-video-preview:-1"},"og_locale":"de_DE","og_type":"article","og_title":"Coro Infantil, presente en el Festival del R\u00edo - 2026","og_description":"Nuestro\u202fCoro Infantil,\u202fdirigido por\u202fJos\u00e9 Mej\u00eda,\u202ftambi\u00e9n se destac\u00f3 en el marco de los\u202fJuegos Centroamericanos y del Caribe Barranquilla 2018. El pasado jueves 26 de julio se present\u00f3 en [\u2026]","og_url":"https:\/\/ds-barranquilla.org\/de\/coro-infantil-presente-en-el-festival-del-rio\/","og_site_name":"Colegio Alem\u00e1n - Los Mejores Colegios de Colombia - Colegio Triling\u00fce","article_publisher":"https:\/\/www.facebook.com\/ColegioAlemanBaq\/","article_published_time":"2018-07-30T16:27:46+00:00","article_modified_time":"2022-12-21T13:33:44+00:00","og_image":[{"width":598,"height":259,"url":"https:\/\/ds-barranquilla.org\/wp-content\/uploads\/2020\/07\/Coro-Infantil-presente-en-el-Festival-del-R\u00edo.jpg","type":"image\/jpeg"}],"author":"Comunicaciones Comunicaciones","twitter_card":"summary_large_image","twitter_creator":"@ColegioAlemanBq","twitter_site":"@ColegioAlemanBq","twitter_misc":{"Verfasst von":"Comunicaciones Comunicaciones","Gesch\u00e4tzte Lesezeit":"1\u00a0Minute"},"schema":{"@context":"https:\/\/schema.org","@graph":[{"@type":"Article","@id":"https:\/\/ds-barranquilla.org\/coro-infantil-presente-en-el-festival-del-rio\/#article","isPartOf":{"@id":"https:\/\/ds-barranquilla.org\/coro-infantil-presente-en-el-festival-del-rio\/"},"author":{"name":"Comunicaciones Comunicaciones","@id":"https:\/\/ds-barranquilla.org\/#\/schema\/person\/7bf8790ba89d3480e0551241ccdc8d36"},"headline":"Coro Infantil, presente en el Festival del R\u00edo","datePublished":"2018-07-30T16:27:46+00:00","dateModified":"2022-12-21T13:33:44+00:00","mainEntityOfPage":{"@id":"https:\/\/ds-barranquilla.org\/coro-infantil-presente-en-el-festival-del-rio\/"},"wordCount":155,"commentCount":0,"publisher":{"@id":"https:\/\/ds-barranquilla.org\/#organization"},"image":{"@id":"https:\/\/ds-barranquilla.org\/coro-infantil-presente-en-el-festival-del-rio\/#primaryimage"},"thumbnailUrl":"https:\/\/ds-barranquilla.org\/wp-content\/uploads\/2020\/07\/Coro-Infantil-presente-en-el-Festival-del-R\u00edo.jpg","keywords":["2018","M\u00fasica","Primaria"],"articleSection":["2018","\u00c1rea de Artes Visuales e Interpretativas","Coro Infantil y Juvenil"],"inLanguage":"de","potentialAction":[{"@type":"CommentAction","name":"Comment","target":["https:\/\/ds-barranquilla.org\/coro-infantil-presente-en-el-festival-del-rio\/#respond"]}]},{"@type":"WebPage","@id":"https:\/\/ds-barranquilla.org\/coro-infantil-presente-en-el-festival-del-rio\/","url":"https:\/\/ds-barranquilla.org\/coro-infantil-presente-en-el-festival-del-rio\/","name":"Coro Infantil, presente en el Festival del R\u00edo - 2026","isPartOf":{"@id":"https:\/\/ds-barranquilla.org\/#website"},"primaryImageOfPage":{"@id":"https:\/\/ds-barranquilla.org\/coro-infantil-presente-en-el-festival-del-rio\/#primaryimage"},"image":{"@id":"https:\/\/ds-barranquilla.org\/coro-infantil-presente-en-el-festival-del-rio\/#primaryimage"},"thumbnailUrl":"https:\/\/ds-barranquilla.org\/wp-content\/uploads\/2020\/07\/Coro-Infantil-presente-en-el-Festival-del-R\u00edo.jpg","datePublished":"2018-07-30T16:27:46+00:00","dateModified":"2022-12-21T13:33:44+00:00","breadcrumb":{"@id":"https:\/\/ds-barranquilla.org\/coro-infantil-presente-en-el-festival-del-rio\/#breadcrumb"},"inLanguage":"de","potentialAction":[{"@type":"ReadAction","target":["https:\/\/ds-barranquilla.org\/coro-infantil-presente-en-el-festival-del-rio\/"]}]},{"@type":"ImageObject","inLanguage":"de","@id":"https:\/\/ds-barranquilla.org\/coro-infantil-presente-en-el-festival-del-rio\/#primaryimage","url":"https:\/\/ds-barranquilla.org\/wp-content\/uploads\/2020\/07\/Coro-Infantil-presente-en-el-Festival-del-R\u00edo.jpg","contentUrl":"https:\/\/ds-barranquilla.org\/wp-content\/uploads\/2020\/07\/Coro-Infantil-presente-en-el-Festival-del-R\u00edo.jpg","width":598,"height":259},{"@type":"BreadcrumbList","@id":"https:\/\/ds-barranquilla.org\/coro-infantil-presente-en-el-festival-del-rio\/#breadcrumb","itemListElement":[{"@type":"ListItem","position":1,"name":"Portada","item":"https:\/\/ds-barranquilla.org\/"},{"@type":"ListItem","position":2,"name":"Coro Infantil, presente en el Festival del R\u00edo"}]},{"@type":"WebSite","@id":"https:\/\/ds-barranquilla.org\/#website","url":"https:\/\/ds-barranquilla.org\/","name":"Colegio Alem\u00e1n - Los Mejores Colegios de Colombia - Colegio Triling\u00fce","description":"Colegio Alem\u00e1n  Barranquilla Colombia - Colegio Biling\u00fce - Triling\u00fce - El Mejor Colegio de Colombia","publisher":{"@id":"https:\/\/ds-barranquilla.org\/#organization"},"potentialAction":[{"@type":"SearchAction","target":{"@type":"EntryPoint","urlTemplate":"https:\/\/ds-barranquilla.org\/?s={search_term_string}"},"query-input":"required name=search_term_string"}],"inLanguage":"de"},{"@type":"Organization","@id":"https:\/\/ds-barranquilla.org\/#organization","name":"Colegio Alem\u00e1n Barranquilla","url":"https:\/\/ds-barranquilla.org\/","logo":{"@type":"ImageObject","inLanguage":"de","@id":"https:\/\/ds-barranquilla.org\/#\/schema\/logo\/image\/","url":"https:\/\/ds-barranquilla.org\/wp-content\/uploads\/2021\/05\/coleman_logo_2.png","contentUrl":"https:\/\/ds-barranquilla.org\/wp-content\/uploads\/2021\/05\/coleman_logo_2.png","width":418,"height":307,"caption":"Colegio Alem\u00e1n Barranquilla"},"image":{"@id":"https:\/\/ds-barranquilla.org\/#\/schema\/logo\/image\/"},"sameAs":["https:\/\/www.facebook.com\/ColegioAlemanBaq\/","https:\/\/x.com\/ColegioAlemanBq","https:\/\/www.instagram.com\/colegioalemanbaq\/","https:\/\/www.linkedin.com\/school\/deutsche-schule-barranquilla\/","https:\/\/www.youtube.com\/channel\/UCOOGZQCVs6aYRqIWvSN5agQ"]},{"@type":"Person","@id":"https:\/\/ds-barranquilla.org\/#\/schema\/person\/7bf8790ba89d3480e0551241ccdc8d36","name":"Comunicaciones Comunicaciones","image":{"@type":"ImageObject","inLanguage":"de","@id":"https:\/\/ds-barranquilla.org\/#\/schema\/person\/image\/","url":"https:\/\/secure.gravatar.com\/avatar\/a66ba9484a4338d81d6bea750e595038?s=96&d=mm&r=g","contentUrl":"https:\/\/secure.gravatar.com\/avatar\/a66ba9484a4338d81d6bea750e595038?s=96&d=mm&r=g","caption":"Comunicaciones Comunicaciones"}}]}},"_links":{"self":[{"href":"https:\/\/ds-barranquilla.org\/de\/wp-json\/wp\/v2\/posts\/4971"}],"collection":[{"href":"https:\/\/ds-barranquilla.org\/de\/wp-json\/wp\/v2\/posts"}],"about":[{"href":"https:\/\/ds-barranquilla.org\/de\/wp-json\/wp\/v2\/types\/post"}],"author":[{"embeddable":true,"href":"https:\/\/ds-barranquilla.org\/de\/wp-json\/wp\/v2\/users\/16"}],"replies":[{"embeddable":true,"href":"https:\/\/ds-barranquilla.org\/de\/wp-json\/wp\/v2\/comments?post=4971"}],"version-history":[{"count":1,"href":"https:\/\/ds-barranquilla.org\/de\/wp-json\/wp\/v2\/posts\/4971\/revisions"}],"predecessor-version":[{"id":4973,"href":"https:\/\/ds-barranquilla.org\/de\/wp-json\/wp\/v2\/posts\/4971\/revisions\/4973"}],"wp:featuredmedia":[{"embeddable":true,"href":"https:\/\/ds-barranquilla.org\/de\/wp-json\/wp\/v2\/media\/4972"}],"wp:attachment":[{"href":"https:\/\/ds-barranquilla.org\/de\/wp-json\/wp\/v2\/media?parent=4971"}],"wp:term":[{"taxonomy":"category","embeddable":true,"href":"https:\/\/ds-barranquilla.org\/de\/wp-json\/wp\/v2\/categories?post=4971"},{"taxonomy":"post_tag","embeddable":true,"href":"https:\/\/ds-barranquilla.org\/de\/wp-json\/wp\/v2\/tags?post=4971"}],"curies":[{"name":"wp","href":"https:\/\/api.w.org\/{rel}","templated":true}]}}