{"id":4974,"date":"2018-07-30T11:43:54","date_gmt":"2018-07-30T16:43:54","guid":{"rendered":"https:\/\/ds-barranquilla.org\/?p=4974"},"modified":"2022-12-21T10:47:07","modified_gmt":"2022-12-21T15:47:07","slug":"gabriela-bolle-una-egresada-de-oro","status":"publish","type":"post","link":"https:\/\/ds-barranquilla.org\/de\/gabriela-bolle-una-egresada-de-oro\/","title":{"rendered":"\u00a1Gabriela Bolle, una egresada de oro!"},"content":{"rendered":"<p>Dank unserer Abiturientin aus dem Jahrgang 2017-2018 Gabriela Bolle Carrillo erklang am 28. Juli in der BMX-Rennbahn Daniel Barrag\u00e1n (benannt nach einem ehemaligen Sch\u00fcler der deutschen Schule) die Nationalhymne Kolumbiens. Sie gewann die Goldmedaille im Frauen-BMX bei den zentralamerikanischen und karibischen Spielen 2018 in Barranquilla.<\/p>\n<p>In diesem Wettkampf musste Gabriela ihre Konkurrentin und Favoritin Stefany Hern\u00e1ndez aus Venezuela, die Bronze bei Olympia 2016 in R\u00edo gewann, besiegen.<\/p>\n<p>In einem Interview mit der Zeitung \u201eEl Heraldo\u201c sagt Gabriela, dass sie diese Medaille ihrer Familie, der Stadt Barranquilla und Mariana Paj\u00f3n widmet. Es ist eine Ehre f\u00fcr sie in die Fu\u00dfstapfen von Mariana Paj\u00f3n zu treten und dass sie auf der BMX-Bahn sehr vermisst wird.<\/p>\n<p>Wir gratulieren Gabriela und ihrer Familie zu diesem tollen Sieg!<\/p>\n<p>&gt;&gt; Klicken Sie hier um den Artikel in El Heraldo zu lesen<\/p>\n<p>&gt;&gt; Klicken Sie hier um das Video in El Heraldo zu sehen<\/p>","protected":false},"excerpt":{"rendered":"<p>El himno nacional son\u00f3 el s\u00e1bado 28 de julio en la Pista de BMX Daniel Barrag\u00e1n (exalumno de nuestro colegio) gracias a nuestra reci\u00e9n egresada,\u202fGabriela Bolle<span class=\"excerpt-hellip\"> [\u2026]<\/span><\/p>","protected":false},"author":16,"featured_media":4986,"comment_status":"open","ping_status":"open","sticky":false,"template":"","format":"standard","meta":{"_exactmetrics_skip_tracking":false,"_exactmetrics_sitenote_active":false,"_exactmetrics_sitenote_note":"","_exactmetrics_sitenote_category":0,"_joinchat":[],"footnotes":""},"categories":[678,684],"tags":[712],"class_list":["post-4974","post","type-post","status-publish","format-standard","has-post-thumbnail","hentry","category-678","category-alumni","tag-entrevista"],"yoast_head":"<!-- This site is optimized with the Yoast SEO plugin v23.3 - https:\/\/yoast.com\/wordpress\/plugins\/seo\/ -->\n<title>\u00a1Gabriela Bolle, una egresada de oro! - 2026<\/title>\n<meta name=\"robots\" content=\"noindex, follow, max-snippet:-1, max-image-preview:large, max-video-preview:-1\" \/>\n<meta property=\"og:locale\" content=\"de_DE\" \/>\n<meta property=\"og:type\" content=\"article\" \/>\n<meta property=\"og:title\" content=\"\u00a1Gabriela Bolle, una egresada de oro! - 2026\" \/>\n<meta property=\"og:description\" content=\"El himno nacional son\u00f3 el s\u00e1bado 28 de julio en la Pista de BMX Daniel Barrag\u00e1n (exalumno de nuestro colegio) gracias a nuestra reci\u00e9n egresada,\u202fGabriela Bolle [\u2026]\" \/>\n<meta property=\"og:url\" content=\"https:\/\/ds-barranquilla.org\/de\/gabriela-bolle-una-egresada-de-oro\/\" \/>\n<meta property=\"og:site_name\" content=\"Colegio Alem\u00e1n - Los Mejores Colegios de Colombia - Colegio Triling\u00fce\" \/>\n<meta property=\"article:publisher\" content=\"https:\/\/www.facebook.com\/ColegioAlemanBaq\/\" \/>\n<meta property=\"article:published_time\" content=\"2018-07-30T16:43:54+00:00\" \/>\n<meta property=\"article:modified_time\" content=\"2022-12-21T15:47:07+00:00\" \/>\n<meta property=\"og:image\" content=\"https:\/\/ds-barranquilla.org\/wp-content\/uploads\/2020\/07\/\u00a1Gabriela-Bolle-una-egresada-de-oro.jpg\" \/>\n\t<meta property=\"og:image:width\" content=\"595\" \/>\n\t<meta property=\"og:image:height\" content=\"258\" \/>\n\t<meta property=\"og:image:type\" content=\"image\/jpeg\" \/>\n<meta name=\"author\" content=\"Comunicaciones Comunicaciones\" \/>\n<meta name=\"twitter:card\" content=\"summary_large_image\" \/>\n<meta name=\"twitter:creator\" content=\"@ColegioAlemanBq\" \/>\n<meta name=\"twitter:site\" content=\"@ColegioAlemanBq\" \/>\n<meta name=\"twitter:label1\" content=\"Verfasst von\" \/>\n\t<meta name=\"twitter:data1\" content=\"Comunicaciones Comunicaciones\" \/>\n\t<meta name=\"twitter:label2\" content=\"Gesch\u00e4tzte Lesezeit\" \/>\n\t<meta name=\"twitter:data2\" content=\"1\u00a0Minute\" \/>\n<script type=\"application\/ld+json\" class=\"yoast-schema-graph\">{\"@context\":\"https:\/\/schema.org\",\"@graph\":[{\"@type\":\"Article\",\"@id\":\"https:\/\/ds-barranquilla.org\/gabriela-bolle-una-egresada-de-oro\/#article\",\"isPartOf\":{\"@id\":\"https:\/\/ds-barranquilla.org\/gabriela-bolle-una-egresada-de-oro\/\"},\"author\":{\"name\":\"Comunicaciones Comunicaciones\",\"@id\":\"https:\/\/ds-barranquilla.org\/#\/schema\/person\/7bf8790ba89d3480e0551241ccdc8d36\"},\"headline\":\"\u00a1Gabriela Bolle, una egresada de oro!\",\"datePublished\":\"2018-07-30T16:43:54+00:00\",\"dateModified\":\"2022-12-21T15:47:07+00:00\",\"mainEntityOfPage\":{\"@id\":\"https:\/\/ds-barranquilla.org\/gabriela-bolle-una-egresada-de-oro\/\"},\"wordCount\":156,\"commentCount\":0,\"publisher\":{\"@id\":\"https:\/\/ds-barranquilla.org\/#organization\"},\"image\":{\"@id\":\"https:\/\/ds-barranquilla.org\/gabriela-bolle-una-egresada-de-oro\/#primaryimage\"},\"thumbnailUrl\":\"https:\/\/ds-barranquilla.org\/wp-content\/uploads\/2020\/07\/\u00a1Gabriela-Bolle-una-egresada-de-oro.jpg\",\"keywords\":[\"Entrevista\"],\"articleSection\":[\"2018\",\"Alumni\"],\"inLanguage\":\"de\",\"potentialAction\":[{\"@type\":\"CommentAction\",\"name\":\"Comment\",\"target\":[\"https:\/\/ds-barranquilla.org\/gabriela-bolle-una-egresada-de-oro\/#respond\"]}]},{\"@type\":\"WebPage\",\"@id\":\"https:\/\/ds-barranquilla.org\/gabriela-bolle-una-egresada-de-oro\/\",\"url\":\"https:\/\/ds-barranquilla.org\/gabriela-bolle-una-egresada-de-oro\/\",\"name\":\"\u00a1Gabriela Bolle, una egresada de oro! - 2026\",\"isPartOf\":{\"@id\":\"https:\/\/ds-barranquilla.org\/#website\"},\"primaryImageOfPage\":{\"@id\":\"https:\/\/ds-barranquilla.org\/gabriela-bolle-una-egresada-de-oro\/#primaryimage\"},\"image\":{\"@id\":\"https:\/\/ds-barranquilla.org\/gabriela-bolle-una-egresada-de-oro\/#primaryimage\"},\"thumbnailUrl\":\"https:\/\/ds-barranquilla.org\/wp-content\/uploads\/2020\/07\/\u00a1Gabriela-Bolle-una-egresada-de-oro.jpg\",\"datePublished\":\"2018-07-30T16:43:54+00:00\",\"dateModified\":\"2022-12-21T15:47:07+00:00\",\"breadcrumb\":{\"@id\":\"https:\/\/ds-barranquilla.org\/gabriela-bolle-una-egresada-de-oro\/#breadcrumb\"},\"inLanguage\":\"de\",\"potentialAction\":[{\"@type\":\"ReadAction\",\"target\":[\"https:\/\/ds-barranquilla.org\/gabriela-bolle-una-egresada-de-oro\/\"]}]},{\"@type\":\"ImageObject\",\"inLanguage\":\"de\",\"@id\":\"https:\/\/ds-barranquilla.org\/gabriela-bolle-una-egresada-de-oro\/#primaryimage\",\"url\":\"https:\/\/ds-barranquilla.org\/wp-content\/uploads\/2020\/07\/\u00a1Gabriela-Bolle-una-egresada-de-oro.jpg\",\"contentUrl\":\"https:\/\/ds-barranquilla.org\/wp-content\/uploads\/2020\/07\/\u00a1Gabriela-Bolle-una-egresada-de-oro.jpg\",\"width\":595,\"height\":258},{\"@type\":\"BreadcrumbList\",\"@id\":\"https:\/\/ds-barranquilla.org\/gabriela-bolle-una-egresada-de-oro\/#breadcrumb\",\"itemListElement\":[{\"@type\":\"ListItem\",\"position\":1,\"name\":\"Portada\",\"item\":\"https:\/\/ds-barranquilla.org\/\"},{\"@type\":\"ListItem\",\"position\":2,\"name\":\"\u00a1Gabriela Bolle, una egresada de oro!\"}]},{\"@type\":\"WebSite\",\"@id\":\"https:\/\/ds-barranquilla.org\/#website\",\"url\":\"https:\/\/ds-barranquilla.org\/\",\"name\":\"Colegio Alem\u00e1n - Los Mejores Colegios de Colombia - Colegio Triling\u00fce\",\"description\":\"Colegio Alem\u00e1n  Barranquilla Colombia - Colegio Biling\u00fce - Triling\u00fce - El Mejor Colegio de Colombia\",\"publisher\":{\"@id\":\"https:\/\/ds-barranquilla.org\/#organization\"},\"potentialAction\":[{\"@type\":\"SearchAction\",\"target\":{\"@type\":\"EntryPoint\",\"urlTemplate\":\"https:\/\/ds-barranquilla.org\/?s={search_term_string}\"},\"query-input\":\"required name=search_term_string\"}],\"inLanguage\":\"de\"},{\"@type\":\"Organization\",\"@id\":\"https:\/\/ds-barranquilla.org\/#organization\",\"name\":\"Colegio Alem\u00e1n Barranquilla\",\"url\":\"https:\/\/ds-barranquilla.org\/\",\"logo\":{\"@type\":\"ImageObject\",\"inLanguage\":\"de\",\"@id\":\"https:\/\/ds-barranquilla.org\/#\/schema\/logo\/image\/\",\"url\":\"https:\/\/ds-barranquilla.org\/wp-content\/uploads\/2021\/05\/coleman_logo_2.png\",\"contentUrl\":\"https:\/\/ds-barranquilla.org\/wp-content\/uploads\/2021\/05\/coleman_logo_2.png\",\"width\":418,\"height\":307,\"caption\":\"Colegio Alem\u00e1n Barranquilla\"},\"image\":{\"@id\":\"https:\/\/ds-barranquilla.org\/#\/schema\/logo\/image\/\"},\"sameAs\":[\"https:\/\/www.facebook.com\/ColegioAlemanBaq\/\",\"https:\/\/x.com\/ColegioAlemanBq\",\"https:\/\/www.instagram.com\/colegioalemanbaq\/\",\"https:\/\/www.linkedin.com\/school\/deutsche-schule-barranquilla\/\",\"https:\/\/www.youtube.com\/channel\/UCOOGZQCVs6aYRqIWvSN5agQ\"]},{\"@type\":\"Person\",\"@id\":\"https:\/\/ds-barranquilla.org\/#\/schema\/person\/7bf8790ba89d3480e0551241ccdc8d36\",\"name\":\"Comunicaciones Comunicaciones\",\"image\":{\"@type\":\"ImageObject\",\"inLanguage\":\"de\",\"@id\":\"https:\/\/ds-barranquilla.org\/#\/schema\/person\/image\/\",\"url\":\"https:\/\/secure.gravatar.com\/avatar\/a66ba9484a4338d81d6bea750e595038?s=96&d=mm&r=g\",\"contentUrl\":\"https:\/\/secure.gravatar.com\/avatar\/a66ba9484a4338d81d6bea750e595038?s=96&d=mm&r=g\",\"caption\":\"Comunicaciones Comunicaciones\"}}]}<\/script>\n<!-- \/ Yoast SEO plugin. -->","yoast_head_json":{"title":"\u00a1Gabriela Bolle, una egresada de oro! - 2026","robots":{"index":"noindex","follow":"follow","max-snippet":"max-snippet:-1","max-image-preview":"max-image-preview:large","max-video-preview":"max-video-preview:-1"},"og_locale":"de_DE","og_type":"article","og_title":"\u00a1Gabriela Bolle, una egresada de oro! - 2026","og_description":"El himno nacional son\u00f3 el s\u00e1bado 28 de julio en la Pista de BMX Daniel Barrag\u00e1n (exalumno de nuestro colegio) gracias a nuestra reci\u00e9n egresada,\u202fGabriela Bolle [\u2026]","og_url":"https:\/\/ds-barranquilla.org\/de\/gabriela-bolle-una-egresada-de-oro\/","og_site_name":"Colegio Alem\u00e1n - Los Mejores Colegios de Colombia - Colegio Triling\u00fce","article_publisher":"https:\/\/www.facebook.com\/ColegioAlemanBaq\/","article_published_time":"2018-07-30T16:43:54+00:00","article_modified_time":"2022-12-21T15:47:07+00:00","og_image":[{"width":595,"height":258,"url":"https:\/\/ds-barranquilla.org\/wp-content\/uploads\/2020\/07\/\u00a1Gabriela-Bolle-una-egresada-de-oro.jpg","type":"image\/jpeg"}],"author":"Comunicaciones Comunicaciones","twitter_card":"summary_large_image","twitter_creator":"@ColegioAlemanBq","twitter_site":"@ColegioAlemanBq","twitter_misc":{"Verfasst von":"Comunicaciones Comunicaciones","Gesch\u00e4tzte Lesezeit":"1\u00a0Minute"},"schema":{"@context":"https:\/\/schema.org","@graph":[{"@type":"Article","@id":"https:\/\/ds-barranquilla.org\/gabriela-bolle-una-egresada-de-oro\/#article","isPartOf":{"@id":"https:\/\/ds-barranquilla.org\/gabriela-bolle-una-egresada-de-oro\/"},"author":{"name":"Comunicaciones Comunicaciones","@id":"https:\/\/ds-barranquilla.org\/#\/schema\/person\/7bf8790ba89d3480e0551241ccdc8d36"},"headline":"\u00a1Gabriela Bolle, una egresada de oro!","datePublished":"2018-07-30T16:43:54+00:00","dateModified":"2022-12-21T15:47:07+00:00","mainEntityOfPage":{"@id":"https:\/\/ds-barranquilla.org\/gabriela-bolle-una-egresada-de-oro\/"},"wordCount":156,"commentCount":0,"publisher":{"@id":"https:\/\/ds-barranquilla.org\/#organization"},"image":{"@id":"https:\/\/ds-barranquilla.org\/gabriela-bolle-una-egresada-de-oro\/#primaryimage"},"thumbnailUrl":"https:\/\/ds-barranquilla.org\/wp-content\/uploads\/2020\/07\/\u00a1Gabriela-Bolle-una-egresada-de-oro.jpg","keywords":["Entrevista"],"articleSection":["2018","Alumni"],"inLanguage":"de","potentialAction":[{"@type":"CommentAction","name":"Comment","target":["https:\/\/ds-barranquilla.org\/gabriela-bolle-una-egresada-de-oro\/#respond"]}]},{"@type":"WebPage","@id":"https:\/\/ds-barranquilla.org\/gabriela-bolle-una-egresada-de-oro\/","url":"https:\/\/ds-barranquilla.org\/gabriela-bolle-una-egresada-de-oro\/","name":"\u00a1Gabriela Bolle, una egresada de oro! - 2026","isPartOf":{"@id":"https:\/\/ds-barranquilla.org\/#website"},"primaryImageOfPage":{"@id":"https:\/\/ds-barranquilla.org\/gabriela-bolle-una-egresada-de-oro\/#primaryimage"},"image":{"@id":"https:\/\/ds-barranquilla.org\/gabriela-bolle-una-egresada-de-oro\/#primaryimage"},"thumbnailUrl":"https:\/\/ds-barranquilla.org\/wp-content\/uploads\/2020\/07\/\u00a1Gabriela-Bolle-una-egresada-de-oro.jpg","datePublished":"2018-07-30T16:43:54+00:00","dateModified":"2022-12-21T15:47:07+00:00","breadcrumb":{"@id":"https:\/\/ds-barranquilla.org\/gabriela-bolle-una-egresada-de-oro\/#breadcrumb"},"inLanguage":"de","potentialAction":[{"@type":"ReadAction","target":["https:\/\/ds-barranquilla.org\/gabriela-bolle-una-egresada-de-oro\/"]}]},{"@type":"ImageObject","inLanguage":"de","@id":"https:\/\/ds-barranquilla.org\/gabriela-bolle-una-egresada-de-oro\/#primaryimage","url":"https:\/\/ds-barranquilla.org\/wp-content\/uploads\/2020\/07\/\u00a1Gabriela-Bolle-una-egresada-de-oro.jpg","contentUrl":"https:\/\/ds-barranquilla.org\/wp-content\/uploads\/2020\/07\/\u00a1Gabriela-Bolle-una-egresada-de-oro.jpg","width":595,"height":258},{"@type":"BreadcrumbList","@id":"https:\/\/ds-barranquilla.org\/gabriela-bolle-una-egresada-de-oro\/#breadcrumb","itemListElement":[{"@type":"ListItem","position":1,"name":"Portada","item":"https:\/\/ds-barranquilla.org\/"},{"@type":"ListItem","position":2,"name":"\u00a1Gabriela Bolle, una egresada de oro!"}]},{"@type":"WebSite","@id":"https:\/\/ds-barranquilla.org\/#website","url":"https:\/\/ds-barranquilla.org\/","name":"Colegio Alem\u00e1n - Los Mejores Colegios de Colombia - Colegio Triling\u00fce","description":"Colegio Alem\u00e1n  Barranquilla Colombia - Colegio Biling\u00fce - Triling\u00fce - El Mejor Colegio de Colombia","publisher":{"@id":"https:\/\/ds-barranquilla.org\/#organization"},"potentialAction":[{"@type":"SearchAction","target":{"@type":"EntryPoint","urlTemplate":"https:\/\/ds-barranquilla.org\/?s={search_term_string}"},"query-input":"required name=search_term_string"}],"inLanguage":"de"},{"@type":"Organization","@id":"https:\/\/ds-barranquilla.org\/#organization","name":"Colegio Alem\u00e1n Barranquilla","url":"https:\/\/ds-barranquilla.org\/","logo":{"@type":"ImageObject","inLanguage":"de","@id":"https:\/\/ds-barranquilla.org\/#\/schema\/logo\/image\/","url":"https:\/\/ds-barranquilla.org\/wp-content\/uploads\/2021\/05\/coleman_logo_2.png","contentUrl":"https:\/\/ds-barranquilla.org\/wp-content\/uploads\/2021\/05\/coleman_logo_2.png","width":418,"height":307,"caption":"Colegio Alem\u00e1n Barranquilla"},"image":{"@id":"https:\/\/ds-barranquilla.org\/#\/schema\/logo\/image\/"},"sameAs":["https:\/\/www.facebook.com\/ColegioAlemanBaq\/","https:\/\/x.com\/ColegioAlemanBq","https:\/\/www.instagram.com\/colegioalemanbaq\/","https:\/\/www.linkedin.com\/school\/deutsche-schule-barranquilla\/","https:\/\/www.youtube.com\/channel\/UCOOGZQCVs6aYRqIWvSN5agQ"]},{"@type":"Person","@id":"https:\/\/ds-barranquilla.org\/#\/schema\/person\/7bf8790ba89d3480e0551241ccdc8d36","name":"Comunicaciones Comunicaciones","image":{"@type":"ImageObject","inLanguage":"de","@id":"https:\/\/ds-barranquilla.org\/#\/schema\/person\/image\/","url":"https:\/\/secure.gravatar.com\/avatar\/a66ba9484a4338d81d6bea750e595038?s=96&d=mm&r=g","contentUrl":"https:\/\/secure.gravatar.com\/avatar\/a66ba9484a4338d81d6bea750e595038?s=96&d=mm&r=g","caption":"Comunicaciones Comunicaciones"}}]}},"_links":{"self":[{"href":"https:\/\/ds-barranquilla.org\/de\/wp-json\/wp\/v2\/posts\/4974"}],"collection":[{"href":"https:\/\/ds-barranquilla.org\/de\/wp-json\/wp\/v2\/posts"}],"about":[{"href":"https:\/\/ds-barranquilla.org\/de\/wp-json\/wp\/v2\/types\/post"}],"author":[{"embeddable":true,"href":"https:\/\/ds-barranquilla.org\/de\/wp-json\/wp\/v2\/users\/16"}],"replies":[{"embeddable":true,"href":"https:\/\/ds-barranquilla.org\/de\/wp-json\/wp\/v2\/comments?post=4974"}],"version-history":[{"count":1,"href":"https:\/\/ds-barranquilla.org\/de\/wp-json\/wp\/v2\/posts\/4974\/revisions"}],"predecessor-version":[{"id":4988,"href":"https:\/\/ds-barranquilla.org\/de\/wp-json\/wp\/v2\/posts\/4974\/revisions\/4988"}],"wp:featuredmedia":[{"embeddable":true,"href":"https:\/\/ds-barranquilla.org\/de\/wp-json\/wp\/v2\/media\/4986"}],"wp:attachment":[{"href":"https:\/\/ds-barranquilla.org\/de\/wp-json\/wp\/v2\/media?parent=4974"}],"wp:term":[{"taxonomy":"category","embeddable":true,"href":"https:\/\/ds-barranquilla.org\/de\/wp-json\/wp\/v2\/categories?post=4974"},{"taxonomy":"post_tag","embeddable":true,"href":"https:\/\/ds-barranquilla.org\/de\/wp-json\/wp\/v2\/tags?post=4974"}],"curies":[{"name":"wp","href":"https:\/\/api.w.org\/{rel}","templated":true}]}}