{"id":4990,"date":"2018-07-30T14:26:52","date_gmt":"2018-07-30T19:26:52","guid":{"rendered":"https:\/\/ds-barranquilla.org\/?p=4990"},"modified":"2022-12-21T08:33:14","modified_gmt":"2022-12-21T13:33:14","slug":"nuestra-orquesta-brillo-en-la-inauguracion-de-los-juegos-centroamericanos-y-del-caribe","status":"publish","type":"post","link":"https:\/\/ds-barranquilla.org\/de\/nuestra-orquesta-brillo-en-la-inauguracion-de-los-juegos-centroamericanos-y-del-caribe\/","title":{"rendered":"Nuestra Orquesta brill\u00f3 en la inauguraci\u00f3n de los Juegos Centroamericanos y del Caribe"},"content":{"rendered":"<p>Die spektakul\u00e4re Er\u00f6ffnung der zentralamerikanischen und karibischen Spiele in Barranquilla 2018 fand im Stadion Metropolitano am letzten Donnerstag, den 19. Juli statt. Dieses Ereignis wird f\u00fcr immer in unseren Herzen bleiben, denn unser Jugendsinfonieorchester hat einen erfolgreichen und hervorragenden Auftritt gehabt. Neben dem Orchester traten noch andere bekannte Gruppen und K\u00fcnstler auf, wie z.B. Adriana Luc\u00eda, Drag\u00f3n y Caballero, unsere ehemalige Sch\u00fclerin Ma\u00eda, Checo Acosta, Cuco Valoy, Los de Adentro, Cabas und nat\u00fcrlich Shakira. Was f\u00fcr ein Privileg!<\/p>\n<p>Nach elf Tagen der gemeinsamen Vorbereitung seitens Sch\u00fclern und Professoren, die voll waren mit umfangreichen Proben und viel Adrenalin, konnten sie zeigen, dass sie mehr als bereit waren sich dieser gro\u00dfen Herausforderung zu stellen und den Namen unserer Schule weiterhin hoch zu halten. Zuerst begeisterten sie das Publikum, und unter Ihnen vor allem die Rock-Liebhaber, mit einer modernen Version des erfolgreichen St\u00fccks \u201eUna canci\u00f3n\u201c von Los de Adentro, danach beeindruckten sie das Publikum mit einer Interpretation des St\u00fccks \u201eAlegria\u201c von Cal\u00edope.<\/p>\n<p>Unsere jungen Musiker sind durch den Prozess der Vorbereitung und durch den Auftritt vor so einem gro\u00dfen Publikum zu K\u00fcnstlern herangewachsen und haben ein hohes Ma\u00df an Professionalit\u00e4t gezeigt. Als Beweis daf\u00fcr richtete der<\/p>\n<p>musikalische Leiter der Er\u00f6ffnungsfeier eine Dankesrede an unseren Orchesterleiter Christian Ferrer, in der er sich f\u00fcr die Arbeit der jungen Leute und das sch\u00f6ne Ensemble in seinem Namen und im Namen der musikalischen Produktion und allen Teams der Feier bedankte. Er sagte, dass diese Show in die Geschichte eingehen wird und dass Christian Ferrer und das Jugendsinfonieorchester gro\u00dfartiges auf professionellem Niveau geleistet haben. Er hofft, dass sie noch einmal bei einem anderen Event zusammenarbeiten werden und spricht in seinem Namen Gl\u00fcckw\u00fcnsche und seinen Dank an die Kinder und deren Eltern aus.<\/p>\n<p>Im Namen der deutschen Schule m\u00f6chten wir uns auch bei unseren Sch\u00fclern, den Professoren und Eltern bedanken, da sie uns bei allen kulturellen Aktionen immer gerne unterst\u00fctzen. Herzliche Gl\u00fcckw\u00fcnsche f\u00fcr diese hervorragende Arbeit!<\/p>\n<p>&gt;&gt; Klicken Sie hier um den Artikel \u201eLa sinfon\u00eda que engalan\u00f3 el show Barranquilla 2132\u201c zur Er\u00f6ffnungsfeier in der Zeitung \u201eEl Heraldo\u201c zu lesen<\/p>","protected":false},"excerpt":{"rendered":"<p>La espectacular inauguraci\u00f3n de los\u202fJuegos Centroamericanos y del Caribe Barranquilla 2018,\u202fque se llev\u00f3 a cabo en el Estadio Metropolitano el pasado jueves 19 de julio, qued\u00f3<span class=\"excerpt-hellip\"> [\u2026]<\/span><\/p>","protected":false},"author":16,"featured_media":4991,"comment_status":"open","ping_status":"open","sticky":false,"template":"","format":"standard","meta":{"_exactmetrics_skip_tracking":false,"_exactmetrics_sitenote_active":false,"_exactmetrics_sitenote_note":"","_exactmetrics_sitenote_category":0,"_joinchat":[],"footnotes":""},"categories":[678,685,706],"tags":[468,437,443],"class_list":["post-4990","post","type-post","status-publish","format-standard","has-post-thumbnail","hentry","category-678","category-area-de-artes-visuales-e-interpretativas","category-orquesta-sinfonica-juvenil","tag-468","tag-musica","tag-secundaria"],"yoast_head":"<!-- This site is optimized with the Yoast SEO plugin v23.3 - https:\/\/yoast.com\/wordpress\/plugins\/seo\/ -->\n<title>Nuestra Orquesta brill\u00f3 en la inauguraci\u00f3n de los Juegos Centroamericanos y del Caribe - 2026<\/title>\n<meta name=\"robots\" content=\"noindex, follow, max-snippet:-1, max-image-preview:large, max-video-preview:-1\" \/>\n<meta property=\"og:locale\" content=\"de_DE\" \/>\n<meta property=\"og:type\" content=\"article\" \/>\n<meta property=\"og:title\" content=\"Nuestra Orquesta brill\u00f3 en la inauguraci\u00f3n de los Juegos Centroamericanos y del Caribe - 2026\" \/>\n<meta property=\"og:description\" content=\"La espectacular inauguraci\u00f3n de los\u202fJuegos Centroamericanos y del Caribe Barranquilla 2018,\u202fque se llev\u00f3 a cabo en el Estadio Metropolitano el pasado jueves 19 de julio, qued\u00f3 [\u2026]\" \/>\n<meta property=\"og:url\" content=\"https:\/\/ds-barranquilla.org\/de\/nuestra-orquesta-brillo-en-la-inauguracion-de-los-juegos-centroamericanos-y-del-caribe\/\" \/>\n<meta property=\"og:site_name\" content=\"Colegio Alem\u00e1n - Los Mejores Colegios de Colombia - Colegio Triling\u00fce\" \/>\n<meta property=\"article:publisher\" content=\"https:\/\/www.facebook.com\/ColegioAlemanBaq\/\" \/>\n<meta property=\"article:published_time\" content=\"2018-07-30T19:26:52+00:00\" \/>\n<meta property=\"article:modified_time\" content=\"2022-12-21T13:33:14+00:00\" \/>\n<meta property=\"og:image\" content=\"https:\/\/ds-barranquilla.org\/wp-content\/uploads\/2020\/07\/Nuestra-Orquesta-brill\u00f3-en-la-inauguraci\u00f3n-de-los-Juegos-Centroamericanos-y-del-Caribe.jpg\" \/>\n\t<meta property=\"og:image:width\" content=\"591\" \/>\n\t<meta property=\"og:image:height\" content=\"257\" \/>\n\t<meta property=\"og:image:type\" content=\"image\/jpeg\" \/>\n<meta name=\"author\" content=\"Comunicaciones Comunicaciones\" \/>\n<meta name=\"twitter:card\" content=\"summary_large_image\" \/>\n<meta name=\"twitter:creator\" content=\"@ColegioAlemanBq\" \/>\n<meta name=\"twitter:site\" content=\"@ColegioAlemanBq\" \/>\n<meta name=\"twitter:label1\" content=\"Verfasst von\" \/>\n\t<meta name=\"twitter:data1\" content=\"Comunicaciones Comunicaciones\" \/>\n\t<meta name=\"twitter:label2\" content=\"Gesch\u00e4tzte Lesezeit\" \/>\n\t<meta name=\"twitter:data2\" content=\"2\u00a0Minuten\" \/>\n<script type=\"application\/ld+json\" class=\"yoast-schema-graph\">{\"@context\":\"https:\/\/schema.org\",\"@graph\":[{\"@type\":\"Article\",\"@id\":\"https:\/\/ds-barranquilla.org\/de\/nuestra-orquesta-brillo-en-la-inauguracion-de-los-juegos-centroamericanos-y-del-caribe\/#article\",\"isPartOf\":{\"@id\":\"https:\/\/ds-barranquilla.org\/de\/nuestra-orquesta-brillo-en-la-inauguracion-de-los-juegos-centroamericanos-y-del-caribe\/\"},\"author\":{\"name\":\"Comunicaciones Comunicaciones\",\"@id\":\"https:\/\/ds-barranquilla.org\/#\/schema\/person\/7bf8790ba89d3480e0551241ccdc8d36\"},\"headline\":\"Nuestra Orquesta brill\u00f3 en la inauguraci\u00f3n de los Juegos Centroamericanos y del Caribe\",\"datePublished\":\"2018-07-30T19:26:52+00:00\",\"dateModified\":\"2022-12-21T13:33:14+00:00\",\"mainEntityOfPage\":{\"@id\":\"https:\/\/ds-barranquilla.org\/de\/nuestra-orquesta-brillo-en-la-inauguracion-de-los-juegos-centroamericanos-y-del-caribe\/\"},\"wordCount\":394,\"commentCount\":0,\"publisher\":{\"@id\":\"https:\/\/ds-barranquilla.org\/#organization\"},\"image\":{\"@id\":\"https:\/\/ds-barranquilla.org\/de\/nuestra-orquesta-brillo-en-la-inauguracion-de-los-juegos-centroamericanos-y-del-caribe\/#primaryimage\"},\"thumbnailUrl\":\"https:\/\/ds-barranquilla.org\/wp-content\/uploads\/2020\/07\/Nuestra-Orquesta-brill\u00f3-en-la-inauguraci\u00f3n-de-los-Juegos-Centroamericanos-y-del-Caribe.jpg\",\"keywords\":[\"2019\",\"M\u00fasica\",\"secundaria\"],\"articleSection\":[\"2018\",\"\u00c1rea de Artes Visuales e Interpretativas\",\"Orquesta Sinf\u00f3nica Juvenil\"],\"inLanguage\":\"de\",\"potentialAction\":[{\"@type\":\"CommentAction\",\"name\":\"Comment\",\"target\":[\"https:\/\/ds-barranquilla.org\/de\/nuestra-orquesta-brillo-en-la-inauguracion-de-los-juegos-centroamericanos-y-del-caribe\/#respond\"]}]},{\"@type\":\"WebPage\",\"@id\":\"https:\/\/ds-barranquilla.org\/de\/nuestra-orquesta-brillo-en-la-inauguracion-de-los-juegos-centroamericanos-y-del-caribe\/\",\"url\":\"https:\/\/ds-barranquilla.org\/de\/nuestra-orquesta-brillo-en-la-inauguracion-de-los-juegos-centroamericanos-y-del-caribe\/\",\"name\":\"Nuestra Orquesta brill\u00f3 en la inauguraci\u00f3n de los Juegos Centroamericanos y del Caribe - 2026\",\"isPartOf\":{\"@id\":\"https:\/\/ds-barranquilla.org\/#website\"},\"primaryImageOfPage\":{\"@id\":\"https:\/\/ds-barranquilla.org\/de\/nuestra-orquesta-brillo-en-la-inauguracion-de-los-juegos-centroamericanos-y-del-caribe\/#primaryimage\"},\"image\":{\"@id\":\"https:\/\/ds-barranquilla.org\/de\/nuestra-orquesta-brillo-en-la-inauguracion-de-los-juegos-centroamericanos-y-del-caribe\/#primaryimage\"},\"thumbnailUrl\":\"https:\/\/ds-barranquilla.org\/wp-content\/uploads\/2020\/07\/Nuestra-Orquesta-brill\u00f3-en-la-inauguraci\u00f3n-de-los-Juegos-Centroamericanos-y-del-Caribe.jpg\",\"datePublished\":\"2018-07-30T19:26:52+00:00\",\"dateModified\":\"2022-12-21T13:33:14+00:00\",\"breadcrumb\":{\"@id\":\"https:\/\/ds-barranquilla.org\/de\/nuestra-orquesta-brillo-en-la-inauguracion-de-los-juegos-centroamericanos-y-del-caribe\/#breadcrumb\"},\"inLanguage\":\"de\",\"potentialAction\":[{\"@type\":\"ReadAction\",\"target\":[\"https:\/\/ds-barranquilla.org\/de\/nuestra-orquesta-brillo-en-la-inauguracion-de-los-juegos-centroamericanos-y-del-caribe\/\"]}]},{\"@type\":\"ImageObject\",\"inLanguage\":\"de\",\"@id\":\"https:\/\/ds-barranquilla.org\/de\/nuestra-orquesta-brillo-en-la-inauguracion-de-los-juegos-centroamericanos-y-del-caribe\/#primaryimage\",\"url\":\"https:\/\/ds-barranquilla.org\/wp-content\/uploads\/2020\/07\/Nuestra-Orquesta-brill\u00f3-en-la-inauguraci\u00f3n-de-los-Juegos-Centroamericanos-y-del-Caribe.jpg\",\"contentUrl\":\"https:\/\/ds-barranquilla.org\/wp-content\/uploads\/2020\/07\/Nuestra-Orquesta-brill\u00f3-en-la-inauguraci\u00f3n-de-los-Juegos-Centroamericanos-y-del-Caribe.jpg\",\"width\":591,\"height\":257},{\"@type\":\"BreadcrumbList\",\"@id\":\"https:\/\/ds-barranquilla.org\/de\/nuestra-orquesta-brillo-en-la-inauguracion-de-los-juegos-centroamericanos-y-del-caribe\/#breadcrumb\",\"itemListElement\":[{\"@type\":\"ListItem\",\"position\":1,\"name\":\"Portada\",\"item\":\"https:\/\/ds-barranquilla.org\/\"},{\"@type\":\"ListItem\",\"position\":2,\"name\":\"Nuestra Orquesta brill\u00f3 en la inauguraci\u00f3n de los Juegos Centroamericanos y del Caribe\"}]},{\"@type\":\"WebSite\",\"@id\":\"https:\/\/ds-barranquilla.org\/#website\",\"url\":\"https:\/\/ds-barranquilla.org\/\",\"name\":\"Colegio Alem\u00e1n - Los Mejores Colegios de Colombia - Colegio Triling\u00fce\",\"description\":\"Colegio Alem\u00e1n  Barranquilla Colombia - Colegio Biling\u00fce - Triling\u00fce - El Mejor Colegio de Colombia\",\"publisher\":{\"@id\":\"https:\/\/ds-barranquilla.org\/#organization\"},\"potentialAction\":[{\"@type\":\"SearchAction\",\"target\":{\"@type\":\"EntryPoint\",\"urlTemplate\":\"https:\/\/ds-barranquilla.org\/?s={search_term_string}\"},\"query-input\":\"required name=search_term_string\"}],\"inLanguage\":\"de\"},{\"@type\":\"Organization\",\"@id\":\"https:\/\/ds-barranquilla.org\/#organization\",\"name\":\"Colegio Alem\u00e1n Barranquilla\",\"url\":\"https:\/\/ds-barranquilla.org\/\",\"logo\":{\"@type\":\"ImageObject\",\"inLanguage\":\"de\",\"@id\":\"https:\/\/ds-barranquilla.org\/#\/schema\/logo\/image\/\",\"url\":\"https:\/\/ds-barranquilla.org\/wp-content\/uploads\/2021\/05\/coleman_logo_2.png\",\"contentUrl\":\"https:\/\/ds-barranquilla.org\/wp-content\/uploads\/2021\/05\/coleman_logo_2.png\",\"width\":418,\"height\":307,\"caption\":\"Colegio Alem\u00e1n Barranquilla\"},\"image\":{\"@id\":\"https:\/\/ds-barranquilla.org\/#\/schema\/logo\/image\/\"},\"sameAs\":[\"https:\/\/www.facebook.com\/ColegioAlemanBaq\/\",\"https:\/\/x.com\/ColegioAlemanBq\",\"https:\/\/www.instagram.com\/colegioalemanbaq\/\",\"https:\/\/www.linkedin.com\/school\/deutsche-schule-barranquilla\/\",\"https:\/\/www.youtube.com\/channel\/UCOOGZQCVs6aYRqIWvSN5agQ\"]},{\"@type\":\"Person\",\"@id\":\"https:\/\/ds-barranquilla.org\/#\/schema\/person\/7bf8790ba89d3480e0551241ccdc8d36\",\"name\":\"Comunicaciones Comunicaciones\",\"image\":{\"@type\":\"ImageObject\",\"inLanguage\":\"de\",\"@id\":\"https:\/\/ds-barranquilla.org\/#\/schema\/person\/image\/\",\"url\":\"https:\/\/secure.gravatar.com\/avatar\/a66ba9484a4338d81d6bea750e595038?s=96&d=mm&r=g\",\"contentUrl\":\"https:\/\/secure.gravatar.com\/avatar\/a66ba9484a4338d81d6bea750e595038?s=96&d=mm&r=g\",\"caption\":\"Comunicaciones Comunicaciones\"}}]}<\/script>\n<!-- \/ Yoast SEO plugin. -->","yoast_head_json":{"title":"Nuestra Orquesta brill\u00f3 en la inauguraci\u00f3n de los Juegos Centroamericanos y del Caribe - 2026","robots":{"index":"noindex","follow":"follow","max-snippet":"max-snippet:-1","max-image-preview":"max-image-preview:large","max-video-preview":"max-video-preview:-1"},"og_locale":"de_DE","og_type":"article","og_title":"Nuestra Orquesta brill\u00f3 en la inauguraci\u00f3n de los Juegos Centroamericanos y del Caribe - 2026","og_description":"La espectacular inauguraci\u00f3n de los\u202fJuegos Centroamericanos y del Caribe Barranquilla 2018,\u202fque se llev\u00f3 a cabo en el Estadio Metropolitano el pasado jueves 19 de julio, qued\u00f3 [\u2026]","og_url":"https:\/\/ds-barranquilla.org\/de\/nuestra-orquesta-brillo-en-la-inauguracion-de-los-juegos-centroamericanos-y-del-caribe\/","og_site_name":"Colegio Alem\u00e1n - Los Mejores Colegios de Colombia - Colegio Triling\u00fce","article_publisher":"https:\/\/www.facebook.com\/ColegioAlemanBaq\/","article_published_time":"2018-07-30T19:26:52+00:00","article_modified_time":"2022-12-21T13:33:14+00:00","og_image":[{"width":591,"height":257,"url":"https:\/\/ds-barranquilla.org\/wp-content\/uploads\/2020\/07\/Nuestra-Orquesta-brill\u00f3-en-la-inauguraci\u00f3n-de-los-Juegos-Centroamericanos-y-del-Caribe.jpg","type":"image\/jpeg"}],"author":"Comunicaciones Comunicaciones","twitter_card":"summary_large_image","twitter_creator":"@ColegioAlemanBq","twitter_site":"@ColegioAlemanBq","twitter_misc":{"Verfasst von":"Comunicaciones Comunicaciones","Gesch\u00e4tzte Lesezeit":"2\u00a0Minuten"},"schema":{"@context":"https:\/\/schema.org","@graph":[{"@type":"Article","@id":"https:\/\/ds-barranquilla.org\/de\/nuestra-orquesta-brillo-en-la-inauguracion-de-los-juegos-centroamericanos-y-del-caribe\/#article","isPartOf":{"@id":"https:\/\/ds-barranquilla.org\/de\/nuestra-orquesta-brillo-en-la-inauguracion-de-los-juegos-centroamericanos-y-del-caribe\/"},"author":{"name":"Comunicaciones Comunicaciones","@id":"https:\/\/ds-barranquilla.org\/#\/schema\/person\/7bf8790ba89d3480e0551241ccdc8d36"},"headline":"Nuestra Orquesta brill\u00f3 en la inauguraci\u00f3n de los Juegos Centroamericanos y del Caribe","datePublished":"2018-07-30T19:26:52+00:00","dateModified":"2022-12-21T13:33:14+00:00","mainEntityOfPage":{"@id":"https:\/\/ds-barranquilla.org\/de\/nuestra-orquesta-brillo-en-la-inauguracion-de-los-juegos-centroamericanos-y-del-caribe\/"},"wordCount":394,"commentCount":0,"publisher":{"@id":"https:\/\/ds-barranquilla.org\/#organization"},"image":{"@id":"https:\/\/ds-barranquilla.org\/de\/nuestra-orquesta-brillo-en-la-inauguracion-de-los-juegos-centroamericanos-y-del-caribe\/#primaryimage"},"thumbnailUrl":"https:\/\/ds-barranquilla.org\/wp-content\/uploads\/2020\/07\/Nuestra-Orquesta-brill\u00f3-en-la-inauguraci\u00f3n-de-los-Juegos-Centroamericanos-y-del-Caribe.jpg","keywords":["2019","M\u00fasica","secundaria"],"articleSection":["2018","\u00c1rea de Artes Visuales e Interpretativas","Orquesta Sinf\u00f3nica Juvenil"],"inLanguage":"de","potentialAction":[{"@type":"CommentAction","name":"Comment","target":["https:\/\/ds-barranquilla.org\/de\/nuestra-orquesta-brillo-en-la-inauguracion-de-los-juegos-centroamericanos-y-del-caribe\/#respond"]}]},{"@type":"WebPage","@id":"https:\/\/ds-barranquilla.org\/de\/nuestra-orquesta-brillo-en-la-inauguracion-de-los-juegos-centroamericanos-y-del-caribe\/","url":"https:\/\/ds-barranquilla.org\/de\/nuestra-orquesta-brillo-en-la-inauguracion-de-los-juegos-centroamericanos-y-del-caribe\/","name":"Nuestra Orquesta brill\u00f3 en la inauguraci\u00f3n de los Juegos Centroamericanos y del Caribe - 2026","isPartOf":{"@id":"https:\/\/ds-barranquilla.org\/#website"},"primaryImageOfPage":{"@id":"https:\/\/ds-barranquilla.org\/de\/nuestra-orquesta-brillo-en-la-inauguracion-de-los-juegos-centroamericanos-y-del-caribe\/#primaryimage"},"image":{"@id":"https:\/\/ds-barranquilla.org\/de\/nuestra-orquesta-brillo-en-la-inauguracion-de-los-juegos-centroamericanos-y-del-caribe\/#primaryimage"},"thumbnailUrl":"https:\/\/ds-barranquilla.org\/wp-content\/uploads\/2020\/07\/Nuestra-Orquesta-brill\u00f3-en-la-inauguraci\u00f3n-de-los-Juegos-Centroamericanos-y-del-Caribe.jpg","datePublished":"2018-07-30T19:26:52+00:00","dateModified":"2022-12-21T13:33:14+00:00","breadcrumb":{"@id":"https:\/\/ds-barranquilla.org\/de\/nuestra-orquesta-brillo-en-la-inauguracion-de-los-juegos-centroamericanos-y-del-caribe\/#breadcrumb"},"inLanguage":"de","potentialAction":[{"@type":"ReadAction","target":["https:\/\/ds-barranquilla.org\/de\/nuestra-orquesta-brillo-en-la-inauguracion-de-los-juegos-centroamericanos-y-del-caribe\/"]}]},{"@type":"ImageObject","inLanguage":"de","@id":"https:\/\/ds-barranquilla.org\/de\/nuestra-orquesta-brillo-en-la-inauguracion-de-los-juegos-centroamericanos-y-del-caribe\/#primaryimage","url":"https:\/\/ds-barranquilla.org\/wp-content\/uploads\/2020\/07\/Nuestra-Orquesta-brill\u00f3-en-la-inauguraci\u00f3n-de-los-Juegos-Centroamericanos-y-del-Caribe.jpg","contentUrl":"https:\/\/ds-barranquilla.org\/wp-content\/uploads\/2020\/07\/Nuestra-Orquesta-brill\u00f3-en-la-inauguraci\u00f3n-de-los-Juegos-Centroamericanos-y-del-Caribe.jpg","width":591,"height":257},{"@type":"BreadcrumbList","@id":"https:\/\/ds-barranquilla.org\/de\/nuestra-orquesta-brillo-en-la-inauguracion-de-los-juegos-centroamericanos-y-del-caribe\/#breadcrumb","itemListElement":[{"@type":"ListItem","position":1,"name":"Portada","item":"https:\/\/ds-barranquilla.org\/"},{"@type":"ListItem","position":2,"name":"Nuestra Orquesta brill\u00f3 en la inauguraci\u00f3n de los Juegos Centroamericanos y del Caribe"}]},{"@type":"WebSite","@id":"https:\/\/ds-barranquilla.org\/#website","url":"https:\/\/ds-barranquilla.org\/","name":"Colegio Alem\u00e1n - Los Mejores Colegios de Colombia - Colegio Triling\u00fce","description":"Colegio Alem\u00e1n  Barranquilla Colombia - Colegio Biling\u00fce - Triling\u00fce - El Mejor Colegio de Colombia","publisher":{"@id":"https:\/\/ds-barranquilla.org\/#organization"},"potentialAction":[{"@type":"SearchAction","target":{"@type":"EntryPoint","urlTemplate":"https:\/\/ds-barranquilla.org\/?s={search_term_string}"},"query-input":"required name=search_term_string"}],"inLanguage":"de"},{"@type":"Organization","@id":"https:\/\/ds-barranquilla.org\/#organization","name":"Colegio Alem\u00e1n Barranquilla","url":"https:\/\/ds-barranquilla.org\/","logo":{"@type":"ImageObject","inLanguage":"de","@id":"https:\/\/ds-barranquilla.org\/#\/schema\/logo\/image\/","url":"https:\/\/ds-barranquilla.org\/wp-content\/uploads\/2021\/05\/coleman_logo_2.png","contentUrl":"https:\/\/ds-barranquilla.org\/wp-content\/uploads\/2021\/05\/coleman_logo_2.png","width":418,"height":307,"caption":"Colegio Alem\u00e1n Barranquilla"},"image":{"@id":"https:\/\/ds-barranquilla.org\/#\/schema\/logo\/image\/"},"sameAs":["https:\/\/www.facebook.com\/ColegioAlemanBaq\/","https:\/\/x.com\/ColegioAlemanBq","https:\/\/www.instagram.com\/colegioalemanbaq\/","https:\/\/www.linkedin.com\/school\/deutsche-schule-barranquilla\/","https:\/\/www.youtube.com\/channel\/UCOOGZQCVs6aYRqIWvSN5agQ"]},{"@type":"Person","@id":"https:\/\/ds-barranquilla.org\/#\/schema\/person\/7bf8790ba89d3480e0551241ccdc8d36","name":"Comunicaciones Comunicaciones","image":{"@type":"ImageObject","inLanguage":"de","@id":"https:\/\/ds-barranquilla.org\/#\/schema\/person\/image\/","url":"https:\/\/secure.gravatar.com\/avatar\/a66ba9484a4338d81d6bea750e595038?s=96&d=mm&r=g","contentUrl":"https:\/\/secure.gravatar.com\/avatar\/a66ba9484a4338d81d6bea750e595038?s=96&d=mm&r=g","caption":"Comunicaciones Comunicaciones"}}]}},"_links":{"self":[{"href":"https:\/\/ds-barranquilla.org\/de\/wp-json\/wp\/v2\/posts\/4990"}],"collection":[{"href":"https:\/\/ds-barranquilla.org\/de\/wp-json\/wp\/v2\/posts"}],"about":[{"href":"https:\/\/ds-barranquilla.org\/de\/wp-json\/wp\/v2\/types\/post"}],"author":[{"embeddable":true,"href":"https:\/\/ds-barranquilla.org\/de\/wp-json\/wp\/v2\/users\/16"}],"replies":[{"embeddable":true,"href":"https:\/\/ds-barranquilla.org\/de\/wp-json\/wp\/v2\/comments?post=4990"}],"version-history":[{"count":1,"href":"https:\/\/ds-barranquilla.org\/de\/wp-json\/wp\/v2\/posts\/4990\/revisions"}],"predecessor-version":[{"id":4993,"href":"https:\/\/ds-barranquilla.org\/de\/wp-json\/wp\/v2\/posts\/4990\/revisions\/4993"}],"wp:featuredmedia":[{"embeddable":true,"href":"https:\/\/ds-barranquilla.org\/de\/wp-json\/wp\/v2\/media\/4991"}],"wp:attachment":[{"href":"https:\/\/ds-barranquilla.org\/de\/wp-json\/wp\/v2\/media?parent=4990"}],"wp:term":[{"taxonomy":"category","embeddable":true,"href":"https:\/\/ds-barranquilla.org\/de\/wp-json\/wp\/v2\/categories?post=4990"},{"taxonomy":"post_tag","embeddable":true,"href":"https:\/\/ds-barranquilla.org\/de\/wp-json\/wp\/v2\/tags?post=4990"}],"curies":[{"name":"wp","href":"https:\/\/api.w.org\/{rel}","templated":true}]}}