{"id":5007,"date":"2018-08-31T15:11:59","date_gmt":"2018-08-31T20:11:59","guid":{"rendered":"https:\/\/ds-barranquilla.org\/?p=5007"},"modified":"2023-01-04T11:01:27","modified_gmt":"2023-01-04T16:01:27","slug":"taller-de-reggio-emilia-para-familias-de-kindergarten","status":"publish","type":"post","link":"https:\/\/ds-barranquilla.org\/de\/taller-de-reggio-emilia-para-familias-de-kindergarten\/","title":{"rendered":"Taller de Reggio Emilia para familias de Kindergarten"},"content":{"rendered":"<p>Die Eltern der neuen Kindergartenkinder haben heute w\u00e4hrend dem vom Kindergarten organisierten Workshop zu Reggio Emilia ihre Arbeit, Verpflichtungen und t\u00e4glichen Aufgaben vergessen, um sich miteinander zu verbinden und zu versuchen, sich in die Rolle ihrer kleinen Kinder hinein zu versetzen.<\/p>\n<p>Ziel dieser Veranstaltung war es, den Familien den p\u00e4dagogischen Vorschlag, durch den die Philosophie unserer Institution inspiriert ist, vorzustellen und n\u00e4her zu bringen.<\/p>\n<p>Bei diesem Workshop verstanden die Eltern, dass es auch einen anderen Weg des Lernens gibt, n\u00e4mlich mit Freude und Motivation, gest\u00fctzt auf den Interessen der Sch\u00fcler. Mit verschiedenen Materialien lie\u00dfen sie ihrer Kreativit\u00e4t und Fantasie freien Lauf.<\/p>","protected":false},"excerpt":{"rendered":"<p>Los padres de familia nuevos de\u202fKindergarten\u202fse olvidaron hoy de sus trabajos, obligaciones y actividades cotidianas para conectarse consigo mismos y tratar de ponerse en los peque\u00f1os<span class=\"excerpt-hellip\"> [\u2026]<\/span><\/p>","protected":false},"author":16,"featured_media":5009,"comment_status":"open","ping_status":"open","sticky":false,"template":"","format":"standard","meta":{"_exactmetrics_skip_tracking":false,"_exactmetrics_sitenote_active":false,"_exactmetrics_sitenote_note":"","_exactmetrics_sitenote_category":0,"_joinchat":[],"footnotes":""},"categories":[678,677],"tags":[439,459,489],"class_list":["post-5007","post","type-post","status-publish","format-standard","has-post-thumbnail","hentry","category-678","category-kindergarten","tag-439","tag-kindergarten","tag-talleres-academicos"],"yoast_head":"<!-- This site is optimized with the Yoast SEO plugin v23.3 - https:\/\/yoast.com\/wordpress\/plugins\/seo\/ -->\n<title>Taller de Reggio Emilia para familias de Kindergarten - 2026<\/title>\n<meta name=\"robots\" content=\"noindex, follow, max-snippet:-1, max-image-preview:large, max-video-preview:-1\" \/>\n<meta property=\"og:locale\" content=\"de_DE\" \/>\n<meta property=\"og:type\" content=\"article\" \/>\n<meta property=\"og:title\" content=\"Taller de Reggio Emilia para familias de Kindergarten - 2026\" \/>\n<meta property=\"og:description\" content=\"Los padres de familia nuevos de\u202fKindergarten\u202fse olvidaron hoy de sus trabajos, obligaciones y actividades cotidianas para conectarse consigo mismos y tratar de ponerse en los peque\u00f1os [\u2026]\" \/>\n<meta property=\"og:url\" content=\"https:\/\/ds-barranquilla.org\/de\/taller-de-reggio-emilia-para-familias-de-kindergarten\/\" \/>\n<meta property=\"og:site_name\" content=\"Colegio Alem\u00e1n - Los Mejores Colegios de Colombia - Colegio Triling\u00fce\" \/>\n<meta property=\"article:publisher\" content=\"https:\/\/www.facebook.com\/ColegioAlemanBaq\/\" \/>\n<meta property=\"article:published_time\" content=\"2018-08-31T20:11:59+00:00\" \/>\n<meta property=\"article:modified_time\" content=\"2023-01-04T16:01:27+00:00\" \/>\n<meta property=\"og:image\" content=\"https:\/\/ds-barranquilla.org\/wp-content\/uploads\/2020\/07\/Taller-de-Reggio-Emilia-para-familias-de-Kindergarten.jpg\" \/>\n\t<meta property=\"og:image:width\" content=\"600\" \/>\n\t<meta property=\"og:image:height\" content=\"260\" \/>\n\t<meta property=\"og:image:type\" content=\"image\/jpeg\" \/>\n<meta name=\"author\" content=\"Comunicaciones Comunicaciones\" \/>\n<meta name=\"twitter:card\" content=\"summary_large_image\" \/>\n<meta name=\"twitter:creator\" content=\"@ColegioAlemanBq\" \/>\n<meta name=\"twitter:site\" content=\"@ColegioAlemanBq\" \/>\n<meta name=\"twitter:label1\" content=\"Verfasst von\" \/>\n\t<meta name=\"twitter:data1\" content=\"Comunicaciones Comunicaciones\" \/>\n\t<meta name=\"twitter:label2\" content=\"Gesch\u00e4tzte Lesezeit\" \/>\n\t<meta name=\"twitter:data2\" content=\"1\u00a0Minute\" \/>\n<script type=\"application\/ld+json\" class=\"yoast-schema-graph\">{\"@context\":\"https:\/\/schema.org\",\"@graph\":[{\"@type\":\"Article\",\"@id\":\"https:\/\/ds-barranquilla.org\/taller-de-reggio-emilia-para-familias-de-kindergarten\/#article\",\"isPartOf\":{\"@id\":\"https:\/\/ds-barranquilla.org\/taller-de-reggio-emilia-para-familias-de-kindergarten\/\"},\"author\":{\"name\":\"Comunicaciones Comunicaciones\",\"@id\":\"https:\/\/ds-barranquilla.org\/#\/schema\/person\/7bf8790ba89d3480e0551241ccdc8d36\"},\"headline\":\"Taller de Reggio Emilia para familias de Kindergarten\",\"datePublished\":\"2018-08-31T20:11:59+00:00\",\"dateModified\":\"2023-01-04T16:01:27+00:00\",\"mainEntityOfPage\":{\"@id\":\"https:\/\/ds-barranquilla.org\/taller-de-reggio-emilia-para-familias-de-kindergarten\/\"},\"wordCount\":116,\"commentCount\":0,\"publisher\":{\"@id\":\"https:\/\/ds-barranquilla.org\/#organization\"},\"image\":{\"@id\":\"https:\/\/ds-barranquilla.org\/taller-de-reggio-emilia-para-familias-de-kindergarten\/#primaryimage\"},\"thumbnailUrl\":\"https:\/\/ds-barranquilla.org\/wp-content\/uploads\/2020\/07\/Taller-de-Reggio-Emilia-para-familias-de-Kindergarten.jpg\",\"keywords\":[\"2018\",\"Kindergarten\",\"Talleres acad\u00e9micos\"],\"articleSection\":[\"2018\",\"Kindergarten\"],\"inLanguage\":\"de\",\"potentialAction\":[{\"@type\":\"CommentAction\",\"name\":\"Comment\",\"target\":[\"https:\/\/ds-barranquilla.org\/taller-de-reggio-emilia-para-familias-de-kindergarten\/#respond\"]}]},{\"@type\":\"WebPage\",\"@id\":\"https:\/\/ds-barranquilla.org\/taller-de-reggio-emilia-para-familias-de-kindergarten\/\",\"url\":\"https:\/\/ds-barranquilla.org\/taller-de-reggio-emilia-para-familias-de-kindergarten\/\",\"name\":\"Taller de Reggio Emilia para familias de Kindergarten - 2026\",\"isPartOf\":{\"@id\":\"https:\/\/ds-barranquilla.org\/#website\"},\"primaryImageOfPage\":{\"@id\":\"https:\/\/ds-barranquilla.org\/taller-de-reggio-emilia-para-familias-de-kindergarten\/#primaryimage\"},\"image\":{\"@id\":\"https:\/\/ds-barranquilla.org\/taller-de-reggio-emilia-para-familias-de-kindergarten\/#primaryimage\"},\"thumbnailUrl\":\"https:\/\/ds-barranquilla.org\/wp-content\/uploads\/2020\/07\/Taller-de-Reggio-Emilia-para-familias-de-Kindergarten.jpg\",\"datePublished\":\"2018-08-31T20:11:59+00:00\",\"dateModified\":\"2023-01-04T16:01:27+00:00\",\"breadcrumb\":{\"@id\":\"https:\/\/ds-barranquilla.org\/taller-de-reggio-emilia-para-familias-de-kindergarten\/#breadcrumb\"},\"inLanguage\":\"de\",\"potentialAction\":[{\"@type\":\"ReadAction\",\"target\":[\"https:\/\/ds-barranquilla.org\/taller-de-reggio-emilia-para-familias-de-kindergarten\/\"]}]},{\"@type\":\"ImageObject\",\"inLanguage\":\"de\",\"@id\":\"https:\/\/ds-barranquilla.org\/taller-de-reggio-emilia-para-familias-de-kindergarten\/#primaryimage\",\"url\":\"https:\/\/ds-barranquilla.org\/wp-content\/uploads\/2020\/07\/Taller-de-Reggio-Emilia-para-familias-de-Kindergarten.jpg\",\"contentUrl\":\"https:\/\/ds-barranquilla.org\/wp-content\/uploads\/2020\/07\/Taller-de-Reggio-Emilia-para-familias-de-Kindergarten.jpg\",\"width\":600,\"height\":260},{\"@type\":\"BreadcrumbList\",\"@id\":\"https:\/\/ds-barranquilla.org\/taller-de-reggio-emilia-para-familias-de-kindergarten\/#breadcrumb\",\"itemListElement\":[{\"@type\":\"ListItem\",\"position\":1,\"name\":\"Portada\",\"item\":\"https:\/\/ds-barranquilla.org\/\"},{\"@type\":\"ListItem\",\"position\":2,\"name\":\"Taller de Reggio Emilia para familias de Kindergarten\"}]},{\"@type\":\"WebSite\",\"@id\":\"https:\/\/ds-barranquilla.org\/#website\",\"url\":\"https:\/\/ds-barranquilla.org\/\",\"name\":\"Colegio Alem\u00e1n - Los Mejores Colegios de Colombia - Colegio Triling\u00fce\",\"description\":\"Colegio Alem\u00e1n  Barranquilla Colombia - Colegio Biling\u00fce - Triling\u00fce - El Mejor Colegio de Colombia\",\"publisher\":{\"@id\":\"https:\/\/ds-barranquilla.org\/#organization\"},\"potentialAction\":[{\"@type\":\"SearchAction\",\"target\":{\"@type\":\"EntryPoint\",\"urlTemplate\":\"https:\/\/ds-barranquilla.org\/?s={search_term_string}\"},\"query-input\":\"required name=search_term_string\"}],\"inLanguage\":\"de\"},{\"@type\":\"Organization\",\"@id\":\"https:\/\/ds-barranquilla.org\/#organization\",\"name\":\"Colegio Alem\u00e1n Barranquilla\",\"url\":\"https:\/\/ds-barranquilla.org\/\",\"logo\":{\"@type\":\"ImageObject\",\"inLanguage\":\"de\",\"@id\":\"https:\/\/ds-barranquilla.org\/#\/schema\/logo\/image\/\",\"url\":\"https:\/\/ds-barranquilla.org\/wp-content\/uploads\/2021\/05\/coleman_logo_2.png\",\"contentUrl\":\"https:\/\/ds-barranquilla.org\/wp-content\/uploads\/2021\/05\/coleman_logo_2.png\",\"width\":418,\"height\":307,\"caption\":\"Colegio Alem\u00e1n Barranquilla\"},\"image\":{\"@id\":\"https:\/\/ds-barranquilla.org\/#\/schema\/logo\/image\/\"},\"sameAs\":[\"https:\/\/www.facebook.com\/ColegioAlemanBaq\/\",\"https:\/\/x.com\/ColegioAlemanBq\",\"https:\/\/www.instagram.com\/colegioalemanbaq\/\",\"https:\/\/www.linkedin.com\/school\/deutsche-schule-barranquilla\/\",\"https:\/\/www.youtube.com\/channel\/UCOOGZQCVs6aYRqIWvSN5agQ\"]},{\"@type\":\"Person\",\"@id\":\"https:\/\/ds-barranquilla.org\/#\/schema\/person\/7bf8790ba89d3480e0551241ccdc8d36\",\"name\":\"Comunicaciones Comunicaciones\",\"image\":{\"@type\":\"ImageObject\",\"inLanguage\":\"de\",\"@id\":\"https:\/\/ds-barranquilla.org\/#\/schema\/person\/image\/\",\"url\":\"https:\/\/secure.gravatar.com\/avatar\/a66ba9484a4338d81d6bea750e595038?s=96&d=mm&r=g\",\"contentUrl\":\"https:\/\/secure.gravatar.com\/avatar\/a66ba9484a4338d81d6bea750e595038?s=96&d=mm&r=g\",\"caption\":\"Comunicaciones Comunicaciones\"}}]}<\/script>\n<!-- \/ Yoast SEO plugin. -->","yoast_head_json":{"title":"Taller de Reggio Emilia para familias de Kindergarten - 2026","robots":{"index":"noindex","follow":"follow","max-snippet":"max-snippet:-1","max-image-preview":"max-image-preview:large","max-video-preview":"max-video-preview:-1"},"og_locale":"de_DE","og_type":"article","og_title":"Taller de Reggio Emilia para familias de Kindergarten - 2026","og_description":"Los padres de familia nuevos de\u202fKindergarten\u202fse olvidaron hoy de sus trabajos, obligaciones y actividades cotidianas para conectarse consigo mismos y tratar de ponerse en los peque\u00f1os [\u2026]","og_url":"https:\/\/ds-barranquilla.org\/de\/taller-de-reggio-emilia-para-familias-de-kindergarten\/","og_site_name":"Colegio Alem\u00e1n - Los Mejores Colegios de Colombia - Colegio Triling\u00fce","article_publisher":"https:\/\/www.facebook.com\/ColegioAlemanBaq\/","article_published_time":"2018-08-31T20:11:59+00:00","article_modified_time":"2023-01-04T16:01:27+00:00","og_image":[{"width":600,"height":260,"url":"https:\/\/ds-barranquilla.org\/wp-content\/uploads\/2020\/07\/Taller-de-Reggio-Emilia-para-familias-de-Kindergarten.jpg","type":"image\/jpeg"}],"author":"Comunicaciones Comunicaciones","twitter_card":"summary_large_image","twitter_creator":"@ColegioAlemanBq","twitter_site":"@ColegioAlemanBq","twitter_misc":{"Verfasst von":"Comunicaciones Comunicaciones","Gesch\u00e4tzte Lesezeit":"1\u00a0Minute"},"schema":{"@context":"https:\/\/schema.org","@graph":[{"@type":"Article","@id":"https:\/\/ds-barranquilla.org\/taller-de-reggio-emilia-para-familias-de-kindergarten\/#article","isPartOf":{"@id":"https:\/\/ds-barranquilla.org\/taller-de-reggio-emilia-para-familias-de-kindergarten\/"},"author":{"name":"Comunicaciones Comunicaciones","@id":"https:\/\/ds-barranquilla.org\/#\/schema\/person\/7bf8790ba89d3480e0551241ccdc8d36"},"headline":"Taller de Reggio Emilia para familias de Kindergarten","datePublished":"2018-08-31T20:11:59+00:00","dateModified":"2023-01-04T16:01:27+00:00","mainEntityOfPage":{"@id":"https:\/\/ds-barranquilla.org\/taller-de-reggio-emilia-para-familias-de-kindergarten\/"},"wordCount":116,"commentCount":0,"publisher":{"@id":"https:\/\/ds-barranquilla.org\/#organization"},"image":{"@id":"https:\/\/ds-barranquilla.org\/taller-de-reggio-emilia-para-familias-de-kindergarten\/#primaryimage"},"thumbnailUrl":"https:\/\/ds-barranquilla.org\/wp-content\/uploads\/2020\/07\/Taller-de-Reggio-Emilia-para-familias-de-Kindergarten.jpg","keywords":["2018","Kindergarten","Talleres acad\u00e9micos"],"articleSection":["2018","Kindergarten"],"inLanguage":"de","potentialAction":[{"@type":"CommentAction","name":"Comment","target":["https:\/\/ds-barranquilla.org\/taller-de-reggio-emilia-para-familias-de-kindergarten\/#respond"]}]},{"@type":"WebPage","@id":"https:\/\/ds-barranquilla.org\/taller-de-reggio-emilia-para-familias-de-kindergarten\/","url":"https:\/\/ds-barranquilla.org\/taller-de-reggio-emilia-para-familias-de-kindergarten\/","name":"Taller de Reggio Emilia para familias de Kindergarten - 2026","isPartOf":{"@id":"https:\/\/ds-barranquilla.org\/#website"},"primaryImageOfPage":{"@id":"https:\/\/ds-barranquilla.org\/taller-de-reggio-emilia-para-familias-de-kindergarten\/#primaryimage"},"image":{"@id":"https:\/\/ds-barranquilla.org\/taller-de-reggio-emilia-para-familias-de-kindergarten\/#primaryimage"},"thumbnailUrl":"https:\/\/ds-barranquilla.org\/wp-content\/uploads\/2020\/07\/Taller-de-Reggio-Emilia-para-familias-de-Kindergarten.jpg","datePublished":"2018-08-31T20:11:59+00:00","dateModified":"2023-01-04T16:01:27+00:00","breadcrumb":{"@id":"https:\/\/ds-barranquilla.org\/taller-de-reggio-emilia-para-familias-de-kindergarten\/#breadcrumb"},"inLanguage":"de","potentialAction":[{"@type":"ReadAction","target":["https:\/\/ds-barranquilla.org\/taller-de-reggio-emilia-para-familias-de-kindergarten\/"]}]},{"@type":"ImageObject","inLanguage":"de","@id":"https:\/\/ds-barranquilla.org\/taller-de-reggio-emilia-para-familias-de-kindergarten\/#primaryimage","url":"https:\/\/ds-barranquilla.org\/wp-content\/uploads\/2020\/07\/Taller-de-Reggio-Emilia-para-familias-de-Kindergarten.jpg","contentUrl":"https:\/\/ds-barranquilla.org\/wp-content\/uploads\/2020\/07\/Taller-de-Reggio-Emilia-para-familias-de-Kindergarten.jpg","width":600,"height":260},{"@type":"BreadcrumbList","@id":"https:\/\/ds-barranquilla.org\/taller-de-reggio-emilia-para-familias-de-kindergarten\/#breadcrumb","itemListElement":[{"@type":"ListItem","position":1,"name":"Portada","item":"https:\/\/ds-barranquilla.org\/"},{"@type":"ListItem","position":2,"name":"Taller de Reggio Emilia para familias de Kindergarten"}]},{"@type":"WebSite","@id":"https:\/\/ds-barranquilla.org\/#website","url":"https:\/\/ds-barranquilla.org\/","name":"Colegio Alem\u00e1n - Los Mejores Colegios de Colombia - Colegio Triling\u00fce","description":"Colegio Alem\u00e1n  Barranquilla Colombia - Colegio Biling\u00fce - Triling\u00fce - El Mejor Colegio de Colombia","publisher":{"@id":"https:\/\/ds-barranquilla.org\/#organization"},"potentialAction":[{"@type":"SearchAction","target":{"@type":"EntryPoint","urlTemplate":"https:\/\/ds-barranquilla.org\/?s={search_term_string}"},"query-input":"required name=search_term_string"}],"inLanguage":"de"},{"@type":"Organization","@id":"https:\/\/ds-barranquilla.org\/#organization","name":"Colegio Alem\u00e1n Barranquilla","url":"https:\/\/ds-barranquilla.org\/","logo":{"@type":"ImageObject","inLanguage":"de","@id":"https:\/\/ds-barranquilla.org\/#\/schema\/logo\/image\/","url":"https:\/\/ds-barranquilla.org\/wp-content\/uploads\/2021\/05\/coleman_logo_2.png","contentUrl":"https:\/\/ds-barranquilla.org\/wp-content\/uploads\/2021\/05\/coleman_logo_2.png","width":418,"height":307,"caption":"Colegio Alem\u00e1n Barranquilla"},"image":{"@id":"https:\/\/ds-barranquilla.org\/#\/schema\/logo\/image\/"},"sameAs":["https:\/\/www.facebook.com\/ColegioAlemanBaq\/","https:\/\/x.com\/ColegioAlemanBq","https:\/\/www.instagram.com\/colegioalemanbaq\/","https:\/\/www.linkedin.com\/school\/deutsche-schule-barranquilla\/","https:\/\/www.youtube.com\/channel\/UCOOGZQCVs6aYRqIWvSN5agQ"]},{"@type":"Person","@id":"https:\/\/ds-barranquilla.org\/#\/schema\/person\/7bf8790ba89d3480e0551241ccdc8d36","name":"Comunicaciones Comunicaciones","image":{"@type":"ImageObject","inLanguage":"de","@id":"https:\/\/ds-barranquilla.org\/#\/schema\/person\/image\/","url":"https:\/\/secure.gravatar.com\/avatar\/a66ba9484a4338d81d6bea750e595038?s=96&d=mm&r=g","contentUrl":"https:\/\/secure.gravatar.com\/avatar\/a66ba9484a4338d81d6bea750e595038?s=96&d=mm&r=g","caption":"Comunicaciones Comunicaciones"}}]}},"_links":{"self":[{"href":"https:\/\/ds-barranquilla.org\/de\/wp-json\/wp\/v2\/posts\/5007"}],"collection":[{"href":"https:\/\/ds-barranquilla.org\/de\/wp-json\/wp\/v2\/posts"}],"about":[{"href":"https:\/\/ds-barranquilla.org\/de\/wp-json\/wp\/v2\/types\/post"}],"author":[{"embeddable":true,"href":"https:\/\/ds-barranquilla.org\/de\/wp-json\/wp\/v2\/users\/16"}],"replies":[{"embeddable":true,"href":"https:\/\/ds-barranquilla.org\/de\/wp-json\/wp\/v2\/comments?post=5007"}],"version-history":[{"count":1,"href":"https:\/\/ds-barranquilla.org\/de\/wp-json\/wp\/v2\/posts\/5007\/revisions"}],"predecessor-version":[{"id":5010,"href":"https:\/\/ds-barranquilla.org\/de\/wp-json\/wp\/v2\/posts\/5007\/revisions\/5010"}],"wp:featuredmedia":[{"embeddable":true,"href":"https:\/\/ds-barranquilla.org\/de\/wp-json\/wp\/v2\/media\/5009"}],"wp:attachment":[{"href":"https:\/\/ds-barranquilla.org\/de\/wp-json\/wp\/v2\/media?parent=5007"}],"wp:term":[{"taxonomy":"category","embeddable":true,"href":"https:\/\/ds-barranquilla.org\/de\/wp-json\/wp\/v2\/categories?post=5007"},{"taxonomy":"post_tag","embeddable":true,"href":"https:\/\/ds-barranquilla.org\/de\/wp-json\/wp\/v2\/tags?post=5007"}],"curies":[{"name":"wp","href":"https:\/\/api.w.org\/{rel}","templated":true}]}}